{"id":28620,"date":"2022-07-10T07:54:51","date_gmt":"2022-07-10T07:54:51","guid":{"rendered":"https:\/\/www.africa-press.net\/tchad\/politique\/remaniement-du-gouvernement-le-decryptage-sur-les-changements"},"modified":"2022-07-10T08:43:23","modified_gmt":"2022-07-10T08:43:23","slug":"remaniement-du-gouvernement-le-decryptage-sur-les-changements","status":"publish","type":"post","link":"https:\/\/www.africa-press.net\/tchad\/economie\/remaniement-du-gouvernement-le-decryptage-sur-les-changements","title":{"rendered":"remaniement du gouvernement, le d\u00e9cryptage sur les changements"},"content":{"rendered":"<p><span style=\"color: #ff6600\"><strong>Africa-Press &#8211; Tchad. <\/strong><\/span>Auparavant ministre des Affaires Fonci\u00e8res, de l&rsquo;Habitat et de l&rsquo;Urbanisme, Moussa Batraki devient ministre de l&rsquo;\u00c9conomie, de la Planification du d\u00e9veloppement et de la Coop\u00e9ration internationale.<\/p>\n<p>Il prend la place de Mahamat Hamid Koua, ministre sortant.<\/p>\n<p>L&rsquo;on note \u00e9galement l&rsquo;entr\u00e9e de Madame Awatif El Tidjani Ahmed Ko\u00efboro au poste de secr\u00e9taire d&rsquo;\u00c9tat aux Affaires \u00e9trang\u00e8res, \u00e0 l&rsquo;Int\u00e9gration africaine et aux Tchadiens de l&rsquo;\u00e9tranger.<\/p>\n<p>Elle remplace Oumar Ibni Daoud qui est nomm\u00e9 ministre du D\u00e9veloppement agricole.<\/p>\n<p>Oumar Ibni Daoud prend la place de Kamoungu\u00e9 Nee Dene-Assoum.<\/p>\n<p>Pr\u00e9c\u00e9demment secr\u00e9taire d&rsquo;\u00c9tat \u00e0 la Jeunesse, aux Sports et \u00e0 la Promotion de l&rsquo;Entrepreneuriat, Mbaigolmem Sebastien devient secr\u00e9taire d&rsquo;\u00c9tat \u00e0 l&rsquo;\u00c9ducation nationale et \u00e0 la Promotion civique.<\/p>\n<p>Il remplace Saleh Bourma et c\u00e8de son pr\u00e9c\u00e9dent poste \u00e0 Wanledom Robertine.<\/p>\n<p>Saleh Bourma devient pour sa part secr\u00e9taire d&rsquo;\u00c9tat aux Finances et aux Budget en remplacement de Mme.<\/p>\n<p>Ndolonodji Alixe Na\u00efmbaye qui devient ministre des Affaires Fonci\u00e8res, de l&rsquo;Habitat et de l&rsquo;Urbanisme.<\/p>\n<p><strong>Pour plus d&rsquo;informations et d&rsquo;analyses sur la <a href=\"https:\/\/www.africa-press.net\/tchad\">Tchad<\/a>, suivez <a href=\"https:\/\/www.africa-press.net\/\">Africa-Press<\/a><\/strong><\/p>\n","protected":false},"excerpt":{"rendered":"<p>Africa-Press &#8211; Tchad. Auparavant ministre des Affaires Fonci\u00e8res, de l&rsquo;Habitat et de l&rsquo;Urbanisme, Moussa Batraki devient ministre de l&rsquo;\u00c9conomie, de la Planification du d\u00e9veloppement et de la Coop\u00e9ration internationale. Il prend la place de Mahamat Hamid Koua, ministre sortant. L&rsquo;on note \u00e9galement l&rsquo;entr\u00e9e de Madame Awatif El Tidjani Ahmed Ko\u00efboro au poste de secr\u00e9taire d&rsquo;\u00c9tat [&hellip;]<\/p>\n","protected":false},"author":82,"featured_media":28619,"comment_status":"open","ping_status":"closed","sticky":false,"template":"","format":"standard","meta":{"footnotes":""},"categories":[3,11,20,10],"tags":[37,292,29],"class_list":["post-28620","post","type-post","status-publish","format-standard","has-post-thumbnail","hentry","category-economie","category-homepage-french","category-top-nouvelles","category-toutes-les-actualites","tag-africa-press","tag-africa-press-tchad","tag-tchad"],"yoast_head":"<!-- This site is optimized with the Yoast SEO Premium plugin v26.1 (Yoast SEO v27.0) - https:\/\/yoast.com\/product\/yoast-seo-premium-wordpress\/ -->\n<title>remaniement du gouvernement, le d\u00e9cryptage sur les changements - tchad<\/title>\n<meta name=\"description\" content=\"Auparavant ministre des Affaires Fonci\u00e8res, de l&#039;Habitat et de l&#039;Urbanisme, Moussa Batraki devient ministre de l&#039;\u00c9conomi ...\" \/>\n<meta name=\"robots\" content=\"index, follow, max-snippet:-1, max-image-preview:large, max-video-preview:-1\" \/>\n<link rel=\"canonical\" href=\"https:\/\/www.africa-press.net\/tchad\/economie\/remaniement-du-gouvernement-le-decryptage-sur-les-changements\" \/>\n<meta property=\"og:locale\" content=\"fr_FR\" \/>\n<meta property=\"og:type\" content=\"article\" \/>\n<meta property=\"og:title\" content=\"remaniement du gouvernement, le d\u00e9cryptage sur les changements\" \/>\n<meta property=\"og:description\" content=\"Auparavant ministre des Affaires Fonci\u00e8res, de l&#039;Habitat et de l&#039;Urbanisme, Moussa Batraki devient ministre de l&#039;\u00c9conomi ...\" \/>\n<meta property=\"og:url\" content=\"https:\/\/www.africa-press.net\/tchad\/economie\/remaniement-du-gouvernement-le-decryptage-sur-les-changements\" \/>\n<meta property=\"og:site_name\" content=\"tchad\" \/>\n<meta property=\"article:published_time\" content=\"2022-07-10T07:54:51+00:00\" \/>\n<meta property=\"article:modified_time\" content=\"2022-07-10T08:43:23+00:00\" \/>\n<meta property=\"og:image\" content=\"https:\/\/static.africa-press.net\/tchad\/sites\/41\/2022\/07\/postQueueImg_8-62ca9116bc30f.jpg\" \/>\n\t<meta property=\"og:image:width\" content=\"745\" \/>\n\t<meta property=\"og:image:height\" content=\"488\" \/>\n\t<meta property=\"og:image:type\" content=\"image\/jpeg\" \/>\n<meta name=\"author\" content=\"cfeditorfr\" \/>\n<meta name=\"twitter:card\" content=\"summary_large_image\" \/>\n<meta name=\"twitter:label1\" content=\"\u00c9crit par\" \/>\n\t<meta name=\"twitter:data1\" content=\"cfeditorfr\" \/>\n\t<meta name=\"twitter:label2\" content=\"Dur\u00e9e de lecture estim\u00e9e\" \/>\n\t<meta name=\"twitter:data2\" content=\"1 minute\" \/>\n<script type=\"application\/ld+json\" class=\"yoast-schema-graph\">{\"@context\":\"https:\/\/schema.org\",\"@graph\":[{\"@type\":\"Article\",\"@id\":\"https:\/\/www.africa-press.net\/tchad\/economie\/remaniement-du-gouvernement-le-decryptage-sur-les-changements#article\",\"isPartOf\":{\"@id\":\"https:\/\/www.africa-press.net\/tchad\/economie\/remaniement-du-gouvernement-le-decryptage-sur-les-changements\"},\"author\":{\"name\":\"cfeditorfr\",\"@id\":\"https:\/\/www.africa-press.net\/tchad\/#\/schema\/person\/2b1cf3cd81a31e3cd26889ca66d677f1\"},\"headline\":\"remaniement du gouvernement, le d\u00e9cryptage sur les changements\",\"datePublished\":\"2022-07-10T07:54:51+00:00\",\"dateModified\":\"2022-07-10T08:43:23+00:00\",\"mainEntityOfPage\":{\"@id\":\"https:\/\/www.africa-press.net\/tchad\/economie\/remaniement-du-gouvernement-le-decryptage-sur-les-changements\"},\"wordCount\":207,\"commentCount\":0,\"image\":{\"@id\":\"https:\/\/www.africa-press.net\/tchad\/economie\/remaniement-du-gouvernement-le-decryptage-sur-les-changements#primaryimage\"},\"thumbnailUrl\":\"https:\/\/static.africa-press.net\/tchad\/sites\/41\/2022\/07\/postQueueImg_8-62ca9116bc30f.jpg\",\"keywords\":[\"Africa Press\",\"Africa Press-Tchad\",\"Tchad\"],\"articleSection\":[\"\u00c9conomie\",\"homepage-french\",\"Top Nouvelles\",\"Toutes les actualit\u00e9s\"],\"inLanguage\":\"fr-FR\",\"potentialAction\":[{\"@type\":\"CommentAction\",\"name\":\"Comment\",\"target\":[\"https:\/\/www.africa-press.net\/tchad\/economie\/remaniement-du-gouvernement-le-decryptage-sur-les-changements#respond\"]}]},{\"@type\":\"WebPage\",\"@id\":\"https:\/\/www.africa-press.net\/tchad\/economie\/remaniement-du-gouvernement-le-decryptage-sur-les-changements\",\"url\":\"https:\/\/www.africa-press.net\/tchad\/economie\/remaniement-du-gouvernement-le-decryptage-sur-les-changements\",\"name\":\"remaniement du gouvernement, le d\u00e9cryptage sur les changements - tchad\",\"isPartOf\":{\"@id\":\"https:\/\/www.africa-press.net\/tchad\/#website\"},\"primaryImageOfPage\":{\"@id\":\"https:\/\/www.africa-press.net\/tchad\/economie\/remaniement-du-gouvernement-le-decryptage-sur-les-changements#primaryimage\"},\"image\":{\"@id\":\"https:\/\/www.africa-press.net\/tchad\/economie\/remaniement-du-gouvernement-le-decryptage-sur-les-changements#primaryimage\"},\"thumbnailUrl\":\"https:\/\/static.africa-press.net\/tchad\/sites\/41\/2022\/07\/postQueueImg_8-62ca9116bc30f.jpg\",\"datePublished\":\"2022-07-10T07:54:51+00:00\",\"dateModified\":\"2022-07-10T08:43:23+00:00\",\"author\":{\"@id\":\"https:\/\/www.africa-press.net\/tchad\/#\/schema\/person\/2b1cf3cd81a31e3cd26889ca66d677f1\"},\"description\":\"Auparavant ministre des Affaires Fonci\u00e8res, de l'Habitat et de l'Urbanisme, Moussa Batraki devient ministre de l'\u00c9conomi ...\",\"breadcrumb\":{\"@id\":\"https:\/\/www.africa-press.net\/tchad\/economie\/remaniement-du-gouvernement-le-decryptage-sur-les-changements#breadcrumb\"},\"inLanguage\":\"fr-FR\",\"potentialAction\":[{\"@type\":\"ReadAction\",\"target\":[\"https:\/\/www.africa-press.net\/tchad\/economie\/remaniement-du-gouvernement-le-decryptage-sur-les-changements\"]}]},{\"@type\":\"ImageObject\",\"inLanguage\":\"fr-FR\",\"@id\":\"https:\/\/www.africa-press.net\/tchad\/economie\/remaniement-du-gouvernement-le-decryptage-sur-les-changements#primaryimage\",\"url\":\"https:\/\/static.africa-press.net\/tchad\/sites\/41\/2022\/07\/postQueueImg_8-62ca9116bc30f.jpg\",\"contentUrl\":\"https:\/\/static.africa-press.net\/tchad\/sites\/41\/2022\/07\/postQueueImg_8-62ca9116bc30f.jpg\",\"width\":745,\"height\":488,\"caption\":\"remaniement du gouvernement, le d\u00e9cryptage sur les changements\"},{\"@type\":\"BreadcrumbList\",\"@id\":\"https:\/\/www.africa-press.net\/tchad\/economie\/remaniement-du-gouvernement-le-decryptage-sur-les-changements#breadcrumb\",\"itemListElement\":[{\"@type\":\"ListItem\",\"position\":1,\"name\":\"Accueil\",\"item\":\"https:\/\/www.africa-press.net\/tchad\/\"},{\"@type\":\"ListItem\",\"position\":2,\"name\":\"remaniement du gouvernement, le d\u00e9cryptage sur les changements\"}]},{\"@type\":\"WebSite\",\"@id\":\"https:\/\/www.africa-press.net\/tchad\/#website\",\"url\":\"https:\/\/www.africa-press.net\/tchad\/\",\"name\":\"tchad\",\"description\":\"Just another Africa News Agency Sites site\",\"potentialAction\":[{\"@type\":\"SearchAction\",\"target\":{\"@type\":\"EntryPoint\",\"urlTemplate\":\"https:\/\/www.africa-press.net\/tchad\/?s={search_term_string}\"},\"query-input\":{\"@type\":\"PropertyValueSpecification\",\"valueRequired\":true,\"valueName\":\"search_term_string\"}}],\"inLanguage\":\"fr-FR\"},{\"@type\":\"Person\",\"@id\":\"https:\/\/www.africa-press.net\/tchad\/#\/schema\/person\/2b1cf3cd81a31e3cd26889ca66d677f1\",\"name\":\"cfeditorfr\"}]}<\/script>\n<!-- \/ Yoast SEO Premium plugin. -->","yoast_head_json":{"title":"remaniement du gouvernement, le d\u00e9cryptage sur les changements - tchad","description":"Auparavant ministre des Affaires Fonci\u00e8res, de l'Habitat et de l'Urbanisme, Moussa Batraki devient ministre de l'\u00c9conomi ...","robots":{"index":"index","follow":"follow","max-snippet":"max-snippet:-1","max-image-preview":"max-image-preview:large","max-video-preview":"max-video-preview:-1"},"canonical":"https:\/\/www.africa-press.net\/tchad\/economie\/remaniement-du-gouvernement-le-decryptage-sur-les-changements","og_locale":"fr_FR","og_type":"article","og_title":"remaniement du gouvernement, le d\u00e9cryptage sur les changements","og_description":"Auparavant ministre des Affaires Fonci\u00e8res, de l'Habitat et de l'Urbanisme, Moussa Batraki devient ministre de l'\u00c9conomi ...","og_url":"https:\/\/www.africa-press.net\/tchad\/economie\/remaniement-du-gouvernement-le-decryptage-sur-les-changements","og_site_name":"tchad","article_published_time":"2022-07-10T07:54:51+00:00","article_modified_time":"2022-07-10T08:43:23+00:00","og_image":[{"width":745,"height":488,"url":"https:\/\/static.africa-press.net\/tchad\/sites\/41\/2022\/07\/postQueueImg_8-62ca9116bc30f.jpg","type":"image\/jpeg"}],"author":"cfeditorfr","twitter_card":"summary_large_image","twitter_misc":{"\u00c9crit par":"cfeditorfr","Dur\u00e9e de lecture estim\u00e9e":"1 minute"},"schema":{"@context":"https:\/\/schema.org","@graph":[{"@type":"Article","@id":"https:\/\/www.africa-press.net\/tchad\/economie\/remaniement-du-gouvernement-le-decryptage-sur-les-changements#article","isPartOf":{"@id":"https:\/\/www.africa-press.net\/tchad\/economie\/remaniement-du-gouvernement-le-decryptage-sur-les-changements"},"author":{"name":"cfeditorfr","@id":"https:\/\/www.africa-press.net\/tchad\/#\/schema\/person\/2b1cf3cd81a31e3cd26889ca66d677f1"},"headline":"remaniement du gouvernement, le d\u00e9cryptage sur les changements","datePublished":"2022-07-10T07:54:51+00:00","dateModified":"2022-07-10T08:43:23+00:00","mainEntityOfPage":{"@id":"https:\/\/www.africa-press.net\/tchad\/economie\/remaniement-du-gouvernement-le-decryptage-sur-les-changements"},"wordCount":207,"commentCount":0,"image":{"@id":"https:\/\/www.africa-press.net\/tchad\/economie\/remaniement-du-gouvernement-le-decryptage-sur-les-changements#primaryimage"},"thumbnailUrl":"https:\/\/static.africa-press.net\/tchad\/sites\/41\/2022\/07\/postQueueImg_8-62ca9116bc30f.jpg","keywords":["Africa Press","Africa Press-Tchad","Tchad"],"articleSection":["\u00c9conomie","homepage-french","Top Nouvelles","Toutes les actualit\u00e9s"],"inLanguage":"fr-FR","potentialAction":[{"@type":"CommentAction","name":"Comment","target":["https:\/\/www.africa-press.net\/tchad\/economie\/remaniement-du-gouvernement-le-decryptage-sur-les-changements#respond"]}]},{"@type":"WebPage","@id":"https:\/\/www.africa-press.net\/tchad\/economie\/remaniement-du-gouvernement-le-decryptage-sur-les-changements","url":"https:\/\/www.africa-press.net\/tchad\/economie\/remaniement-du-gouvernement-le-decryptage-sur-les-changements","name":"remaniement du gouvernement, le d\u00e9cryptage sur les changements - tchad","isPartOf":{"@id":"https:\/\/www.africa-press.net\/tchad\/#website"},"primaryImageOfPage":{"@id":"https:\/\/www.africa-press.net\/tchad\/economie\/remaniement-du-gouvernement-le-decryptage-sur-les-changements#primaryimage"},"image":{"@id":"https:\/\/www.africa-press.net\/tchad\/economie\/remaniement-du-gouvernement-le-decryptage-sur-les-changements#primaryimage"},"thumbnailUrl":"https:\/\/static.africa-press.net\/tchad\/sites\/41\/2022\/07\/postQueueImg_8-62ca9116bc30f.jpg","datePublished":"2022-07-10T07:54:51+00:00","dateModified":"2022-07-10T08:43:23+00:00","author":{"@id":"https:\/\/www.africa-press.net\/tchad\/#\/schema\/person\/2b1cf3cd81a31e3cd26889ca66d677f1"},"description":"Auparavant ministre des Affaires Fonci\u00e8res, de l'Habitat et de l'Urbanisme, Moussa Batraki devient ministre de l'\u00c9conomi ...","breadcrumb":{"@id":"https:\/\/www.africa-press.net\/tchad\/economie\/remaniement-du-gouvernement-le-decryptage-sur-les-changements#breadcrumb"},"inLanguage":"fr-FR","potentialAction":[{"@type":"ReadAction","target":["https:\/\/www.africa-press.net\/tchad\/economie\/remaniement-du-gouvernement-le-decryptage-sur-les-changements"]}]},{"@type":"ImageObject","inLanguage":"fr-FR","@id":"https:\/\/www.africa-press.net\/tchad\/economie\/remaniement-du-gouvernement-le-decryptage-sur-les-changements#primaryimage","url":"https:\/\/static.africa-press.net\/tchad\/sites\/41\/2022\/07\/postQueueImg_8-62ca9116bc30f.jpg","contentUrl":"https:\/\/static.africa-press.net\/tchad\/sites\/41\/2022\/07\/postQueueImg_8-62ca9116bc30f.jpg","width":745,"height":488,"caption":"remaniement du gouvernement, le d\u00e9cryptage sur les changements"},{"@type":"BreadcrumbList","@id":"https:\/\/www.africa-press.net\/tchad\/economie\/remaniement-du-gouvernement-le-decryptage-sur-les-changements#breadcrumb","itemListElement":[{"@type":"ListItem","position":1,"name":"Accueil","item":"https:\/\/www.africa-press.net\/tchad\/"},{"@type":"ListItem","position":2,"name":"remaniement du gouvernement, le d\u00e9cryptage sur les changements"}]},{"@type":"WebSite","@id":"https:\/\/www.africa-press.net\/tchad\/#website","url":"https:\/\/www.africa-press.net\/tchad\/","name":"tchad","description":"Just another Africa News Agency Sites site","potentialAction":[{"@type":"SearchAction","target":{"@type":"EntryPoint","urlTemplate":"https:\/\/www.africa-press.net\/tchad\/?s={search_term_string}"},"query-input":{"@type":"PropertyValueSpecification","valueRequired":true,"valueName":"search_term_string"}}],"inLanguage":"fr-FR"},{"@type":"Person","@id":"https:\/\/www.africa-press.net\/tchad\/#\/schema\/person\/2b1cf3cd81a31e3cd26889ca66d677f1","name":"cfeditorfr"}]}},"_links":{"self":[{"href":"https:\/\/www.africa-press.net\/tchad\/wp-json\/wp\/v2\/posts\/28620","targetHints":{"allow":["GET"]}}],"collection":[{"href":"https:\/\/www.africa-press.net\/tchad\/wp-json\/wp\/v2\/posts"}],"about":[{"href":"https:\/\/www.africa-press.net\/tchad\/wp-json\/wp\/v2\/types\/post"}],"author":[{"embeddable":true,"href":"https:\/\/www.africa-press.net\/tchad\/wp-json\/wp\/v2\/users\/82"}],"replies":[{"embeddable":true,"href":"https:\/\/www.africa-press.net\/tchad\/wp-json\/wp\/v2\/comments?post=28620"}],"version-history":[{"count":0,"href":"https:\/\/www.africa-press.net\/tchad\/wp-json\/wp\/v2\/posts\/28620\/revisions"}],"wp:featuredmedia":[{"embeddable":true,"href":"https:\/\/www.africa-press.net\/tchad\/wp-json\/wp\/v2\/media\/28619"}],"wp:attachment":[{"href":"https:\/\/www.africa-press.net\/tchad\/wp-json\/wp\/v2\/media?parent=28620"}],"wp:term":[{"taxonomy":"category","embeddable":true,"href":"https:\/\/www.africa-press.net\/tchad\/wp-json\/wp\/v2\/categories?post=28620"},{"taxonomy":"post_tag","embeddable":true,"href":"https:\/\/www.africa-press.net\/tchad\/wp-json\/wp\/v2\/tags?post=28620"}],"curies":[{"name":"wp","href":"https:\/\/api.w.org\/{rel}","templated":true}]}}