{"id":28629,"date":"2022-07-10T07:57:48","date_gmt":"2022-07-10T07:57:48","guid":{"rendered":"https:\/\/www.africa-press.net\/tchad\/politique\/les-combattants-tchadiens-de-la-2eme-guerre-mondiale-a-lhonneur"},"modified":"2022-07-10T08:44:41","modified_gmt":"2022-07-10T08:44:41","slug":"les-combattants-tchadiens-de-la-2eme-guerre-mondiale-a-lhonneur","status":"publish","type":"post","link":"https:\/\/www.africa-press.net\/tchad\/culture-et-art\/les-combattants-tchadiens-de-la-2eme-guerre-mondiale-a-lhonneur","title":{"rendered":"les combattants tchadiens de la 2\u00e8me guerre mondiale \u00e0 l&rsquo;honneur"},"content":{"rendered":"<p><span style=\"color: #ff6600\"><strong>Africa-Press &#8211; Tchad. <\/strong><\/span><a name=\"para_1\"><\/a><\/p>\n<p>Des tableaux peints retra\u00e7ant l&rsquo;histoire de la colonisation sont expos\u00e9s, sans oublier des archives d&rsquo;anciens combattants qui ont particip\u00e9 \u00e0 la lib\u00e9ration de la France \u00e0 la suite de l&rsquo;appel du g\u00e9n\u00e9ral De Gaulle du 18 juin 1940.<\/p>\n<p>La ministre de la Culture et de la Promotion de la diversit\u00e9, Ndougonna Mabakasse Riradjim, explique que le Tchad et la France sont li\u00e9s par une histoire commune qui commence d\u00e8s la fin du 19e si\u00e8cle jusqu&rsquo;\u00e0 nos jours.<\/p>\n<p>L&rsquo;un des passages les plus glorieux de cette histoire correspond \u00e0 celle du g\u00e9n\u00e9ral Leclerc.<\/p>\n<p>Ainsi, pour la ministre de la Culture, \u00ab\u00a0le Tchad et le r\u00e9giment des tirailleurs s\u00e9n\u00e9galais ont \u00e9t\u00e9 parmi les premiers \u00e0 se rallier \u00e0 la France libre du g\u00e9n\u00e9ral De Gaulle le 26 ao\u00fbt 1940\u00a0\u00bb.<\/p>\n<p>L&rsquo;exposition entre dans le processus de continuit\u00e9 de celle de l&rsquo;ann\u00e9e derni\u00e8re qui a eu pour th\u00e8me \u00ab\u00a0De Gaulle en Afrique\u00a0\u00bb.<\/p>\n<p>Cette ann\u00e9e, la Fondation de l&rsquo;ordre de la lib\u00e9ration, en \u00e9troite collaboration avec le mus\u00e9e national du Tchad, a d\u00e9cid\u00e9 de mettre \u00e0 l&rsquo;honneur six compagnons de la lib\u00e9ration tchadienne qui sont : joli Yorgui, Mouniro, Idrisse Doursan, N\u00e9mir, Andr\u00e9 Kailao, et F\u00e9licien Gargu\u00e9.<\/p>\n<p>L&rsquo;ambassadeur de France au Tchad, Bertrand Cochery souligne que \u00ab\u00a0De Gaulle seul ne serait pas parvenu \u00e0 renverser la vapeur si le Tchad n&rsquo;\u00e9tait pas intervenu avec ses braves soldats\u00a0\u00bb.<\/p>\n<p>\u00c0 ses yeux, il est important que les nouvelles g\u00e9n\u00e9rations tchadiennes, en particulier la jeunesse, se souviennent de l&rsquo;engagement qui a \u00e9t\u00e9 le leur.<\/p>\n<p>Parmi ces anciens combattants, l&rsquo;histoire de six hommes \u00ab\u00a0qui ont tout quitt\u00e9 pour lutter pour un id\u00e9al, celui de la libert\u00e9\u00a0\u00bb, est retrac\u00e9e \u00ab\u00a0avec simplicit\u00e9 et sobri\u00e9t\u00e9\u00a0\u00bb.<\/p>\n<p>Ces soldats tchadiens vont briller par leurs nombreux fait d&rsquo;armes pendant cette guerre.<\/p>\n<p>Cela leur vaudra d&rsquo;\u00eatre d\u00e9cor\u00e9s par le g\u00e9n\u00e9ral De Gaulle en personne de la plus haute distinction de la France libre : la croix de la Lib\u00e9ration.<\/p>\n\r\n                <style type=\"text\/css\">\r\n                    \r\n                    #td_uid_1_69ef2ea7ccbec  .td-doubleSlider-2 .td-item1 {\r\n                        background: url(https:\/\/static.africa-press.net\/tchad\/sites\/41\/2022\/07\/postMediaimg_10_1-62ca914989866-80x60.jpg) 0 0 no-repeat;\r\n                    }\r\n                    #td_uid_1_69ef2ea7ccbec  .td-doubleSlider-2 .td-item2 {\r\n                        background: url(https:\/\/static.africa-press.net\/tchad\/sites\/41\/2022\/07\/postMediaimg_10_2-62ca9154124e2-80x60.jpg) 0 0 no-repeat;\r\n                    }\r\n                    #td_uid_1_69ef2ea7ccbec  .td-doubleSlider-2 .td-item3 {\r\n                        background: url(https:\/\/static.africa-press.net\/tchad\/sites\/41\/2022\/07\/postMediaimg_10_3-80x60.jpg) 0 0 no-repeat;\r\n                    }\r\n                <\/style>\r\n\r\n                <div id=\"td_uid_1_69ef2ea7ccbec\" class=\"td-gallery td-slide-on-2-columns\">\r\n                    <div class=\"post_td_gallery\">\r\n                        <div class=\"td-gallery-slide-top\">\r\n                           <div class=\"td-gallery-title\"><\/div>\r\n\r\n                            <div class=\"td-gallery-controls-wrapper\">\r\n                                <div class=\"td-gallery-slide-count\"><span class=\"td-gallery-slide-item-focus\">1<\/span> de 3<\/div>\r\n                                <div class=\"td-gallery-slide-prev-next-but\">\r\n                                    <i class = \"td-icon-left doubleSliderPrevButton\"><\/i>\r\n                                    <i class = \"td-icon-right doubleSliderNextButton\"><\/i>\r\n                                <\/div>\r\n                            <\/div>\r\n                        <\/div>\r\n\r\n                        <div class = \"td-doubleSlider-1 \">\r\n                            <div class = \"td-slider\">\r\n                                \r\n                    <div class = \"td-slide-item td-item1\">\r\n                        <figure class=\"td-slide-galery-figure td-slide-popup-gallery\">\r\n                            <a class=\"slide-gallery-image-link\" href=\"https:\/\/static.africa-press.net\/tchad\/sites\/41\/2022\/07\/postMediaimg_10_1-62ca914989866.jpg\" title=\"postMediaimg_10_1-62ca914989866\"  data-caption=\"\"  data-description=\"\">\r\n                                <img decoding=\"async\" src=\"https:\/\/static.africa-press.net\/tchad\/sites\/41\/2022\/07\/postMediaimg_10_1-62ca914989866.jpg\" srcset=\"https:\/\/static.africa-press.net\/tchad\/sites\/41\/2022\/07\/postMediaimg_10_1-62ca914989866.jpg 869w, https:\/\/static.africa-press.net\/tchad\/sites\/41\/2022\/07\/postMediaimg_10_1-62ca914989866-300x135.jpg 300w, https:\/\/static.africa-press.net\/tchad\/sites\/41\/2022\/07\/postMediaimg_10_1-62ca914989866-768x346.jpg 768w\" sizes=\"(max-width: 869px) 100vw, 869px\" alt=\"\">\r\n                            <\/a>\r\n                            \r\n                        <\/figure>\r\n                    <\/div>\r\n                    <div class = \"td-slide-item td-item2\">\r\n                        <figure class=\"td-slide-galery-figure td-slide-popup-gallery\">\r\n                            <a class=\"slide-gallery-image-link\" href=\"https:\/\/static.africa-press.net\/tchad\/sites\/41\/2022\/07\/postMediaimg_10_2-62ca9154124e2.jpg\" title=\"postMediaimg_10_2-62ca9154124e2\"  data-caption=\"\"  data-description=\"\">\r\n                                <img decoding=\"async\" src=\"https:\/\/static.africa-press.net\/tchad\/sites\/41\/2022\/07\/postMediaimg_10_2-62ca9154124e2.jpg\" srcset=\"https:\/\/static.africa-press.net\/tchad\/sites\/41\/2022\/07\/postMediaimg_10_2-62ca9154124e2.jpg 869w, https:\/\/static.africa-press.net\/tchad\/sites\/41\/2022\/07\/postMediaimg_10_2-62ca9154124e2-300x135.jpg 300w, https:\/\/static.africa-press.net\/tchad\/sites\/41\/2022\/07\/postMediaimg_10_2-62ca9154124e2-768x346.jpg 768w\" sizes=\"(max-width: 869px) 100vw, 869px\" alt=\"\">\r\n                            <\/a>\r\n                            \r\n                        <\/figure>\r\n                    <\/div>\r\n                    <div class = \"td-slide-item td-item3\">\r\n                        <figure class=\"td-slide-galery-figure td-slide-popup-gallery\">\r\n                            <a class=\"slide-gallery-image-link\" href=\"https:\/\/static.africa-press.net\/tchad\/sites\/41\/2022\/07\/postMediaimg_10_3.jpg\" title=\"postMediaimg_10_3\"  data-caption=\"\"  data-description=\"\">\r\n                                <img decoding=\"async\" src=\"https:\/\/static.africa-press.net\/tchad\/sites\/41\/2022\/07\/postMediaimg_10_3.jpg\" srcset=\"https:\/\/static.africa-press.net\/tchad\/sites\/41\/2022\/07\/postMediaimg_10_3.jpg 868w, https:\/\/static.africa-press.net\/tchad\/sites\/41\/2022\/07\/postMediaimg_10_3-300x135.jpg 300w, https:\/\/static.africa-press.net\/tchad\/sites\/41\/2022\/07\/postMediaimg_10_3-768x346.jpg 768w\" sizes=\"(max-width: 868px) 100vw, 868px\" alt=\"\">\r\n                            <\/a>\r\n                            \r\n                        <\/figure>\r\n                    <\/div>\r\n                            <\/div>\r\n                        <\/div>\r\n\r\n                        <div class = \"td-doubleSlider-2\">\r\n                            <div class = \"td-slider\">\r\n                                \r\n                    <div class = \"td-button td-item1\">\r\n                        <div class = \"td-border\"><\/div>\r\n                    <\/div>\r\n                    <div class = \"td-button td-item2\">\r\n                        <div class = \"td-border\"><\/div>\r\n                    <\/div>\r\n                    <div class = \"td-button td-item3\">\r\n                        <div class = \"td-border\"><\/div>\r\n                    <\/div>\r\n                            <\/div>\r\n                        <\/div>\r\n\r\n                    <\/div>\r\n\r\n                <\/div>\r\n                \n<p><strong>Pour plus d&rsquo;informations et d&rsquo;analyses sur la <a href=\"https:\/\/www.africa-press.net\/tchad\">Tchad<\/a>, suivez <a href=\"https:\/\/www.africa-press.net\/\">Africa-Press<\/a><\/strong><\/p>\n","protected":false},"excerpt":{"rendered":"<p>Africa-Press &#8211; Tchad. Des tableaux peints retra\u00e7ant l&rsquo;histoire de la colonisation sont expos\u00e9s, sans oublier des archives d&rsquo;anciens combattants qui ont particip\u00e9 \u00e0 la lib\u00e9ration de la France \u00e0 la suite de l&rsquo;appel du g\u00e9n\u00e9ral De Gaulle du 18 juin 1940. La ministre de la Culture et de la Promotion de la diversit\u00e9, Ndougonna Mabakasse [&hellip;]<\/p>\n","protected":false},"author":82,"featured_media":28628,"comment_status":"open","ping_status":"closed","sticky":false,"template":"","format":"standard","meta":{"footnotes":""},"categories":[5,11,8,10],"tags":[37,292,29],"class_list":["post-28629","post","type-post","status-publish","format-standard","has-post-thumbnail","hentry","category-culture-et-art","category-homepage-french","category-photo","category-toutes-les-actualites","tag-africa-press","tag-africa-press-tchad","tag-tchad"],"yoast_head":"<!-- This site is optimized with the Yoast SEO Premium plugin v26.1 (Yoast SEO v27.0) - https:\/\/yoast.com\/product\/yoast-seo-premium-wordpress\/ -->\n<title>les combattants tchadiens de la 2\u00e8me guerre mondiale \u00e0 l&#039;honneur - tchad<\/title>\n<meta name=\"description\" content=\"Des tableaux peints retra\u00e7ant l&#039;histoire de la colonisation sont expos\u00e9s, sans oublier des archiv ...\" \/>\n<meta name=\"robots\" content=\"index, follow, max-snippet:-1, max-image-preview:large, max-video-preview:-1\" \/>\n<link rel=\"canonical\" href=\"https:\/\/www.africa-press.net\/tchad\/culture-et-art\/les-combattants-tchadiens-de-la-2eme-guerre-mondiale-a-lhonneur\" \/>\n<meta property=\"og:locale\" content=\"fr_FR\" \/>\n<meta property=\"og:type\" content=\"article\" \/>\n<meta property=\"og:title\" content=\"les combattants tchadiens de la 2\u00e8me guerre mondiale \u00e0 l&#039;honneur\" \/>\n<meta property=\"og:description\" content=\"Des tableaux peints retra\u00e7ant l&#039;histoire de la colonisation sont expos\u00e9s, sans oublier des archiv ...\" \/>\n<meta property=\"og:url\" content=\"https:\/\/www.africa-press.net\/tchad\/culture-et-art\/les-combattants-tchadiens-de-la-2eme-guerre-mondiale-a-lhonneur\" \/>\n<meta property=\"og:site_name\" content=\"tchad\" \/>\n<meta property=\"article:published_time\" content=\"2022-07-10T07:57:48+00:00\" \/>\n<meta property=\"article:modified_time\" content=\"2022-07-10T08:44:41+00:00\" \/>\n<meta property=\"og:image\" content=\"https:\/\/static.africa-press.net\/tchad\/sites\/41\/2022\/07\/postQueueImg_10-62ca9166e9224.jpg\" \/>\n\t<meta property=\"og:image:width\" content=\"869\" \/>\n\t<meta property=\"og:image:height\" content=\"391\" \/>\n\t<meta property=\"og:image:type\" content=\"image\/jpeg\" \/>\n<meta name=\"author\" content=\"cfeditorfr\" \/>\n<meta name=\"twitter:card\" content=\"summary_large_image\" \/>\n<meta name=\"twitter:label1\" content=\"\u00c9crit par\" \/>\n\t<meta name=\"twitter:data1\" content=\"cfeditorfr\" \/>\n\t<meta name=\"twitter:label2\" content=\"Dur\u00e9e de lecture estim\u00e9e\" \/>\n\t<meta name=\"twitter:data2\" content=\"2 minutes\" \/>\n<script type=\"application\/ld+json\" class=\"yoast-schema-graph\">{\"@context\":\"https:\/\/schema.org\",\"@graph\":[{\"@type\":\"Article\",\"@id\":\"https:\/\/www.africa-press.net\/tchad\/culture-et-art\/les-combattants-tchadiens-de-la-2eme-guerre-mondiale-a-lhonneur#article\",\"isPartOf\":{\"@id\":\"https:\/\/www.africa-press.net\/tchad\/culture-et-art\/les-combattants-tchadiens-de-la-2eme-guerre-mondiale-a-lhonneur\"},\"author\":{\"name\":\"cfeditorfr\",\"@id\":\"https:\/\/www.africa-press.net\/tchad\/#\/schema\/person\/2b1cf3cd81a31e3cd26889ca66d677f1\"},\"headline\":\"les combattants tchadiens de la 2\u00e8me guerre mondiale \u00e0 l&rsquo;honneur\",\"datePublished\":\"2022-07-10T07:57:48+00:00\",\"dateModified\":\"2022-07-10T08:44:41+00:00\",\"mainEntityOfPage\":{\"@id\":\"https:\/\/www.africa-press.net\/tchad\/culture-et-art\/les-combattants-tchadiens-de-la-2eme-guerre-mondiale-a-lhonneur\"},\"wordCount\":384,\"commentCount\":0,\"image\":{\"@id\":\"https:\/\/www.africa-press.net\/tchad\/culture-et-art\/les-combattants-tchadiens-de-la-2eme-guerre-mondiale-a-lhonneur#primaryimage\"},\"thumbnailUrl\":\"https:\/\/static.africa-press.net\/tchad\/sites\/41\/2022\/07\/postQueueImg_10-62ca9166e9224.jpg\",\"keywords\":[\"Africa Press\",\"Africa Press-Tchad\",\"Tchad\"],\"articleSection\":[\"Culture et Art\",\"homepage-french\",\"Photo\",\"Toutes les actualit\u00e9s\"],\"inLanguage\":\"fr-FR\",\"potentialAction\":[{\"@type\":\"CommentAction\",\"name\":\"Comment\",\"target\":[\"https:\/\/www.africa-press.net\/tchad\/culture-et-art\/les-combattants-tchadiens-de-la-2eme-guerre-mondiale-a-lhonneur#respond\"]}]},{\"@type\":\"WebPage\",\"@id\":\"https:\/\/www.africa-press.net\/tchad\/culture-et-art\/les-combattants-tchadiens-de-la-2eme-guerre-mondiale-a-lhonneur\",\"url\":\"https:\/\/www.africa-press.net\/tchad\/culture-et-art\/les-combattants-tchadiens-de-la-2eme-guerre-mondiale-a-lhonneur\",\"name\":\"les combattants tchadiens de la 2\u00e8me guerre mondiale \u00e0 l'honneur - tchad\",\"isPartOf\":{\"@id\":\"https:\/\/www.africa-press.net\/tchad\/#website\"},\"primaryImageOfPage\":{\"@id\":\"https:\/\/www.africa-press.net\/tchad\/culture-et-art\/les-combattants-tchadiens-de-la-2eme-guerre-mondiale-a-lhonneur#primaryimage\"},\"image\":{\"@id\":\"https:\/\/www.africa-press.net\/tchad\/culture-et-art\/les-combattants-tchadiens-de-la-2eme-guerre-mondiale-a-lhonneur#primaryimage\"},\"thumbnailUrl\":\"https:\/\/static.africa-press.net\/tchad\/sites\/41\/2022\/07\/postQueueImg_10-62ca9166e9224.jpg\",\"datePublished\":\"2022-07-10T07:57:48+00:00\",\"dateModified\":\"2022-07-10T08:44:41+00:00\",\"author\":{\"@id\":\"https:\/\/www.africa-press.net\/tchad\/#\/schema\/person\/2b1cf3cd81a31e3cd26889ca66d677f1\"},\"description\":\"Des tableaux peints retra\u00e7ant l'histoire de la colonisation sont expos\u00e9s, sans oublier des archiv ...\",\"breadcrumb\":{\"@id\":\"https:\/\/www.africa-press.net\/tchad\/culture-et-art\/les-combattants-tchadiens-de-la-2eme-guerre-mondiale-a-lhonneur#breadcrumb\"},\"inLanguage\":\"fr-FR\",\"potentialAction\":[{\"@type\":\"ReadAction\",\"target\":[\"https:\/\/www.africa-press.net\/tchad\/culture-et-art\/les-combattants-tchadiens-de-la-2eme-guerre-mondiale-a-lhonneur\"]}]},{\"@type\":\"ImageObject\",\"inLanguage\":\"fr-FR\",\"@id\":\"https:\/\/www.africa-press.net\/tchad\/culture-et-art\/les-combattants-tchadiens-de-la-2eme-guerre-mondiale-a-lhonneur#primaryimage\",\"url\":\"https:\/\/static.africa-press.net\/tchad\/sites\/41\/2022\/07\/postQueueImg_10-62ca9166e9224.jpg\",\"contentUrl\":\"https:\/\/static.africa-press.net\/tchad\/sites\/41\/2022\/07\/postQueueImg_10-62ca9166e9224.jpg\",\"width\":869,\"height\":391,\"caption\":\"les combattants tchadiens de la 2\u00e8me guerre mondiale \u00e0 l'honneur\"},{\"@type\":\"BreadcrumbList\",\"@id\":\"https:\/\/www.africa-press.net\/tchad\/culture-et-art\/les-combattants-tchadiens-de-la-2eme-guerre-mondiale-a-lhonneur#breadcrumb\",\"itemListElement\":[{\"@type\":\"ListItem\",\"position\":1,\"name\":\"Accueil\",\"item\":\"https:\/\/www.africa-press.net\/tchad\/\"},{\"@type\":\"ListItem\",\"position\":2,\"name\":\"les combattants tchadiens de la 2\u00e8me guerre mondiale \u00e0 l&#8217;honneur\"}]},{\"@type\":\"WebSite\",\"@id\":\"https:\/\/www.africa-press.net\/tchad\/#website\",\"url\":\"https:\/\/www.africa-press.net\/tchad\/\",\"name\":\"tchad\",\"description\":\"Just another Africa News Agency Sites site\",\"potentialAction\":[{\"@type\":\"SearchAction\",\"target\":{\"@type\":\"EntryPoint\",\"urlTemplate\":\"https:\/\/www.africa-press.net\/tchad\/?s={search_term_string}\"},\"query-input\":{\"@type\":\"PropertyValueSpecification\",\"valueRequired\":true,\"valueName\":\"search_term_string\"}}],\"inLanguage\":\"fr-FR\"},{\"@type\":\"Person\",\"@id\":\"https:\/\/www.africa-press.net\/tchad\/#\/schema\/person\/2b1cf3cd81a31e3cd26889ca66d677f1\",\"name\":\"cfeditorfr\"}]}<\/script>\n<!-- \/ Yoast SEO Premium plugin. -->","yoast_head_json":{"title":"les combattants tchadiens de la 2\u00e8me guerre mondiale \u00e0 l'honneur - tchad","description":"Des tableaux peints retra\u00e7ant l'histoire de la colonisation sont expos\u00e9s, sans oublier des archiv ...","robots":{"index":"index","follow":"follow","max-snippet":"max-snippet:-1","max-image-preview":"max-image-preview:large","max-video-preview":"max-video-preview:-1"},"canonical":"https:\/\/www.africa-press.net\/tchad\/culture-et-art\/les-combattants-tchadiens-de-la-2eme-guerre-mondiale-a-lhonneur","og_locale":"fr_FR","og_type":"article","og_title":"les combattants tchadiens de la 2\u00e8me guerre mondiale \u00e0 l'honneur","og_description":"Des tableaux peints retra\u00e7ant l'histoire de la colonisation sont expos\u00e9s, sans oublier des archiv ...","og_url":"https:\/\/www.africa-press.net\/tchad\/culture-et-art\/les-combattants-tchadiens-de-la-2eme-guerre-mondiale-a-lhonneur","og_site_name":"tchad","article_published_time":"2022-07-10T07:57:48+00:00","article_modified_time":"2022-07-10T08:44:41+00:00","og_image":[{"width":869,"height":391,"url":"https:\/\/static.africa-press.net\/tchad\/sites\/41\/2022\/07\/postQueueImg_10-62ca9166e9224.jpg","type":"image\/jpeg"}],"author":"cfeditorfr","twitter_card":"summary_large_image","twitter_misc":{"\u00c9crit par":"cfeditorfr","Dur\u00e9e de lecture estim\u00e9e":"2 minutes"},"schema":{"@context":"https:\/\/schema.org","@graph":[{"@type":"Article","@id":"https:\/\/www.africa-press.net\/tchad\/culture-et-art\/les-combattants-tchadiens-de-la-2eme-guerre-mondiale-a-lhonneur#article","isPartOf":{"@id":"https:\/\/www.africa-press.net\/tchad\/culture-et-art\/les-combattants-tchadiens-de-la-2eme-guerre-mondiale-a-lhonneur"},"author":{"name":"cfeditorfr","@id":"https:\/\/www.africa-press.net\/tchad\/#\/schema\/person\/2b1cf3cd81a31e3cd26889ca66d677f1"},"headline":"les combattants tchadiens de la 2\u00e8me guerre mondiale \u00e0 l&rsquo;honneur","datePublished":"2022-07-10T07:57:48+00:00","dateModified":"2022-07-10T08:44:41+00:00","mainEntityOfPage":{"@id":"https:\/\/www.africa-press.net\/tchad\/culture-et-art\/les-combattants-tchadiens-de-la-2eme-guerre-mondiale-a-lhonneur"},"wordCount":384,"commentCount":0,"image":{"@id":"https:\/\/www.africa-press.net\/tchad\/culture-et-art\/les-combattants-tchadiens-de-la-2eme-guerre-mondiale-a-lhonneur#primaryimage"},"thumbnailUrl":"https:\/\/static.africa-press.net\/tchad\/sites\/41\/2022\/07\/postQueueImg_10-62ca9166e9224.jpg","keywords":["Africa Press","Africa Press-Tchad","Tchad"],"articleSection":["Culture et Art","homepage-french","Photo","Toutes les actualit\u00e9s"],"inLanguage":"fr-FR","potentialAction":[{"@type":"CommentAction","name":"Comment","target":["https:\/\/www.africa-press.net\/tchad\/culture-et-art\/les-combattants-tchadiens-de-la-2eme-guerre-mondiale-a-lhonneur#respond"]}]},{"@type":"WebPage","@id":"https:\/\/www.africa-press.net\/tchad\/culture-et-art\/les-combattants-tchadiens-de-la-2eme-guerre-mondiale-a-lhonneur","url":"https:\/\/www.africa-press.net\/tchad\/culture-et-art\/les-combattants-tchadiens-de-la-2eme-guerre-mondiale-a-lhonneur","name":"les combattants tchadiens de la 2\u00e8me guerre mondiale \u00e0 l'honneur - tchad","isPartOf":{"@id":"https:\/\/www.africa-press.net\/tchad\/#website"},"primaryImageOfPage":{"@id":"https:\/\/www.africa-press.net\/tchad\/culture-et-art\/les-combattants-tchadiens-de-la-2eme-guerre-mondiale-a-lhonneur#primaryimage"},"image":{"@id":"https:\/\/www.africa-press.net\/tchad\/culture-et-art\/les-combattants-tchadiens-de-la-2eme-guerre-mondiale-a-lhonneur#primaryimage"},"thumbnailUrl":"https:\/\/static.africa-press.net\/tchad\/sites\/41\/2022\/07\/postQueueImg_10-62ca9166e9224.jpg","datePublished":"2022-07-10T07:57:48+00:00","dateModified":"2022-07-10T08:44:41+00:00","author":{"@id":"https:\/\/www.africa-press.net\/tchad\/#\/schema\/person\/2b1cf3cd81a31e3cd26889ca66d677f1"},"description":"Des tableaux peints retra\u00e7ant l'histoire de la colonisation sont expos\u00e9s, sans oublier des archiv ...","breadcrumb":{"@id":"https:\/\/www.africa-press.net\/tchad\/culture-et-art\/les-combattants-tchadiens-de-la-2eme-guerre-mondiale-a-lhonneur#breadcrumb"},"inLanguage":"fr-FR","potentialAction":[{"@type":"ReadAction","target":["https:\/\/www.africa-press.net\/tchad\/culture-et-art\/les-combattants-tchadiens-de-la-2eme-guerre-mondiale-a-lhonneur"]}]},{"@type":"ImageObject","inLanguage":"fr-FR","@id":"https:\/\/www.africa-press.net\/tchad\/culture-et-art\/les-combattants-tchadiens-de-la-2eme-guerre-mondiale-a-lhonneur#primaryimage","url":"https:\/\/static.africa-press.net\/tchad\/sites\/41\/2022\/07\/postQueueImg_10-62ca9166e9224.jpg","contentUrl":"https:\/\/static.africa-press.net\/tchad\/sites\/41\/2022\/07\/postQueueImg_10-62ca9166e9224.jpg","width":869,"height":391,"caption":"les combattants tchadiens de la 2\u00e8me guerre mondiale \u00e0 l'honneur"},{"@type":"BreadcrumbList","@id":"https:\/\/www.africa-press.net\/tchad\/culture-et-art\/les-combattants-tchadiens-de-la-2eme-guerre-mondiale-a-lhonneur#breadcrumb","itemListElement":[{"@type":"ListItem","position":1,"name":"Accueil","item":"https:\/\/www.africa-press.net\/tchad\/"},{"@type":"ListItem","position":2,"name":"les combattants tchadiens de la 2\u00e8me guerre mondiale \u00e0 l&#8217;honneur"}]},{"@type":"WebSite","@id":"https:\/\/www.africa-press.net\/tchad\/#website","url":"https:\/\/www.africa-press.net\/tchad\/","name":"tchad","description":"Just another Africa News Agency Sites site","potentialAction":[{"@type":"SearchAction","target":{"@type":"EntryPoint","urlTemplate":"https:\/\/www.africa-press.net\/tchad\/?s={search_term_string}"},"query-input":{"@type":"PropertyValueSpecification","valueRequired":true,"valueName":"search_term_string"}}],"inLanguage":"fr-FR"},{"@type":"Person","@id":"https:\/\/www.africa-press.net\/tchad\/#\/schema\/person\/2b1cf3cd81a31e3cd26889ca66d677f1","name":"cfeditorfr"}]}},"_links":{"self":[{"href":"https:\/\/www.africa-press.net\/tchad\/wp-json\/wp\/v2\/posts\/28629","targetHints":{"allow":["GET"]}}],"collection":[{"href":"https:\/\/www.africa-press.net\/tchad\/wp-json\/wp\/v2\/posts"}],"about":[{"href":"https:\/\/www.africa-press.net\/tchad\/wp-json\/wp\/v2\/types\/post"}],"author":[{"embeddable":true,"href":"https:\/\/www.africa-press.net\/tchad\/wp-json\/wp\/v2\/users\/82"}],"replies":[{"embeddable":true,"href":"https:\/\/www.africa-press.net\/tchad\/wp-json\/wp\/v2\/comments?post=28629"}],"version-history":[{"count":0,"href":"https:\/\/www.africa-press.net\/tchad\/wp-json\/wp\/v2\/posts\/28629\/revisions"}],"wp:featuredmedia":[{"embeddable":true,"href":"https:\/\/www.africa-press.net\/tchad\/wp-json\/wp\/v2\/media\/28628"}],"wp:attachment":[{"href":"https:\/\/www.africa-press.net\/tchad\/wp-json\/wp\/v2\/media?parent=28629"}],"wp:term":[{"taxonomy":"category","embeddable":true,"href":"https:\/\/www.africa-press.net\/tchad\/wp-json\/wp\/v2\/categories?post=28629"},{"taxonomy":"post_tag","embeddable":true,"href":"https:\/\/www.africa-press.net\/tchad\/wp-json\/wp\/v2\/tags?post=28629"}],"curies":[{"name":"wp","href":"https:\/\/api.w.org\/{rel}","templated":true}]}}