{"id":28632,"date":"2022-07-10T07:59:51","date_gmt":"2022-07-10T07:59:51","guid":{"rendered":"https:\/\/www.africa-press.net\/tchad\/politique\/abdelkerim-idriss-deby-nest-plus-directeur-de-cabinet-civil-de-la-presidence"},"modified":"2022-07-10T08:45:08","modified_gmt":"2022-07-10T08:45:08","slug":"abdelkerim-idriss-deby-nest-plus-directeur-de-cabinet-civil-de-la-presidence","status":"publish","type":"post","link":"https:\/\/www.africa-press.net\/tchad\/politique\/abdelkerim-idriss-deby-nest-plus-directeur-de-cabinet-civil-de-la-presidence","title":{"rendered":"Abdelkerim Idriss Deby n&rsquo;est plus directeur de cabinet civil de la Pr\u00e9sidence"},"content":{"rendered":"<p><span style=\"color: #ff6600\"><strong>Africa-Press &#8211; Tchad. <\/strong><\/span>Abdelkerim Idriss Deby n\u2019est plus directeur de cabinet civil de la Pr\u00e9sidence, selon un d\u00e9cret n\u00b0 2058 du 9 juillet 2022.<\/p>\n<p>Il est remplac\u00e9 par le ministre sortant de l&rsquo;\u00c9conomie Mahamat Hamid Koua et appel\u00e9 \u00e0 d\u2019autres fonctions.<\/p>\n<p>Aux c\u00f4t\u00e9s de son fr\u00e8re et pr\u00e9sident du Conseil militaire de transition (CMT) depuis le 20 avril 2021, Abdelkerim Idriss Deby est consid\u00e9r\u00e9 comme un homme cl\u00e9 dans la gestion des affaires de l&rsquo;\u00c9tat.<\/p>\n<p><strong>Pour plus d&rsquo;informations et d&rsquo;analyses sur la <a href=\"https:\/\/www.africa-press.net\/tchad\">Tchad<\/a>, suivez <a href=\"https:\/\/www.africa-press.net\/\">Africa-Press<\/a><\/strong><\/p>\n","protected":false},"excerpt":{"rendered":"<p>Africa-Press &#8211; Tchad. Abdelkerim Idriss Deby n\u2019est plus directeur de cabinet civil de la Pr\u00e9sidence, selon un d\u00e9cret n\u00b0 2058 du 9 juillet 2022. Il est remplac\u00e9 par le ministre sortant de l&rsquo;\u00c9conomie Mahamat Hamid Koua et appel\u00e9 \u00e0 d\u2019autres fonctions. Aux c\u00f4t\u00e9s de son fr\u00e8re et pr\u00e9sident du Conseil militaire de transition (CMT) depuis [&hellip;]<\/p>\n","protected":false},"author":82,"featured_media":28631,"comment_status":"open","ping_status":"closed","sticky":false,"template":"","format":"standard","meta":{"footnotes":""},"categories":[11,2,20,10],"tags":[37,292,29],"class_list":["post-28632","post","type-post","status-publish","format-standard","has-post-thumbnail","hentry","category-homepage-french","category-politique","category-top-nouvelles","category-toutes-les-actualites","tag-africa-press","tag-africa-press-tchad","tag-tchad"],"yoast_head":"<!-- This site is optimized with the Yoast SEO Premium plugin v26.1 (Yoast SEO v27.0) - https:\/\/yoast.com\/product\/yoast-seo-premium-wordpress\/ -->\n<title>Abdelkerim Idriss Deby n&#039;est plus directeur de cabinet civil de la Pr\u00e9sidence - tchad<\/title>\n<meta name=\"description\" content=\"Abdelkerim Idriss Deby n\u2019est plus directeur de cabinet civil de la Pr\u00e9sidence, selon un d\u00e9cret n\u00b0 2058 du 9 juillet 2022 ...\" \/>\n<meta name=\"robots\" content=\"index, follow, max-snippet:-1, max-image-preview:large, max-video-preview:-1\" \/>\n<link rel=\"canonical\" href=\"https:\/\/www.africa-press.net\/tchad\/politique\/abdelkerim-idriss-deby-nest-plus-directeur-de-cabinet-civil-de-la-presidence\" \/>\n<meta property=\"og:locale\" content=\"fr_FR\" \/>\n<meta property=\"og:type\" content=\"article\" \/>\n<meta property=\"og:title\" content=\"Abdelkerim Idriss Deby n&#039;est plus directeur de cabinet civil de la Pr\u00e9sidence\" \/>\n<meta property=\"og:description\" content=\"Abdelkerim Idriss Deby n\u2019est plus directeur de cabinet civil de la Pr\u00e9sidence, selon un d\u00e9cret n\u00b0 2058 du 9 juillet 2022 ...\" \/>\n<meta property=\"og:url\" content=\"https:\/\/www.africa-press.net\/tchad\/politique\/abdelkerim-idriss-deby-nest-plus-directeur-de-cabinet-civil-de-la-presidence\" \/>\n<meta property=\"og:site_name\" content=\"tchad\" \/>\n<meta property=\"article:published_time\" content=\"2022-07-10T07:59:51+00:00\" \/>\n<meta property=\"article:modified_time\" content=\"2022-07-10T08:45:08+00:00\" \/>\n<meta property=\"og:image\" content=\"https:\/\/static.africa-press.net\/tchad\/sites\/41\/2022\/07\/postQueueImg_11-62ca91808258b.jpg\" \/>\n\t<meta property=\"og:image:width\" content=\"869\" \/>\n\t<meta property=\"og:image:height\" content=\"506\" \/>\n\t<meta property=\"og:image:type\" content=\"image\/jpeg\" \/>\n<meta name=\"author\" content=\"cfeditorfr\" \/>\n<meta name=\"twitter:card\" content=\"summary_large_image\" \/>\n<meta name=\"twitter:label1\" content=\"\u00c9crit par\" \/>\n\t<meta name=\"twitter:data1\" content=\"cfeditorfr\" \/>\n<script type=\"application\/ld+json\" class=\"yoast-schema-graph\">{\"@context\":\"https:\/\/schema.org\",\"@graph\":[{\"@type\":\"Article\",\"@id\":\"https:\/\/www.africa-press.net\/tchad\/politique\/abdelkerim-idriss-deby-nest-plus-directeur-de-cabinet-civil-de-la-presidence#article\",\"isPartOf\":{\"@id\":\"https:\/\/www.africa-press.net\/tchad\/politique\/abdelkerim-idriss-deby-nest-plus-directeur-de-cabinet-civil-de-la-presidence\"},\"author\":{\"name\":\"cfeditorfr\",\"@id\":\"https:\/\/www.africa-press.net\/tchad\/#\/schema\/person\/2b1cf3cd81a31e3cd26889ca66d677f1\"},\"headline\":\"Abdelkerim Idriss Deby n&rsquo;est plus directeur de cabinet civil de la Pr\u00e9sidence\",\"datePublished\":\"2022-07-10T07:59:51+00:00\",\"dateModified\":\"2022-07-10T08:45:08+00:00\",\"mainEntityOfPage\":{\"@id\":\"https:\/\/www.africa-press.net\/tchad\/politique\/abdelkerim-idriss-deby-nest-plus-directeur-de-cabinet-civil-de-la-presidence\"},\"wordCount\":106,\"commentCount\":0,\"image\":{\"@id\":\"https:\/\/www.africa-press.net\/tchad\/politique\/abdelkerim-idriss-deby-nest-plus-directeur-de-cabinet-civil-de-la-presidence#primaryimage\"},\"thumbnailUrl\":\"https:\/\/static.africa-press.net\/tchad\/sites\/41\/2022\/07\/postQueueImg_11-62ca91808258b.jpg\",\"keywords\":[\"Africa Press\",\"Africa Press-Tchad\",\"Tchad\"],\"articleSection\":[\"homepage-french\",\"Politique\",\"Top Nouvelles\",\"Toutes les actualit\u00e9s\"],\"inLanguage\":\"fr-FR\",\"potentialAction\":[{\"@type\":\"CommentAction\",\"name\":\"Comment\",\"target\":[\"https:\/\/www.africa-press.net\/tchad\/politique\/abdelkerim-idriss-deby-nest-plus-directeur-de-cabinet-civil-de-la-presidence#respond\"]}]},{\"@type\":\"WebPage\",\"@id\":\"https:\/\/www.africa-press.net\/tchad\/politique\/abdelkerim-idriss-deby-nest-plus-directeur-de-cabinet-civil-de-la-presidence\",\"url\":\"https:\/\/www.africa-press.net\/tchad\/politique\/abdelkerim-idriss-deby-nest-plus-directeur-de-cabinet-civil-de-la-presidence\",\"name\":\"Abdelkerim Idriss Deby n'est plus directeur de cabinet civil de la Pr\u00e9sidence - tchad\",\"isPartOf\":{\"@id\":\"https:\/\/www.africa-press.net\/tchad\/#website\"},\"primaryImageOfPage\":{\"@id\":\"https:\/\/www.africa-press.net\/tchad\/politique\/abdelkerim-idriss-deby-nest-plus-directeur-de-cabinet-civil-de-la-presidence#primaryimage\"},\"image\":{\"@id\":\"https:\/\/www.africa-press.net\/tchad\/politique\/abdelkerim-idriss-deby-nest-plus-directeur-de-cabinet-civil-de-la-presidence#primaryimage\"},\"thumbnailUrl\":\"https:\/\/static.africa-press.net\/tchad\/sites\/41\/2022\/07\/postQueueImg_11-62ca91808258b.jpg\",\"datePublished\":\"2022-07-10T07:59:51+00:00\",\"dateModified\":\"2022-07-10T08:45:08+00:00\",\"author\":{\"@id\":\"https:\/\/www.africa-press.net\/tchad\/#\/schema\/person\/2b1cf3cd81a31e3cd26889ca66d677f1\"},\"description\":\"Abdelkerim Idriss Deby n\u2019est plus directeur de cabinet civil de la Pr\u00e9sidence, selon un d\u00e9cret n\u00b0 2058 du 9 juillet 2022 ...\",\"breadcrumb\":{\"@id\":\"https:\/\/www.africa-press.net\/tchad\/politique\/abdelkerim-idriss-deby-nest-plus-directeur-de-cabinet-civil-de-la-presidence#breadcrumb\"},\"inLanguage\":\"fr-FR\",\"potentialAction\":[{\"@type\":\"ReadAction\",\"target\":[\"https:\/\/www.africa-press.net\/tchad\/politique\/abdelkerim-idriss-deby-nest-plus-directeur-de-cabinet-civil-de-la-presidence\"]}]},{\"@type\":\"ImageObject\",\"inLanguage\":\"fr-FR\",\"@id\":\"https:\/\/www.africa-press.net\/tchad\/politique\/abdelkerim-idriss-deby-nest-plus-directeur-de-cabinet-civil-de-la-presidence#primaryimage\",\"url\":\"https:\/\/static.africa-press.net\/tchad\/sites\/41\/2022\/07\/postQueueImg_11-62ca91808258b.jpg\",\"contentUrl\":\"https:\/\/static.africa-press.net\/tchad\/sites\/41\/2022\/07\/postQueueImg_11-62ca91808258b.jpg\",\"width\":869,\"height\":506,\"caption\":\"Abdelkerim Idriss Deby n'est plus directeur de cabinet civil de la Pr\u00e9sidence\"},{\"@type\":\"BreadcrumbList\",\"@id\":\"https:\/\/www.africa-press.net\/tchad\/politique\/abdelkerim-idriss-deby-nest-plus-directeur-de-cabinet-civil-de-la-presidence#breadcrumb\",\"itemListElement\":[{\"@type\":\"ListItem\",\"position\":1,\"name\":\"Accueil\",\"item\":\"https:\/\/www.africa-press.net\/tchad\/\"},{\"@type\":\"ListItem\",\"position\":2,\"name\":\"Abdelkerim Idriss Deby n&#8217;est plus directeur de cabinet civil de la Pr\u00e9sidence\"}]},{\"@type\":\"WebSite\",\"@id\":\"https:\/\/www.africa-press.net\/tchad\/#website\",\"url\":\"https:\/\/www.africa-press.net\/tchad\/\",\"name\":\"tchad\",\"description\":\"Just another Africa News Agency Sites site\",\"potentialAction\":[{\"@type\":\"SearchAction\",\"target\":{\"@type\":\"EntryPoint\",\"urlTemplate\":\"https:\/\/www.africa-press.net\/tchad\/?s={search_term_string}\"},\"query-input\":{\"@type\":\"PropertyValueSpecification\",\"valueRequired\":true,\"valueName\":\"search_term_string\"}}],\"inLanguage\":\"fr-FR\"},{\"@type\":\"Person\",\"@id\":\"https:\/\/www.africa-press.net\/tchad\/#\/schema\/person\/2b1cf3cd81a31e3cd26889ca66d677f1\",\"name\":\"cfeditorfr\"}]}<\/script>\n<!-- \/ Yoast SEO Premium plugin. -->","yoast_head_json":{"title":"Abdelkerim Idriss Deby n'est plus directeur de cabinet civil de la Pr\u00e9sidence - tchad","description":"Abdelkerim Idriss Deby n\u2019est plus directeur de cabinet civil de la Pr\u00e9sidence, selon un d\u00e9cret n\u00b0 2058 du 9 juillet 2022 ...","robots":{"index":"index","follow":"follow","max-snippet":"max-snippet:-1","max-image-preview":"max-image-preview:large","max-video-preview":"max-video-preview:-1"},"canonical":"https:\/\/www.africa-press.net\/tchad\/politique\/abdelkerim-idriss-deby-nest-plus-directeur-de-cabinet-civil-de-la-presidence","og_locale":"fr_FR","og_type":"article","og_title":"Abdelkerim Idriss Deby n'est plus directeur de cabinet civil de la Pr\u00e9sidence","og_description":"Abdelkerim Idriss Deby n\u2019est plus directeur de cabinet civil de la Pr\u00e9sidence, selon un d\u00e9cret n\u00b0 2058 du 9 juillet 2022 ...","og_url":"https:\/\/www.africa-press.net\/tchad\/politique\/abdelkerim-idriss-deby-nest-plus-directeur-de-cabinet-civil-de-la-presidence","og_site_name":"tchad","article_published_time":"2022-07-10T07:59:51+00:00","article_modified_time":"2022-07-10T08:45:08+00:00","og_image":[{"width":869,"height":506,"url":"https:\/\/static.africa-press.net\/tchad\/sites\/41\/2022\/07\/postQueueImg_11-62ca91808258b.jpg","type":"image\/jpeg"}],"author":"cfeditorfr","twitter_card":"summary_large_image","twitter_misc":{"\u00c9crit par":"cfeditorfr"},"schema":{"@context":"https:\/\/schema.org","@graph":[{"@type":"Article","@id":"https:\/\/www.africa-press.net\/tchad\/politique\/abdelkerim-idriss-deby-nest-plus-directeur-de-cabinet-civil-de-la-presidence#article","isPartOf":{"@id":"https:\/\/www.africa-press.net\/tchad\/politique\/abdelkerim-idriss-deby-nest-plus-directeur-de-cabinet-civil-de-la-presidence"},"author":{"name":"cfeditorfr","@id":"https:\/\/www.africa-press.net\/tchad\/#\/schema\/person\/2b1cf3cd81a31e3cd26889ca66d677f1"},"headline":"Abdelkerim Idriss Deby n&rsquo;est plus directeur de cabinet civil de la Pr\u00e9sidence","datePublished":"2022-07-10T07:59:51+00:00","dateModified":"2022-07-10T08:45:08+00:00","mainEntityOfPage":{"@id":"https:\/\/www.africa-press.net\/tchad\/politique\/abdelkerim-idriss-deby-nest-plus-directeur-de-cabinet-civil-de-la-presidence"},"wordCount":106,"commentCount":0,"image":{"@id":"https:\/\/www.africa-press.net\/tchad\/politique\/abdelkerim-idriss-deby-nest-plus-directeur-de-cabinet-civil-de-la-presidence#primaryimage"},"thumbnailUrl":"https:\/\/static.africa-press.net\/tchad\/sites\/41\/2022\/07\/postQueueImg_11-62ca91808258b.jpg","keywords":["Africa Press","Africa Press-Tchad","Tchad"],"articleSection":["homepage-french","Politique","Top Nouvelles","Toutes les actualit\u00e9s"],"inLanguage":"fr-FR","potentialAction":[{"@type":"CommentAction","name":"Comment","target":["https:\/\/www.africa-press.net\/tchad\/politique\/abdelkerim-idriss-deby-nest-plus-directeur-de-cabinet-civil-de-la-presidence#respond"]}]},{"@type":"WebPage","@id":"https:\/\/www.africa-press.net\/tchad\/politique\/abdelkerim-idriss-deby-nest-plus-directeur-de-cabinet-civil-de-la-presidence","url":"https:\/\/www.africa-press.net\/tchad\/politique\/abdelkerim-idriss-deby-nest-plus-directeur-de-cabinet-civil-de-la-presidence","name":"Abdelkerim Idriss Deby n'est plus directeur de cabinet civil de la Pr\u00e9sidence - tchad","isPartOf":{"@id":"https:\/\/www.africa-press.net\/tchad\/#website"},"primaryImageOfPage":{"@id":"https:\/\/www.africa-press.net\/tchad\/politique\/abdelkerim-idriss-deby-nest-plus-directeur-de-cabinet-civil-de-la-presidence#primaryimage"},"image":{"@id":"https:\/\/www.africa-press.net\/tchad\/politique\/abdelkerim-idriss-deby-nest-plus-directeur-de-cabinet-civil-de-la-presidence#primaryimage"},"thumbnailUrl":"https:\/\/static.africa-press.net\/tchad\/sites\/41\/2022\/07\/postQueueImg_11-62ca91808258b.jpg","datePublished":"2022-07-10T07:59:51+00:00","dateModified":"2022-07-10T08:45:08+00:00","author":{"@id":"https:\/\/www.africa-press.net\/tchad\/#\/schema\/person\/2b1cf3cd81a31e3cd26889ca66d677f1"},"description":"Abdelkerim Idriss Deby n\u2019est plus directeur de cabinet civil de la Pr\u00e9sidence, selon un d\u00e9cret n\u00b0 2058 du 9 juillet 2022 ...","breadcrumb":{"@id":"https:\/\/www.africa-press.net\/tchad\/politique\/abdelkerim-idriss-deby-nest-plus-directeur-de-cabinet-civil-de-la-presidence#breadcrumb"},"inLanguage":"fr-FR","potentialAction":[{"@type":"ReadAction","target":["https:\/\/www.africa-press.net\/tchad\/politique\/abdelkerim-idriss-deby-nest-plus-directeur-de-cabinet-civil-de-la-presidence"]}]},{"@type":"ImageObject","inLanguage":"fr-FR","@id":"https:\/\/www.africa-press.net\/tchad\/politique\/abdelkerim-idriss-deby-nest-plus-directeur-de-cabinet-civil-de-la-presidence#primaryimage","url":"https:\/\/static.africa-press.net\/tchad\/sites\/41\/2022\/07\/postQueueImg_11-62ca91808258b.jpg","contentUrl":"https:\/\/static.africa-press.net\/tchad\/sites\/41\/2022\/07\/postQueueImg_11-62ca91808258b.jpg","width":869,"height":506,"caption":"Abdelkerim Idriss Deby n'est plus directeur de cabinet civil de la Pr\u00e9sidence"},{"@type":"BreadcrumbList","@id":"https:\/\/www.africa-press.net\/tchad\/politique\/abdelkerim-idriss-deby-nest-plus-directeur-de-cabinet-civil-de-la-presidence#breadcrumb","itemListElement":[{"@type":"ListItem","position":1,"name":"Accueil","item":"https:\/\/www.africa-press.net\/tchad\/"},{"@type":"ListItem","position":2,"name":"Abdelkerim Idriss Deby n&#8217;est plus directeur de cabinet civil de la Pr\u00e9sidence"}]},{"@type":"WebSite","@id":"https:\/\/www.africa-press.net\/tchad\/#website","url":"https:\/\/www.africa-press.net\/tchad\/","name":"tchad","description":"Just another Africa News Agency Sites site","potentialAction":[{"@type":"SearchAction","target":{"@type":"EntryPoint","urlTemplate":"https:\/\/www.africa-press.net\/tchad\/?s={search_term_string}"},"query-input":{"@type":"PropertyValueSpecification","valueRequired":true,"valueName":"search_term_string"}}],"inLanguage":"fr-FR"},{"@type":"Person","@id":"https:\/\/www.africa-press.net\/tchad\/#\/schema\/person\/2b1cf3cd81a31e3cd26889ca66d677f1","name":"cfeditorfr"}]}},"_links":{"self":[{"href":"https:\/\/www.africa-press.net\/tchad\/wp-json\/wp\/v2\/posts\/28632","targetHints":{"allow":["GET"]}}],"collection":[{"href":"https:\/\/www.africa-press.net\/tchad\/wp-json\/wp\/v2\/posts"}],"about":[{"href":"https:\/\/www.africa-press.net\/tchad\/wp-json\/wp\/v2\/types\/post"}],"author":[{"embeddable":true,"href":"https:\/\/www.africa-press.net\/tchad\/wp-json\/wp\/v2\/users\/82"}],"replies":[{"embeddable":true,"href":"https:\/\/www.africa-press.net\/tchad\/wp-json\/wp\/v2\/comments?post=28632"}],"version-history":[{"count":0,"href":"https:\/\/www.africa-press.net\/tchad\/wp-json\/wp\/v2\/posts\/28632\/revisions"}],"wp:featuredmedia":[{"embeddable":true,"href":"https:\/\/www.africa-press.net\/tchad\/wp-json\/wp\/v2\/media\/28631"}],"wp:attachment":[{"href":"https:\/\/www.africa-press.net\/tchad\/wp-json\/wp\/v2\/media?parent=28632"}],"wp:term":[{"taxonomy":"category","embeddable":true,"href":"https:\/\/www.africa-press.net\/tchad\/wp-json\/wp\/v2\/categories?post=28632"},{"taxonomy":"post_tag","embeddable":true,"href":"https:\/\/www.africa-press.net\/tchad\/wp-json\/wp\/v2\/tags?post=28632"}],"curies":[{"name":"wp","href":"https:\/\/api.w.org\/{rel}","templated":true}]}}