{"id":28638,"date":"2022-07-10T08:10:30","date_gmt":"2022-07-10T08:10:30","guid":{"rendered":"https:\/\/www.africa-press.net\/tchad\/politique\/des-familles-vulnerables-recoivent-de-la-viande-pour-laid-a-abeche"},"modified":"2022-07-10T08:48:12","modified_gmt":"2022-07-10T08:48:12","slug":"des-familles-vulnerables-recoivent-de-la-viande-pour-laid-a-abeche","status":"publish","type":"post","link":"https:\/\/www.africa-press.net\/tchad\/toutes-les-actualites\/des-familles-vulnerables-recoivent-de-la-viande-pour-laid-a-abeche","title":{"rendered":"des familles vuln\u00e9rables re\u00e7oivent de la viande pour l&rsquo;A\u00efd \u00e0 Ab\u00e9ch\u00e9"},"content":{"rendered":"<p><span style=\"color: #ff6600\"><strong>Africa-Press &#8211; Tchad. <\/strong><\/span>\u00c0 l\u2019occasion de la f\u00eate de Tabaski, la d\u00e9l\u00e9gation provinciale de la femme du Ouadda\u00ef, en collaboration avec l&rsquo;association de bienfaisance Ayadil Ikhwa, a fait un don de viande aux vuln\u00e9rables de la province du Ouadda\u00ef.<\/p>\n<p>Au total, 40 b\u0153ufs ont \u00e9t\u00e9 abattus en ce premier jour de la f\u00eate.<\/p>\n<p>L\u00b4op\u00e9ration s&rsquo;est d\u00e9roul\u00e9e dans les locaux de la d\u00e9l\u00e9gation et au site des l\u00e9preux, en pr\u00e9sence de l&rsquo;inspecteur g\u00e9n\u00e9ral du minist\u00e8re de la Femme, de la Famille et de la Protection de l\u2019enfance, Mahamat Hissein et du d\u00e9l\u00e9gu\u00e9 de la femme du Ouadda\u00ef, Mahmoud Togou Ali.<\/p>\n<p><strong>Pour plus d&rsquo;informations et d&rsquo;analyses sur la <a href=\"https:\/\/www.africa-press.net\/tchad\">Tchad<\/a>, suivez <a href=\"https:\/\/www.africa-press.net\/\">Africa-Press<\/a><\/strong><\/p>\n","protected":false},"excerpt":{"rendered":"<p>Africa-Press &#8211; Tchad. \u00c0 l\u2019occasion de la f\u00eate de Tabaski, la d\u00e9l\u00e9gation provinciale de la femme du Ouadda\u00ef, en collaboration avec l&rsquo;association de bienfaisance Ayadil Ikhwa, a fait un don de viande aux vuln\u00e9rables de la province du Ouadda\u00ef. Au total, 40 b\u0153ufs ont \u00e9t\u00e9 abattus en ce premier jour de la f\u00eate. L\u00b4op\u00e9ration s&rsquo;est [&hellip;]<\/p>\n","protected":false},"author":82,"featured_media":28637,"comment_status":"open","ping_status":"closed","sticky":false,"template":"","format":"standard","meta":{"footnotes":""},"categories":[21,11,10],"tags":[37,292,29],"class_list":["post-28638","post","type-post","status-publish","format-standard","has-post-thumbnail","hentry","category-communaute","category-homepage-french","category-toutes-les-actualites","tag-africa-press","tag-africa-press-tchad","tag-tchad"],"yoast_head":"<!-- This site is optimized with the Yoast SEO Premium plugin v26.1 (Yoast SEO v27.0) - https:\/\/yoast.com\/product\/yoast-seo-premium-wordpress\/ -->\n<title>des familles vuln\u00e9rables re\u00e7oivent de la viande pour l&#039;A\u00efd \u00e0 Ab\u00e9ch\u00e9 - tchad<\/title>\n<meta name=\"description\" content=\"\u00c0 l\u2019occasion de la f\u00eate de Tabaski, la d\u00e9l\u00e9gation provinciale de la femme du Ouadda\u00ef, en collaboration avec l&#039;associatio ...\" \/>\n<meta name=\"robots\" content=\"index, follow, max-snippet:-1, max-image-preview:large, max-video-preview:-1\" \/>\n<link rel=\"canonical\" href=\"https:\/\/www.africa-press.net\/tchad\/toutes-les-actualites\/des-familles-vulnerables-recoivent-de-la-viande-pour-laid-a-abeche\" \/>\n<meta property=\"og:locale\" content=\"fr_FR\" \/>\n<meta property=\"og:type\" content=\"article\" \/>\n<meta property=\"og:title\" content=\"des familles vuln\u00e9rables re\u00e7oivent de la viande pour l&#039;A\u00efd \u00e0 Ab\u00e9ch\u00e9\" \/>\n<meta property=\"og:description\" content=\"\u00c0 l\u2019occasion de la f\u00eate de Tabaski, la d\u00e9l\u00e9gation provinciale de la femme du Ouadda\u00ef, en collaboration avec l&#039;associatio ...\" \/>\n<meta property=\"og:url\" content=\"https:\/\/www.africa-press.net\/tchad\/toutes-les-actualites\/des-familles-vulnerables-recoivent-de-la-viande-pour-laid-a-abeche\" \/>\n<meta property=\"og:site_name\" content=\"tchad\" \/>\n<meta property=\"article:published_time\" content=\"2022-07-10T08:10:30+00:00\" \/>\n<meta property=\"article:modified_time\" content=\"2022-07-10T08:48:12+00:00\" \/>\n<meta property=\"og:image\" content=\"https:\/\/static.africa-press.net\/tchad\/sites\/41\/2022\/07\/postQueueImg_17-62ca92353be0c.jpg\" \/>\n\t<meta property=\"og:image:width\" content=\"816\" \/>\n\t<meta property=\"og:image:height\" content=\"459\" \/>\n\t<meta property=\"og:image:type\" content=\"image\/jpeg\" \/>\n<meta name=\"author\" content=\"cfeditorfr\" \/>\n<meta name=\"twitter:card\" content=\"summary_large_image\" \/>\n<meta name=\"twitter:label1\" content=\"\u00c9crit par\" \/>\n\t<meta name=\"twitter:data1\" content=\"cfeditorfr\" \/>\n\t<meta name=\"twitter:label2\" content=\"Dur\u00e9e de lecture estim\u00e9e\" \/>\n\t<meta name=\"twitter:data2\" content=\"1 minute\" \/>\n<script type=\"application\/ld+json\" class=\"yoast-schema-graph\">{\"@context\":\"https:\/\/schema.org\",\"@graph\":[{\"@type\":\"Article\",\"@id\":\"https:\/\/www.africa-press.net\/tchad\/toutes-les-actualites\/des-familles-vulnerables-recoivent-de-la-viande-pour-laid-a-abeche#article\",\"isPartOf\":{\"@id\":\"https:\/\/www.africa-press.net\/tchad\/toutes-les-actualites\/des-familles-vulnerables-recoivent-de-la-viande-pour-laid-a-abeche\"},\"author\":{\"name\":\"cfeditorfr\",\"@id\":\"https:\/\/www.africa-press.net\/tchad\/#\/schema\/person\/2b1cf3cd81a31e3cd26889ca66d677f1\"},\"headline\":\"des familles vuln\u00e9rables re\u00e7oivent de la viande pour l&rsquo;A\u00efd \u00e0 Ab\u00e9ch\u00e9\",\"datePublished\":\"2022-07-10T08:10:30+00:00\",\"dateModified\":\"2022-07-10T08:48:12+00:00\",\"mainEntityOfPage\":{\"@id\":\"https:\/\/www.africa-press.net\/tchad\/toutes-les-actualites\/des-familles-vulnerables-recoivent-de-la-viande-pour-laid-a-abeche\"},\"wordCount\":148,\"commentCount\":0,\"image\":{\"@id\":\"https:\/\/www.africa-press.net\/tchad\/toutes-les-actualites\/des-familles-vulnerables-recoivent-de-la-viande-pour-laid-a-abeche#primaryimage\"},\"thumbnailUrl\":\"https:\/\/static.africa-press.net\/tchad\/sites\/41\/2022\/07\/postQueueImg_17-62ca92353be0c.jpg\",\"keywords\":[\"Africa Press\",\"Africa Press-Tchad\",\"Tchad\"],\"articleSection\":[\"Communaut\u00e9\",\"homepage-french\",\"Toutes les actualit\u00e9s\"],\"inLanguage\":\"fr-FR\",\"potentialAction\":[{\"@type\":\"CommentAction\",\"name\":\"Comment\",\"target\":[\"https:\/\/www.africa-press.net\/tchad\/toutes-les-actualites\/des-familles-vulnerables-recoivent-de-la-viande-pour-laid-a-abeche#respond\"]}]},{\"@type\":\"WebPage\",\"@id\":\"https:\/\/www.africa-press.net\/tchad\/toutes-les-actualites\/des-familles-vulnerables-recoivent-de-la-viande-pour-laid-a-abeche\",\"url\":\"https:\/\/www.africa-press.net\/tchad\/toutes-les-actualites\/des-familles-vulnerables-recoivent-de-la-viande-pour-laid-a-abeche\",\"name\":\"des familles vuln\u00e9rables re\u00e7oivent de la viande pour l'A\u00efd \u00e0 Ab\u00e9ch\u00e9 - tchad\",\"isPartOf\":{\"@id\":\"https:\/\/www.africa-press.net\/tchad\/#website\"},\"primaryImageOfPage\":{\"@id\":\"https:\/\/www.africa-press.net\/tchad\/toutes-les-actualites\/des-familles-vulnerables-recoivent-de-la-viande-pour-laid-a-abeche#primaryimage\"},\"image\":{\"@id\":\"https:\/\/www.africa-press.net\/tchad\/toutes-les-actualites\/des-familles-vulnerables-recoivent-de-la-viande-pour-laid-a-abeche#primaryimage\"},\"thumbnailUrl\":\"https:\/\/static.africa-press.net\/tchad\/sites\/41\/2022\/07\/postQueueImg_17-62ca92353be0c.jpg\",\"datePublished\":\"2022-07-10T08:10:30+00:00\",\"dateModified\":\"2022-07-10T08:48:12+00:00\",\"author\":{\"@id\":\"https:\/\/www.africa-press.net\/tchad\/#\/schema\/person\/2b1cf3cd81a31e3cd26889ca66d677f1\"},\"description\":\"\u00c0 l\u2019occasion de la f\u00eate de Tabaski, la d\u00e9l\u00e9gation provinciale de la femme du Ouadda\u00ef, en collaboration avec l'associatio ...\",\"breadcrumb\":{\"@id\":\"https:\/\/www.africa-press.net\/tchad\/toutes-les-actualites\/des-familles-vulnerables-recoivent-de-la-viande-pour-laid-a-abeche#breadcrumb\"},\"inLanguage\":\"fr-FR\",\"potentialAction\":[{\"@type\":\"ReadAction\",\"target\":[\"https:\/\/www.africa-press.net\/tchad\/toutes-les-actualites\/des-familles-vulnerables-recoivent-de-la-viande-pour-laid-a-abeche\"]}]},{\"@type\":\"ImageObject\",\"inLanguage\":\"fr-FR\",\"@id\":\"https:\/\/www.africa-press.net\/tchad\/toutes-les-actualites\/des-familles-vulnerables-recoivent-de-la-viande-pour-laid-a-abeche#primaryimage\",\"url\":\"https:\/\/static.africa-press.net\/tchad\/sites\/41\/2022\/07\/postQueueImg_17-62ca92353be0c.jpg\",\"contentUrl\":\"https:\/\/static.africa-press.net\/tchad\/sites\/41\/2022\/07\/postQueueImg_17-62ca92353be0c.jpg\",\"width\":816,\"height\":459,\"caption\":\"des familles vuln\u00e9rables re\u00e7oivent de la viande pour l'A\u00efd \u00e0 Ab\u00e9ch\u00e9\"},{\"@type\":\"BreadcrumbList\",\"@id\":\"https:\/\/www.africa-press.net\/tchad\/toutes-les-actualites\/des-familles-vulnerables-recoivent-de-la-viande-pour-laid-a-abeche#breadcrumb\",\"itemListElement\":[{\"@type\":\"ListItem\",\"position\":1,\"name\":\"Accueil\",\"item\":\"https:\/\/www.africa-press.net\/tchad\/\"},{\"@type\":\"ListItem\",\"position\":2,\"name\":\"des familles vuln\u00e9rables re\u00e7oivent de la viande pour l&#8217;A\u00efd \u00e0 Ab\u00e9ch\u00e9\"}]},{\"@type\":\"WebSite\",\"@id\":\"https:\/\/www.africa-press.net\/tchad\/#website\",\"url\":\"https:\/\/www.africa-press.net\/tchad\/\",\"name\":\"tchad\",\"description\":\"Just another Africa News Agency Sites site\",\"potentialAction\":[{\"@type\":\"SearchAction\",\"target\":{\"@type\":\"EntryPoint\",\"urlTemplate\":\"https:\/\/www.africa-press.net\/tchad\/?s={search_term_string}\"},\"query-input\":{\"@type\":\"PropertyValueSpecification\",\"valueRequired\":true,\"valueName\":\"search_term_string\"}}],\"inLanguage\":\"fr-FR\"},{\"@type\":\"Person\",\"@id\":\"https:\/\/www.africa-press.net\/tchad\/#\/schema\/person\/2b1cf3cd81a31e3cd26889ca66d677f1\",\"name\":\"cfeditorfr\"}]}<\/script>\n<!-- \/ Yoast SEO Premium plugin. -->","yoast_head_json":{"title":"des familles vuln\u00e9rables re\u00e7oivent de la viande pour l'A\u00efd \u00e0 Ab\u00e9ch\u00e9 - tchad","description":"\u00c0 l\u2019occasion de la f\u00eate de Tabaski, la d\u00e9l\u00e9gation provinciale de la femme du Ouadda\u00ef, en collaboration avec l'associatio ...","robots":{"index":"index","follow":"follow","max-snippet":"max-snippet:-1","max-image-preview":"max-image-preview:large","max-video-preview":"max-video-preview:-1"},"canonical":"https:\/\/www.africa-press.net\/tchad\/toutes-les-actualites\/des-familles-vulnerables-recoivent-de-la-viande-pour-laid-a-abeche","og_locale":"fr_FR","og_type":"article","og_title":"des familles vuln\u00e9rables re\u00e7oivent de la viande pour l'A\u00efd \u00e0 Ab\u00e9ch\u00e9","og_description":"\u00c0 l\u2019occasion de la f\u00eate de Tabaski, la d\u00e9l\u00e9gation provinciale de la femme du Ouadda\u00ef, en collaboration avec l'associatio ...","og_url":"https:\/\/www.africa-press.net\/tchad\/toutes-les-actualites\/des-familles-vulnerables-recoivent-de-la-viande-pour-laid-a-abeche","og_site_name":"tchad","article_published_time":"2022-07-10T08:10:30+00:00","article_modified_time":"2022-07-10T08:48:12+00:00","og_image":[{"width":816,"height":459,"url":"https:\/\/static.africa-press.net\/tchad\/sites\/41\/2022\/07\/postQueueImg_17-62ca92353be0c.jpg","type":"image\/jpeg"}],"author":"cfeditorfr","twitter_card":"summary_large_image","twitter_misc":{"\u00c9crit par":"cfeditorfr","Dur\u00e9e de lecture estim\u00e9e":"1 minute"},"schema":{"@context":"https:\/\/schema.org","@graph":[{"@type":"Article","@id":"https:\/\/www.africa-press.net\/tchad\/toutes-les-actualites\/des-familles-vulnerables-recoivent-de-la-viande-pour-laid-a-abeche#article","isPartOf":{"@id":"https:\/\/www.africa-press.net\/tchad\/toutes-les-actualites\/des-familles-vulnerables-recoivent-de-la-viande-pour-laid-a-abeche"},"author":{"name":"cfeditorfr","@id":"https:\/\/www.africa-press.net\/tchad\/#\/schema\/person\/2b1cf3cd81a31e3cd26889ca66d677f1"},"headline":"des familles vuln\u00e9rables re\u00e7oivent de la viande pour l&rsquo;A\u00efd \u00e0 Ab\u00e9ch\u00e9","datePublished":"2022-07-10T08:10:30+00:00","dateModified":"2022-07-10T08:48:12+00:00","mainEntityOfPage":{"@id":"https:\/\/www.africa-press.net\/tchad\/toutes-les-actualites\/des-familles-vulnerables-recoivent-de-la-viande-pour-laid-a-abeche"},"wordCount":148,"commentCount":0,"image":{"@id":"https:\/\/www.africa-press.net\/tchad\/toutes-les-actualites\/des-familles-vulnerables-recoivent-de-la-viande-pour-laid-a-abeche#primaryimage"},"thumbnailUrl":"https:\/\/static.africa-press.net\/tchad\/sites\/41\/2022\/07\/postQueueImg_17-62ca92353be0c.jpg","keywords":["Africa Press","Africa Press-Tchad","Tchad"],"articleSection":["Communaut\u00e9","homepage-french","Toutes les actualit\u00e9s"],"inLanguage":"fr-FR","potentialAction":[{"@type":"CommentAction","name":"Comment","target":["https:\/\/www.africa-press.net\/tchad\/toutes-les-actualites\/des-familles-vulnerables-recoivent-de-la-viande-pour-laid-a-abeche#respond"]}]},{"@type":"WebPage","@id":"https:\/\/www.africa-press.net\/tchad\/toutes-les-actualites\/des-familles-vulnerables-recoivent-de-la-viande-pour-laid-a-abeche","url":"https:\/\/www.africa-press.net\/tchad\/toutes-les-actualites\/des-familles-vulnerables-recoivent-de-la-viande-pour-laid-a-abeche","name":"des familles vuln\u00e9rables re\u00e7oivent de la viande pour l'A\u00efd \u00e0 Ab\u00e9ch\u00e9 - tchad","isPartOf":{"@id":"https:\/\/www.africa-press.net\/tchad\/#website"},"primaryImageOfPage":{"@id":"https:\/\/www.africa-press.net\/tchad\/toutes-les-actualites\/des-familles-vulnerables-recoivent-de-la-viande-pour-laid-a-abeche#primaryimage"},"image":{"@id":"https:\/\/www.africa-press.net\/tchad\/toutes-les-actualites\/des-familles-vulnerables-recoivent-de-la-viande-pour-laid-a-abeche#primaryimage"},"thumbnailUrl":"https:\/\/static.africa-press.net\/tchad\/sites\/41\/2022\/07\/postQueueImg_17-62ca92353be0c.jpg","datePublished":"2022-07-10T08:10:30+00:00","dateModified":"2022-07-10T08:48:12+00:00","author":{"@id":"https:\/\/www.africa-press.net\/tchad\/#\/schema\/person\/2b1cf3cd81a31e3cd26889ca66d677f1"},"description":"\u00c0 l\u2019occasion de la f\u00eate de Tabaski, la d\u00e9l\u00e9gation provinciale de la femme du Ouadda\u00ef, en collaboration avec l'associatio ...","breadcrumb":{"@id":"https:\/\/www.africa-press.net\/tchad\/toutes-les-actualites\/des-familles-vulnerables-recoivent-de-la-viande-pour-laid-a-abeche#breadcrumb"},"inLanguage":"fr-FR","potentialAction":[{"@type":"ReadAction","target":["https:\/\/www.africa-press.net\/tchad\/toutes-les-actualites\/des-familles-vulnerables-recoivent-de-la-viande-pour-laid-a-abeche"]}]},{"@type":"ImageObject","inLanguage":"fr-FR","@id":"https:\/\/www.africa-press.net\/tchad\/toutes-les-actualites\/des-familles-vulnerables-recoivent-de-la-viande-pour-laid-a-abeche#primaryimage","url":"https:\/\/static.africa-press.net\/tchad\/sites\/41\/2022\/07\/postQueueImg_17-62ca92353be0c.jpg","contentUrl":"https:\/\/static.africa-press.net\/tchad\/sites\/41\/2022\/07\/postQueueImg_17-62ca92353be0c.jpg","width":816,"height":459,"caption":"des familles vuln\u00e9rables re\u00e7oivent de la viande pour l'A\u00efd \u00e0 Ab\u00e9ch\u00e9"},{"@type":"BreadcrumbList","@id":"https:\/\/www.africa-press.net\/tchad\/toutes-les-actualites\/des-familles-vulnerables-recoivent-de-la-viande-pour-laid-a-abeche#breadcrumb","itemListElement":[{"@type":"ListItem","position":1,"name":"Accueil","item":"https:\/\/www.africa-press.net\/tchad\/"},{"@type":"ListItem","position":2,"name":"des familles vuln\u00e9rables re\u00e7oivent de la viande pour l&#8217;A\u00efd \u00e0 Ab\u00e9ch\u00e9"}]},{"@type":"WebSite","@id":"https:\/\/www.africa-press.net\/tchad\/#website","url":"https:\/\/www.africa-press.net\/tchad\/","name":"tchad","description":"Just another Africa News Agency Sites site","potentialAction":[{"@type":"SearchAction","target":{"@type":"EntryPoint","urlTemplate":"https:\/\/www.africa-press.net\/tchad\/?s={search_term_string}"},"query-input":{"@type":"PropertyValueSpecification","valueRequired":true,"valueName":"search_term_string"}}],"inLanguage":"fr-FR"},{"@type":"Person","@id":"https:\/\/www.africa-press.net\/tchad\/#\/schema\/person\/2b1cf3cd81a31e3cd26889ca66d677f1","name":"cfeditorfr"}]}},"_links":{"self":[{"href":"https:\/\/www.africa-press.net\/tchad\/wp-json\/wp\/v2\/posts\/28638","targetHints":{"allow":["GET"]}}],"collection":[{"href":"https:\/\/www.africa-press.net\/tchad\/wp-json\/wp\/v2\/posts"}],"about":[{"href":"https:\/\/www.africa-press.net\/tchad\/wp-json\/wp\/v2\/types\/post"}],"author":[{"embeddable":true,"href":"https:\/\/www.africa-press.net\/tchad\/wp-json\/wp\/v2\/users\/82"}],"replies":[{"embeddable":true,"href":"https:\/\/www.africa-press.net\/tchad\/wp-json\/wp\/v2\/comments?post=28638"}],"version-history":[{"count":0,"href":"https:\/\/www.africa-press.net\/tchad\/wp-json\/wp\/v2\/posts\/28638\/revisions"}],"wp:featuredmedia":[{"embeddable":true,"href":"https:\/\/www.africa-press.net\/tchad\/wp-json\/wp\/v2\/media\/28637"}],"wp:attachment":[{"href":"https:\/\/www.africa-press.net\/tchad\/wp-json\/wp\/v2\/media?parent=28638"}],"wp:term":[{"taxonomy":"category","embeddable":true,"href":"https:\/\/www.africa-press.net\/tchad\/wp-json\/wp\/v2\/categories?post=28638"},{"taxonomy":"post_tag","embeddable":true,"href":"https:\/\/www.africa-press.net\/tchad\/wp-json\/wp\/v2\/tags?post=28638"}],"curies":[{"name":"wp","href":"https:\/\/api.w.org\/{rel}","templated":true}]}}