{"id":28650,"date":"2022-07-10T15:56:22","date_gmt":"2022-07-10T15:56:22","guid":{"rendered":"https:\/\/www.africa-press.net\/tchad\/politique\/deux-ministres-quittent-le-gouvernement-de-transition"},"modified":"2022-07-10T16:15:20","modified_gmt":"2022-07-10T16:15:20","slug":"deux-ministres-quittent-le-gouvernement-de-transition","status":"publish","type":"post","link":"https:\/\/www.africa-press.net\/tchad\/politique\/deux-ministres-quittent-le-gouvernement-de-transition","title":{"rendered":"deux ministres quittent le gouvernement de transition"},"content":{"rendered":"<p><span style=\"color: #ff6600\"><strong>Africa-Press &#8211; Tchad. <\/strong><\/span>Ce samedi 9 juillet, le gouvernement de transition a \u00e9t\u00e9 remani\u00e9. Il y a deux d\u00e9parts. Mme Kamoungu\u00e9 n\u00e9e Dene-Assoum ministre du D\u00e9veloppement agricole c\u00e8de sa place \u00e0 Oumar Ibn Daoud, ancien secr\u00e9taire d\u2019\u00c9tat aux Affaires \u00e9trang\u00e8res.<\/p>\n<p>Mahamat Hamid Koua, ministre de l\u2019\u00c9conomie, de la Planification du d\u00e9veloppement et de la Coop\u00e9ration internationale, laisse sa place \u00e0 Moussa Batraki, qui \u00e9tait auparavant ministre des Affaires Fonci\u00e8res, de l\u2019Habitat et de l\u2019Urbanisme.<\/p>\n<p><strong>Pour plus d&rsquo;informations et d&rsquo;analyses sur la <a href=\"https:\/\/www.africa-press.net\/tchad\">Tchad<\/a>, suivez <a href=\"https:\/\/www.africa-press.net\/\">Africa-Press<\/a><\/strong><\/p>\n","protected":false},"excerpt":{"rendered":"<p>Africa-Press &#8211; Tchad. Ce samedi 9 juillet, le gouvernement de transition a \u00e9t\u00e9 remani\u00e9. Il y a deux d\u00e9parts. Mme Kamoungu\u00e9 n\u00e9e Dene-Assoum ministre du D\u00e9veloppement agricole c\u00e8de sa place \u00e0 Oumar Ibn Daoud, ancien secr\u00e9taire d\u2019\u00c9tat aux Affaires \u00e9trang\u00e8res. Mahamat Hamid Koua, ministre de l\u2019\u00c9conomie, de la Planification du d\u00e9veloppement et de la Coop\u00e9ration [&hellip;]<\/p>\n","protected":false},"author":82,"featured_media":28649,"comment_status":"open","ping_status":"closed","sticky":false,"template":"","format":"standard","meta":{"footnotes":""},"categories":[11,2,10],"tags":[37,292,29],"class_list":["post-28650","post","type-post","status-publish","format-standard","has-post-thumbnail","hentry","category-homepage-french","category-politique","category-toutes-les-actualites","tag-africa-press","tag-africa-press-tchad","tag-tchad"],"yoast_head":"<!-- This site is optimized with the Yoast SEO Premium plugin v26.1 (Yoast SEO v27.0) - https:\/\/yoast.com\/product\/yoast-seo-premium-wordpress\/ -->\n<title>deux ministres quittent le gouvernement de transition - tchad<\/title>\n<meta name=\"description\" content=\"Ce samedi 9 juillet, le gouvernement de transition a \u00e9t\u00e9 remani\u00e9. Il y a deux d\u00e9parts. Mme Kamoungu\u00e9 n\u00e9e Dene-Assoum min ...\" \/>\n<meta name=\"robots\" content=\"index, follow, max-snippet:-1, max-image-preview:large, max-video-preview:-1\" \/>\n<link rel=\"canonical\" href=\"https:\/\/www.africa-press.net\/tchad\/politique\/deux-ministres-quittent-le-gouvernement-de-transition\" \/>\n<meta property=\"og:locale\" content=\"fr_FR\" \/>\n<meta property=\"og:type\" content=\"article\" \/>\n<meta property=\"og:title\" content=\"deux ministres quittent le gouvernement de transition\" \/>\n<meta property=\"og:description\" content=\"Ce samedi 9 juillet, le gouvernement de transition a \u00e9t\u00e9 remani\u00e9. Il y a deux d\u00e9parts. Mme Kamoungu\u00e9 n\u00e9e Dene-Assoum min ...\" \/>\n<meta property=\"og:url\" content=\"https:\/\/www.africa-press.net\/tchad\/politique\/deux-ministres-quittent-le-gouvernement-de-transition\" \/>\n<meta property=\"og:site_name\" content=\"tchad\" \/>\n<meta property=\"article:published_time\" content=\"2022-07-10T15:56:22+00:00\" \/>\n<meta property=\"article:modified_time\" content=\"2022-07-10T16:15:20+00:00\" \/>\n<meta property=\"og:image\" content=\"https:\/\/static.africa-press.net\/tchad\/sites\/41\/2022\/07\/postQueueImg_4-62cafb05c62c1.jpg\" \/>\n\t<meta property=\"og:image:width\" content=\"1280\" \/>\n\t<meta property=\"og:image:height\" content=\"720\" \/>\n\t<meta property=\"og:image:type\" content=\"image\/jpeg\" \/>\n<meta name=\"author\" content=\"cfeditorfr\" \/>\n<meta name=\"twitter:card\" content=\"summary_large_image\" \/>\n<meta name=\"twitter:label1\" content=\"\u00c9crit par\" \/>\n\t<meta name=\"twitter:data1\" content=\"cfeditorfr\" \/>\n<script type=\"application\/ld+json\" class=\"yoast-schema-graph\">{\"@context\":\"https:\/\/schema.org\",\"@graph\":[{\"@type\":\"Article\",\"@id\":\"https:\/\/www.africa-press.net\/tchad\/politique\/deux-ministres-quittent-le-gouvernement-de-transition#article\",\"isPartOf\":{\"@id\":\"https:\/\/www.africa-press.net\/tchad\/politique\/deux-ministres-quittent-le-gouvernement-de-transition\"},\"author\":{\"name\":\"cfeditorfr\",\"@id\":\"https:\/\/www.africa-press.net\/tchad\/#\/schema\/person\/2b1cf3cd81a31e3cd26889ca66d677f1\"},\"headline\":\"deux ministres quittent le gouvernement de transition\",\"datePublished\":\"2022-07-10T15:56:22+00:00\",\"dateModified\":\"2022-07-10T16:15:20+00:00\",\"mainEntityOfPage\":{\"@id\":\"https:\/\/www.africa-press.net\/tchad\/politique\/deux-ministres-quittent-le-gouvernement-de-transition\"},\"wordCount\":103,\"commentCount\":0,\"image\":{\"@id\":\"https:\/\/www.africa-press.net\/tchad\/politique\/deux-ministres-quittent-le-gouvernement-de-transition#primaryimage\"},\"thumbnailUrl\":\"https:\/\/static.africa-press.net\/tchad\/sites\/41\/2022\/07\/postQueueImg_4-62cafb05c62c1.jpg\",\"keywords\":[\"Africa Press\",\"Africa Press-Tchad\",\"Tchad\"],\"articleSection\":[\"homepage-french\",\"Politique\",\"Toutes les actualit\u00e9s\"],\"inLanguage\":\"fr-FR\",\"potentialAction\":[{\"@type\":\"CommentAction\",\"name\":\"Comment\",\"target\":[\"https:\/\/www.africa-press.net\/tchad\/politique\/deux-ministres-quittent-le-gouvernement-de-transition#respond\"]}]},{\"@type\":\"WebPage\",\"@id\":\"https:\/\/www.africa-press.net\/tchad\/politique\/deux-ministres-quittent-le-gouvernement-de-transition\",\"url\":\"https:\/\/www.africa-press.net\/tchad\/politique\/deux-ministres-quittent-le-gouvernement-de-transition\",\"name\":\"deux ministres quittent le gouvernement de transition - tchad\",\"isPartOf\":{\"@id\":\"https:\/\/www.africa-press.net\/tchad\/#website\"},\"primaryImageOfPage\":{\"@id\":\"https:\/\/www.africa-press.net\/tchad\/politique\/deux-ministres-quittent-le-gouvernement-de-transition#primaryimage\"},\"image\":{\"@id\":\"https:\/\/www.africa-press.net\/tchad\/politique\/deux-ministres-quittent-le-gouvernement-de-transition#primaryimage\"},\"thumbnailUrl\":\"https:\/\/static.africa-press.net\/tchad\/sites\/41\/2022\/07\/postQueueImg_4-62cafb05c62c1.jpg\",\"datePublished\":\"2022-07-10T15:56:22+00:00\",\"dateModified\":\"2022-07-10T16:15:20+00:00\",\"author\":{\"@id\":\"https:\/\/www.africa-press.net\/tchad\/#\/schema\/person\/2b1cf3cd81a31e3cd26889ca66d677f1\"},\"description\":\"Ce samedi 9 juillet, le gouvernement de transition a \u00e9t\u00e9 remani\u00e9. Il y a deux d\u00e9parts. Mme Kamoungu\u00e9 n\u00e9e Dene-Assoum min ...\",\"breadcrumb\":{\"@id\":\"https:\/\/www.africa-press.net\/tchad\/politique\/deux-ministres-quittent-le-gouvernement-de-transition#breadcrumb\"},\"inLanguage\":\"fr-FR\",\"potentialAction\":[{\"@type\":\"ReadAction\",\"target\":[\"https:\/\/www.africa-press.net\/tchad\/politique\/deux-ministres-quittent-le-gouvernement-de-transition\"]}]},{\"@type\":\"ImageObject\",\"inLanguage\":\"fr-FR\",\"@id\":\"https:\/\/www.africa-press.net\/tchad\/politique\/deux-ministres-quittent-le-gouvernement-de-transition#primaryimage\",\"url\":\"https:\/\/static.africa-press.net\/tchad\/sites\/41\/2022\/07\/postQueueImg_4-62cafb05c62c1.jpg\",\"contentUrl\":\"https:\/\/static.africa-press.net\/tchad\/sites\/41\/2022\/07\/postQueueImg_4-62cafb05c62c1.jpg\",\"width\":1280,\"height\":720,\"caption\":\"deux ministres quittent le gouvernement de transition\"},{\"@type\":\"BreadcrumbList\",\"@id\":\"https:\/\/www.africa-press.net\/tchad\/politique\/deux-ministres-quittent-le-gouvernement-de-transition#breadcrumb\",\"itemListElement\":[{\"@type\":\"ListItem\",\"position\":1,\"name\":\"Accueil\",\"item\":\"https:\/\/www.africa-press.net\/tchad\/\"},{\"@type\":\"ListItem\",\"position\":2,\"name\":\"deux ministres quittent le gouvernement de transition\"}]},{\"@type\":\"WebSite\",\"@id\":\"https:\/\/www.africa-press.net\/tchad\/#website\",\"url\":\"https:\/\/www.africa-press.net\/tchad\/\",\"name\":\"tchad\",\"description\":\"Just another Africa News Agency Sites site\",\"potentialAction\":[{\"@type\":\"SearchAction\",\"target\":{\"@type\":\"EntryPoint\",\"urlTemplate\":\"https:\/\/www.africa-press.net\/tchad\/?s={search_term_string}\"},\"query-input\":{\"@type\":\"PropertyValueSpecification\",\"valueRequired\":true,\"valueName\":\"search_term_string\"}}],\"inLanguage\":\"fr-FR\"},{\"@type\":\"Person\",\"@id\":\"https:\/\/www.africa-press.net\/tchad\/#\/schema\/person\/2b1cf3cd81a31e3cd26889ca66d677f1\",\"name\":\"cfeditorfr\"}]}<\/script>\n<!-- \/ Yoast SEO Premium plugin. -->","yoast_head_json":{"title":"deux ministres quittent le gouvernement de transition - tchad","description":"Ce samedi 9 juillet, le gouvernement de transition a \u00e9t\u00e9 remani\u00e9. Il y a deux d\u00e9parts. Mme Kamoungu\u00e9 n\u00e9e Dene-Assoum min ...","robots":{"index":"index","follow":"follow","max-snippet":"max-snippet:-1","max-image-preview":"max-image-preview:large","max-video-preview":"max-video-preview:-1"},"canonical":"https:\/\/www.africa-press.net\/tchad\/politique\/deux-ministres-quittent-le-gouvernement-de-transition","og_locale":"fr_FR","og_type":"article","og_title":"deux ministres quittent le gouvernement de transition","og_description":"Ce samedi 9 juillet, le gouvernement de transition a \u00e9t\u00e9 remani\u00e9. Il y a deux d\u00e9parts. Mme Kamoungu\u00e9 n\u00e9e Dene-Assoum min ...","og_url":"https:\/\/www.africa-press.net\/tchad\/politique\/deux-ministres-quittent-le-gouvernement-de-transition","og_site_name":"tchad","article_published_time":"2022-07-10T15:56:22+00:00","article_modified_time":"2022-07-10T16:15:20+00:00","og_image":[{"width":1280,"height":720,"url":"https:\/\/static.africa-press.net\/tchad\/sites\/41\/2022\/07\/postQueueImg_4-62cafb05c62c1.jpg","type":"image\/jpeg"}],"author":"cfeditorfr","twitter_card":"summary_large_image","twitter_misc":{"\u00c9crit par":"cfeditorfr"},"schema":{"@context":"https:\/\/schema.org","@graph":[{"@type":"Article","@id":"https:\/\/www.africa-press.net\/tchad\/politique\/deux-ministres-quittent-le-gouvernement-de-transition#article","isPartOf":{"@id":"https:\/\/www.africa-press.net\/tchad\/politique\/deux-ministres-quittent-le-gouvernement-de-transition"},"author":{"name":"cfeditorfr","@id":"https:\/\/www.africa-press.net\/tchad\/#\/schema\/person\/2b1cf3cd81a31e3cd26889ca66d677f1"},"headline":"deux ministres quittent le gouvernement de transition","datePublished":"2022-07-10T15:56:22+00:00","dateModified":"2022-07-10T16:15:20+00:00","mainEntityOfPage":{"@id":"https:\/\/www.africa-press.net\/tchad\/politique\/deux-ministres-quittent-le-gouvernement-de-transition"},"wordCount":103,"commentCount":0,"image":{"@id":"https:\/\/www.africa-press.net\/tchad\/politique\/deux-ministres-quittent-le-gouvernement-de-transition#primaryimage"},"thumbnailUrl":"https:\/\/static.africa-press.net\/tchad\/sites\/41\/2022\/07\/postQueueImg_4-62cafb05c62c1.jpg","keywords":["Africa Press","Africa Press-Tchad","Tchad"],"articleSection":["homepage-french","Politique","Toutes les actualit\u00e9s"],"inLanguage":"fr-FR","potentialAction":[{"@type":"CommentAction","name":"Comment","target":["https:\/\/www.africa-press.net\/tchad\/politique\/deux-ministres-quittent-le-gouvernement-de-transition#respond"]}]},{"@type":"WebPage","@id":"https:\/\/www.africa-press.net\/tchad\/politique\/deux-ministres-quittent-le-gouvernement-de-transition","url":"https:\/\/www.africa-press.net\/tchad\/politique\/deux-ministres-quittent-le-gouvernement-de-transition","name":"deux ministres quittent le gouvernement de transition - tchad","isPartOf":{"@id":"https:\/\/www.africa-press.net\/tchad\/#website"},"primaryImageOfPage":{"@id":"https:\/\/www.africa-press.net\/tchad\/politique\/deux-ministres-quittent-le-gouvernement-de-transition#primaryimage"},"image":{"@id":"https:\/\/www.africa-press.net\/tchad\/politique\/deux-ministres-quittent-le-gouvernement-de-transition#primaryimage"},"thumbnailUrl":"https:\/\/static.africa-press.net\/tchad\/sites\/41\/2022\/07\/postQueueImg_4-62cafb05c62c1.jpg","datePublished":"2022-07-10T15:56:22+00:00","dateModified":"2022-07-10T16:15:20+00:00","author":{"@id":"https:\/\/www.africa-press.net\/tchad\/#\/schema\/person\/2b1cf3cd81a31e3cd26889ca66d677f1"},"description":"Ce samedi 9 juillet, le gouvernement de transition a \u00e9t\u00e9 remani\u00e9. Il y a deux d\u00e9parts. Mme Kamoungu\u00e9 n\u00e9e Dene-Assoum min ...","breadcrumb":{"@id":"https:\/\/www.africa-press.net\/tchad\/politique\/deux-ministres-quittent-le-gouvernement-de-transition#breadcrumb"},"inLanguage":"fr-FR","potentialAction":[{"@type":"ReadAction","target":["https:\/\/www.africa-press.net\/tchad\/politique\/deux-ministres-quittent-le-gouvernement-de-transition"]}]},{"@type":"ImageObject","inLanguage":"fr-FR","@id":"https:\/\/www.africa-press.net\/tchad\/politique\/deux-ministres-quittent-le-gouvernement-de-transition#primaryimage","url":"https:\/\/static.africa-press.net\/tchad\/sites\/41\/2022\/07\/postQueueImg_4-62cafb05c62c1.jpg","contentUrl":"https:\/\/static.africa-press.net\/tchad\/sites\/41\/2022\/07\/postQueueImg_4-62cafb05c62c1.jpg","width":1280,"height":720,"caption":"deux ministres quittent le gouvernement de transition"},{"@type":"BreadcrumbList","@id":"https:\/\/www.africa-press.net\/tchad\/politique\/deux-ministres-quittent-le-gouvernement-de-transition#breadcrumb","itemListElement":[{"@type":"ListItem","position":1,"name":"Accueil","item":"https:\/\/www.africa-press.net\/tchad\/"},{"@type":"ListItem","position":2,"name":"deux ministres quittent le gouvernement de transition"}]},{"@type":"WebSite","@id":"https:\/\/www.africa-press.net\/tchad\/#website","url":"https:\/\/www.africa-press.net\/tchad\/","name":"tchad","description":"Just another Africa News Agency Sites site","potentialAction":[{"@type":"SearchAction","target":{"@type":"EntryPoint","urlTemplate":"https:\/\/www.africa-press.net\/tchad\/?s={search_term_string}"},"query-input":{"@type":"PropertyValueSpecification","valueRequired":true,"valueName":"search_term_string"}}],"inLanguage":"fr-FR"},{"@type":"Person","@id":"https:\/\/www.africa-press.net\/tchad\/#\/schema\/person\/2b1cf3cd81a31e3cd26889ca66d677f1","name":"cfeditorfr"}]}},"_links":{"self":[{"href":"https:\/\/www.africa-press.net\/tchad\/wp-json\/wp\/v2\/posts\/28650","targetHints":{"allow":["GET"]}}],"collection":[{"href":"https:\/\/www.africa-press.net\/tchad\/wp-json\/wp\/v2\/posts"}],"about":[{"href":"https:\/\/www.africa-press.net\/tchad\/wp-json\/wp\/v2\/types\/post"}],"author":[{"embeddable":true,"href":"https:\/\/www.africa-press.net\/tchad\/wp-json\/wp\/v2\/users\/82"}],"replies":[{"embeddable":true,"href":"https:\/\/www.africa-press.net\/tchad\/wp-json\/wp\/v2\/comments?post=28650"}],"version-history":[{"count":0,"href":"https:\/\/www.africa-press.net\/tchad\/wp-json\/wp\/v2\/posts\/28650\/revisions"}],"wp:featuredmedia":[{"embeddable":true,"href":"https:\/\/www.africa-press.net\/tchad\/wp-json\/wp\/v2\/media\/28649"}],"wp:attachment":[{"href":"https:\/\/www.africa-press.net\/tchad\/wp-json\/wp\/v2\/media?parent=28650"}],"wp:term":[{"taxonomy":"category","embeddable":true,"href":"https:\/\/www.africa-press.net\/tchad\/wp-json\/wp\/v2\/categories?post=28650"},{"taxonomy":"post_tag","embeddable":true,"href":"https:\/\/www.africa-press.net\/tchad\/wp-json\/wp\/v2\/tags?post=28650"}],"curies":[{"name":"wp","href":"https:\/\/api.w.org\/{rel}","templated":true}]}}