{"id":28656,"date":"2022-07-10T15:51:51","date_gmt":"2022-07-10T15:51:51","guid":{"rendered":"https:\/\/www.africa-press.net\/tchad\/politique\/la-ministre-des-transports-touche-du-doigt-les-realites-en-effectuant-un-voyage-dimpregnation-par-bus"},"modified":"2022-07-10T16:16:09","modified_gmt":"2022-07-10T16:16:09","slug":"la-ministre-des-transports-touche-du-doigt-les-realites-en-effectuant-un-voyage-dimpregnation-par-bus","status":"publish","type":"post","link":"https:\/\/www.africa-press.net\/tchad\/politique\/la-ministre-des-transports-touche-du-doigt-les-realites-en-effectuant-un-voyage-dimpregnation-par-bus","title":{"rendered":"La ministre des Transports touche du doigt les r\u00e9alit\u00e9s en effectuant un voyage d\u2019impr\u00e9gnation par bus"},"content":{"rendered":"<p><span style=\"color: #ff6600\"><strong>Africa-Press &#8211; Tchad. <\/strong><\/span>D\u00e8s 07 heures, la ministre des Transports, Fatim\u00e9 Goukouni Weddeye, ach\u00e8te sont ticket \u00e0 la gare de voyage d\u2019Ab\u00e9ch\u00e9 pour prendre la route. Un voyage qui s\u2019inscrit dans le cadre d\u2019un programme qui permettra \u00e0 la cheffe de d\u00e9partement des Transports et de la S\u00e9curit\u00e9 routi\u00e8re de vivre les r\u00e9alit\u00e9s des usagers de la route lorsqu\u2019ils effectuent des d\u00e9placements sur de grandes distances.<\/p>\n<p>Au cours du trajet, plusieurs arr\u00eats ont \u00e9t\u00e9 effectu\u00e9s afin de permettre \u00e0 la ministre de constater la d\u00e9gradation des routes. L\u2019issue de cette mission est de permettre \u00e0 Fatim\u00e9 Goukouni Weddeye de prendre des dispositions n\u00e9cessaires pour la redynamisation du secteur des transports interurbains au Tchad mais aussi de vivre elle-m\u00eame les r\u00e9alit\u00e9s des usagers de la route en d\u00e9placement sur les grandes distances. Le premier test a concern\u00e9 le trajet N\u2019Djamena-Bokoro, long de plus de 300 kilom\u00e8tres.<a name=\"tchad-299957431\"><\/a><a href=\"https:\/\/www.ecobank.com\/td\/personal-banking\/countries\"><br \/>\n<\/a><\/p>\n<p><strong>Pour plus d&rsquo;informations et d&rsquo;analyses sur la <a href=\"https:\/\/www.africa-press.net\/tchad\">Tchad<\/a>, suivez <a href=\"https:\/\/www.africa-press.net\/\">Africa-Press<\/a><\/strong><\/p>\n","protected":false},"excerpt":{"rendered":"<p>Africa-Press &#8211; Tchad. D\u00e8s 07 heures, la ministre des Transports, Fatim\u00e9 Goukouni Weddeye, ach\u00e8te sont ticket \u00e0 la gare de voyage d\u2019Ab\u00e9ch\u00e9 pour prendre la route. Un voyage qui s\u2019inscrit dans le cadre d\u2019un programme qui permettra \u00e0 la cheffe de d\u00e9partement des Transports et de la S\u00e9curit\u00e9 routi\u00e8re de vivre les r\u00e9alit\u00e9s des usagers [&hellip;]<\/p>\n","protected":false},"author":82,"featured_media":28655,"comment_status":"open","ping_status":"closed","sticky":false,"template":"","format":"standard","meta":{"footnotes":""},"categories":[11,2,10],"tags":[37,292,29],"class_list":["post-28656","post","type-post","status-publish","format-standard","has-post-thumbnail","hentry","category-homepage-french","category-politique","category-toutes-les-actualites","tag-africa-press","tag-africa-press-tchad","tag-tchad"],"yoast_head":"<!-- This site is optimized with the Yoast SEO Premium plugin v26.1 (Yoast SEO v27.0) - https:\/\/yoast.com\/product\/yoast-seo-premium-wordpress\/ -->\n<title>La ministre des Transports touche du doigt les r\u00e9alit\u00e9s en effectuant un voyage d\u2019impr\u00e9gnation par bus - tchad<\/title>\n<meta name=\"description\" content=\"D\u00e8s 07 heures, la ministre des Transports, Fatim\u00e9 Goukouni Weddeye, ach\u00e8te sont ticket \u00e0 la gare de voyage d\u2019Ab\u00e9ch\u00e9 pour ...\" \/>\n<meta name=\"robots\" content=\"index, follow, max-snippet:-1, max-image-preview:large, max-video-preview:-1\" \/>\n<link rel=\"canonical\" href=\"https:\/\/www.africa-press.net\/tchad\/politique\/la-ministre-des-transports-touche-du-doigt-les-realites-en-effectuant-un-voyage-dimpregnation-par-bus\" \/>\n<meta property=\"og:locale\" content=\"fr_FR\" \/>\n<meta property=\"og:type\" content=\"article\" \/>\n<meta property=\"og:title\" content=\"La ministre des Transports touche du doigt les r\u00e9alit\u00e9s en effectuant un voyage d\u2019impr\u00e9gnation par bus\" \/>\n<meta property=\"og:description\" content=\"D\u00e8s 07 heures, la ministre des Transports, Fatim\u00e9 Goukouni Weddeye, ach\u00e8te sont ticket \u00e0 la gare de voyage d\u2019Ab\u00e9ch\u00e9 pour ...\" \/>\n<meta property=\"og:url\" content=\"https:\/\/www.africa-press.net\/tchad\/politique\/la-ministre-des-transports-touche-du-doigt-les-realites-en-effectuant-un-voyage-dimpregnation-par-bus\" \/>\n<meta property=\"og:site_name\" content=\"tchad\" \/>\n<meta property=\"article:published_time\" content=\"2022-07-10T15:51:51+00:00\" \/>\n<meta property=\"article:modified_time\" content=\"2022-07-10T16:16:09+00:00\" \/>\n<meta property=\"og:image\" content=\"https:\/\/static.africa-press.net\/tchad\/sites\/41\/2022\/07\/postQueueImg_6-62cafb3797cc0.jpg\" \/>\n\t<meta property=\"og:image:width\" content=\"696\" \/>\n\t<meta property=\"og:image:height\" content=\"464\" \/>\n\t<meta property=\"og:image:type\" content=\"image\/jpeg\" \/>\n<meta name=\"author\" content=\"cfeditorfr\" \/>\n<meta name=\"twitter:card\" content=\"summary_large_image\" \/>\n<meta name=\"twitter:label1\" content=\"\u00c9crit par\" \/>\n\t<meta name=\"twitter:data1\" content=\"cfeditorfr\" \/>\n\t<meta name=\"twitter:label2\" content=\"Dur\u00e9e de lecture estim\u00e9e\" \/>\n\t<meta name=\"twitter:data2\" content=\"1 minute\" \/>\n<script type=\"application\/ld+json\" class=\"yoast-schema-graph\">{\"@context\":\"https:\/\/schema.org\",\"@graph\":[{\"@type\":\"Article\",\"@id\":\"https:\/\/www.africa-press.net\/tchad\/politique\/la-ministre-des-transports-touche-du-doigt-les-realites-en-effectuant-un-voyage-dimpregnation-par-bus#article\",\"isPartOf\":{\"@id\":\"https:\/\/www.africa-press.net\/tchad\/politique\/la-ministre-des-transports-touche-du-doigt-les-realites-en-effectuant-un-voyage-dimpregnation-par-bus\"},\"author\":{\"name\":\"cfeditorfr\",\"@id\":\"https:\/\/www.africa-press.net\/tchad\/#\/schema\/person\/2b1cf3cd81a31e3cd26889ca66d677f1\"},\"headline\":\"La ministre des Transports touche du doigt les r\u00e9alit\u00e9s en effectuant un voyage d\u2019impr\u00e9gnation par bus\",\"datePublished\":\"2022-07-10T15:51:51+00:00\",\"dateModified\":\"2022-07-10T16:16:09+00:00\",\"mainEntityOfPage\":{\"@id\":\"https:\/\/www.africa-press.net\/tchad\/politique\/la-ministre-des-transports-touche-du-doigt-les-realites-en-effectuant-un-voyage-dimpregnation-par-bus\"},\"wordCount\":195,\"commentCount\":0,\"image\":{\"@id\":\"https:\/\/www.africa-press.net\/tchad\/politique\/la-ministre-des-transports-touche-du-doigt-les-realites-en-effectuant-un-voyage-dimpregnation-par-bus#primaryimage\"},\"thumbnailUrl\":\"https:\/\/static.africa-press.net\/tchad\/sites\/41\/2022\/07\/postQueueImg_6-62cafb3797cc0.jpg\",\"keywords\":[\"Africa Press\",\"Africa Press-Tchad\",\"Tchad\"],\"articleSection\":[\"homepage-french\",\"Politique\",\"Toutes les actualit\u00e9s\"],\"inLanguage\":\"fr-FR\",\"potentialAction\":[{\"@type\":\"CommentAction\",\"name\":\"Comment\",\"target\":[\"https:\/\/www.africa-press.net\/tchad\/politique\/la-ministre-des-transports-touche-du-doigt-les-realites-en-effectuant-un-voyage-dimpregnation-par-bus#respond\"]}]},{\"@type\":\"WebPage\",\"@id\":\"https:\/\/www.africa-press.net\/tchad\/politique\/la-ministre-des-transports-touche-du-doigt-les-realites-en-effectuant-un-voyage-dimpregnation-par-bus\",\"url\":\"https:\/\/www.africa-press.net\/tchad\/politique\/la-ministre-des-transports-touche-du-doigt-les-realites-en-effectuant-un-voyage-dimpregnation-par-bus\",\"name\":\"La ministre des Transports touche du doigt les r\u00e9alit\u00e9s en effectuant un voyage d\u2019impr\u00e9gnation par bus - tchad\",\"isPartOf\":{\"@id\":\"https:\/\/www.africa-press.net\/tchad\/#website\"},\"primaryImageOfPage\":{\"@id\":\"https:\/\/www.africa-press.net\/tchad\/politique\/la-ministre-des-transports-touche-du-doigt-les-realites-en-effectuant-un-voyage-dimpregnation-par-bus#primaryimage\"},\"image\":{\"@id\":\"https:\/\/www.africa-press.net\/tchad\/politique\/la-ministre-des-transports-touche-du-doigt-les-realites-en-effectuant-un-voyage-dimpregnation-par-bus#primaryimage\"},\"thumbnailUrl\":\"https:\/\/static.africa-press.net\/tchad\/sites\/41\/2022\/07\/postQueueImg_6-62cafb3797cc0.jpg\",\"datePublished\":\"2022-07-10T15:51:51+00:00\",\"dateModified\":\"2022-07-10T16:16:09+00:00\",\"author\":{\"@id\":\"https:\/\/www.africa-press.net\/tchad\/#\/schema\/person\/2b1cf3cd81a31e3cd26889ca66d677f1\"},\"description\":\"D\u00e8s 07 heures, la ministre des Transports, Fatim\u00e9 Goukouni Weddeye, ach\u00e8te sont ticket \u00e0 la gare de voyage d\u2019Ab\u00e9ch\u00e9 pour ...\",\"breadcrumb\":{\"@id\":\"https:\/\/www.africa-press.net\/tchad\/politique\/la-ministre-des-transports-touche-du-doigt-les-realites-en-effectuant-un-voyage-dimpregnation-par-bus#breadcrumb\"},\"inLanguage\":\"fr-FR\",\"potentialAction\":[{\"@type\":\"ReadAction\",\"target\":[\"https:\/\/www.africa-press.net\/tchad\/politique\/la-ministre-des-transports-touche-du-doigt-les-realites-en-effectuant-un-voyage-dimpregnation-par-bus\"]}]},{\"@type\":\"ImageObject\",\"inLanguage\":\"fr-FR\",\"@id\":\"https:\/\/www.africa-press.net\/tchad\/politique\/la-ministre-des-transports-touche-du-doigt-les-realites-en-effectuant-un-voyage-dimpregnation-par-bus#primaryimage\",\"url\":\"https:\/\/static.africa-press.net\/tchad\/sites\/41\/2022\/07\/postQueueImg_6-62cafb3797cc0.jpg\",\"contentUrl\":\"https:\/\/static.africa-press.net\/tchad\/sites\/41\/2022\/07\/postQueueImg_6-62cafb3797cc0.jpg\",\"width\":696,\"height\":464,\"caption\":\"La ministre des Transports touche du doigt les r\u00e9alit\u00e9s en effectuant un voyage d\u2019impr\u00e9gnation par bus\"},{\"@type\":\"BreadcrumbList\",\"@id\":\"https:\/\/www.africa-press.net\/tchad\/politique\/la-ministre-des-transports-touche-du-doigt-les-realites-en-effectuant-un-voyage-dimpregnation-par-bus#breadcrumb\",\"itemListElement\":[{\"@type\":\"ListItem\",\"position\":1,\"name\":\"Accueil\",\"item\":\"https:\/\/www.africa-press.net\/tchad\/\"},{\"@type\":\"ListItem\",\"position\":2,\"name\":\"La ministre des Transports touche du doigt les r\u00e9alit\u00e9s en effectuant un voyage d\u2019impr\u00e9gnation par bus\"}]},{\"@type\":\"WebSite\",\"@id\":\"https:\/\/www.africa-press.net\/tchad\/#website\",\"url\":\"https:\/\/www.africa-press.net\/tchad\/\",\"name\":\"tchad\",\"description\":\"Just another Africa News Agency Sites site\",\"potentialAction\":[{\"@type\":\"SearchAction\",\"target\":{\"@type\":\"EntryPoint\",\"urlTemplate\":\"https:\/\/www.africa-press.net\/tchad\/?s={search_term_string}\"},\"query-input\":{\"@type\":\"PropertyValueSpecification\",\"valueRequired\":true,\"valueName\":\"search_term_string\"}}],\"inLanguage\":\"fr-FR\"},{\"@type\":\"Person\",\"@id\":\"https:\/\/www.africa-press.net\/tchad\/#\/schema\/person\/2b1cf3cd81a31e3cd26889ca66d677f1\",\"name\":\"cfeditorfr\"}]}<\/script>\n<!-- \/ Yoast SEO Premium plugin. -->","yoast_head_json":{"title":"La ministre des Transports touche du doigt les r\u00e9alit\u00e9s en effectuant un voyage d\u2019impr\u00e9gnation par bus - tchad","description":"D\u00e8s 07 heures, la ministre des Transports, Fatim\u00e9 Goukouni Weddeye, ach\u00e8te sont ticket \u00e0 la gare de voyage d\u2019Ab\u00e9ch\u00e9 pour ...","robots":{"index":"index","follow":"follow","max-snippet":"max-snippet:-1","max-image-preview":"max-image-preview:large","max-video-preview":"max-video-preview:-1"},"canonical":"https:\/\/www.africa-press.net\/tchad\/politique\/la-ministre-des-transports-touche-du-doigt-les-realites-en-effectuant-un-voyage-dimpregnation-par-bus","og_locale":"fr_FR","og_type":"article","og_title":"La ministre des Transports touche du doigt les r\u00e9alit\u00e9s en effectuant un voyage d\u2019impr\u00e9gnation par bus","og_description":"D\u00e8s 07 heures, la ministre des Transports, Fatim\u00e9 Goukouni Weddeye, ach\u00e8te sont ticket \u00e0 la gare de voyage d\u2019Ab\u00e9ch\u00e9 pour ...","og_url":"https:\/\/www.africa-press.net\/tchad\/politique\/la-ministre-des-transports-touche-du-doigt-les-realites-en-effectuant-un-voyage-dimpregnation-par-bus","og_site_name":"tchad","article_published_time":"2022-07-10T15:51:51+00:00","article_modified_time":"2022-07-10T16:16:09+00:00","og_image":[{"width":696,"height":464,"url":"https:\/\/static.africa-press.net\/tchad\/sites\/41\/2022\/07\/postQueueImg_6-62cafb3797cc0.jpg","type":"image\/jpeg"}],"author":"cfeditorfr","twitter_card":"summary_large_image","twitter_misc":{"\u00c9crit par":"cfeditorfr","Dur\u00e9e de lecture estim\u00e9e":"1 minute"},"schema":{"@context":"https:\/\/schema.org","@graph":[{"@type":"Article","@id":"https:\/\/www.africa-press.net\/tchad\/politique\/la-ministre-des-transports-touche-du-doigt-les-realites-en-effectuant-un-voyage-dimpregnation-par-bus#article","isPartOf":{"@id":"https:\/\/www.africa-press.net\/tchad\/politique\/la-ministre-des-transports-touche-du-doigt-les-realites-en-effectuant-un-voyage-dimpregnation-par-bus"},"author":{"name":"cfeditorfr","@id":"https:\/\/www.africa-press.net\/tchad\/#\/schema\/person\/2b1cf3cd81a31e3cd26889ca66d677f1"},"headline":"La ministre des Transports touche du doigt les r\u00e9alit\u00e9s en effectuant un voyage d\u2019impr\u00e9gnation par bus","datePublished":"2022-07-10T15:51:51+00:00","dateModified":"2022-07-10T16:16:09+00:00","mainEntityOfPage":{"@id":"https:\/\/www.africa-press.net\/tchad\/politique\/la-ministre-des-transports-touche-du-doigt-les-realites-en-effectuant-un-voyage-dimpregnation-par-bus"},"wordCount":195,"commentCount":0,"image":{"@id":"https:\/\/www.africa-press.net\/tchad\/politique\/la-ministre-des-transports-touche-du-doigt-les-realites-en-effectuant-un-voyage-dimpregnation-par-bus#primaryimage"},"thumbnailUrl":"https:\/\/static.africa-press.net\/tchad\/sites\/41\/2022\/07\/postQueueImg_6-62cafb3797cc0.jpg","keywords":["Africa Press","Africa Press-Tchad","Tchad"],"articleSection":["homepage-french","Politique","Toutes les actualit\u00e9s"],"inLanguage":"fr-FR","potentialAction":[{"@type":"CommentAction","name":"Comment","target":["https:\/\/www.africa-press.net\/tchad\/politique\/la-ministre-des-transports-touche-du-doigt-les-realites-en-effectuant-un-voyage-dimpregnation-par-bus#respond"]}]},{"@type":"WebPage","@id":"https:\/\/www.africa-press.net\/tchad\/politique\/la-ministre-des-transports-touche-du-doigt-les-realites-en-effectuant-un-voyage-dimpregnation-par-bus","url":"https:\/\/www.africa-press.net\/tchad\/politique\/la-ministre-des-transports-touche-du-doigt-les-realites-en-effectuant-un-voyage-dimpregnation-par-bus","name":"La ministre des Transports touche du doigt les r\u00e9alit\u00e9s en effectuant un voyage d\u2019impr\u00e9gnation par bus - tchad","isPartOf":{"@id":"https:\/\/www.africa-press.net\/tchad\/#website"},"primaryImageOfPage":{"@id":"https:\/\/www.africa-press.net\/tchad\/politique\/la-ministre-des-transports-touche-du-doigt-les-realites-en-effectuant-un-voyage-dimpregnation-par-bus#primaryimage"},"image":{"@id":"https:\/\/www.africa-press.net\/tchad\/politique\/la-ministre-des-transports-touche-du-doigt-les-realites-en-effectuant-un-voyage-dimpregnation-par-bus#primaryimage"},"thumbnailUrl":"https:\/\/static.africa-press.net\/tchad\/sites\/41\/2022\/07\/postQueueImg_6-62cafb3797cc0.jpg","datePublished":"2022-07-10T15:51:51+00:00","dateModified":"2022-07-10T16:16:09+00:00","author":{"@id":"https:\/\/www.africa-press.net\/tchad\/#\/schema\/person\/2b1cf3cd81a31e3cd26889ca66d677f1"},"description":"D\u00e8s 07 heures, la ministre des Transports, Fatim\u00e9 Goukouni Weddeye, ach\u00e8te sont ticket \u00e0 la gare de voyage d\u2019Ab\u00e9ch\u00e9 pour ...","breadcrumb":{"@id":"https:\/\/www.africa-press.net\/tchad\/politique\/la-ministre-des-transports-touche-du-doigt-les-realites-en-effectuant-un-voyage-dimpregnation-par-bus#breadcrumb"},"inLanguage":"fr-FR","potentialAction":[{"@type":"ReadAction","target":["https:\/\/www.africa-press.net\/tchad\/politique\/la-ministre-des-transports-touche-du-doigt-les-realites-en-effectuant-un-voyage-dimpregnation-par-bus"]}]},{"@type":"ImageObject","inLanguage":"fr-FR","@id":"https:\/\/www.africa-press.net\/tchad\/politique\/la-ministre-des-transports-touche-du-doigt-les-realites-en-effectuant-un-voyage-dimpregnation-par-bus#primaryimage","url":"https:\/\/static.africa-press.net\/tchad\/sites\/41\/2022\/07\/postQueueImg_6-62cafb3797cc0.jpg","contentUrl":"https:\/\/static.africa-press.net\/tchad\/sites\/41\/2022\/07\/postQueueImg_6-62cafb3797cc0.jpg","width":696,"height":464,"caption":"La ministre des Transports touche du doigt les r\u00e9alit\u00e9s en effectuant un voyage d\u2019impr\u00e9gnation par bus"},{"@type":"BreadcrumbList","@id":"https:\/\/www.africa-press.net\/tchad\/politique\/la-ministre-des-transports-touche-du-doigt-les-realites-en-effectuant-un-voyage-dimpregnation-par-bus#breadcrumb","itemListElement":[{"@type":"ListItem","position":1,"name":"Accueil","item":"https:\/\/www.africa-press.net\/tchad\/"},{"@type":"ListItem","position":2,"name":"La ministre des Transports touche du doigt les r\u00e9alit\u00e9s en effectuant un voyage d\u2019impr\u00e9gnation par bus"}]},{"@type":"WebSite","@id":"https:\/\/www.africa-press.net\/tchad\/#website","url":"https:\/\/www.africa-press.net\/tchad\/","name":"tchad","description":"Just another Africa News Agency Sites site","potentialAction":[{"@type":"SearchAction","target":{"@type":"EntryPoint","urlTemplate":"https:\/\/www.africa-press.net\/tchad\/?s={search_term_string}"},"query-input":{"@type":"PropertyValueSpecification","valueRequired":true,"valueName":"search_term_string"}}],"inLanguage":"fr-FR"},{"@type":"Person","@id":"https:\/\/www.africa-press.net\/tchad\/#\/schema\/person\/2b1cf3cd81a31e3cd26889ca66d677f1","name":"cfeditorfr"}]}},"_links":{"self":[{"href":"https:\/\/www.africa-press.net\/tchad\/wp-json\/wp\/v2\/posts\/28656","targetHints":{"allow":["GET"]}}],"collection":[{"href":"https:\/\/www.africa-press.net\/tchad\/wp-json\/wp\/v2\/posts"}],"about":[{"href":"https:\/\/www.africa-press.net\/tchad\/wp-json\/wp\/v2\/types\/post"}],"author":[{"embeddable":true,"href":"https:\/\/www.africa-press.net\/tchad\/wp-json\/wp\/v2\/users\/82"}],"replies":[{"embeddable":true,"href":"https:\/\/www.africa-press.net\/tchad\/wp-json\/wp\/v2\/comments?post=28656"}],"version-history":[{"count":0,"href":"https:\/\/www.africa-press.net\/tchad\/wp-json\/wp\/v2\/posts\/28656\/revisions"}],"wp:featuredmedia":[{"embeddable":true,"href":"https:\/\/www.africa-press.net\/tchad\/wp-json\/wp\/v2\/media\/28655"}],"wp:attachment":[{"href":"https:\/\/www.africa-press.net\/tchad\/wp-json\/wp\/v2\/media?parent=28656"}],"wp:term":[{"taxonomy":"category","embeddable":true,"href":"https:\/\/www.africa-press.net\/tchad\/wp-json\/wp\/v2\/categories?post=28656"},{"taxonomy":"post_tag","embeddable":true,"href":"https:\/\/www.africa-press.net\/tchad\/wp-json\/wp\/v2\/tags?post=28656"}],"curies":[{"name":"wp","href":"https:\/\/api.w.org\/{rel}","templated":true}]}}