{"id":28689,"date":"2022-07-11T16:29:33","date_gmt":"2022-07-11T16:29:33","guid":{"rendered":"https:\/\/www.africa-press.net\/tchad\/politique\/une-fille-de-12-ans-vendue-par-son-pere-recuperee-a-abeche"},"modified":"2022-07-11T16:43:36","modified_gmt":"2022-07-11T16:43:36","slug":"une-fille-de-12-ans-vendue-par-son-pere-recuperee-a-abeche","status":"publish","type":"post","link":"https:\/\/www.africa-press.net\/tchad\/toutes-les-actualites\/une-fille-de-12-ans-vendue-par-son-pere-recuperee-a-abeche","title":{"rendered":"une fille de 12 ans, vendue par son p\u00e8re, r\u00e9cup\u00e9r\u00e9e \u00e0 Ab\u00e9ch\u00e9"},"content":{"rendered":"<p><span style=\"color: #ff6600\"><strong>Africa-Press &#8211; Tchad. <\/strong><\/span>Elle est \u00e2g\u00e9e de 12 ans, originaire de la province du Logone Occidental. Elle a \u00e9t\u00e9 vendue par son propre p\u00e8re selon son t\u00e9moignage \u00e0 une dame dans la ville d\u2019Ab\u00e9ch\u00e9 il y a quelques ann\u00e9es.<\/p>\n<p>\u00ab C\u2019est mon p\u00e8re qui m\u2019a confi\u00e9e \u00e0 cette dame. Je vis avec elle depuis plusieurs ann\u00e9es \u00e0 Ab\u00e9ch\u00e9 sans les nouvelles de mes proches.<\/p>\n<p>C\u2019est avec mon p\u00e8re qu\u2019elle communique au t\u00e9l\u00e9phone le plus souvent, mais moi non \u00bb. Dans sa famille adoptive, elle a d\u00e9clar\u00e9 \u00eatre victime des traitements d\u00e9gradants.<\/p>\n<p>\u00ab D\u00e9pass\u00e9e par les travaux domestiques et des traitements inhumains qu\u2019elle me fait subir j\u2019ai pris fuite pour me r\u00e9fugier chez le chef de carr\u00e9 \u00bb, a-t-elle t\u00e9moign\u00e9 au micro de nos confr\u00e8res de la radio Fm Libert\u00e9.<\/p>\n<p>La fille a \u00e9t\u00e9 r\u00e9cup\u00e9r\u00e9e par la coordination de l\u2019Association pour la r\u00e9insertion des enfants en d\u00e9tresse et la d\u00e9fense des droits de l\u2019homme (ARED) d\u2019Ab\u00e9ch\u00e9.<\/p>\n<p>Selon le coordinateur national de l\u2019ARED, Madjiyera Ngar Alkoa, toujours au micro de la Fm Libert\u00e9, elle a pris fuite suites \u00e0 des bastonnades. \u00ab Elle est la derni\u00e8re \u00e0 se coucher et la premi\u00e8re \u00e0 se lever.<\/p>\n<p>On l\u2019a oblig\u00e9 d\u2019aller faire pa\u00eetre les moutons. Elle dit comment elle est \u00e0 la cuisine et on lui demande de pa\u00eetre les animaux ? Ils se sont mis \u00e0 la bastonner, elle a pris fuite et s\u2019est retrouv\u00e9e dans la rue.<\/p>\n<p>C\u2019est ainsi que la coordination de l\u2019association a pu la r\u00e9cup\u00e9rer \u00bb. La famille adoptive a tent\u00e9 de r\u00e9cup\u00e9rer l\u2019enfant selon le coordinateur de l\u2019ARED.<\/p>\n<p>\u00ab Ses bourreaux se sont mobilis\u00e9s pour l\u2019arracher. Il a fallu qu\u2019on s\u2019impose avec l\u2019appui de la justice, la d\u00e9l\u00e9gation de l\u2019action sociale et de l\u2019UNICEF d\u2019Ab\u00e9ch\u00e9 pour que la fille soit r\u00e9cup\u00e9r\u00e9e \u00bb.<\/p>\n<p>Madjiyera Ngar Alkoa a indiqu\u00e9 qu\u2019il emm\u00e8nera l\u2019enfant \u00e0 Moundou pour voir le procureur. Elle n\u2019est pas la seule \u00e0 \u00eatre dans cette situation. L\u2019association pour la r\u00e9insertion des enfants parle de 15 victimes de la traite ou d\u2019esclavage qui ont \u00e9t\u00e9 r\u00e9cup\u00e9r\u00e9es et gard\u00e9es \u00e0 Ab\u00e9ch\u00e9 dont 7 mineurs.<\/p>\n<p>Dans un rapport r\u00e9cent, le Fonds des Nations unies pour l\u2019enfance (UNICEF) a relev\u00e9 qu\u2019au Tchad 85% des enfants sont victimes de discipline violente, et un enfant sur trois travaille dans des conditions dangereuses.<\/p>\n<p><strong>Pour plus d&rsquo;informations et d&rsquo;analyses sur la <a href=\"https:\/\/www.africa-press.net\/tchad\">Tchad<\/a>, suivez <a href=\"https:\/\/www.africa-press.net\/\">Africa-Press<\/a><\/strong><\/p>\n","protected":false},"excerpt":{"rendered":"<p>Africa-Press &#8211; Tchad. Elle est \u00e2g\u00e9e de 12 ans, originaire de la province du Logone Occidental. Elle a \u00e9t\u00e9 vendue par son propre p\u00e8re selon son t\u00e9moignage \u00e0 une dame dans la ville d\u2019Ab\u00e9ch\u00e9 il y a quelques ann\u00e9es. \u00ab C\u2019est mon p\u00e8re qui m\u2019a confi\u00e9e \u00e0 cette dame. Je vis avec elle depuis plusieurs [&hellip;]<\/p>\n","protected":false},"author":82,"featured_media":28688,"comment_status":"open","ping_status":"closed","sticky":false,"template":"","format":"standard","meta":{"footnotes":""},"categories":[21,11,10],"tags":[37,292,29],"class_list":["post-28689","post","type-post","status-publish","format-standard","has-post-thumbnail","hentry","category-communaute","category-homepage-french","category-toutes-les-actualites","tag-africa-press","tag-africa-press-tchad","tag-tchad"],"yoast_head":"<!-- This site is optimized with the Yoast SEO Premium plugin v26.1 (Yoast SEO v27.0) - https:\/\/yoast.com\/product\/yoast-seo-premium-wordpress\/ -->\n<title>une fille de 12 ans, vendue par son p\u00e8re, r\u00e9cup\u00e9r\u00e9e \u00e0 Ab\u00e9ch\u00e9 - tchad<\/title>\n<meta name=\"description\" content=\"Elle est \u00e2g\u00e9e de 12 ans, originaire de la province du Logone Occidental. Elle a \u00e9t\u00e9 vendue par son propre p\u00e8re selon son ...\" \/>\n<meta name=\"robots\" content=\"index, follow, max-snippet:-1, max-image-preview:large, max-video-preview:-1\" \/>\n<link rel=\"canonical\" href=\"https:\/\/www.africa-press.net\/tchad\/toutes-les-actualites\/une-fille-de-12-ans-vendue-par-son-pere-recuperee-a-abeche\" \/>\n<meta property=\"og:locale\" content=\"fr_FR\" \/>\n<meta property=\"og:type\" content=\"article\" \/>\n<meta property=\"og:title\" content=\"une fille de 12 ans, vendue par son p\u00e8re, r\u00e9cup\u00e9r\u00e9e \u00e0 Ab\u00e9ch\u00e9\" \/>\n<meta property=\"og:description\" content=\"Elle est \u00e2g\u00e9e de 12 ans, originaire de la province du Logone Occidental. Elle a \u00e9t\u00e9 vendue par son propre p\u00e8re selon son ...\" \/>\n<meta property=\"og:url\" content=\"https:\/\/www.africa-press.net\/tchad\/toutes-les-actualites\/une-fille-de-12-ans-vendue-par-son-pere-recuperee-a-abeche\" \/>\n<meta property=\"og:site_name\" content=\"tchad\" \/>\n<meta property=\"article:published_time\" content=\"2022-07-11T16:29:33+00:00\" \/>\n<meta property=\"article:modified_time\" content=\"2022-07-11T16:43:36+00:00\" \/>\n<meta property=\"og:image\" content=\"https:\/\/static.africa-press.net\/tchad\/sites\/41\/2022\/07\/postQueueImg_6-62cc5323c2a92.jpg\" \/>\n\t<meta property=\"og:image:width\" content=\"696\" \/>\n\t<meta property=\"og:image:height\" content=\"392\" \/>\n\t<meta property=\"og:image:type\" content=\"image\/jpeg\" \/>\n<meta name=\"author\" content=\"cfeditorfr\" \/>\n<meta name=\"twitter:card\" content=\"summary_large_image\" \/>\n<meta name=\"twitter:label1\" content=\"\u00c9crit par\" \/>\n\t<meta name=\"twitter:data1\" content=\"cfeditorfr\" \/>\n\t<meta name=\"twitter:label2\" content=\"Dur\u00e9e de lecture estim\u00e9e\" \/>\n\t<meta name=\"twitter:data2\" content=\"2 minutes\" \/>\n<script type=\"application\/ld+json\" class=\"yoast-schema-graph\">{\"@context\":\"https:\/\/schema.org\",\"@graph\":[{\"@type\":\"Article\",\"@id\":\"https:\/\/www.africa-press.net\/tchad\/toutes-les-actualites\/une-fille-de-12-ans-vendue-par-son-pere-recuperee-a-abeche#article\",\"isPartOf\":{\"@id\":\"https:\/\/www.africa-press.net\/tchad\/toutes-les-actualites\/une-fille-de-12-ans-vendue-par-son-pere-recuperee-a-abeche\"},\"author\":{\"name\":\"cfeditorfr\",\"@id\":\"https:\/\/www.africa-press.net\/tchad\/#\/schema\/person\/2b1cf3cd81a31e3cd26889ca66d677f1\"},\"headline\":\"une fille de 12 ans, vendue par son p\u00e8re, r\u00e9cup\u00e9r\u00e9e \u00e0 Ab\u00e9ch\u00e9\",\"datePublished\":\"2022-07-11T16:29:33+00:00\",\"dateModified\":\"2022-07-11T16:43:36+00:00\",\"mainEntityOfPage\":{\"@id\":\"https:\/\/www.africa-press.net\/tchad\/toutes-les-actualites\/une-fille-de-12-ans-vendue-par-son-pere-recuperee-a-abeche\"},\"wordCount\":463,\"commentCount\":0,\"image\":{\"@id\":\"https:\/\/www.africa-press.net\/tchad\/toutes-les-actualites\/une-fille-de-12-ans-vendue-par-son-pere-recuperee-a-abeche#primaryimage\"},\"thumbnailUrl\":\"https:\/\/static.africa-press.net\/tchad\/sites\/41\/2022\/07\/postQueueImg_6-62cc5323c2a92.jpg\",\"keywords\":[\"Africa Press\",\"Africa Press-Tchad\",\"Tchad\"],\"articleSection\":[\"Communaut\u00e9\",\"homepage-french\",\"Toutes les actualit\u00e9s\"],\"inLanguage\":\"fr-FR\",\"potentialAction\":[{\"@type\":\"CommentAction\",\"name\":\"Comment\",\"target\":[\"https:\/\/www.africa-press.net\/tchad\/toutes-les-actualites\/une-fille-de-12-ans-vendue-par-son-pere-recuperee-a-abeche#respond\"]}]},{\"@type\":\"WebPage\",\"@id\":\"https:\/\/www.africa-press.net\/tchad\/toutes-les-actualites\/une-fille-de-12-ans-vendue-par-son-pere-recuperee-a-abeche\",\"url\":\"https:\/\/www.africa-press.net\/tchad\/toutes-les-actualites\/une-fille-de-12-ans-vendue-par-son-pere-recuperee-a-abeche\",\"name\":\"une fille de 12 ans, vendue par son p\u00e8re, r\u00e9cup\u00e9r\u00e9e \u00e0 Ab\u00e9ch\u00e9 - tchad\",\"isPartOf\":{\"@id\":\"https:\/\/www.africa-press.net\/tchad\/#website\"},\"primaryImageOfPage\":{\"@id\":\"https:\/\/www.africa-press.net\/tchad\/toutes-les-actualites\/une-fille-de-12-ans-vendue-par-son-pere-recuperee-a-abeche#primaryimage\"},\"image\":{\"@id\":\"https:\/\/www.africa-press.net\/tchad\/toutes-les-actualites\/une-fille-de-12-ans-vendue-par-son-pere-recuperee-a-abeche#primaryimage\"},\"thumbnailUrl\":\"https:\/\/static.africa-press.net\/tchad\/sites\/41\/2022\/07\/postQueueImg_6-62cc5323c2a92.jpg\",\"datePublished\":\"2022-07-11T16:29:33+00:00\",\"dateModified\":\"2022-07-11T16:43:36+00:00\",\"author\":{\"@id\":\"https:\/\/www.africa-press.net\/tchad\/#\/schema\/person\/2b1cf3cd81a31e3cd26889ca66d677f1\"},\"description\":\"Elle est \u00e2g\u00e9e de 12 ans, originaire de la province du Logone Occidental. Elle a \u00e9t\u00e9 vendue par son propre p\u00e8re selon son ...\",\"breadcrumb\":{\"@id\":\"https:\/\/www.africa-press.net\/tchad\/toutes-les-actualites\/une-fille-de-12-ans-vendue-par-son-pere-recuperee-a-abeche#breadcrumb\"},\"inLanguage\":\"fr-FR\",\"potentialAction\":[{\"@type\":\"ReadAction\",\"target\":[\"https:\/\/www.africa-press.net\/tchad\/toutes-les-actualites\/une-fille-de-12-ans-vendue-par-son-pere-recuperee-a-abeche\"]}]},{\"@type\":\"ImageObject\",\"inLanguage\":\"fr-FR\",\"@id\":\"https:\/\/www.africa-press.net\/tchad\/toutes-les-actualites\/une-fille-de-12-ans-vendue-par-son-pere-recuperee-a-abeche#primaryimage\",\"url\":\"https:\/\/static.africa-press.net\/tchad\/sites\/41\/2022\/07\/postQueueImg_6-62cc5323c2a92.jpg\",\"contentUrl\":\"https:\/\/static.africa-press.net\/tchad\/sites\/41\/2022\/07\/postQueueImg_6-62cc5323c2a92.jpg\",\"width\":696,\"height\":392,\"caption\":\"une fille de 12 ans, vendue par son p\u00e8re, r\u00e9cup\u00e9r\u00e9e \u00e0 Ab\u00e9ch\u00e9\"},{\"@type\":\"BreadcrumbList\",\"@id\":\"https:\/\/www.africa-press.net\/tchad\/toutes-les-actualites\/une-fille-de-12-ans-vendue-par-son-pere-recuperee-a-abeche#breadcrumb\",\"itemListElement\":[{\"@type\":\"ListItem\",\"position\":1,\"name\":\"Accueil\",\"item\":\"https:\/\/www.africa-press.net\/tchad\/\"},{\"@type\":\"ListItem\",\"position\":2,\"name\":\"une fille de 12 ans, vendue par son p\u00e8re, r\u00e9cup\u00e9r\u00e9e \u00e0 Ab\u00e9ch\u00e9\"}]},{\"@type\":\"WebSite\",\"@id\":\"https:\/\/www.africa-press.net\/tchad\/#website\",\"url\":\"https:\/\/www.africa-press.net\/tchad\/\",\"name\":\"tchad\",\"description\":\"Just another Africa News Agency Sites site\",\"potentialAction\":[{\"@type\":\"SearchAction\",\"target\":{\"@type\":\"EntryPoint\",\"urlTemplate\":\"https:\/\/www.africa-press.net\/tchad\/?s={search_term_string}\"},\"query-input\":{\"@type\":\"PropertyValueSpecification\",\"valueRequired\":true,\"valueName\":\"search_term_string\"}}],\"inLanguage\":\"fr-FR\"},{\"@type\":\"Person\",\"@id\":\"https:\/\/www.africa-press.net\/tchad\/#\/schema\/person\/2b1cf3cd81a31e3cd26889ca66d677f1\",\"name\":\"cfeditorfr\"}]}<\/script>\n<!-- \/ Yoast SEO Premium plugin. -->","yoast_head_json":{"title":"une fille de 12 ans, vendue par son p\u00e8re, r\u00e9cup\u00e9r\u00e9e \u00e0 Ab\u00e9ch\u00e9 - tchad","description":"Elle est \u00e2g\u00e9e de 12 ans, originaire de la province du Logone Occidental. Elle a \u00e9t\u00e9 vendue par son propre p\u00e8re selon son ...","robots":{"index":"index","follow":"follow","max-snippet":"max-snippet:-1","max-image-preview":"max-image-preview:large","max-video-preview":"max-video-preview:-1"},"canonical":"https:\/\/www.africa-press.net\/tchad\/toutes-les-actualites\/une-fille-de-12-ans-vendue-par-son-pere-recuperee-a-abeche","og_locale":"fr_FR","og_type":"article","og_title":"une fille de 12 ans, vendue par son p\u00e8re, r\u00e9cup\u00e9r\u00e9e \u00e0 Ab\u00e9ch\u00e9","og_description":"Elle est \u00e2g\u00e9e de 12 ans, originaire de la province du Logone Occidental. Elle a \u00e9t\u00e9 vendue par son propre p\u00e8re selon son ...","og_url":"https:\/\/www.africa-press.net\/tchad\/toutes-les-actualites\/une-fille-de-12-ans-vendue-par-son-pere-recuperee-a-abeche","og_site_name":"tchad","article_published_time":"2022-07-11T16:29:33+00:00","article_modified_time":"2022-07-11T16:43:36+00:00","og_image":[{"width":696,"height":392,"url":"https:\/\/static.africa-press.net\/tchad\/sites\/41\/2022\/07\/postQueueImg_6-62cc5323c2a92.jpg","type":"image\/jpeg"}],"author":"cfeditorfr","twitter_card":"summary_large_image","twitter_misc":{"\u00c9crit par":"cfeditorfr","Dur\u00e9e de lecture estim\u00e9e":"2 minutes"},"schema":{"@context":"https:\/\/schema.org","@graph":[{"@type":"Article","@id":"https:\/\/www.africa-press.net\/tchad\/toutes-les-actualites\/une-fille-de-12-ans-vendue-par-son-pere-recuperee-a-abeche#article","isPartOf":{"@id":"https:\/\/www.africa-press.net\/tchad\/toutes-les-actualites\/une-fille-de-12-ans-vendue-par-son-pere-recuperee-a-abeche"},"author":{"name":"cfeditorfr","@id":"https:\/\/www.africa-press.net\/tchad\/#\/schema\/person\/2b1cf3cd81a31e3cd26889ca66d677f1"},"headline":"une fille de 12 ans, vendue par son p\u00e8re, r\u00e9cup\u00e9r\u00e9e \u00e0 Ab\u00e9ch\u00e9","datePublished":"2022-07-11T16:29:33+00:00","dateModified":"2022-07-11T16:43:36+00:00","mainEntityOfPage":{"@id":"https:\/\/www.africa-press.net\/tchad\/toutes-les-actualites\/une-fille-de-12-ans-vendue-par-son-pere-recuperee-a-abeche"},"wordCount":463,"commentCount":0,"image":{"@id":"https:\/\/www.africa-press.net\/tchad\/toutes-les-actualites\/une-fille-de-12-ans-vendue-par-son-pere-recuperee-a-abeche#primaryimage"},"thumbnailUrl":"https:\/\/static.africa-press.net\/tchad\/sites\/41\/2022\/07\/postQueueImg_6-62cc5323c2a92.jpg","keywords":["Africa Press","Africa Press-Tchad","Tchad"],"articleSection":["Communaut\u00e9","homepage-french","Toutes les actualit\u00e9s"],"inLanguage":"fr-FR","potentialAction":[{"@type":"CommentAction","name":"Comment","target":["https:\/\/www.africa-press.net\/tchad\/toutes-les-actualites\/une-fille-de-12-ans-vendue-par-son-pere-recuperee-a-abeche#respond"]}]},{"@type":"WebPage","@id":"https:\/\/www.africa-press.net\/tchad\/toutes-les-actualites\/une-fille-de-12-ans-vendue-par-son-pere-recuperee-a-abeche","url":"https:\/\/www.africa-press.net\/tchad\/toutes-les-actualites\/une-fille-de-12-ans-vendue-par-son-pere-recuperee-a-abeche","name":"une fille de 12 ans, vendue par son p\u00e8re, r\u00e9cup\u00e9r\u00e9e \u00e0 Ab\u00e9ch\u00e9 - tchad","isPartOf":{"@id":"https:\/\/www.africa-press.net\/tchad\/#website"},"primaryImageOfPage":{"@id":"https:\/\/www.africa-press.net\/tchad\/toutes-les-actualites\/une-fille-de-12-ans-vendue-par-son-pere-recuperee-a-abeche#primaryimage"},"image":{"@id":"https:\/\/www.africa-press.net\/tchad\/toutes-les-actualites\/une-fille-de-12-ans-vendue-par-son-pere-recuperee-a-abeche#primaryimage"},"thumbnailUrl":"https:\/\/static.africa-press.net\/tchad\/sites\/41\/2022\/07\/postQueueImg_6-62cc5323c2a92.jpg","datePublished":"2022-07-11T16:29:33+00:00","dateModified":"2022-07-11T16:43:36+00:00","author":{"@id":"https:\/\/www.africa-press.net\/tchad\/#\/schema\/person\/2b1cf3cd81a31e3cd26889ca66d677f1"},"description":"Elle est \u00e2g\u00e9e de 12 ans, originaire de la province du Logone Occidental. Elle a \u00e9t\u00e9 vendue par son propre p\u00e8re selon son ...","breadcrumb":{"@id":"https:\/\/www.africa-press.net\/tchad\/toutes-les-actualites\/une-fille-de-12-ans-vendue-par-son-pere-recuperee-a-abeche#breadcrumb"},"inLanguage":"fr-FR","potentialAction":[{"@type":"ReadAction","target":["https:\/\/www.africa-press.net\/tchad\/toutes-les-actualites\/une-fille-de-12-ans-vendue-par-son-pere-recuperee-a-abeche"]}]},{"@type":"ImageObject","inLanguage":"fr-FR","@id":"https:\/\/www.africa-press.net\/tchad\/toutes-les-actualites\/une-fille-de-12-ans-vendue-par-son-pere-recuperee-a-abeche#primaryimage","url":"https:\/\/static.africa-press.net\/tchad\/sites\/41\/2022\/07\/postQueueImg_6-62cc5323c2a92.jpg","contentUrl":"https:\/\/static.africa-press.net\/tchad\/sites\/41\/2022\/07\/postQueueImg_6-62cc5323c2a92.jpg","width":696,"height":392,"caption":"une fille de 12 ans, vendue par son p\u00e8re, r\u00e9cup\u00e9r\u00e9e \u00e0 Ab\u00e9ch\u00e9"},{"@type":"BreadcrumbList","@id":"https:\/\/www.africa-press.net\/tchad\/toutes-les-actualites\/une-fille-de-12-ans-vendue-par-son-pere-recuperee-a-abeche#breadcrumb","itemListElement":[{"@type":"ListItem","position":1,"name":"Accueil","item":"https:\/\/www.africa-press.net\/tchad\/"},{"@type":"ListItem","position":2,"name":"une fille de 12 ans, vendue par son p\u00e8re, r\u00e9cup\u00e9r\u00e9e \u00e0 Ab\u00e9ch\u00e9"}]},{"@type":"WebSite","@id":"https:\/\/www.africa-press.net\/tchad\/#website","url":"https:\/\/www.africa-press.net\/tchad\/","name":"tchad","description":"Just another Africa News Agency Sites site","potentialAction":[{"@type":"SearchAction","target":{"@type":"EntryPoint","urlTemplate":"https:\/\/www.africa-press.net\/tchad\/?s={search_term_string}"},"query-input":{"@type":"PropertyValueSpecification","valueRequired":true,"valueName":"search_term_string"}}],"inLanguage":"fr-FR"},{"@type":"Person","@id":"https:\/\/www.africa-press.net\/tchad\/#\/schema\/person\/2b1cf3cd81a31e3cd26889ca66d677f1","name":"cfeditorfr"}]}},"_links":{"self":[{"href":"https:\/\/www.africa-press.net\/tchad\/wp-json\/wp\/v2\/posts\/28689","targetHints":{"allow":["GET"]}}],"collection":[{"href":"https:\/\/www.africa-press.net\/tchad\/wp-json\/wp\/v2\/posts"}],"about":[{"href":"https:\/\/www.africa-press.net\/tchad\/wp-json\/wp\/v2\/types\/post"}],"author":[{"embeddable":true,"href":"https:\/\/www.africa-press.net\/tchad\/wp-json\/wp\/v2\/users\/82"}],"replies":[{"embeddable":true,"href":"https:\/\/www.africa-press.net\/tchad\/wp-json\/wp\/v2\/comments?post=28689"}],"version-history":[{"count":0,"href":"https:\/\/www.africa-press.net\/tchad\/wp-json\/wp\/v2\/posts\/28689\/revisions"}],"wp:featuredmedia":[{"embeddable":true,"href":"https:\/\/www.africa-press.net\/tchad\/wp-json\/wp\/v2\/media\/28688"}],"wp:attachment":[{"href":"https:\/\/www.africa-press.net\/tchad\/wp-json\/wp\/v2\/media?parent=28689"}],"wp:term":[{"taxonomy":"category","embeddable":true,"href":"https:\/\/www.africa-press.net\/tchad\/wp-json\/wp\/v2\/categories?post=28689"},{"taxonomy":"post_tag","embeddable":true,"href":"https:\/\/www.africa-press.net\/tchad\/wp-json\/wp\/v2\/tags?post=28689"}],"curies":[{"name":"wp","href":"https:\/\/api.w.org\/{rel}","templated":true}]}}