{"id":28710,"date":"2022-07-12T11:06:33","date_gmt":"2022-07-12T11:06:33","guid":{"rendered":"https:\/\/www.africa-press.net\/tchad\/politique\/le-commandant-de-barkhane-eleve-au-grade-dofficier-de-lordre-national-du-tchad"},"modified":"2022-07-12T12:28:36","modified_gmt":"2022-07-12T12:28:36","slug":"le-commandant-de-barkhane-eleve-au-grade-dofficier-de-lordre-national-du-tchad","status":"publish","type":"post","link":"https:\/\/www.africa-press.net\/tchad\/politique\/le-commandant-de-barkhane-eleve-au-grade-dofficier-de-lordre-national-du-tchad","title":{"rendered":"Le commandant de Barkhane \u00e9lev\u00e9 au grade d\u2019officier de l\u2019ordre national du Tchad"},"content":{"rendered":"<p><span style=\"color: #ff6600\"><strong>Africa-Press &#8211; Tchad. <\/strong><\/span><b>Le pr\u00e9sident du Conseil militaire de transition, Mahamat Idriss Deby a \u00e9lev\u00e9 le Commandant sortant de la Force Barkhane, Laurent Michon, au grade d\u2019officier de l\u2019ordre national du Tchad.<\/b><br \/>\n<b>Le pr\u00e9sident du Conseil militaire de transition, Mahamat Idriss Deby a \u00e9lev\u00e9 le Commandant sortant de la Force Barkhane, Laurent Michon, au grade d\u2019officier de l\u2019ordre national du Tchad.<\/b><\/p>\n<p>Arriv\u00e9 en fin de mission au Tchad, le Commandant de Barkhane a fait ses adieux aux Tchad le 11 juillet 2022. En guise de t\u00e9moignage de ses services, il a \u00e9t\u00e9 \u00e9lev\u00e9 au grade d\u2019officier de l\u2019ordre national du Tchad.<\/p>\n<p>D\u2019apr\u00e8s les autorit\u00e9s militaires, il a contribu\u00e9 au rayonnement de la coop\u00e9ration militaire entre les forces arm\u00e9es tchadiennes et la force Barkhane dans la lutte contre le terrorisme.<\/p>\n<p>Avant d\u2019exercer au Tchad en qualit\u00e9 de commandant de la force Barkhane, cet officier sup\u00e9rieur a, respectivement exerc\u00e9 en d\u2019ivoire, en R\u00e9publique Centrafricaine et au Rwanda. Ce g\u00e9n\u00e9ral rentre dans son pays la France pour regagner son corps d\u2019origine.<\/p>\n<p><strong>Pour plus d&rsquo;informations et d&rsquo;analyses sur la <a href=\"https:\/\/www.africa-press.net\/tchad\">Tchad<\/a>, suivez <a href=\"https:\/\/www.africa-press.net\/\">Africa-Press<\/a><\/strong><\/p>\n","protected":false},"excerpt":{"rendered":"<p>Africa-Press &#8211; Tchad. Le pr\u00e9sident du Conseil militaire de transition, Mahamat Idriss Deby a \u00e9lev\u00e9 le Commandant sortant de la Force Barkhane, Laurent Michon, au grade d\u2019officier de l\u2019ordre national du Tchad. Le pr\u00e9sident du Conseil militaire de transition, Mahamat Idriss Deby a \u00e9lev\u00e9 le Commandant sortant de la Force Barkhane, Laurent Michon, au grade [&hellip;]<\/p>\n","protected":false},"author":82,"featured_media":28709,"comment_status":"open","ping_status":"closed","sticky":false,"template":"","format":"standard","meta":{"footnotes":""},"categories":[11,2,20,10],"tags":[37,292,3950,3951,29],"class_list":["post-28710","post","type-post","status-publish","format-standard","has-post-thumbnail","hentry","category-homepage-french","category-politique","category-top-nouvelles","category-toutes-les-actualites","tag-africa-press","tag-africa-press-tchad","tag-commandant-de-barkhane","tag-officier-de-lordre-national","tag-tchad"],"yoast_head":"<!-- This site is optimized with the Yoast SEO Premium plugin v26.1 (Yoast SEO v27.0) - https:\/\/yoast.com\/product\/yoast-seo-premium-wordpress\/ -->\n<title>Le commandant de Barkhane \u00e9lev\u00e9 au grade d\u2019officier de l\u2019ordre national du Tchad - tchad<\/title>\n<meta name=\"description\" content=\"Le pr\u00e9sident du Conseil militaire de transition, Mahamat Idriss Deby a \u00e9lev\u00e9 le Commandant sortant de la Force Barkha ...\" \/>\n<meta name=\"robots\" content=\"index, follow, max-snippet:-1, max-image-preview:large, max-video-preview:-1\" \/>\n<link rel=\"canonical\" href=\"https:\/\/www.africa-press.net\/tchad\/politique\/le-commandant-de-barkhane-eleve-au-grade-dofficier-de-lordre-national-du-tchad\" \/>\n<meta property=\"og:locale\" content=\"fr_FR\" \/>\n<meta property=\"og:type\" content=\"article\" \/>\n<meta property=\"og:title\" content=\"Le commandant de Barkhane \u00e9lev\u00e9 au grade d\u2019officier de l\u2019ordre national du Tchad\" \/>\n<meta property=\"og:description\" content=\"Le pr\u00e9sident du Conseil militaire de transition, Mahamat Idriss Deby a \u00e9lev\u00e9 le Commandant sortant de la Force Barkha ...\" \/>\n<meta property=\"og:url\" content=\"https:\/\/www.africa-press.net\/tchad\/politique\/le-commandant-de-barkhane-eleve-au-grade-dofficier-de-lordre-national-du-tchad\" \/>\n<meta property=\"og:site_name\" content=\"tchad\" \/>\n<meta property=\"article:published_time\" content=\"2022-07-12T11:06:33+00:00\" \/>\n<meta property=\"article:modified_time\" content=\"2022-07-12T12:28:36+00:00\" \/>\n<meta property=\"og:image\" content=\"https:\/\/static.africa-press.net\/tchad\/sites\/41\/2022\/07\/postQueueImg_3-62cd68de33fbd.jpg\" \/>\n\t<meta property=\"og:image:width\" content=\"780\" \/>\n\t<meta property=\"og:image:height\" content=\"440\" \/>\n\t<meta property=\"og:image:type\" content=\"image\/jpeg\" \/>\n<meta name=\"author\" content=\"cfeditorfr\" \/>\n<meta name=\"twitter:card\" content=\"summary_large_image\" \/>\n<meta name=\"twitter:label1\" content=\"\u00c9crit par\" \/>\n\t<meta name=\"twitter:data1\" content=\"cfeditorfr\" \/>\n\t<meta name=\"twitter:label2\" content=\"Dur\u00e9e de lecture estim\u00e9e\" \/>\n\t<meta name=\"twitter:data2\" content=\"1 minute\" \/>\n<script type=\"application\/ld+json\" class=\"yoast-schema-graph\">{\"@context\":\"https:\/\/schema.org\",\"@graph\":[{\"@type\":\"Article\",\"@id\":\"https:\/\/www.africa-press.net\/tchad\/politique\/le-commandant-de-barkhane-eleve-au-grade-dofficier-de-lordre-national-du-tchad#article\",\"isPartOf\":{\"@id\":\"https:\/\/www.africa-press.net\/tchad\/politique\/le-commandant-de-barkhane-eleve-au-grade-dofficier-de-lordre-national-du-tchad\"},\"author\":{\"name\":\"cfeditorfr\",\"@id\":\"https:\/\/www.africa-press.net\/tchad\/#\/schema\/person\/2b1cf3cd81a31e3cd26889ca66d677f1\"},\"headline\":\"Le commandant de Barkhane \u00e9lev\u00e9 au grade d\u2019officier de l\u2019ordre national du Tchad\",\"datePublished\":\"2022-07-12T11:06:33+00:00\",\"dateModified\":\"2022-07-12T12:28:36+00:00\",\"mainEntityOfPage\":{\"@id\":\"https:\/\/www.africa-press.net\/tchad\/politique\/le-commandant-de-barkhane-eleve-au-grade-dofficier-de-lordre-national-du-tchad\"},\"wordCount\":214,\"commentCount\":0,\"image\":{\"@id\":\"https:\/\/www.africa-press.net\/tchad\/politique\/le-commandant-de-barkhane-eleve-au-grade-dofficier-de-lordre-national-du-tchad#primaryimage\"},\"thumbnailUrl\":\"https:\/\/static.africa-press.net\/tchad\/sites\/41\/2022\/07\/postQueueImg_3-62cd68de33fbd.jpg\",\"keywords\":[\"Africa Press\",\"Africa Press-Tchad\",\"commandant de Barkhane\",\"officier de l\u2019ordre national\",\"Tchad\"],\"articleSection\":[\"homepage-french\",\"Politique\",\"Top Nouvelles\",\"Toutes les actualit\u00e9s\"],\"inLanguage\":\"fr-FR\",\"potentialAction\":[{\"@type\":\"CommentAction\",\"name\":\"Comment\",\"target\":[\"https:\/\/www.africa-press.net\/tchad\/politique\/le-commandant-de-barkhane-eleve-au-grade-dofficier-de-lordre-national-du-tchad#respond\"]}]},{\"@type\":\"WebPage\",\"@id\":\"https:\/\/www.africa-press.net\/tchad\/politique\/le-commandant-de-barkhane-eleve-au-grade-dofficier-de-lordre-national-du-tchad\",\"url\":\"https:\/\/www.africa-press.net\/tchad\/politique\/le-commandant-de-barkhane-eleve-au-grade-dofficier-de-lordre-national-du-tchad\",\"name\":\"Le commandant de Barkhane \u00e9lev\u00e9 au grade d\u2019officier de l\u2019ordre national du Tchad - tchad\",\"isPartOf\":{\"@id\":\"https:\/\/www.africa-press.net\/tchad\/#website\"},\"primaryImageOfPage\":{\"@id\":\"https:\/\/www.africa-press.net\/tchad\/politique\/le-commandant-de-barkhane-eleve-au-grade-dofficier-de-lordre-national-du-tchad#primaryimage\"},\"image\":{\"@id\":\"https:\/\/www.africa-press.net\/tchad\/politique\/le-commandant-de-barkhane-eleve-au-grade-dofficier-de-lordre-national-du-tchad#primaryimage\"},\"thumbnailUrl\":\"https:\/\/static.africa-press.net\/tchad\/sites\/41\/2022\/07\/postQueueImg_3-62cd68de33fbd.jpg\",\"datePublished\":\"2022-07-12T11:06:33+00:00\",\"dateModified\":\"2022-07-12T12:28:36+00:00\",\"author\":{\"@id\":\"https:\/\/www.africa-press.net\/tchad\/#\/schema\/person\/2b1cf3cd81a31e3cd26889ca66d677f1\"},\"description\":\"Le pr\u00e9sident du Conseil militaire de transition, Mahamat Idriss Deby a \u00e9lev\u00e9 le Commandant sortant de la Force Barkha ...\",\"breadcrumb\":{\"@id\":\"https:\/\/www.africa-press.net\/tchad\/politique\/le-commandant-de-barkhane-eleve-au-grade-dofficier-de-lordre-national-du-tchad#breadcrumb\"},\"inLanguage\":\"fr-FR\",\"potentialAction\":[{\"@type\":\"ReadAction\",\"target\":[\"https:\/\/www.africa-press.net\/tchad\/politique\/le-commandant-de-barkhane-eleve-au-grade-dofficier-de-lordre-national-du-tchad\"]}]},{\"@type\":\"ImageObject\",\"inLanguage\":\"fr-FR\",\"@id\":\"https:\/\/www.africa-press.net\/tchad\/politique\/le-commandant-de-barkhane-eleve-au-grade-dofficier-de-lordre-national-du-tchad#primaryimage\",\"url\":\"https:\/\/static.africa-press.net\/tchad\/sites\/41\/2022\/07\/postQueueImg_3-62cd68de33fbd.jpg\",\"contentUrl\":\"https:\/\/static.africa-press.net\/tchad\/sites\/41\/2022\/07\/postQueueImg_3-62cd68de33fbd.jpg\",\"width\":780,\"height\":440,\"caption\":\"Le commandant de Barkhane \u00e9lev\u00e9 au grade d\u2019officier de l\u2019ordre national du Tchad\"},{\"@type\":\"BreadcrumbList\",\"@id\":\"https:\/\/www.africa-press.net\/tchad\/politique\/le-commandant-de-barkhane-eleve-au-grade-dofficier-de-lordre-national-du-tchad#breadcrumb\",\"itemListElement\":[{\"@type\":\"ListItem\",\"position\":1,\"name\":\"Accueil\",\"item\":\"https:\/\/www.africa-press.net\/tchad\/\"},{\"@type\":\"ListItem\",\"position\":2,\"name\":\"Le commandant de Barkhane \u00e9lev\u00e9 au grade d\u2019officier de l\u2019ordre national du Tchad\"}]},{\"@type\":\"WebSite\",\"@id\":\"https:\/\/www.africa-press.net\/tchad\/#website\",\"url\":\"https:\/\/www.africa-press.net\/tchad\/\",\"name\":\"tchad\",\"description\":\"Just another Africa News Agency Sites site\",\"potentialAction\":[{\"@type\":\"SearchAction\",\"target\":{\"@type\":\"EntryPoint\",\"urlTemplate\":\"https:\/\/www.africa-press.net\/tchad\/?s={search_term_string}\"},\"query-input\":{\"@type\":\"PropertyValueSpecification\",\"valueRequired\":true,\"valueName\":\"search_term_string\"}}],\"inLanguage\":\"fr-FR\"},{\"@type\":\"Person\",\"@id\":\"https:\/\/www.africa-press.net\/tchad\/#\/schema\/person\/2b1cf3cd81a31e3cd26889ca66d677f1\",\"name\":\"cfeditorfr\"}]}<\/script>\n<!-- \/ Yoast SEO Premium plugin. -->","yoast_head_json":{"title":"Le commandant de Barkhane \u00e9lev\u00e9 au grade d\u2019officier de l\u2019ordre national du Tchad - tchad","description":"Le pr\u00e9sident du Conseil militaire de transition, Mahamat Idriss Deby a \u00e9lev\u00e9 le Commandant sortant de la Force Barkha ...","robots":{"index":"index","follow":"follow","max-snippet":"max-snippet:-1","max-image-preview":"max-image-preview:large","max-video-preview":"max-video-preview:-1"},"canonical":"https:\/\/www.africa-press.net\/tchad\/politique\/le-commandant-de-barkhane-eleve-au-grade-dofficier-de-lordre-national-du-tchad","og_locale":"fr_FR","og_type":"article","og_title":"Le commandant de Barkhane \u00e9lev\u00e9 au grade d\u2019officier de l\u2019ordre national du Tchad","og_description":"Le pr\u00e9sident du Conseil militaire de transition, Mahamat Idriss Deby a \u00e9lev\u00e9 le Commandant sortant de la Force Barkha ...","og_url":"https:\/\/www.africa-press.net\/tchad\/politique\/le-commandant-de-barkhane-eleve-au-grade-dofficier-de-lordre-national-du-tchad","og_site_name":"tchad","article_published_time":"2022-07-12T11:06:33+00:00","article_modified_time":"2022-07-12T12:28:36+00:00","og_image":[{"width":780,"height":440,"url":"https:\/\/static.africa-press.net\/tchad\/sites\/41\/2022\/07\/postQueueImg_3-62cd68de33fbd.jpg","type":"image\/jpeg"}],"author":"cfeditorfr","twitter_card":"summary_large_image","twitter_misc":{"\u00c9crit par":"cfeditorfr","Dur\u00e9e de lecture estim\u00e9e":"1 minute"},"schema":{"@context":"https:\/\/schema.org","@graph":[{"@type":"Article","@id":"https:\/\/www.africa-press.net\/tchad\/politique\/le-commandant-de-barkhane-eleve-au-grade-dofficier-de-lordre-national-du-tchad#article","isPartOf":{"@id":"https:\/\/www.africa-press.net\/tchad\/politique\/le-commandant-de-barkhane-eleve-au-grade-dofficier-de-lordre-national-du-tchad"},"author":{"name":"cfeditorfr","@id":"https:\/\/www.africa-press.net\/tchad\/#\/schema\/person\/2b1cf3cd81a31e3cd26889ca66d677f1"},"headline":"Le commandant de Barkhane \u00e9lev\u00e9 au grade d\u2019officier de l\u2019ordre national du Tchad","datePublished":"2022-07-12T11:06:33+00:00","dateModified":"2022-07-12T12:28:36+00:00","mainEntityOfPage":{"@id":"https:\/\/www.africa-press.net\/tchad\/politique\/le-commandant-de-barkhane-eleve-au-grade-dofficier-de-lordre-national-du-tchad"},"wordCount":214,"commentCount":0,"image":{"@id":"https:\/\/www.africa-press.net\/tchad\/politique\/le-commandant-de-barkhane-eleve-au-grade-dofficier-de-lordre-national-du-tchad#primaryimage"},"thumbnailUrl":"https:\/\/static.africa-press.net\/tchad\/sites\/41\/2022\/07\/postQueueImg_3-62cd68de33fbd.jpg","keywords":["Africa Press","Africa Press-Tchad","commandant de Barkhane","officier de l\u2019ordre national","Tchad"],"articleSection":["homepage-french","Politique","Top Nouvelles","Toutes les actualit\u00e9s"],"inLanguage":"fr-FR","potentialAction":[{"@type":"CommentAction","name":"Comment","target":["https:\/\/www.africa-press.net\/tchad\/politique\/le-commandant-de-barkhane-eleve-au-grade-dofficier-de-lordre-national-du-tchad#respond"]}]},{"@type":"WebPage","@id":"https:\/\/www.africa-press.net\/tchad\/politique\/le-commandant-de-barkhane-eleve-au-grade-dofficier-de-lordre-national-du-tchad","url":"https:\/\/www.africa-press.net\/tchad\/politique\/le-commandant-de-barkhane-eleve-au-grade-dofficier-de-lordre-national-du-tchad","name":"Le commandant de Barkhane \u00e9lev\u00e9 au grade d\u2019officier de l\u2019ordre national du Tchad - tchad","isPartOf":{"@id":"https:\/\/www.africa-press.net\/tchad\/#website"},"primaryImageOfPage":{"@id":"https:\/\/www.africa-press.net\/tchad\/politique\/le-commandant-de-barkhane-eleve-au-grade-dofficier-de-lordre-national-du-tchad#primaryimage"},"image":{"@id":"https:\/\/www.africa-press.net\/tchad\/politique\/le-commandant-de-barkhane-eleve-au-grade-dofficier-de-lordre-national-du-tchad#primaryimage"},"thumbnailUrl":"https:\/\/static.africa-press.net\/tchad\/sites\/41\/2022\/07\/postQueueImg_3-62cd68de33fbd.jpg","datePublished":"2022-07-12T11:06:33+00:00","dateModified":"2022-07-12T12:28:36+00:00","author":{"@id":"https:\/\/www.africa-press.net\/tchad\/#\/schema\/person\/2b1cf3cd81a31e3cd26889ca66d677f1"},"description":"Le pr\u00e9sident du Conseil militaire de transition, Mahamat Idriss Deby a \u00e9lev\u00e9 le Commandant sortant de la Force Barkha ...","breadcrumb":{"@id":"https:\/\/www.africa-press.net\/tchad\/politique\/le-commandant-de-barkhane-eleve-au-grade-dofficier-de-lordre-national-du-tchad#breadcrumb"},"inLanguage":"fr-FR","potentialAction":[{"@type":"ReadAction","target":["https:\/\/www.africa-press.net\/tchad\/politique\/le-commandant-de-barkhane-eleve-au-grade-dofficier-de-lordre-national-du-tchad"]}]},{"@type":"ImageObject","inLanguage":"fr-FR","@id":"https:\/\/www.africa-press.net\/tchad\/politique\/le-commandant-de-barkhane-eleve-au-grade-dofficier-de-lordre-national-du-tchad#primaryimage","url":"https:\/\/static.africa-press.net\/tchad\/sites\/41\/2022\/07\/postQueueImg_3-62cd68de33fbd.jpg","contentUrl":"https:\/\/static.africa-press.net\/tchad\/sites\/41\/2022\/07\/postQueueImg_3-62cd68de33fbd.jpg","width":780,"height":440,"caption":"Le commandant de Barkhane \u00e9lev\u00e9 au grade d\u2019officier de l\u2019ordre national du Tchad"},{"@type":"BreadcrumbList","@id":"https:\/\/www.africa-press.net\/tchad\/politique\/le-commandant-de-barkhane-eleve-au-grade-dofficier-de-lordre-national-du-tchad#breadcrumb","itemListElement":[{"@type":"ListItem","position":1,"name":"Accueil","item":"https:\/\/www.africa-press.net\/tchad\/"},{"@type":"ListItem","position":2,"name":"Le commandant de Barkhane \u00e9lev\u00e9 au grade d\u2019officier de l\u2019ordre national du Tchad"}]},{"@type":"WebSite","@id":"https:\/\/www.africa-press.net\/tchad\/#website","url":"https:\/\/www.africa-press.net\/tchad\/","name":"tchad","description":"Just another Africa News Agency Sites site","potentialAction":[{"@type":"SearchAction","target":{"@type":"EntryPoint","urlTemplate":"https:\/\/www.africa-press.net\/tchad\/?s={search_term_string}"},"query-input":{"@type":"PropertyValueSpecification","valueRequired":true,"valueName":"search_term_string"}}],"inLanguage":"fr-FR"},{"@type":"Person","@id":"https:\/\/www.africa-press.net\/tchad\/#\/schema\/person\/2b1cf3cd81a31e3cd26889ca66d677f1","name":"cfeditorfr"}]}},"_links":{"self":[{"href":"https:\/\/www.africa-press.net\/tchad\/wp-json\/wp\/v2\/posts\/28710","targetHints":{"allow":["GET"]}}],"collection":[{"href":"https:\/\/www.africa-press.net\/tchad\/wp-json\/wp\/v2\/posts"}],"about":[{"href":"https:\/\/www.africa-press.net\/tchad\/wp-json\/wp\/v2\/types\/post"}],"author":[{"embeddable":true,"href":"https:\/\/www.africa-press.net\/tchad\/wp-json\/wp\/v2\/users\/82"}],"replies":[{"embeddable":true,"href":"https:\/\/www.africa-press.net\/tchad\/wp-json\/wp\/v2\/comments?post=28710"}],"version-history":[{"count":0,"href":"https:\/\/www.africa-press.net\/tchad\/wp-json\/wp\/v2\/posts\/28710\/revisions"}],"wp:featuredmedia":[{"embeddable":true,"href":"https:\/\/www.africa-press.net\/tchad\/wp-json\/wp\/v2\/media\/28709"}],"wp:attachment":[{"href":"https:\/\/www.africa-press.net\/tchad\/wp-json\/wp\/v2\/media?parent=28710"}],"wp:term":[{"taxonomy":"category","embeddable":true,"href":"https:\/\/www.africa-press.net\/tchad\/wp-json\/wp\/v2\/categories?post=28710"},{"taxonomy":"post_tag","embeddable":true,"href":"https:\/\/www.africa-press.net\/tchad\/wp-json\/wp\/v2\/tags?post=28710"}],"curies":[{"name":"wp","href":"https:\/\/api.w.org\/{rel}","templated":true}]}}