{"id":28731,"date":"2022-07-12T11:14:00","date_gmt":"2022-07-12T11:14:00","guid":{"rendered":"https:\/\/www.africa-press.net\/tchad\/politique\/logone-oriental-accuse-du-detournement-de-150-sacs-de-cereales-le-prefet-de-kouh-est-fait-planer-la-confusion"},"modified":"2022-07-12T12:31:28","modified_gmt":"2022-07-12T12:31:28","slug":"logone-oriental-accuse-du-detournement-de-150-sacs-de-cereales-le-prefet-de-kouh-est-fait-planer-la-confusion","status":"publish","type":"post","link":"https:\/\/www.africa-press.net\/tchad\/toutes-les-actualites\/logone-oriental-accuse-du-detournement-de-150-sacs-de-cereales-le-prefet-de-kouh-est-fait-planer-la-confusion","title":{"rendered":"Logone Oriental : accus\u00e9 du d\u00e9tournement de 150 sacs de c\u00e9r\u00e9ales, le pr\u00e9fet de Kouh-Est fait planer la confusion"},"content":{"rendered":"<p><span style=\"color: #ff6600\"><strong>Africa-Press &#8211; Tchad. <\/strong><\/span>Dans un communiqu\u00e9 de presse, le R\u00e9seau des organisations de la soci\u00e9t\u00e9 civile du Logone Oriental (Rosoc-Lor), accuse le pr\u00e9fet du d\u00e9partement de Kouh-Est, Ahmat Hissein Awini, de s\u2019\u00eatre appropri\u00e9 150 sacs de c\u00e9r\u00e9ales destin\u00e9s \u00e0 la vente subventionn\u00e9e aux couches vuln\u00e9rables. Contact\u00e9 par la radio la Voix du paysan de Doba, le pr\u00e9fet a pr\u00e9f\u00e9r\u00e9 renvoyer cette question \u00e0 son chef de bureau.<\/p>\n<p>Le Rosoc-Lor dit d\u00e9plorer le \u00ab comportement \u00bb du pr\u00e9fet de Kouh-Est dans la gestion des sacs de c\u00e9r\u00e9ales subventionn\u00e9es (riz et ma\u00efs) mis \u00e0 la disposition des m\u00e9nages vuln\u00e9rables. Le R\u00e9seau a compt\u00e9 100 sacs de riz de 50 kilogrammes et 100 sacs de ma\u00efs de 100 kilogrammes destin\u00e9s aux sous-pr\u00e9fectures de Bodo rural, Bedjo et Beti. \u00ab Le pr\u00e9fet, lui seul, a enlev\u00e9 du magasin 100 sacs de riz et 50 sacs de ma\u00efs \u00bb, informe-t-il.<\/p>\n<p>Le Resoc-Lor accuse \u00e9galement le sous-pr\u00e9fet de Bodo d\u2019avoir retir\u00e9 les 50 sacs restants de ma\u00efs. \u00ab Les sous-pr\u00e9fets de Bedjo et Beti n\u2019ont que les yeux pour pleurer car le magasin est vide \u00bb, d\u00e9plore-t-il.<\/p>\n<p>Pour le sous-pr\u00e9fet de Bodo contact\u00e9 par la radio, \u00e0 son niveau, il n\u2019y a pas eu de d\u00e9tournement. \u00ab Ces 50 sacs sont stock\u00e9s \u00e0 Bodo. C\u2019est au vu des listes des personnes, il n\u2019y a pas de d\u00e9tournement. Nous sommes en train de lutter pour la population, si 150 sacs sont port\u00e9s disparus, c\u2019est tr\u00e8s grave. M\u00eame les 50 sacs qu\u2019on a eu, le pr\u00e9fet a appel\u00e9 pour dire qu\u2019on ne distribue pas aux personnes vuln\u00e9rables \u00bb, affirme-t-il.<\/p>\n<p>Principalement mis en cause dans cette affaire, le pr\u00e9fet de Kouh-Est, Ahmat Hissein Awini, n\u2019a ni confirm\u00e9, ni infirm\u00e9 l\u2019accusation port\u00e9e \u00e0 son encontre. \u00ab Je suis actuellement \u00e0 N\u2019Djam\u00e9na. Il y a quelqu\u2019un qui assure mon int\u00e9rim l\u00e0-bas. Je vous donne son num\u00e9ro. Il faut l\u2019appeler \u00bb, se d\u00e9robe-t-il.<\/p>\n<p>Son chef de bureau dit ne pas \u00eatre en mesure de donner des d\u00e9tails . \u00ab Vous aviez bien dit que c\u2019est le pr\u00e9fet qui est accus\u00e9. Quand une personne est accus\u00e9e, \u00e7a appartient \u00e0 elle de se d\u00e9fendre. Il y avait un message qui demandait qu\u2019on informe la population parce qu\u2019on a 200 sacs de riz et ma\u00efs confondus \u00e0 l\u2019Office national de s\u00e9curit\u00e9 alimentaire (Onasa). On a pass\u00e9 le m\u00eame message aux sous-pr\u00e9fets et on attendait. (\u2026) Je n\u2019ai pas de preuve pour dire oui ou non si ces sacs ont \u00e9t\u00e9 d\u00e9tourn\u00e9s par le pr\u00e9fet. Il n\u2019y a que lui-m\u00eame pour bien expliquer\u00bb.<\/p>\n<p><strong>Pour plus d&rsquo;informations et d&rsquo;analyses sur la <a href=\"https:\/\/www.africa-press.net\/tchad\">Tchad<\/a>, suivez <a href=\"https:\/\/www.africa-press.net\/\">Africa-Press<\/a><\/strong><\/p>\n","protected":false},"excerpt":{"rendered":"<p>Africa-Press &#8211; Tchad. Dans un communiqu\u00e9 de presse, le R\u00e9seau des organisations de la soci\u00e9t\u00e9 civile du Logone Oriental (Rosoc-Lor), accuse le pr\u00e9fet du d\u00e9partement de Kouh-Est, Ahmat Hissein Awini, de s\u2019\u00eatre appropri\u00e9 150 sacs de c\u00e9r\u00e9ales destin\u00e9s \u00e0 la vente subventionn\u00e9e aux couches vuln\u00e9rables. Contact\u00e9 par la radio la Voix du paysan de Doba, [&hellip;]<\/p>\n","protected":false},"author":82,"featured_media":28730,"comment_status":"open","ping_status":"closed","sticky":false,"template":"","format":"standard","meta":{"footnotes":""},"categories":[21,11,10],"tags":[37,292,29],"class_list":["post-28731","post","type-post","status-publish","format-standard","has-post-thumbnail","hentry","category-communaute","category-homepage-french","category-toutes-les-actualites","tag-africa-press","tag-africa-press-tchad","tag-tchad"],"yoast_head":"<!-- This site is optimized with the Yoast SEO Premium plugin v26.1 (Yoast SEO v27.0) - https:\/\/yoast.com\/product\/yoast-seo-premium-wordpress\/ -->\n<title>Logone Oriental : accus\u00e9 du d\u00e9tournement de 150 sacs de c\u00e9r\u00e9ales, le pr\u00e9fet de Kouh-Est fait planer la confusion - tchad<\/title>\n<meta name=\"description\" content=\"Dans un communiqu\u00e9 de presse, le R\u00e9seau des organisations de la soci\u00e9t\u00e9 civile du Logone Oriental (Rosoc-Lor), accuse le ...\" \/>\n<meta name=\"robots\" content=\"index, follow, max-snippet:-1, max-image-preview:large, max-video-preview:-1\" \/>\n<link rel=\"canonical\" href=\"https:\/\/www.africa-press.net\/tchad\/toutes-les-actualites\/logone-oriental-accuse-du-detournement-de-150-sacs-de-cereales-le-prefet-de-kouh-est-fait-planer-la-confusion\" \/>\n<meta property=\"og:locale\" content=\"fr_FR\" \/>\n<meta property=\"og:type\" content=\"article\" \/>\n<meta property=\"og:title\" content=\"Logone Oriental : accus\u00e9 du d\u00e9tournement de 150 sacs de c\u00e9r\u00e9ales, le pr\u00e9fet de Kouh-Est fait planer la confusion\" \/>\n<meta property=\"og:description\" content=\"Dans un communiqu\u00e9 de presse, le R\u00e9seau des organisations de la soci\u00e9t\u00e9 civile du Logone Oriental (Rosoc-Lor), accuse le ...\" \/>\n<meta property=\"og:url\" content=\"https:\/\/www.africa-press.net\/tchad\/toutes-les-actualites\/logone-oriental-accuse-du-detournement-de-150-sacs-de-cereales-le-prefet-de-kouh-est-fait-planer-la-confusion\" \/>\n<meta property=\"og:site_name\" content=\"tchad\" \/>\n<meta property=\"article:published_time\" content=\"2022-07-12T11:14:00+00:00\" \/>\n<meta property=\"article:modified_time\" content=\"2022-07-12T12:31:28+00:00\" \/>\n<meta property=\"og:image\" content=\"https:\/\/static.africa-press.net\/tchad\/sites\/41\/2022\/07\/postQueueImg_10-62cd698f64c94.jpg\" \/>\n\t<meta property=\"og:image:width\" content=\"768\" \/>\n\t<meta property=\"og:image:height\" content=\"512\" \/>\n\t<meta property=\"og:image:type\" content=\"image\/jpeg\" \/>\n<meta name=\"author\" content=\"cfeditorfr\" \/>\n<meta name=\"twitter:card\" content=\"summary_large_image\" \/>\n<meta name=\"twitter:label1\" content=\"\u00c9crit par\" \/>\n\t<meta name=\"twitter:data1\" content=\"cfeditorfr\" \/>\n\t<meta name=\"twitter:label2\" content=\"Dur\u00e9e de lecture estim\u00e9e\" \/>\n\t<meta name=\"twitter:data2\" content=\"2 minutes\" \/>\n<script type=\"application\/ld+json\" class=\"yoast-schema-graph\">{\"@context\":\"https:\/\/schema.org\",\"@graph\":[{\"@type\":\"Article\",\"@id\":\"https:\/\/www.africa-press.net\/tchad\/toutes-les-actualites\/logone-oriental-accuse-du-detournement-de-150-sacs-de-cereales-le-prefet-de-kouh-est-fait-planer-la-confusion#article\",\"isPartOf\":{\"@id\":\"https:\/\/www.africa-press.net\/tchad\/toutes-les-actualites\/logone-oriental-accuse-du-detournement-de-150-sacs-de-cereales-le-prefet-de-kouh-est-fait-planer-la-confusion\"},\"author\":{\"name\":\"cfeditorfr\",\"@id\":\"https:\/\/www.africa-press.net\/tchad\/#\/schema\/person\/2b1cf3cd81a31e3cd26889ca66d677f1\"},\"headline\":\"Logone Oriental : accus\u00e9 du d\u00e9tournement de 150 sacs de c\u00e9r\u00e9ales, le pr\u00e9fet de Kouh-Est fait planer la confusion\",\"datePublished\":\"2022-07-12T11:14:00+00:00\",\"dateModified\":\"2022-07-12T12:31:28+00:00\",\"mainEntityOfPage\":{\"@id\":\"https:\/\/www.africa-press.net\/tchad\/toutes-les-actualites\/logone-oriental-accuse-du-detournement-de-150-sacs-de-cereales-le-prefet-de-kouh-est-fait-planer-la-confusion\"},\"wordCount\":494,\"commentCount\":0,\"image\":{\"@id\":\"https:\/\/www.africa-press.net\/tchad\/toutes-les-actualites\/logone-oriental-accuse-du-detournement-de-150-sacs-de-cereales-le-prefet-de-kouh-est-fait-planer-la-confusion#primaryimage\"},\"thumbnailUrl\":\"https:\/\/static.africa-press.net\/tchad\/sites\/41\/2022\/07\/postQueueImg_10-62cd698f64c94.jpg\",\"keywords\":[\"Africa Press\",\"Africa Press-Tchad\",\"Tchad\"],\"articleSection\":[\"Communaut\u00e9\",\"homepage-french\",\"Toutes les actualit\u00e9s\"],\"inLanguage\":\"fr-FR\",\"potentialAction\":[{\"@type\":\"CommentAction\",\"name\":\"Comment\",\"target\":[\"https:\/\/www.africa-press.net\/tchad\/toutes-les-actualites\/logone-oriental-accuse-du-detournement-de-150-sacs-de-cereales-le-prefet-de-kouh-est-fait-planer-la-confusion#respond\"]}]},{\"@type\":\"WebPage\",\"@id\":\"https:\/\/www.africa-press.net\/tchad\/toutes-les-actualites\/logone-oriental-accuse-du-detournement-de-150-sacs-de-cereales-le-prefet-de-kouh-est-fait-planer-la-confusion\",\"url\":\"https:\/\/www.africa-press.net\/tchad\/toutes-les-actualites\/logone-oriental-accuse-du-detournement-de-150-sacs-de-cereales-le-prefet-de-kouh-est-fait-planer-la-confusion\",\"name\":\"Logone Oriental : accus\u00e9 du d\u00e9tournement de 150 sacs de c\u00e9r\u00e9ales, le pr\u00e9fet de Kouh-Est fait planer la confusion - tchad\",\"isPartOf\":{\"@id\":\"https:\/\/www.africa-press.net\/tchad\/#website\"},\"primaryImageOfPage\":{\"@id\":\"https:\/\/www.africa-press.net\/tchad\/toutes-les-actualites\/logone-oriental-accuse-du-detournement-de-150-sacs-de-cereales-le-prefet-de-kouh-est-fait-planer-la-confusion#primaryimage\"},\"image\":{\"@id\":\"https:\/\/www.africa-press.net\/tchad\/toutes-les-actualites\/logone-oriental-accuse-du-detournement-de-150-sacs-de-cereales-le-prefet-de-kouh-est-fait-planer-la-confusion#primaryimage\"},\"thumbnailUrl\":\"https:\/\/static.africa-press.net\/tchad\/sites\/41\/2022\/07\/postQueueImg_10-62cd698f64c94.jpg\",\"datePublished\":\"2022-07-12T11:14:00+00:00\",\"dateModified\":\"2022-07-12T12:31:28+00:00\",\"author\":{\"@id\":\"https:\/\/www.africa-press.net\/tchad\/#\/schema\/person\/2b1cf3cd81a31e3cd26889ca66d677f1\"},\"description\":\"Dans un communiqu\u00e9 de presse, le R\u00e9seau des organisations de la soci\u00e9t\u00e9 civile du Logone Oriental (Rosoc-Lor), accuse le ...\",\"breadcrumb\":{\"@id\":\"https:\/\/www.africa-press.net\/tchad\/toutes-les-actualites\/logone-oriental-accuse-du-detournement-de-150-sacs-de-cereales-le-prefet-de-kouh-est-fait-planer-la-confusion#breadcrumb\"},\"inLanguage\":\"fr-FR\",\"potentialAction\":[{\"@type\":\"ReadAction\",\"target\":[\"https:\/\/www.africa-press.net\/tchad\/toutes-les-actualites\/logone-oriental-accuse-du-detournement-de-150-sacs-de-cereales-le-prefet-de-kouh-est-fait-planer-la-confusion\"]}]},{\"@type\":\"ImageObject\",\"inLanguage\":\"fr-FR\",\"@id\":\"https:\/\/www.africa-press.net\/tchad\/toutes-les-actualites\/logone-oriental-accuse-du-detournement-de-150-sacs-de-cereales-le-prefet-de-kouh-est-fait-planer-la-confusion#primaryimage\",\"url\":\"https:\/\/static.africa-press.net\/tchad\/sites\/41\/2022\/07\/postQueueImg_10-62cd698f64c94.jpg\",\"contentUrl\":\"https:\/\/static.africa-press.net\/tchad\/sites\/41\/2022\/07\/postQueueImg_10-62cd698f64c94.jpg\",\"width\":768,\"height\":512,\"caption\":\"Logone Oriental : accus\u00e9 du d\u00e9tournement de 150 sacs de c\u00e9r\u00e9ales, le pr\u00e9fet de Kouh-Est fait planer la confusion\"},{\"@type\":\"BreadcrumbList\",\"@id\":\"https:\/\/www.africa-press.net\/tchad\/toutes-les-actualites\/logone-oriental-accuse-du-detournement-de-150-sacs-de-cereales-le-prefet-de-kouh-est-fait-planer-la-confusion#breadcrumb\",\"itemListElement\":[{\"@type\":\"ListItem\",\"position\":1,\"name\":\"Accueil\",\"item\":\"https:\/\/www.africa-press.net\/tchad\/\"},{\"@type\":\"ListItem\",\"position\":2,\"name\":\"Logone Oriental : accus\u00e9 du d\u00e9tournement de 150 sacs de c\u00e9r\u00e9ales, le pr\u00e9fet de Kouh-Est fait planer la confusion\"}]},{\"@type\":\"WebSite\",\"@id\":\"https:\/\/www.africa-press.net\/tchad\/#website\",\"url\":\"https:\/\/www.africa-press.net\/tchad\/\",\"name\":\"tchad\",\"description\":\"Just another Africa News Agency Sites site\",\"potentialAction\":[{\"@type\":\"SearchAction\",\"target\":{\"@type\":\"EntryPoint\",\"urlTemplate\":\"https:\/\/www.africa-press.net\/tchad\/?s={search_term_string}\"},\"query-input\":{\"@type\":\"PropertyValueSpecification\",\"valueRequired\":true,\"valueName\":\"search_term_string\"}}],\"inLanguage\":\"fr-FR\"},{\"@type\":\"Person\",\"@id\":\"https:\/\/www.africa-press.net\/tchad\/#\/schema\/person\/2b1cf3cd81a31e3cd26889ca66d677f1\",\"name\":\"cfeditorfr\"}]}<\/script>\n<!-- \/ Yoast SEO Premium plugin. -->","yoast_head_json":{"title":"Logone Oriental : accus\u00e9 du d\u00e9tournement de 150 sacs de c\u00e9r\u00e9ales, le pr\u00e9fet de Kouh-Est fait planer la confusion - tchad","description":"Dans un communiqu\u00e9 de presse, le R\u00e9seau des organisations de la soci\u00e9t\u00e9 civile du Logone Oriental (Rosoc-Lor), accuse le ...","robots":{"index":"index","follow":"follow","max-snippet":"max-snippet:-1","max-image-preview":"max-image-preview:large","max-video-preview":"max-video-preview:-1"},"canonical":"https:\/\/www.africa-press.net\/tchad\/toutes-les-actualites\/logone-oriental-accuse-du-detournement-de-150-sacs-de-cereales-le-prefet-de-kouh-est-fait-planer-la-confusion","og_locale":"fr_FR","og_type":"article","og_title":"Logone Oriental : accus\u00e9 du d\u00e9tournement de 150 sacs de c\u00e9r\u00e9ales, le pr\u00e9fet de Kouh-Est fait planer la confusion","og_description":"Dans un communiqu\u00e9 de presse, le R\u00e9seau des organisations de la soci\u00e9t\u00e9 civile du Logone Oriental (Rosoc-Lor), accuse le ...","og_url":"https:\/\/www.africa-press.net\/tchad\/toutes-les-actualites\/logone-oriental-accuse-du-detournement-de-150-sacs-de-cereales-le-prefet-de-kouh-est-fait-planer-la-confusion","og_site_name":"tchad","article_published_time":"2022-07-12T11:14:00+00:00","article_modified_time":"2022-07-12T12:31:28+00:00","og_image":[{"width":768,"height":512,"url":"https:\/\/static.africa-press.net\/tchad\/sites\/41\/2022\/07\/postQueueImg_10-62cd698f64c94.jpg","type":"image\/jpeg"}],"author":"cfeditorfr","twitter_card":"summary_large_image","twitter_misc":{"\u00c9crit par":"cfeditorfr","Dur\u00e9e de lecture estim\u00e9e":"2 minutes"},"schema":{"@context":"https:\/\/schema.org","@graph":[{"@type":"Article","@id":"https:\/\/www.africa-press.net\/tchad\/toutes-les-actualites\/logone-oriental-accuse-du-detournement-de-150-sacs-de-cereales-le-prefet-de-kouh-est-fait-planer-la-confusion#article","isPartOf":{"@id":"https:\/\/www.africa-press.net\/tchad\/toutes-les-actualites\/logone-oriental-accuse-du-detournement-de-150-sacs-de-cereales-le-prefet-de-kouh-est-fait-planer-la-confusion"},"author":{"name":"cfeditorfr","@id":"https:\/\/www.africa-press.net\/tchad\/#\/schema\/person\/2b1cf3cd81a31e3cd26889ca66d677f1"},"headline":"Logone Oriental : accus\u00e9 du d\u00e9tournement de 150 sacs de c\u00e9r\u00e9ales, le pr\u00e9fet de Kouh-Est fait planer la confusion","datePublished":"2022-07-12T11:14:00+00:00","dateModified":"2022-07-12T12:31:28+00:00","mainEntityOfPage":{"@id":"https:\/\/www.africa-press.net\/tchad\/toutes-les-actualites\/logone-oriental-accuse-du-detournement-de-150-sacs-de-cereales-le-prefet-de-kouh-est-fait-planer-la-confusion"},"wordCount":494,"commentCount":0,"image":{"@id":"https:\/\/www.africa-press.net\/tchad\/toutes-les-actualites\/logone-oriental-accuse-du-detournement-de-150-sacs-de-cereales-le-prefet-de-kouh-est-fait-planer-la-confusion#primaryimage"},"thumbnailUrl":"https:\/\/static.africa-press.net\/tchad\/sites\/41\/2022\/07\/postQueueImg_10-62cd698f64c94.jpg","keywords":["Africa Press","Africa Press-Tchad","Tchad"],"articleSection":["Communaut\u00e9","homepage-french","Toutes les actualit\u00e9s"],"inLanguage":"fr-FR","potentialAction":[{"@type":"CommentAction","name":"Comment","target":["https:\/\/www.africa-press.net\/tchad\/toutes-les-actualites\/logone-oriental-accuse-du-detournement-de-150-sacs-de-cereales-le-prefet-de-kouh-est-fait-planer-la-confusion#respond"]}]},{"@type":"WebPage","@id":"https:\/\/www.africa-press.net\/tchad\/toutes-les-actualites\/logone-oriental-accuse-du-detournement-de-150-sacs-de-cereales-le-prefet-de-kouh-est-fait-planer-la-confusion","url":"https:\/\/www.africa-press.net\/tchad\/toutes-les-actualites\/logone-oriental-accuse-du-detournement-de-150-sacs-de-cereales-le-prefet-de-kouh-est-fait-planer-la-confusion","name":"Logone Oriental : accus\u00e9 du d\u00e9tournement de 150 sacs de c\u00e9r\u00e9ales, le pr\u00e9fet de Kouh-Est fait planer la confusion - tchad","isPartOf":{"@id":"https:\/\/www.africa-press.net\/tchad\/#website"},"primaryImageOfPage":{"@id":"https:\/\/www.africa-press.net\/tchad\/toutes-les-actualites\/logone-oriental-accuse-du-detournement-de-150-sacs-de-cereales-le-prefet-de-kouh-est-fait-planer-la-confusion#primaryimage"},"image":{"@id":"https:\/\/www.africa-press.net\/tchad\/toutes-les-actualites\/logone-oriental-accuse-du-detournement-de-150-sacs-de-cereales-le-prefet-de-kouh-est-fait-planer-la-confusion#primaryimage"},"thumbnailUrl":"https:\/\/static.africa-press.net\/tchad\/sites\/41\/2022\/07\/postQueueImg_10-62cd698f64c94.jpg","datePublished":"2022-07-12T11:14:00+00:00","dateModified":"2022-07-12T12:31:28+00:00","author":{"@id":"https:\/\/www.africa-press.net\/tchad\/#\/schema\/person\/2b1cf3cd81a31e3cd26889ca66d677f1"},"description":"Dans un communiqu\u00e9 de presse, le R\u00e9seau des organisations de la soci\u00e9t\u00e9 civile du Logone Oriental (Rosoc-Lor), accuse le ...","breadcrumb":{"@id":"https:\/\/www.africa-press.net\/tchad\/toutes-les-actualites\/logone-oriental-accuse-du-detournement-de-150-sacs-de-cereales-le-prefet-de-kouh-est-fait-planer-la-confusion#breadcrumb"},"inLanguage":"fr-FR","potentialAction":[{"@type":"ReadAction","target":["https:\/\/www.africa-press.net\/tchad\/toutes-les-actualites\/logone-oriental-accuse-du-detournement-de-150-sacs-de-cereales-le-prefet-de-kouh-est-fait-planer-la-confusion"]}]},{"@type":"ImageObject","inLanguage":"fr-FR","@id":"https:\/\/www.africa-press.net\/tchad\/toutes-les-actualites\/logone-oriental-accuse-du-detournement-de-150-sacs-de-cereales-le-prefet-de-kouh-est-fait-planer-la-confusion#primaryimage","url":"https:\/\/static.africa-press.net\/tchad\/sites\/41\/2022\/07\/postQueueImg_10-62cd698f64c94.jpg","contentUrl":"https:\/\/static.africa-press.net\/tchad\/sites\/41\/2022\/07\/postQueueImg_10-62cd698f64c94.jpg","width":768,"height":512,"caption":"Logone Oriental : accus\u00e9 du d\u00e9tournement de 150 sacs de c\u00e9r\u00e9ales, le pr\u00e9fet de Kouh-Est fait planer la confusion"},{"@type":"BreadcrumbList","@id":"https:\/\/www.africa-press.net\/tchad\/toutes-les-actualites\/logone-oriental-accuse-du-detournement-de-150-sacs-de-cereales-le-prefet-de-kouh-est-fait-planer-la-confusion#breadcrumb","itemListElement":[{"@type":"ListItem","position":1,"name":"Accueil","item":"https:\/\/www.africa-press.net\/tchad\/"},{"@type":"ListItem","position":2,"name":"Logone Oriental : accus\u00e9 du d\u00e9tournement de 150 sacs de c\u00e9r\u00e9ales, le pr\u00e9fet de Kouh-Est fait planer la confusion"}]},{"@type":"WebSite","@id":"https:\/\/www.africa-press.net\/tchad\/#website","url":"https:\/\/www.africa-press.net\/tchad\/","name":"tchad","description":"Just another Africa News Agency Sites site","potentialAction":[{"@type":"SearchAction","target":{"@type":"EntryPoint","urlTemplate":"https:\/\/www.africa-press.net\/tchad\/?s={search_term_string}"},"query-input":{"@type":"PropertyValueSpecification","valueRequired":true,"valueName":"search_term_string"}}],"inLanguage":"fr-FR"},{"@type":"Person","@id":"https:\/\/www.africa-press.net\/tchad\/#\/schema\/person\/2b1cf3cd81a31e3cd26889ca66d677f1","name":"cfeditorfr"}]}},"_links":{"self":[{"href":"https:\/\/www.africa-press.net\/tchad\/wp-json\/wp\/v2\/posts\/28731","targetHints":{"allow":["GET"]}}],"collection":[{"href":"https:\/\/www.africa-press.net\/tchad\/wp-json\/wp\/v2\/posts"}],"about":[{"href":"https:\/\/www.africa-press.net\/tchad\/wp-json\/wp\/v2\/types\/post"}],"author":[{"embeddable":true,"href":"https:\/\/www.africa-press.net\/tchad\/wp-json\/wp\/v2\/users\/82"}],"replies":[{"embeddable":true,"href":"https:\/\/www.africa-press.net\/tchad\/wp-json\/wp\/v2\/comments?post=28731"}],"version-history":[{"count":0,"href":"https:\/\/www.africa-press.net\/tchad\/wp-json\/wp\/v2\/posts\/28731\/revisions"}],"wp:featuredmedia":[{"embeddable":true,"href":"https:\/\/www.africa-press.net\/tchad\/wp-json\/wp\/v2\/media\/28730"}],"wp:attachment":[{"href":"https:\/\/www.africa-press.net\/tchad\/wp-json\/wp\/v2\/media?parent=28731"}],"wp:term":[{"taxonomy":"category","embeddable":true,"href":"https:\/\/www.africa-press.net\/tchad\/wp-json\/wp\/v2\/categories?post=28731"},{"taxonomy":"post_tag","embeddable":true,"href":"https:\/\/www.africa-press.net\/tchad\/wp-json\/wp\/v2\/tags?post=28731"}],"curies":[{"name":"wp","href":"https:\/\/api.w.org\/{rel}","templated":true}]}}