{"id":28734,"date":"2022-07-12T11:14:41","date_gmt":"2022-07-12T11:14:41","guid":{"rendered":"https:\/\/www.africa-press.net\/tchad\/politique\/cemac-le-conseil-des-bureaux-de-la-carte-rose-en-session-extraordinaire-a-ndjamena"},"modified":"2022-07-12T12:31:57","modified_gmt":"2022-07-12T12:31:57","slug":"cemac-le-conseil-des-bureaux-de-la-carte-rose-en-session-extraordinaire-a-ndjamena","status":"publish","type":"post","link":"https:\/\/www.africa-press.net\/tchad\/politique\/cemac-le-conseil-des-bureaux-de-la-carte-rose-en-session-extraordinaire-a-ndjamena","title":{"rendered":"Cemac : le Conseil des Bureaux de la carte Rose en session extraordinaire \u00e0 N\u2019Djamena"},"content":{"rendered":"<p><span style=\"color: #ff6600\"><strong>Africa-Press &#8211; Tchad. <\/strong><\/span>Les directeurs et chefs de service des \u00e9tablissements d\u2019assurances de l\u2019ensemble des pays de la Cemac ont effectu\u00e9 le d\u00e9placement \u00e0 N\u2019Djamena pour prendre part \u00e0 la 22\u00e8me session extraordinaire du Conseil des Bureaux du Syst\u00e8me International de la carte Rose.<\/p>\n<p>\u00ab Le gouvernement de la R\u00e9publique du Tchad est honor\u00e9 d\u2019abriter cette session extraordinaire de la carte Rose Cemac \u00bb se r\u00e9jouit le ministre des Finances et du Budget, Tahir Hamdi Niguilin.<\/p>\n<p>La carte Rose qui est cr\u00e9\u00e9 en 1993, est d\u00e9livr\u00e9e aux automobilistes assur\u00e9s pour circuler dans toute la Cemac avec la m\u00eame assurance d\u00e9livr\u00e9e dans l\u2019un des \u00c9tats membres. \u00ab C\u2019est l\u2019un des plus beaux instruments sous-r\u00e9gionaux en Afrique Centrale \u00bb se f\u00e9licite le ministre des Finances.<\/p>\n<p>Pendant cinq jours (11-15 juillet), les participants \u00e0 cette session d\u00e9battront de diff\u00e9rents probl\u00e8mes qui gangr\u00e8nent le bon fonctionnement du Conseil des Bureaux de la carte Rose Cemac. Il s\u2019agit entre autres la revalorisation du prix de cession des cartes Rose ; examiner les probl\u00e8mes de violation des textes de la Cemac\u2026<\/p>\n<p><strong>Pour plus d&rsquo;informations et d&rsquo;analyses sur la <a href=\"https:\/\/www.africa-press.net\/tchad\">Tchad<\/a>, suivez <a href=\"https:\/\/www.africa-press.net\/\">Africa-Press<\/a><\/strong><\/p>\n","protected":false},"excerpt":{"rendered":"<p>Africa-Press &#8211; Tchad. Les directeurs et chefs de service des \u00e9tablissements d\u2019assurances de l\u2019ensemble des pays de la Cemac ont effectu\u00e9 le d\u00e9placement \u00e0 N\u2019Djamena pour prendre part \u00e0 la 22\u00e8me session extraordinaire du Conseil des Bureaux du Syst\u00e8me International de la carte Rose. \u00ab Le gouvernement de la R\u00e9publique du Tchad est honor\u00e9 d\u2019abriter [&hellip;]<\/p>\n","protected":false},"author":82,"featured_media":28733,"comment_status":"open","ping_status":"closed","sticky":false,"template":"","format":"standard","meta":{"footnotes":""},"categories":[11,2,20,10],"tags":[37,292,29],"class_list":["post-28734","post","type-post","status-publish","format-standard","has-post-thumbnail","hentry","category-homepage-french","category-politique","category-top-nouvelles","category-toutes-les-actualites","tag-africa-press","tag-africa-press-tchad","tag-tchad"],"yoast_head":"<!-- This site is optimized with the Yoast SEO Premium plugin v26.1 (Yoast SEO v27.0) - https:\/\/yoast.com\/product\/yoast-seo-premium-wordpress\/ -->\n<title>Cemac : le Conseil des Bureaux de la carte Rose en session extraordinaire \u00e0 N\u2019Djamena - tchad<\/title>\n<meta name=\"description\" content=\"Les directeurs et chefs de service des \u00e9tablissements d\u2019assurances de l\u2019ensemble des pays de la Cemac ont effectu\u00e9 le d\u00e9 ...\" \/>\n<meta name=\"robots\" content=\"index, follow, max-snippet:-1, max-image-preview:large, max-video-preview:-1\" \/>\n<link rel=\"canonical\" href=\"https:\/\/www.africa-press.net\/tchad\/politique\/cemac-le-conseil-des-bureaux-de-la-carte-rose-en-session-extraordinaire-a-ndjamena\" \/>\n<meta property=\"og:locale\" content=\"fr_FR\" \/>\n<meta property=\"og:type\" content=\"article\" \/>\n<meta property=\"og:title\" content=\"Cemac : le Conseil des Bureaux de la carte Rose en session extraordinaire \u00e0 N\u2019Djamena\" \/>\n<meta property=\"og:description\" content=\"Les directeurs et chefs de service des \u00e9tablissements d\u2019assurances de l\u2019ensemble des pays de la Cemac ont effectu\u00e9 le d\u00e9 ...\" \/>\n<meta property=\"og:url\" content=\"https:\/\/www.africa-press.net\/tchad\/politique\/cemac-le-conseil-des-bureaux-de-la-carte-rose-en-session-extraordinaire-a-ndjamena\" \/>\n<meta property=\"og:site_name\" content=\"tchad\" \/>\n<meta property=\"article:published_time\" content=\"2022-07-12T11:14:41+00:00\" \/>\n<meta property=\"article:modified_time\" content=\"2022-07-12T12:31:57+00:00\" \/>\n<meta property=\"og:image\" content=\"https:\/\/static.africa-press.net\/tchad\/sites\/41\/2022\/07\/postQueueImg_11-62cd69a62b9b6.jpg\" \/>\n\t<meta property=\"og:image:width\" content=\"768\" \/>\n\t<meta property=\"og:image:height\" content=\"358\" \/>\n\t<meta property=\"og:image:type\" content=\"image\/jpeg\" \/>\n<meta name=\"author\" content=\"cfeditorfr\" \/>\n<meta name=\"twitter:card\" content=\"summary_large_image\" \/>\n<meta name=\"twitter:label1\" content=\"\u00c9crit par\" \/>\n\t<meta name=\"twitter:data1\" content=\"cfeditorfr\" \/>\n\t<meta name=\"twitter:label2\" content=\"Dur\u00e9e de lecture estim\u00e9e\" \/>\n\t<meta name=\"twitter:data2\" content=\"1 minute\" \/>\n<script type=\"application\/ld+json\" class=\"yoast-schema-graph\">{\"@context\":\"https:\/\/schema.org\",\"@graph\":[{\"@type\":\"Article\",\"@id\":\"https:\/\/www.africa-press.net\/tchad\/politique\/cemac-le-conseil-des-bureaux-de-la-carte-rose-en-session-extraordinaire-a-ndjamena#article\",\"isPartOf\":{\"@id\":\"https:\/\/www.africa-press.net\/tchad\/politique\/cemac-le-conseil-des-bureaux-de-la-carte-rose-en-session-extraordinaire-a-ndjamena\"},\"author\":{\"name\":\"cfeditorfr\",\"@id\":\"https:\/\/www.africa-press.net\/tchad\/#\/schema\/person\/2b1cf3cd81a31e3cd26889ca66d677f1\"},\"headline\":\"Cemac : le Conseil des Bureaux de la carte Rose en session extraordinaire \u00e0 N\u2019Djamena\",\"datePublished\":\"2022-07-12T11:14:41+00:00\",\"dateModified\":\"2022-07-12T12:31:57+00:00\",\"mainEntityOfPage\":{\"@id\":\"https:\/\/www.africa-press.net\/tchad\/politique\/cemac-le-conseil-des-bureaux-de-la-carte-rose-en-session-extraordinaire-a-ndjamena\"},\"wordCount\":217,\"commentCount\":0,\"image\":{\"@id\":\"https:\/\/www.africa-press.net\/tchad\/politique\/cemac-le-conseil-des-bureaux-de-la-carte-rose-en-session-extraordinaire-a-ndjamena#primaryimage\"},\"thumbnailUrl\":\"https:\/\/static.africa-press.net\/tchad\/sites\/41\/2022\/07\/postQueueImg_11-62cd69a62b9b6.jpg\",\"keywords\":[\"Africa Press\",\"Africa Press-Tchad\",\"Tchad\"],\"articleSection\":[\"homepage-french\",\"Politique\",\"Top Nouvelles\",\"Toutes les actualit\u00e9s\"],\"inLanguage\":\"fr-FR\",\"potentialAction\":[{\"@type\":\"CommentAction\",\"name\":\"Comment\",\"target\":[\"https:\/\/www.africa-press.net\/tchad\/politique\/cemac-le-conseil-des-bureaux-de-la-carte-rose-en-session-extraordinaire-a-ndjamena#respond\"]}]},{\"@type\":\"WebPage\",\"@id\":\"https:\/\/www.africa-press.net\/tchad\/politique\/cemac-le-conseil-des-bureaux-de-la-carte-rose-en-session-extraordinaire-a-ndjamena\",\"url\":\"https:\/\/www.africa-press.net\/tchad\/politique\/cemac-le-conseil-des-bureaux-de-la-carte-rose-en-session-extraordinaire-a-ndjamena\",\"name\":\"Cemac : le Conseil des Bureaux de la carte Rose en session extraordinaire \u00e0 N\u2019Djamena - tchad\",\"isPartOf\":{\"@id\":\"https:\/\/www.africa-press.net\/tchad\/#website\"},\"primaryImageOfPage\":{\"@id\":\"https:\/\/www.africa-press.net\/tchad\/politique\/cemac-le-conseil-des-bureaux-de-la-carte-rose-en-session-extraordinaire-a-ndjamena#primaryimage\"},\"image\":{\"@id\":\"https:\/\/www.africa-press.net\/tchad\/politique\/cemac-le-conseil-des-bureaux-de-la-carte-rose-en-session-extraordinaire-a-ndjamena#primaryimage\"},\"thumbnailUrl\":\"https:\/\/static.africa-press.net\/tchad\/sites\/41\/2022\/07\/postQueueImg_11-62cd69a62b9b6.jpg\",\"datePublished\":\"2022-07-12T11:14:41+00:00\",\"dateModified\":\"2022-07-12T12:31:57+00:00\",\"author\":{\"@id\":\"https:\/\/www.africa-press.net\/tchad\/#\/schema\/person\/2b1cf3cd81a31e3cd26889ca66d677f1\"},\"description\":\"Les directeurs et chefs de service des \u00e9tablissements d\u2019assurances de l\u2019ensemble des pays de la Cemac ont effectu\u00e9 le d\u00e9 ...\",\"breadcrumb\":{\"@id\":\"https:\/\/www.africa-press.net\/tchad\/politique\/cemac-le-conseil-des-bureaux-de-la-carte-rose-en-session-extraordinaire-a-ndjamena#breadcrumb\"},\"inLanguage\":\"fr-FR\",\"potentialAction\":[{\"@type\":\"ReadAction\",\"target\":[\"https:\/\/www.africa-press.net\/tchad\/politique\/cemac-le-conseil-des-bureaux-de-la-carte-rose-en-session-extraordinaire-a-ndjamena\"]}]},{\"@type\":\"ImageObject\",\"inLanguage\":\"fr-FR\",\"@id\":\"https:\/\/www.africa-press.net\/tchad\/politique\/cemac-le-conseil-des-bureaux-de-la-carte-rose-en-session-extraordinaire-a-ndjamena#primaryimage\",\"url\":\"https:\/\/static.africa-press.net\/tchad\/sites\/41\/2022\/07\/postQueueImg_11-62cd69a62b9b6.jpg\",\"contentUrl\":\"https:\/\/static.africa-press.net\/tchad\/sites\/41\/2022\/07\/postQueueImg_11-62cd69a62b9b6.jpg\",\"width\":768,\"height\":358,\"caption\":\"Cemac : le Conseil des Bureaux de la carte Rose en session extraordinaire \u00e0 N\u2019Djamena\"},{\"@type\":\"BreadcrumbList\",\"@id\":\"https:\/\/www.africa-press.net\/tchad\/politique\/cemac-le-conseil-des-bureaux-de-la-carte-rose-en-session-extraordinaire-a-ndjamena#breadcrumb\",\"itemListElement\":[{\"@type\":\"ListItem\",\"position\":1,\"name\":\"Accueil\",\"item\":\"https:\/\/www.africa-press.net\/tchad\/\"},{\"@type\":\"ListItem\",\"position\":2,\"name\":\"Cemac : le Conseil des Bureaux de la carte Rose en session extraordinaire \u00e0 N\u2019Djamena\"}]},{\"@type\":\"WebSite\",\"@id\":\"https:\/\/www.africa-press.net\/tchad\/#website\",\"url\":\"https:\/\/www.africa-press.net\/tchad\/\",\"name\":\"tchad\",\"description\":\"Just another Africa News Agency Sites site\",\"potentialAction\":[{\"@type\":\"SearchAction\",\"target\":{\"@type\":\"EntryPoint\",\"urlTemplate\":\"https:\/\/www.africa-press.net\/tchad\/?s={search_term_string}\"},\"query-input\":{\"@type\":\"PropertyValueSpecification\",\"valueRequired\":true,\"valueName\":\"search_term_string\"}}],\"inLanguage\":\"fr-FR\"},{\"@type\":\"Person\",\"@id\":\"https:\/\/www.africa-press.net\/tchad\/#\/schema\/person\/2b1cf3cd81a31e3cd26889ca66d677f1\",\"name\":\"cfeditorfr\"}]}<\/script>\n<!-- \/ Yoast SEO Premium plugin. -->","yoast_head_json":{"title":"Cemac : le Conseil des Bureaux de la carte Rose en session extraordinaire \u00e0 N\u2019Djamena - tchad","description":"Les directeurs et chefs de service des \u00e9tablissements d\u2019assurances de l\u2019ensemble des pays de la Cemac ont effectu\u00e9 le d\u00e9 ...","robots":{"index":"index","follow":"follow","max-snippet":"max-snippet:-1","max-image-preview":"max-image-preview:large","max-video-preview":"max-video-preview:-1"},"canonical":"https:\/\/www.africa-press.net\/tchad\/politique\/cemac-le-conseil-des-bureaux-de-la-carte-rose-en-session-extraordinaire-a-ndjamena","og_locale":"fr_FR","og_type":"article","og_title":"Cemac : le Conseil des Bureaux de la carte Rose en session extraordinaire \u00e0 N\u2019Djamena","og_description":"Les directeurs et chefs de service des \u00e9tablissements d\u2019assurances de l\u2019ensemble des pays de la Cemac ont effectu\u00e9 le d\u00e9 ...","og_url":"https:\/\/www.africa-press.net\/tchad\/politique\/cemac-le-conseil-des-bureaux-de-la-carte-rose-en-session-extraordinaire-a-ndjamena","og_site_name":"tchad","article_published_time":"2022-07-12T11:14:41+00:00","article_modified_time":"2022-07-12T12:31:57+00:00","og_image":[{"width":768,"height":358,"url":"https:\/\/static.africa-press.net\/tchad\/sites\/41\/2022\/07\/postQueueImg_11-62cd69a62b9b6.jpg","type":"image\/jpeg"}],"author":"cfeditorfr","twitter_card":"summary_large_image","twitter_misc":{"\u00c9crit par":"cfeditorfr","Dur\u00e9e de lecture estim\u00e9e":"1 minute"},"schema":{"@context":"https:\/\/schema.org","@graph":[{"@type":"Article","@id":"https:\/\/www.africa-press.net\/tchad\/politique\/cemac-le-conseil-des-bureaux-de-la-carte-rose-en-session-extraordinaire-a-ndjamena#article","isPartOf":{"@id":"https:\/\/www.africa-press.net\/tchad\/politique\/cemac-le-conseil-des-bureaux-de-la-carte-rose-en-session-extraordinaire-a-ndjamena"},"author":{"name":"cfeditorfr","@id":"https:\/\/www.africa-press.net\/tchad\/#\/schema\/person\/2b1cf3cd81a31e3cd26889ca66d677f1"},"headline":"Cemac : le Conseil des Bureaux de la carte Rose en session extraordinaire \u00e0 N\u2019Djamena","datePublished":"2022-07-12T11:14:41+00:00","dateModified":"2022-07-12T12:31:57+00:00","mainEntityOfPage":{"@id":"https:\/\/www.africa-press.net\/tchad\/politique\/cemac-le-conseil-des-bureaux-de-la-carte-rose-en-session-extraordinaire-a-ndjamena"},"wordCount":217,"commentCount":0,"image":{"@id":"https:\/\/www.africa-press.net\/tchad\/politique\/cemac-le-conseil-des-bureaux-de-la-carte-rose-en-session-extraordinaire-a-ndjamena#primaryimage"},"thumbnailUrl":"https:\/\/static.africa-press.net\/tchad\/sites\/41\/2022\/07\/postQueueImg_11-62cd69a62b9b6.jpg","keywords":["Africa Press","Africa Press-Tchad","Tchad"],"articleSection":["homepage-french","Politique","Top Nouvelles","Toutes les actualit\u00e9s"],"inLanguage":"fr-FR","potentialAction":[{"@type":"CommentAction","name":"Comment","target":["https:\/\/www.africa-press.net\/tchad\/politique\/cemac-le-conseil-des-bureaux-de-la-carte-rose-en-session-extraordinaire-a-ndjamena#respond"]}]},{"@type":"WebPage","@id":"https:\/\/www.africa-press.net\/tchad\/politique\/cemac-le-conseil-des-bureaux-de-la-carte-rose-en-session-extraordinaire-a-ndjamena","url":"https:\/\/www.africa-press.net\/tchad\/politique\/cemac-le-conseil-des-bureaux-de-la-carte-rose-en-session-extraordinaire-a-ndjamena","name":"Cemac : le Conseil des Bureaux de la carte Rose en session extraordinaire \u00e0 N\u2019Djamena - tchad","isPartOf":{"@id":"https:\/\/www.africa-press.net\/tchad\/#website"},"primaryImageOfPage":{"@id":"https:\/\/www.africa-press.net\/tchad\/politique\/cemac-le-conseil-des-bureaux-de-la-carte-rose-en-session-extraordinaire-a-ndjamena#primaryimage"},"image":{"@id":"https:\/\/www.africa-press.net\/tchad\/politique\/cemac-le-conseil-des-bureaux-de-la-carte-rose-en-session-extraordinaire-a-ndjamena#primaryimage"},"thumbnailUrl":"https:\/\/static.africa-press.net\/tchad\/sites\/41\/2022\/07\/postQueueImg_11-62cd69a62b9b6.jpg","datePublished":"2022-07-12T11:14:41+00:00","dateModified":"2022-07-12T12:31:57+00:00","author":{"@id":"https:\/\/www.africa-press.net\/tchad\/#\/schema\/person\/2b1cf3cd81a31e3cd26889ca66d677f1"},"description":"Les directeurs et chefs de service des \u00e9tablissements d\u2019assurances de l\u2019ensemble des pays de la Cemac ont effectu\u00e9 le d\u00e9 ...","breadcrumb":{"@id":"https:\/\/www.africa-press.net\/tchad\/politique\/cemac-le-conseil-des-bureaux-de-la-carte-rose-en-session-extraordinaire-a-ndjamena#breadcrumb"},"inLanguage":"fr-FR","potentialAction":[{"@type":"ReadAction","target":["https:\/\/www.africa-press.net\/tchad\/politique\/cemac-le-conseil-des-bureaux-de-la-carte-rose-en-session-extraordinaire-a-ndjamena"]}]},{"@type":"ImageObject","inLanguage":"fr-FR","@id":"https:\/\/www.africa-press.net\/tchad\/politique\/cemac-le-conseil-des-bureaux-de-la-carte-rose-en-session-extraordinaire-a-ndjamena#primaryimage","url":"https:\/\/static.africa-press.net\/tchad\/sites\/41\/2022\/07\/postQueueImg_11-62cd69a62b9b6.jpg","contentUrl":"https:\/\/static.africa-press.net\/tchad\/sites\/41\/2022\/07\/postQueueImg_11-62cd69a62b9b6.jpg","width":768,"height":358,"caption":"Cemac : le Conseil des Bureaux de la carte Rose en session extraordinaire \u00e0 N\u2019Djamena"},{"@type":"BreadcrumbList","@id":"https:\/\/www.africa-press.net\/tchad\/politique\/cemac-le-conseil-des-bureaux-de-la-carte-rose-en-session-extraordinaire-a-ndjamena#breadcrumb","itemListElement":[{"@type":"ListItem","position":1,"name":"Accueil","item":"https:\/\/www.africa-press.net\/tchad\/"},{"@type":"ListItem","position":2,"name":"Cemac : le Conseil des Bureaux de la carte Rose en session extraordinaire \u00e0 N\u2019Djamena"}]},{"@type":"WebSite","@id":"https:\/\/www.africa-press.net\/tchad\/#website","url":"https:\/\/www.africa-press.net\/tchad\/","name":"tchad","description":"Just another Africa News Agency Sites site","potentialAction":[{"@type":"SearchAction","target":{"@type":"EntryPoint","urlTemplate":"https:\/\/www.africa-press.net\/tchad\/?s={search_term_string}"},"query-input":{"@type":"PropertyValueSpecification","valueRequired":true,"valueName":"search_term_string"}}],"inLanguage":"fr-FR"},{"@type":"Person","@id":"https:\/\/www.africa-press.net\/tchad\/#\/schema\/person\/2b1cf3cd81a31e3cd26889ca66d677f1","name":"cfeditorfr"}]}},"_links":{"self":[{"href":"https:\/\/www.africa-press.net\/tchad\/wp-json\/wp\/v2\/posts\/28734","targetHints":{"allow":["GET"]}}],"collection":[{"href":"https:\/\/www.africa-press.net\/tchad\/wp-json\/wp\/v2\/posts"}],"about":[{"href":"https:\/\/www.africa-press.net\/tchad\/wp-json\/wp\/v2\/types\/post"}],"author":[{"embeddable":true,"href":"https:\/\/www.africa-press.net\/tchad\/wp-json\/wp\/v2\/users\/82"}],"replies":[{"embeddable":true,"href":"https:\/\/www.africa-press.net\/tchad\/wp-json\/wp\/v2\/comments?post=28734"}],"version-history":[{"count":0,"href":"https:\/\/www.africa-press.net\/tchad\/wp-json\/wp\/v2\/posts\/28734\/revisions"}],"wp:featuredmedia":[{"embeddable":true,"href":"https:\/\/www.africa-press.net\/tchad\/wp-json\/wp\/v2\/media\/28733"}],"wp:attachment":[{"href":"https:\/\/www.africa-press.net\/tchad\/wp-json\/wp\/v2\/media?parent=28734"}],"wp:term":[{"taxonomy":"category","embeddable":true,"href":"https:\/\/www.africa-press.net\/tchad\/wp-json\/wp\/v2\/categories?post=28734"},{"taxonomy":"post_tag","embeddable":true,"href":"https:\/\/www.africa-press.net\/tchad\/wp-json\/wp\/v2\/tags?post=28734"}],"curies":[{"name":"wp","href":"https:\/\/api.w.org\/{rel}","templated":true}]}}