{"id":28737,"date":"2022-07-12T11:15:37","date_gmt":"2022-07-12T11:15:37","guid":{"rendered":"https:\/\/www.africa-press.net\/tchad\/politique\/kanem-trois-conseillers-nationaux-lancent-la-campagne-de-sensibilisation-pour-la-paix-a-mao"},"modified":"2022-07-12T12:32:21","modified_gmt":"2022-07-12T12:32:21","slug":"kanem-trois-conseillers-nationaux-lancent-la-campagne-de-sensibilisation-pour-la-paix-a-mao","status":"publish","type":"post","link":"https:\/\/www.africa-press.net\/tchad\/politique\/kanem-trois-conseillers-nationaux-lancent-la-campagne-de-sensibilisation-pour-la-paix-a-mao","title":{"rendered":"Kanem : trois conseillers nationaux lancent la campagne de sensibilisation pour la paix \u00e0 Mao"},"content":{"rendered":"<p><span style=\"color: #ff6600\"><strong>Africa-Press &#8211; Tchad. <\/strong><\/span>Trois conseillers nationaux de transition de la province du Kanem, ont lanc\u00e9 ce lundi 11 juillet \u00e0 Mao, la campagne de sensibilisation pour la paix durable dans ladite province.<\/p>\n<p>Trois membres du Conseil national de transition natifs de la province du Kanem notamment Mahamat Doki Warou, Koubra Choukou et Achta Mahamat Nour ont tous appel\u00e9 la population de Mao \u00e0 cultiver la paix.<\/p>\n<p>Selon le pr\u00e9sident d\u2019organisation de cette campagne de sensibilisation, le conseiller Mahamat Doki Warou, le Kanem est un havre de paix. \u00ab Vu la politique de la main tendue du gouvernement, nous fils et filles de la r\u00e9gion du Kanem, sommes venus pour la paix, rien que la paix. Nous sommes une population historiquement reconnue pour la paix. Depuis le 9\u00e8me si\u00e8cle que ce royaume a exist\u00e9 et existera toujours pour la paix \u00bb.<\/p>\n<p>Lire aussi:<a href=\"https:\/\/tchadinfos.com\/politique\/kanem-trois-conseillers-nationaux-de-transition-sont-en-tournee\/\">Kanem : trois conseillers nationaux de transition sont en tourn\u00e9e<\/a><\/p>\n<p>Koubra Choukou de pr\u00e9ciser que la paix commence d\u2019abord en famille, \u00e0 la maison. \u00ab Dans toutes les soci\u00e9t\u00e9s, les probl\u00e8mes surgissent, la n\u00f4tre ne peut pas faire exception. Mais si cela arrive, cherchons toujours \u00e0 le r\u00e9soudre pacifiquement, il n\u2019y a pas de solutions miracles. Au cas o\u00f9 vous n\u2019arrivez pas \u00e0 trouver des solutions \u00e0 l\u2019amiable ayez toujours recours \u00e0 la justice \u00bb, demande-t-elle.<\/p>\n<p>La conseill\u00e8re nationale Achta Mahamat Nour quant \u00e0 elle, demande aux jeunes de participer au dialogue national inclusif. \u00ab Qui dit dialogue, dit la paix. La paix ne se limite pas seulement entre les politico-militaires mais aussi entre les communaut\u00e9s, les agriculteurs, les \u00e9leveurs, les autorit\u00e9s administratives, les militaires et les civils. Elle doit se conduire d\u2019abord en famille \u00bb, \u00e9claircit-elle.<\/p>\n<p>Manara Adam Idriss, conseill\u00e8re \u00e0 la pr\u00e9sidence de la R\u00e9publique, fille de la province pr\u00e9cise que cette campagne de sensibilisation pour la paix et la coh\u00e9sion sociale qui est une volont\u00e9 du PCMT, est mise en \u0153uvre par toutes les \u00e9lites de la R\u00e9publique dont font partie les conseillers nationaux du Kanem et surtout les dirigeants et dignitaires du Kanem et d\u2019appeler aussi ses fr\u00e8res \u00e0 la paix. \u00ab Le Kanem en tant que r\u00e9gion, demeure la terre m\u00eame du vivre ensemble et de la coh\u00e9sion sociale. Le Kanem sans nul doute est un cultivateur de la coh\u00e9sion sociale, et un exportateur net du vivre ensemble \u00bb.<\/p>\n<p><strong>Pour plus d&rsquo;informations et d&rsquo;analyses sur la <a href=\"https:\/\/www.africa-press.net\/tchad\">Tchad<\/a>, suivez <a href=\"https:\/\/www.africa-press.net\/\">Africa-Press<\/a><\/strong><\/p>\n","protected":false},"excerpt":{"rendered":"<p>Africa-Press &#8211; Tchad. Trois conseillers nationaux de transition de la province du Kanem, ont lanc\u00e9 ce lundi 11 juillet \u00e0 Mao, la campagne de sensibilisation pour la paix durable dans ladite province. Trois membres du Conseil national de transition natifs de la province du Kanem notamment Mahamat Doki Warou, Koubra Choukou et Achta Mahamat Nour [&hellip;]<\/p>\n","protected":false},"author":82,"featured_media":28736,"comment_status":"open","ping_status":"closed","sticky":false,"template":"","format":"standard","meta":{"footnotes":""},"categories":[11,2,10],"tags":[37,292,29],"class_list":["post-28737","post","type-post","status-publish","format-standard","has-post-thumbnail","hentry","category-homepage-french","category-politique","category-toutes-les-actualites","tag-africa-press","tag-africa-press-tchad","tag-tchad"],"yoast_head":"<!-- This site is optimized with the Yoast SEO Premium plugin v26.1 (Yoast SEO v27.0) - https:\/\/yoast.com\/product\/yoast-seo-premium-wordpress\/ -->\n<title>Kanem : trois conseillers nationaux lancent la campagne de sensibilisation pour la paix \u00e0 Mao - tchad<\/title>\n<meta name=\"description\" content=\"Trois conseillers nationaux de transition de la province du Kanem, ont lanc\u00e9 ce lundi 11 juillet \u00e0 Mao, la campagne de s ...\" \/>\n<meta name=\"robots\" content=\"index, follow, max-snippet:-1, max-image-preview:large, max-video-preview:-1\" \/>\n<link rel=\"canonical\" href=\"https:\/\/www.africa-press.net\/tchad\/politique\/kanem-trois-conseillers-nationaux-lancent-la-campagne-de-sensibilisation-pour-la-paix-a-mao\" \/>\n<meta property=\"og:locale\" content=\"fr_FR\" \/>\n<meta property=\"og:type\" content=\"article\" \/>\n<meta property=\"og:title\" content=\"Kanem : trois conseillers nationaux lancent la campagne de sensibilisation pour la paix \u00e0 Mao\" \/>\n<meta property=\"og:description\" content=\"Trois conseillers nationaux de transition de la province du Kanem, ont lanc\u00e9 ce lundi 11 juillet \u00e0 Mao, la campagne de s ...\" \/>\n<meta property=\"og:url\" content=\"https:\/\/www.africa-press.net\/tchad\/politique\/kanem-trois-conseillers-nationaux-lancent-la-campagne-de-sensibilisation-pour-la-paix-a-mao\" \/>\n<meta property=\"og:site_name\" content=\"tchad\" \/>\n<meta property=\"article:published_time\" content=\"2022-07-12T11:15:37+00:00\" \/>\n<meta property=\"article:modified_time\" content=\"2022-07-12T12:32:21+00:00\" \/>\n<meta property=\"og:image\" content=\"https:\/\/static.africa-press.net\/tchad\/sites\/41\/2022\/07\/postQueueImg_12-62cd69c2df212.jpg\" \/>\n\t<meta property=\"og:image:width\" content=\"763\" \/>\n\t<meta property=\"og:image:height\" content=\"514\" \/>\n\t<meta property=\"og:image:type\" content=\"image\/jpeg\" \/>\n<meta name=\"author\" content=\"cfeditorfr\" \/>\n<meta name=\"twitter:card\" content=\"summary_large_image\" \/>\n<meta name=\"twitter:label1\" content=\"\u00c9crit par\" \/>\n\t<meta name=\"twitter:data1\" content=\"cfeditorfr\" \/>\n\t<meta name=\"twitter:label2\" content=\"Dur\u00e9e de lecture estim\u00e9e\" \/>\n\t<meta name=\"twitter:data2\" content=\"2 minutes\" \/>\n<script type=\"application\/ld+json\" class=\"yoast-schema-graph\">{\"@context\":\"https:\/\/schema.org\",\"@graph\":[{\"@type\":\"Article\",\"@id\":\"https:\/\/www.africa-press.net\/tchad\/politique\/kanem-trois-conseillers-nationaux-lancent-la-campagne-de-sensibilisation-pour-la-paix-a-mao#article\",\"isPartOf\":{\"@id\":\"https:\/\/www.africa-press.net\/tchad\/politique\/kanem-trois-conseillers-nationaux-lancent-la-campagne-de-sensibilisation-pour-la-paix-a-mao\"},\"author\":{\"name\":\"cfeditorfr\",\"@id\":\"https:\/\/www.africa-press.net\/tchad\/#\/schema\/person\/2b1cf3cd81a31e3cd26889ca66d677f1\"},\"headline\":\"Kanem : trois conseillers nationaux lancent la campagne de sensibilisation pour la paix \u00e0 Mao\",\"datePublished\":\"2022-07-12T11:15:37+00:00\",\"dateModified\":\"2022-07-12T12:32:21+00:00\",\"mainEntityOfPage\":{\"@id\":\"https:\/\/www.africa-press.net\/tchad\/politique\/kanem-trois-conseillers-nationaux-lancent-la-campagne-de-sensibilisation-pour-la-paix-a-mao\"},\"wordCount\":422,\"commentCount\":0,\"image\":{\"@id\":\"https:\/\/www.africa-press.net\/tchad\/politique\/kanem-trois-conseillers-nationaux-lancent-la-campagne-de-sensibilisation-pour-la-paix-a-mao#primaryimage\"},\"thumbnailUrl\":\"https:\/\/static.africa-press.net\/tchad\/sites\/41\/2022\/07\/postQueueImg_12-62cd69c2df212.jpg\",\"keywords\":[\"Africa Press\",\"Africa Press-Tchad\",\"Tchad\"],\"articleSection\":[\"homepage-french\",\"Politique\",\"Toutes les actualit\u00e9s\"],\"inLanguage\":\"fr-FR\",\"potentialAction\":[{\"@type\":\"CommentAction\",\"name\":\"Comment\",\"target\":[\"https:\/\/www.africa-press.net\/tchad\/politique\/kanem-trois-conseillers-nationaux-lancent-la-campagne-de-sensibilisation-pour-la-paix-a-mao#respond\"]}]},{\"@type\":\"WebPage\",\"@id\":\"https:\/\/www.africa-press.net\/tchad\/politique\/kanem-trois-conseillers-nationaux-lancent-la-campagne-de-sensibilisation-pour-la-paix-a-mao\",\"url\":\"https:\/\/www.africa-press.net\/tchad\/politique\/kanem-trois-conseillers-nationaux-lancent-la-campagne-de-sensibilisation-pour-la-paix-a-mao\",\"name\":\"Kanem : trois conseillers nationaux lancent la campagne de sensibilisation pour la paix \u00e0 Mao - tchad\",\"isPartOf\":{\"@id\":\"https:\/\/www.africa-press.net\/tchad\/#website\"},\"primaryImageOfPage\":{\"@id\":\"https:\/\/www.africa-press.net\/tchad\/politique\/kanem-trois-conseillers-nationaux-lancent-la-campagne-de-sensibilisation-pour-la-paix-a-mao#primaryimage\"},\"image\":{\"@id\":\"https:\/\/www.africa-press.net\/tchad\/politique\/kanem-trois-conseillers-nationaux-lancent-la-campagne-de-sensibilisation-pour-la-paix-a-mao#primaryimage\"},\"thumbnailUrl\":\"https:\/\/static.africa-press.net\/tchad\/sites\/41\/2022\/07\/postQueueImg_12-62cd69c2df212.jpg\",\"datePublished\":\"2022-07-12T11:15:37+00:00\",\"dateModified\":\"2022-07-12T12:32:21+00:00\",\"author\":{\"@id\":\"https:\/\/www.africa-press.net\/tchad\/#\/schema\/person\/2b1cf3cd81a31e3cd26889ca66d677f1\"},\"description\":\"Trois conseillers nationaux de transition de la province du Kanem, ont lanc\u00e9 ce lundi 11 juillet \u00e0 Mao, la campagne de s ...\",\"breadcrumb\":{\"@id\":\"https:\/\/www.africa-press.net\/tchad\/politique\/kanem-trois-conseillers-nationaux-lancent-la-campagne-de-sensibilisation-pour-la-paix-a-mao#breadcrumb\"},\"inLanguage\":\"fr-FR\",\"potentialAction\":[{\"@type\":\"ReadAction\",\"target\":[\"https:\/\/www.africa-press.net\/tchad\/politique\/kanem-trois-conseillers-nationaux-lancent-la-campagne-de-sensibilisation-pour-la-paix-a-mao\"]}]},{\"@type\":\"ImageObject\",\"inLanguage\":\"fr-FR\",\"@id\":\"https:\/\/www.africa-press.net\/tchad\/politique\/kanem-trois-conseillers-nationaux-lancent-la-campagne-de-sensibilisation-pour-la-paix-a-mao#primaryimage\",\"url\":\"https:\/\/static.africa-press.net\/tchad\/sites\/41\/2022\/07\/postQueueImg_12-62cd69c2df212.jpg\",\"contentUrl\":\"https:\/\/static.africa-press.net\/tchad\/sites\/41\/2022\/07\/postQueueImg_12-62cd69c2df212.jpg\",\"width\":763,\"height\":514,\"caption\":\"Kanem : trois conseillers nationaux lancent la campagne de sensibilisation pour la paix \u00e0 Mao\"},{\"@type\":\"BreadcrumbList\",\"@id\":\"https:\/\/www.africa-press.net\/tchad\/politique\/kanem-trois-conseillers-nationaux-lancent-la-campagne-de-sensibilisation-pour-la-paix-a-mao#breadcrumb\",\"itemListElement\":[{\"@type\":\"ListItem\",\"position\":1,\"name\":\"Accueil\",\"item\":\"https:\/\/www.africa-press.net\/tchad\/\"},{\"@type\":\"ListItem\",\"position\":2,\"name\":\"Kanem : trois conseillers nationaux lancent la campagne de sensibilisation pour la paix \u00e0 Mao\"}]},{\"@type\":\"WebSite\",\"@id\":\"https:\/\/www.africa-press.net\/tchad\/#website\",\"url\":\"https:\/\/www.africa-press.net\/tchad\/\",\"name\":\"tchad\",\"description\":\"Just another Africa News Agency Sites site\",\"potentialAction\":[{\"@type\":\"SearchAction\",\"target\":{\"@type\":\"EntryPoint\",\"urlTemplate\":\"https:\/\/www.africa-press.net\/tchad\/?s={search_term_string}\"},\"query-input\":{\"@type\":\"PropertyValueSpecification\",\"valueRequired\":true,\"valueName\":\"search_term_string\"}}],\"inLanguage\":\"fr-FR\"},{\"@type\":\"Person\",\"@id\":\"https:\/\/www.africa-press.net\/tchad\/#\/schema\/person\/2b1cf3cd81a31e3cd26889ca66d677f1\",\"name\":\"cfeditorfr\"}]}<\/script>\n<!-- \/ Yoast SEO Premium plugin. -->","yoast_head_json":{"title":"Kanem : trois conseillers nationaux lancent la campagne de sensibilisation pour la paix \u00e0 Mao - tchad","description":"Trois conseillers nationaux de transition de la province du Kanem, ont lanc\u00e9 ce lundi 11 juillet \u00e0 Mao, la campagne de s ...","robots":{"index":"index","follow":"follow","max-snippet":"max-snippet:-1","max-image-preview":"max-image-preview:large","max-video-preview":"max-video-preview:-1"},"canonical":"https:\/\/www.africa-press.net\/tchad\/politique\/kanem-trois-conseillers-nationaux-lancent-la-campagne-de-sensibilisation-pour-la-paix-a-mao","og_locale":"fr_FR","og_type":"article","og_title":"Kanem : trois conseillers nationaux lancent la campagne de sensibilisation pour la paix \u00e0 Mao","og_description":"Trois conseillers nationaux de transition de la province du Kanem, ont lanc\u00e9 ce lundi 11 juillet \u00e0 Mao, la campagne de s ...","og_url":"https:\/\/www.africa-press.net\/tchad\/politique\/kanem-trois-conseillers-nationaux-lancent-la-campagne-de-sensibilisation-pour-la-paix-a-mao","og_site_name":"tchad","article_published_time":"2022-07-12T11:15:37+00:00","article_modified_time":"2022-07-12T12:32:21+00:00","og_image":[{"width":763,"height":514,"url":"https:\/\/static.africa-press.net\/tchad\/sites\/41\/2022\/07\/postQueueImg_12-62cd69c2df212.jpg","type":"image\/jpeg"}],"author":"cfeditorfr","twitter_card":"summary_large_image","twitter_misc":{"\u00c9crit par":"cfeditorfr","Dur\u00e9e de lecture estim\u00e9e":"2 minutes"},"schema":{"@context":"https:\/\/schema.org","@graph":[{"@type":"Article","@id":"https:\/\/www.africa-press.net\/tchad\/politique\/kanem-trois-conseillers-nationaux-lancent-la-campagne-de-sensibilisation-pour-la-paix-a-mao#article","isPartOf":{"@id":"https:\/\/www.africa-press.net\/tchad\/politique\/kanem-trois-conseillers-nationaux-lancent-la-campagne-de-sensibilisation-pour-la-paix-a-mao"},"author":{"name":"cfeditorfr","@id":"https:\/\/www.africa-press.net\/tchad\/#\/schema\/person\/2b1cf3cd81a31e3cd26889ca66d677f1"},"headline":"Kanem : trois conseillers nationaux lancent la campagne de sensibilisation pour la paix \u00e0 Mao","datePublished":"2022-07-12T11:15:37+00:00","dateModified":"2022-07-12T12:32:21+00:00","mainEntityOfPage":{"@id":"https:\/\/www.africa-press.net\/tchad\/politique\/kanem-trois-conseillers-nationaux-lancent-la-campagne-de-sensibilisation-pour-la-paix-a-mao"},"wordCount":422,"commentCount":0,"image":{"@id":"https:\/\/www.africa-press.net\/tchad\/politique\/kanem-trois-conseillers-nationaux-lancent-la-campagne-de-sensibilisation-pour-la-paix-a-mao#primaryimage"},"thumbnailUrl":"https:\/\/static.africa-press.net\/tchad\/sites\/41\/2022\/07\/postQueueImg_12-62cd69c2df212.jpg","keywords":["Africa Press","Africa Press-Tchad","Tchad"],"articleSection":["homepage-french","Politique","Toutes les actualit\u00e9s"],"inLanguage":"fr-FR","potentialAction":[{"@type":"CommentAction","name":"Comment","target":["https:\/\/www.africa-press.net\/tchad\/politique\/kanem-trois-conseillers-nationaux-lancent-la-campagne-de-sensibilisation-pour-la-paix-a-mao#respond"]}]},{"@type":"WebPage","@id":"https:\/\/www.africa-press.net\/tchad\/politique\/kanem-trois-conseillers-nationaux-lancent-la-campagne-de-sensibilisation-pour-la-paix-a-mao","url":"https:\/\/www.africa-press.net\/tchad\/politique\/kanem-trois-conseillers-nationaux-lancent-la-campagne-de-sensibilisation-pour-la-paix-a-mao","name":"Kanem : trois conseillers nationaux lancent la campagne de sensibilisation pour la paix \u00e0 Mao - tchad","isPartOf":{"@id":"https:\/\/www.africa-press.net\/tchad\/#website"},"primaryImageOfPage":{"@id":"https:\/\/www.africa-press.net\/tchad\/politique\/kanem-trois-conseillers-nationaux-lancent-la-campagne-de-sensibilisation-pour-la-paix-a-mao#primaryimage"},"image":{"@id":"https:\/\/www.africa-press.net\/tchad\/politique\/kanem-trois-conseillers-nationaux-lancent-la-campagne-de-sensibilisation-pour-la-paix-a-mao#primaryimage"},"thumbnailUrl":"https:\/\/static.africa-press.net\/tchad\/sites\/41\/2022\/07\/postQueueImg_12-62cd69c2df212.jpg","datePublished":"2022-07-12T11:15:37+00:00","dateModified":"2022-07-12T12:32:21+00:00","author":{"@id":"https:\/\/www.africa-press.net\/tchad\/#\/schema\/person\/2b1cf3cd81a31e3cd26889ca66d677f1"},"description":"Trois conseillers nationaux de transition de la province du Kanem, ont lanc\u00e9 ce lundi 11 juillet \u00e0 Mao, la campagne de s ...","breadcrumb":{"@id":"https:\/\/www.africa-press.net\/tchad\/politique\/kanem-trois-conseillers-nationaux-lancent-la-campagne-de-sensibilisation-pour-la-paix-a-mao#breadcrumb"},"inLanguage":"fr-FR","potentialAction":[{"@type":"ReadAction","target":["https:\/\/www.africa-press.net\/tchad\/politique\/kanem-trois-conseillers-nationaux-lancent-la-campagne-de-sensibilisation-pour-la-paix-a-mao"]}]},{"@type":"ImageObject","inLanguage":"fr-FR","@id":"https:\/\/www.africa-press.net\/tchad\/politique\/kanem-trois-conseillers-nationaux-lancent-la-campagne-de-sensibilisation-pour-la-paix-a-mao#primaryimage","url":"https:\/\/static.africa-press.net\/tchad\/sites\/41\/2022\/07\/postQueueImg_12-62cd69c2df212.jpg","contentUrl":"https:\/\/static.africa-press.net\/tchad\/sites\/41\/2022\/07\/postQueueImg_12-62cd69c2df212.jpg","width":763,"height":514,"caption":"Kanem : trois conseillers nationaux lancent la campagne de sensibilisation pour la paix \u00e0 Mao"},{"@type":"BreadcrumbList","@id":"https:\/\/www.africa-press.net\/tchad\/politique\/kanem-trois-conseillers-nationaux-lancent-la-campagne-de-sensibilisation-pour-la-paix-a-mao#breadcrumb","itemListElement":[{"@type":"ListItem","position":1,"name":"Accueil","item":"https:\/\/www.africa-press.net\/tchad\/"},{"@type":"ListItem","position":2,"name":"Kanem : trois conseillers nationaux lancent la campagne de sensibilisation pour la paix \u00e0 Mao"}]},{"@type":"WebSite","@id":"https:\/\/www.africa-press.net\/tchad\/#website","url":"https:\/\/www.africa-press.net\/tchad\/","name":"tchad","description":"Just another Africa News Agency Sites site","potentialAction":[{"@type":"SearchAction","target":{"@type":"EntryPoint","urlTemplate":"https:\/\/www.africa-press.net\/tchad\/?s={search_term_string}"},"query-input":{"@type":"PropertyValueSpecification","valueRequired":true,"valueName":"search_term_string"}}],"inLanguage":"fr-FR"},{"@type":"Person","@id":"https:\/\/www.africa-press.net\/tchad\/#\/schema\/person\/2b1cf3cd81a31e3cd26889ca66d677f1","name":"cfeditorfr"}]}},"_links":{"self":[{"href":"https:\/\/www.africa-press.net\/tchad\/wp-json\/wp\/v2\/posts\/28737","targetHints":{"allow":["GET"]}}],"collection":[{"href":"https:\/\/www.africa-press.net\/tchad\/wp-json\/wp\/v2\/posts"}],"about":[{"href":"https:\/\/www.africa-press.net\/tchad\/wp-json\/wp\/v2\/types\/post"}],"author":[{"embeddable":true,"href":"https:\/\/www.africa-press.net\/tchad\/wp-json\/wp\/v2\/users\/82"}],"replies":[{"embeddable":true,"href":"https:\/\/www.africa-press.net\/tchad\/wp-json\/wp\/v2\/comments?post=28737"}],"version-history":[{"count":0,"href":"https:\/\/www.africa-press.net\/tchad\/wp-json\/wp\/v2\/posts\/28737\/revisions"}],"wp:featuredmedia":[{"embeddable":true,"href":"https:\/\/www.africa-press.net\/tchad\/wp-json\/wp\/v2\/media\/28736"}],"wp:attachment":[{"href":"https:\/\/www.africa-press.net\/tchad\/wp-json\/wp\/v2\/media?parent=28737"}],"wp:term":[{"taxonomy":"category","embeddable":true,"href":"https:\/\/www.africa-press.net\/tchad\/wp-json\/wp\/v2\/categories?post=28737"},{"taxonomy":"post_tag","embeddable":true,"href":"https:\/\/www.africa-press.net\/tchad\/wp-json\/wp\/v2\/tags?post=28737"}],"curies":[{"name":"wp","href":"https:\/\/api.w.org\/{rel}","templated":true}]}}