{"id":28789,"date":"2022-07-13T11:12:13","date_gmt":"2022-07-13T11:12:13","guid":{"rendered":"https:\/\/www.africa-press.net\/tchad\/politique\/wakit-tamma-annonce-une-marche-le-samedi-16-juillet"},"modified":"2022-07-13T12:18:35","modified_gmt":"2022-07-13T12:18:35","slug":"wakit-tamma-annonce-une-marche-le-samedi-16-juillet","status":"publish","type":"post","link":"https:\/\/www.africa-press.net\/tchad\/politique\/wakit-tamma-annonce-une-marche-le-samedi-16-juillet","title":{"rendered":"Wakit Tamma annonce une marche le samedi 16 juillet"},"content":{"rendered":"<p><span style=\"color: #ff6600\"><strong>Africa-Press &#8211; Tchad. <\/strong><\/span>Nous arrivons \u00e0 la fin de la transition dans deux mois et demi et l\u2019essentiel des objectifs assign\u00e9s \u00e0 la transition n\u2019a pas \u00e9t\u00e9 r\u00e9alis\u00e9, il reste donc tr\u00e8s peu de temps et nous ne savons pas quel est le lendemain.\u201d C\u2019est sur ces notes que le porte-parole de Wakit tama Soumaine Adoum Ousmane a plant\u00e9 le d\u00e9cor de ce point de presse. Du point de vue de wakit tamma, la transition est charg\u00e9e d\u2019un nombre d\u2019\u00e9chec. Il en ressort cinq nombre d\u2019\u00e9chec.<\/p>\n<p>Selon le porte-parole de Wakit tamma, le premier \u00e9chec repose sur le dialogue national inclusif qui selon wakit tama est l\u2019objectif principal assign\u00e9 \u00e0 la transition mais qui n\u2019a pas \u00e9t\u00e9 fait jusqu\u2019\u00e0 l\u00e0. Ensuite le pr\u00e9 dialogue de Doha qu\u2019il consid\u00e8re aussi d\u00e9j\u00e0 comme un \u00e9chec. Puis le troisi\u00e8me \u00e9chec est la pr\u00e9sence de l\u2019arm\u00e9e fran\u00e7aise au Tchad. \u201cLe 14 juillet, l\u2019arm\u00e9e fran\u00e7aise f\u00eatera ses 130 ans d\u2019existence au Tchad\u201d a fait savoir le porte-parole de Wakit tama avant d\u2019ajouter que cette pr\u00e9sence de l\u2019arm\u00e9e fran\u00e7aise est contre la volont\u00e9 des Tchadiens. \u201cIls sont l\u00e0 pour les objectifs de la France et contre la souverainet\u00e9 du Tchad \u201c, a-t-il ajout\u00e9. Le quatri\u00e8me \u00e9chec repose sur l\u2019actualit\u00e9 \u00e0 savoir l\u2019affaire SHT gate et autres. \u201cIl y a maintenant une boulimie aux milliards. Maintenant l\u2019argent de l\u2019Etat se prend par dizaines de milliard\u201d, a-t-il indiqu\u00e9. Le dernier point est relatif \u00e0 l\u2019illisibilit\u00e9 de la transition qui selon le porte-parole de Wakit tama si le but final est de prolonger la transition, la population a le droit d\u2019\u00eatre inform\u00e9e.<\/p>\n<p>De tout ce qui pr\u00e9c\u00e8de, la coordination des actions citoyennes Wakit Tama pr\u00e9voit une marche ce samedi 16 juillet 2022 contre la pr\u00e9sence de l\u2019arm\u00e9e fran\u00e7aise au Tchad et l\u2019illisibilit\u00e9 de la fin de la transition.<\/p>\n<p><strong>Pour plus d&rsquo;informations et d&rsquo;analyses sur la <a href=\"https:\/\/www.africa-press.net\/tchad\">Tchad<\/a>, suivez <a href=\"https:\/\/www.africa-press.net\/\">Africa-Press<\/a><\/strong><\/p>\n","protected":false},"excerpt":{"rendered":"<p>Africa-Press &#8211; Tchad. Nous arrivons \u00e0 la fin de la transition dans deux mois et demi et l\u2019essentiel des objectifs assign\u00e9s \u00e0 la transition n\u2019a pas \u00e9t\u00e9 r\u00e9alis\u00e9, il reste donc tr\u00e8s peu de temps et nous ne savons pas quel est le lendemain.\u201d C\u2019est sur ces notes que le porte-parole de Wakit tama Soumaine [&hellip;]<\/p>\n","protected":false},"author":82,"featured_media":28788,"comment_status":"open","ping_status":"closed","sticky":false,"template":"","format":"standard","meta":{"footnotes":""},"categories":[11,2,10],"tags":[37,292,29],"class_list":["post-28789","post","type-post","status-publish","format-standard","has-post-thumbnail","hentry","category-homepage-french","category-politique","category-toutes-les-actualites","tag-africa-press","tag-africa-press-tchad","tag-tchad"],"yoast_head":"<!-- This site is optimized with the Yoast SEO Premium plugin v26.1 (Yoast SEO v27.0) - https:\/\/yoast.com\/product\/yoast-seo-premium-wordpress\/ -->\n<title>Wakit Tamma annonce une marche le samedi 16 juillet - tchad<\/title>\n<meta name=\"description\" content=\"Nous arrivons \u00e0 la fin de la transition dans deux mois et demi et l\u2019essentiel des objectifs assign\u00e9s \u00e0 la transition n\u2019a ...\" \/>\n<meta name=\"robots\" content=\"index, follow, max-snippet:-1, max-image-preview:large, max-video-preview:-1\" \/>\n<link rel=\"canonical\" href=\"https:\/\/www.africa-press.net\/tchad\/politique\/wakit-tamma-annonce-une-marche-le-samedi-16-juillet\" \/>\n<meta property=\"og:locale\" content=\"fr_FR\" \/>\n<meta property=\"og:type\" content=\"article\" \/>\n<meta property=\"og:title\" content=\"Wakit Tamma annonce une marche le samedi 16 juillet\" \/>\n<meta property=\"og:description\" content=\"Nous arrivons \u00e0 la fin de la transition dans deux mois et demi et l\u2019essentiel des objectifs assign\u00e9s \u00e0 la transition n\u2019a ...\" \/>\n<meta property=\"og:url\" content=\"https:\/\/www.africa-press.net\/tchad\/politique\/wakit-tamma-annonce-une-marche-le-samedi-16-juillet\" \/>\n<meta property=\"og:site_name\" content=\"tchad\" \/>\n<meta property=\"article:published_time\" content=\"2022-07-13T11:12:13+00:00\" \/>\n<meta property=\"article:modified_time\" content=\"2022-07-13T12:18:35+00:00\" \/>\n<meta property=\"og:image\" content=\"https:\/\/static.africa-press.net\/tchad\/sites\/41\/2022\/07\/postQueueImg_9-62ceb80a9e267.jpg\" \/>\n\t<meta property=\"og:image:width\" content=\"696\" \/>\n\t<meta property=\"og:image:height\" content=\"318\" \/>\n\t<meta property=\"og:image:type\" content=\"image\/jpeg\" \/>\n<meta name=\"author\" content=\"cfeditorfr\" \/>\n<meta name=\"twitter:card\" content=\"summary_large_image\" \/>\n<meta name=\"twitter:label1\" content=\"\u00c9crit par\" \/>\n\t<meta name=\"twitter:data1\" content=\"cfeditorfr\" \/>\n\t<meta name=\"twitter:label2\" content=\"Dur\u00e9e de lecture estim\u00e9e\" \/>\n\t<meta name=\"twitter:data2\" content=\"2 minutes\" \/>\n<script type=\"application\/ld+json\" class=\"yoast-schema-graph\">{\"@context\":\"https:\/\/schema.org\",\"@graph\":[{\"@type\":\"Article\",\"@id\":\"https:\/\/www.africa-press.net\/tchad\/politique\/wakit-tamma-annonce-une-marche-le-samedi-16-juillet#article\",\"isPartOf\":{\"@id\":\"https:\/\/www.africa-press.net\/tchad\/politique\/wakit-tamma-annonce-une-marche-le-samedi-16-juillet\"},\"author\":{\"name\":\"cfeditorfr\",\"@id\":\"https:\/\/www.africa-press.net\/tchad\/#\/schema\/person\/2b1cf3cd81a31e3cd26889ca66d677f1\"},\"headline\":\"Wakit Tamma annonce une marche le samedi 16 juillet\",\"datePublished\":\"2022-07-13T11:12:13+00:00\",\"dateModified\":\"2022-07-13T12:18:35+00:00\",\"mainEntityOfPage\":{\"@id\":\"https:\/\/www.africa-press.net\/tchad\/politique\/wakit-tamma-annonce-une-marche-le-samedi-16-juillet\"},\"wordCount\":356,\"commentCount\":0,\"image\":{\"@id\":\"https:\/\/www.africa-press.net\/tchad\/politique\/wakit-tamma-annonce-une-marche-le-samedi-16-juillet#primaryimage\"},\"thumbnailUrl\":\"https:\/\/static.africa-press.net\/tchad\/sites\/41\/2022\/07\/postQueueImg_9-62ceb80a9e267.jpg\",\"keywords\":[\"Africa Press\",\"Africa Press-Tchad\",\"Tchad\"],\"articleSection\":[\"homepage-french\",\"Politique\",\"Toutes les actualit\u00e9s\"],\"inLanguage\":\"fr-FR\",\"potentialAction\":[{\"@type\":\"CommentAction\",\"name\":\"Comment\",\"target\":[\"https:\/\/www.africa-press.net\/tchad\/politique\/wakit-tamma-annonce-une-marche-le-samedi-16-juillet#respond\"]}]},{\"@type\":\"WebPage\",\"@id\":\"https:\/\/www.africa-press.net\/tchad\/politique\/wakit-tamma-annonce-une-marche-le-samedi-16-juillet\",\"url\":\"https:\/\/www.africa-press.net\/tchad\/politique\/wakit-tamma-annonce-une-marche-le-samedi-16-juillet\",\"name\":\"Wakit Tamma annonce une marche le samedi 16 juillet - tchad\",\"isPartOf\":{\"@id\":\"https:\/\/www.africa-press.net\/tchad\/#website\"},\"primaryImageOfPage\":{\"@id\":\"https:\/\/www.africa-press.net\/tchad\/politique\/wakit-tamma-annonce-une-marche-le-samedi-16-juillet#primaryimage\"},\"image\":{\"@id\":\"https:\/\/www.africa-press.net\/tchad\/politique\/wakit-tamma-annonce-une-marche-le-samedi-16-juillet#primaryimage\"},\"thumbnailUrl\":\"https:\/\/static.africa-press.net\/tchad\/sites\/41\/2022\/07\/postQueueImg_9-62ceb80a9e267.jpg\",\"datePublished\":\"2022-07-13T11:12:13+00:00\",\"dateModified\":\"2022-07-13T12:18:35+00:00\",\"author\":{\"@id\":\"https:\/\/www.africa-press.net\/tchad\/#\/schema\/person\/2b1cf3cd81a31e3cd26889ca66d677f1\"},\"description\":\"Nous arrivons \u00e0 la fin de la transition dans deux mois et demi et l\u2019essentiel des objectifs assign\u00e9s \u00e0 la transition n\u2019a ...\",\"breadcrumb\":{\"@id\":\"https:\/\/www.africa-press.net\/tchad\/politique\/wakit-tamma-annonce-une-marche-le-samedi-16-juillet#breadcrumb\"},\"inLanguage\":\"fr-FR\",\"potentialAction\":[{\"@type\":\"ReadAction\",\"target\":[\"https:\/\/www.africa-press.net\/tchad\/politique\/wakit-tamma-annonce-une-marche-le-samedi-16-juillet\"]}]},{\"@type\":\"ImageObject\",\"inLanguage\":\"fr-FR\",\"@id\":\"https:\/\/www.africa-press.net\/tchad\/politique\/wakit-tamma-annonce-une-marche-le-samedi-16-juillet#primaryimage\",\"url\":\"https:\/\/static.africa-press.net\/tchad\/sites\/41\/2022\/07\/postQueueImg_9-62ceb80a9e267.jpg\",\"contentUrl\":\"https:\/\/static.africa-press.net\/tchad\/sites\/41\/2022\/07\/postQueueImg_9-62ceb80a9e267.jpg\",\"width\":696,\"height\":318,\"caption\":\"Wakit Tamma annonce une marche le samedi 16 juillet\"},{\"@type\":\"BreadcrumbList\",\"@id\":\"https:\/\/www.africa-press.net\/tchad\/politique\/wakit-tamma-annonce-une-marche-le-samedi-16-juillet#breadcrumb\",\"itemListElement\":[{\"@type\":\"ListItem\",\"position\":1,\"name\":\"Accueil\",\"item\":\"https:\/\/www.africa-press.net\/tchad\/\"},{\"@type\":\"ListItem\",\"position\":2,\"name\":\"Wakit Tamma annonce une marche le samedi 16 juillet\"}]},{\"@type\":\"WebSite\",\"@id\":\"https:\/\/www.africa-press.net\/tchad\/#website\",\"url\":\"https:\/\/www.africa-press.net\/tchad\/\",\"name\":\"tchad\",\"description\":\"Just another Africa News Agency Sites site\",\"potentialAction\":[{\"@type\":\"SearchAction\",\"target\":{\"@type\":\"EntryPoint\",\"urlTemplate\":\"https:\/\/www.africa-press.net\/tchad\/?s={search_term_string}\"},\"query-input\":{\"@type\":\"PropertyValueSpecification\",\"valueRequired\":true,\"valueName\":\"search_term_string\"}}],\"inLanguage\":\"fr-FR\"},{\"@type\":\"Person\",\"@id\":\"https:\/\/www.africa-press.net\/tchad\/#\/schema\/person\/2b1cf3cd81a31e3cd26889ca66d677f1\",\"name\":\"cfeditorfr\"}]}<\/script>\n<!-- \/ Yoast SEO Premium plugin. -->","yoast_head_json":{"title":"Wakit Tamma annonce une marche le samedi 16 juillet - tchad","description":"Nous arrivons \u00e0 la fin de la transition dans deux mois et demi et l\u2019essentiel des objectifs assign\u00e9s \u00e0 la transition n\u2019a ...","robots":{"index":"index","follow":"follow","max-snippet":"max-snippet:-1","max-image-preview":"max-image-preview:large","max-video-preview":"max-video-preview:-1"},"canonical":"https:\/\/www.africa-press.net\/tchad\/politique\/wakit-tamma-annonce-une-marche-le-samedi-16-juillet","og_locale":"fr_FR","og_type":"article","og_title":"Wakit Tamma annonce une marche le samedi 16 juillet","og_description":"Nous arrivons \u00e0 la fin de la transition dans deux mois et demi et l\u2019essentiel des objectifs assign\u00e9s \u00e0 la transition n\u2019a ...","og_url":"https:\/\/www.africa-press.net\/tchad\/politique\/wakit-tamma-annonce-une-marche-le-samedi-16-juillet","og_site_name":"tchad","article_published_time":"2022-07-13T11:12:13+00:00","article_modified_time":"2022-07-13T12:18:35+00:00","og_image":[{"width":696,"height":318,"url":"https:\/\/static.africa-press.net\/tchad\/sites\/41\/2022\/07\/postQueueImg_9-62ceb80a9e267.jpg","type":"image\/jpeg"}],"author":"cfeditorfr","twitter_card":"summary_large_image","twitter_misc":{"\u00c9crit par":"cfeditorfr","Dur\u00e9e de lecture estim\u00e9e":"2 minutes"},"schema":{"@context":"https:\/\/schema.org","@graph":[{"@type":"Article","@id":"https:\/\/www.africa-press.net\/tchad\/politique\/wakit-tamma-annonce-une-marche-le-samedi-16-juillet#article","isPartOf":{"@id":"https:\/\/www.africa-press.net\/tchad\/politique\/wakit-tamma-annonce-une-marche-le-samedi-16-juillet"},"author":{"name":"cfeditorfr","@id":"https:\/\/www.africa-press.net\/tchad\/#\/schema\/person\/2b1cf3cd81a31e3cd26889ca66d677f1"},"headline":"Wakit Tamma annonce une marche le samedi 16 juillet","datePublished":"2022-07-13T11:12:13+00:00","dateModified":"2022-07-13T12:18:35+00:00","mainEntityOfPage":{"@id":"https:\/\/www.africa-press.net\/tchad\/politique\/wakit-tamma-annonce-une-marche-le-samedi-16-juillet"},"wordCount":356,"commentCount":0,"image":{"@id":"https:\/\/www.africa-press.net\/tchad\/politique\/wakit-tamma-annonce-une-marche-le-samedi-16-juillet#primaryimage"},"thumbnailUrl":"https:\/\/static.africa-press.net\/tchad\/sites\/41\/2022\/07\/postQueueImg_9-62ceb80a9e267.jpg","keywords":["Africa Press","Africa Press-Tchad","Tchad"],"articleSection":["homepage-french","Politique","Toutes les actualit\u00e9s"],"inLanguage":"fr-FR","potentialAction":[{"@type":"CommentAction","name":"Comment","target":["https:\/\/www.africa-press.net\/tchad\/politique\/wakit-tamma-annonce-une-marche-le-samedi-16-juillet#respond"]}]},{"@type":"WebPage","@id":"https:\/\/www.africa-press.net\/tchad\/politique\/wakit-tamma-annonce-une-marche-le-samedi-16-juillet","url":"https:\/\/www.africa-press.net\/tchad\/politique\/wakit-tamma-annonce-une-marche-le-samedi-16-juillet","name":"Wakit Tamma annonce une marche le samedi 16 juillet - tchad","isPartOf":{"@id":"https:\/\/www.africa-press.net\/tchad\/#website"},"primaryImageOfPage":{"@id":"https:\/\/www.africa-press.net\/tchad\/politique\/wakit-tamma-annonce-une-marche-le-samedi-16-juillet#primaryimage"},"image":{"@id":"https:\/\/www.africa-press.net\/tchad\/politique\/wakit-tamma-annonce-une-marche-le-samedi-16-juillet#primaryimage"},"thumbnailUrl":"https:\/\/static.africa-press.net\/tchad\/sites\/41\/2022\/07\/postQueueImg_9-62ceb80a9e267.jpg","datePublished":"2022-07-13T11:12:13+00:00","dateModified":"2022-07-13T12:18:35+00:00","author":{"@id":"https:\/\/www.africa-press.net\/tchad\/#\/schema\/person\/2b1cf3cd81a31e3cd26889ca66d677f1"},"description":"Nous arrivons \u00e0 la fin de la transition dans deux mois et demi et l\u2019essentiel des objectifs assign\u00e9s \u00e0 la transition n\u2019a ...","breadcrumb":{"@id":"https:\/\/www.africa-press.net\/tchad\/politique\/wakit-tamma-annonce-une-marche-le-samedi-16-juillet#breadcrumb"},"inLanguage":"fr-FR","potentialAction":[{"@type":"ReadAction","target":["https:\/\/www.africa-press.net\/tchad\/politique\/wakit-tamma-annonce-une-marche-le-samedi-16-juillet"]}]},{"@type":"ImageObject","inLanguage":"fr-FR","@id":"https:\/\/www.africa-press.net\/tchad\/politique\/wakit-tamma-annonce-une-marche-le-samedi-16-juillet#primaryimage","url":"https:\/\/static.africa-press.net\/tchad\/sites\/41\/2022\/07\/postQueueImg_9-62ceb80a9e267.jpg","contentUrl":"https:\/\/static.africa-press.net\/tchad\/sites\/41\/2022\/07\/postQueueImg_9-62ceb80a9e267.jpg","width":696,"height":318,"caption":"Wakit Tamma annonce une marche le samedi 16 juillet"},{"@type":"BreadcrumbList","@id":"https:\/\/www.africa-press.net\/tchad\/politique\/wakit-tamma-annonce-une-marche-le-samedi-16-juillet#breadcrumb","itemListElement":[{"@type":"ListItem","position":1,"name":"Accueil","item":"https:\/\/www.africa-press.net\/tchad\/"},{"@type":"ListItem","position":2,"name":"Wakit Tamma annonce une marche le samedi 16 juillet"}]},{"@type":"WebSite","@id":"https:\/\/www.africa-press.net\/tchad\/#website","url":"https:\/\/www.africa-press.net\/tchad\/","name":"tchad","description":"Just another Africa News Agency Sites site","potentialAction":[{"@type":"SearchAction","target":{"@type":"EntryPoint","urlTemplate":"https:\/\/www.africa-press.net\/tchad\/?s={search_term_string}"},"query-input":{"@type":"PropertyValueSpecification","valueRequired":true,"valueName":"search_term_string"}}],"inLanguage":"fr-FR"},{"@type":"Person","@id":"https:\/\/www.africa-press.net\/tchad\/#\/schema\/person\/2b1cf3cd81a31e3cd26889ca66d677f1","name":"cfeditorfr"}]}},"_links":{"self":[{"href":"https:\/\/www.africa-press.net\/tchad\/wp-json\/wp\/v2\/posts\/28789","targetHints":{"allow":["GET"]}}],"collection":[{"href":"https:\/\/www.africa-press.net\/tchad\/wp-json\/wp\/v2\/posts"}],"about":[{"href":"https:\/\/www.africa-press.net\/tchad\/wp-json\/wp\/v2\/types\/post"}],"author":[{"embeddable":true,"href":"https:\/\/www.africa-press.net\/tchad\/wp-json\/wp\/v2\/users\/82"}],"replies":[{"embeddable":true,"href":"https:\/\/www.africa-press.net\/tchad\/wp-json\/wp\/v2\/comments?post=28789"}],"version-history":[{"count":0,"href":"https:\/\/www.africa-press.net\/tchad\/wp-json\/wp\/v2\/posts\/28789\/revisions"}],"wp:featuredmedia":[{"embeddable":true,"href":"https:\/\/www.africa-press.net\/tchad\/wp-json\/wp\/v2\/media\/28788"}],"wp:attachment":[{"href":"https:\/\/www.africa-press.net\/tchad\/wp-json\/wp\/v2\/media?parent=28789"}],"wp:term":[{"taxonomy":"category","embeddable":true,"href":"https:\/\/www.africa-press.net\/tchad\/wp-json\/wp\/v2\/categories?post=28789"},{"taxonomy":"post_tag","embeddable":true,"href":"https:\/\/www.africa-press.net\/tchad\/wp-json\/wp\/v2\/tags?post=28789"}],"curies":[{"name":"wp","href":"https:\/\/api.w.org\/{rel}","templated":true}]}}