{"id":28792,"date":"2022-07-13T11:13:05","date_gmt":"2022-07-13T11:13:05","guid":{"rendered":"https:\/\/www.africa-press.net\/tchad\/politique\/le-president-du-comite-senatorial-americain-des-affaires-etrangeres-appelle-mahamat-idriss-deby-a-organiser-des-elections-en-2022"},"modified":"2022-07-13T12:18:56","modified_gmt":"2022-07-13T12:18:56","slug":"le-president-du-comite-senatorial-americain-des-affaires-etrangeres-appelle-mahamat-idriss-deby-a-organiser-des-elections-en-2022","status":"publish","type":"post","link":"https:\/\/www.africa-press.net\/tchad\/politique\/le-president-du-comite-senatorial-americain-des-affaires-etrangeres-appelle-mahamat-idriss-deby-a-organiser-des-elections-en-2022","title":{"rendered":"le pr\u00e9sident du comit\u00e9 s\u00e9natorial am\u00e9ricain des Affaires \u00e9trang\u00e8res appelle Mahamat Idriss D\u00e9by \u00e0 organiser des \u00e9lections en 2022"},"content":{"rendered":"<p><span style=\"color: #ff6600\"><strong>Africa-Press &#8211; Tchad. <\/strong><\/span>Le pr\u00e9sident du comit\u00e9 s\u00e9natorial des affaires \u00e9trang\u00e8res (SFRC), Bob Menedez, a introduit au S\u00e9nat am\u00e9ricain, le 11 juillet dernier, une r\u00e9solution en faveur de la d\u00e9mocratie au Tchad.<\/p>\n<p>\u00ab Appel \u00e0 une transition d\u00e9mocratique en R\u00e9publique du Tchad et soutien au peuple tchadien \u00bb, tel est l\u2019appel du s\u00e9nateur am\u00e9ricain Bob Menedez, pr\u00e9sident de la commission s\u00e9natoriale des affaires \u00e9trang\u00e8res, qui a introduit, une r\u00e9solution condamnant \u00ab le coup d\u2019Etat d\u2019avril 2021 au Tchad \u00bb et \u00ab exigeant instamment que la transition d\u00e9coule sur une vraie d\u00e9mocratie \u00bb.La r\u00e9solution demande au g\u00e9n\u00e9ral d\u2019arm\u00e9e, Mahamat Idriss D\u00e9by Itno et aux autorit\u00e9s de transition de s\u2019engager \u00e0 organiser des \u00e9lections en 2022, conform\u00e9ment au calendrier approuv\u00e9 par l\u2019Union Africaine, en plus de la promesse des militaires au pouvoir de ne pas se pr\u00e9senter \u00e0 la prochaine pr\u00e9sidentielle.<\/p>\n<p>\u00ab La r\u00e9solution demande \u00e9galement au d\u00e9partement d\u2019Etat de rendre public ses plans pour obliger les auteurs de violations des droits de l\u2019homme \u00e0 rendre des comptes et de suspendre l\u2019aide bilat\u00e9rale non humanitaire au Tchad jusqu\u2019\u00e0 ce que le pouvoir civil soit r\u00e9tabli par des \u00e9lections d\u00e9mocratiques libres, \u00e9quitables et pacifiques \u00bb, peut-on lire dans le document.<\/p>\n<p>Dans le document \u00ab Appel \u00e0 une transition d\u00e9mocratique en R\u00e9publique du Tchad et soutien au peuple tchadien \u00bb, Bob Menedez d\u2019ajouter \u00ab qu\u2019il est fier d\u2019introduire cette r\u00e9solution critique affirmant le soutien des Etats-Unis \u00e0 un dialogue national cr\u00e9dible et inclusif ax\u00e9 sur le retour \u00e0 l\u2019ordre constitutionnel et au r\u00e9tablissement d\u2019un leadership civil et demandant instamment que le g\u00e9n\u00e9ral Mahamat Idriss D\u00e9by Itno et les autres membres de l\u2019arm\u00e9e tchadienne, qui doivent retourner dans leurs casernes, rendent des comptes \u00bb.<\/p>\n<p>Il faut rappeler que cette r\u00e9solution fait suite aux pr\u00e9c\u00e9dents appels du pr\u00e9sident du comit\u00e9 s\u00e9natorial, pour que les Etats-Unis jouent un r\u00f4le plus important dans le soutien \u00e0 la transition du Tchad vers un r\u00e9gime civil. D\u00e9j\u00e0, en mars dernier, Bob Menedez s\u2019est oppos\u00e9, dans une lettre, \u00e0 l\u2019octroi d\u2019une assistance s\u00e9curitaire au Tchad en l\u2019absence d\u2019un plan am\u00e9ricain complet donnant la priorit\u00e9 \u00e0 la d\u00e9mocratie et \u00e0 la bonne gouvernance<\/p>\n<p><strong>Pour plus d&rsquo;informations et d&rsquo;analyses sur la <a href=\"https:\/\/www.africa-press.net\/tchad\">Tchad<\/a>, suivez <a href=\"https:\/\/www.africa-press.net\/\">Africa-Press<\/a><\/strong><\/p>\n","protected":false},"excerpt":{"rendered":"<p>Africa-Press &#8211; Tchad. Le pr\u00e9sident du comit\u00e9 s\u00e9natorial des affaires \u00e9trang\u00e8res (SFRC), Bob Menedez, a introduit au S\u00e9nat am\u00e9ricain, le 11 juillet dernier, une r\u00e9solution en faveur de la d\u00e9mocratie au Tchad. \u00ab Appel \u00e0 une transition d\u00e9mocratique en R\u00e9publique du Tchad et soutien au peuple tchadien \u00bb, tel est l\u2019appel du s\u00e9nateur am\u00e9ricain Bob [&hellip;]<\/p>\n","protected":false},"author":82,"featured_media":28791,"comment_status":"open","ping_status":"closed","sticky":false,"template":"","format":"standard","meta":{"footnotes":""},"categories":[11,2,10],"tags":[37,292,29],"class_list":["post-28792","post","type-post","status-publish","format-standard","has-post-thumbnail","hentry","category-homepage-french","category-politique","category-toutes-les-actualites","tag-africa-press","tag-africa-press-tchad","tag-tchad"],"yoast_head":"<!-- This site is optimized with the Yoast SEO Premium plugin v26.1 (Yoast SEO v27.0) - https:\/\/yoast.com\/product\/yoast-seo-premium-wordpress\/ -->\n<title>le pr\u00e9sident du comit\u00e9 s\u00e9natorial am\u00e9ricain des Affaires \u00e9trang\u00e8res appelle Mahamat Idriss D\u00e9by \u00e0 organiser des \u00e9lections en 2022 - tchad<\/title>\n<meta name=\"description\" content=\"Le pr\u00e9sident du comit\u00e9 s\u00e9natorial des affaires \u00e9trang\u00e8res (SFRC), Bob Menedez, a introduit au S\u00e9nat am\u00e9ricain, le 11 jui ...\" \/>\n<meta name=\"robots\" content=\"index, follow, max-snippet:-1, max-image-preview:large, max-video-preview:-1\" \/>\n<link rel=\"canonical\" href=\"https:\/\/www.africa-press.net\/tchad\/politique\/le-president-du-comite-senatorial-americain-des-affaires-etrangeres-appelle-mahamat-idriss-deby-a-organiser-des-elections-en-2022\" \/>\n<meta property=\"og:locale\" content=\"fr_FR\" \/>\n<meta property=\"og:type\" content=\"article\" \/>\n<meta property=\"og:title\" content=\"le pr\u00e9sident du comit\u00e9 s\u00e9natorial am\u00e9ricain des Affaires \u00e9trang\u00e8res appelle Mahamat Idriss D\u00e9by \u00e0 organiser des \u00e9lections en 2022\" \/>\n<meta property=\"og:description\" content=\"Le pr\u00e9sident du comit\u00e9 s\u00e9natorial des affaires \u00e9trang\u00e8res (SFRC), Bob Menedez, a introduit au S\u00e9nat am\u00e9ricain, le 11 jui ...\" \/>\n<meta property=\"og:url\" content=\"https:\/\/www.africa-press.net\/tchad\/politique\/le-president-du-comite-senatorial-americain-des-affaires-etrangeres-appelle-mahamat-idriss-deby-a-organiser-des-elections-en-2022\" \/>\n<meta property=\"og:site_name\" content=\"tchad\" \/>\n<meta property=\"article:published_time\" content=\"2022-07-13T11:13:05+00:00\" \/>\n<meta property=\"article:modified_time\" content=\"2022-07-13T12:18:56+00:00\" \/>\n<meta property=\"og:image\" content=\"https:\/\/static.africa-press.net\/tchad\/sites\/41\/2022\/07\/postQueueImg_10-62ceb8211d42b.jpg\" \/>\n\t<meta property=\"og:image:width\" content=\"696\" \/>\n\t<meta property=\"og:image:height\" content=\"294\" \/>\n\t<meta property=\"og:image:type\" content=\"image\/jpeg\" \/>\n<meta name=\"author\" content=\"cfeditorfr\" \/>\n<meta name=\"twitter:card\" content=\"summary_large_image\" \/>\n<meta name=\"twitter:label1\" content=\"\u00c9crit par\" \/>\n\t<meta name=\"twitter:data1\" content=\"cfeditorfr\" \/>\n\t<meta name=\"twitter:label2\" content=\"Dur\u00e9e de lecture estim\u00e9e\" \/>\n\t<meta name=\"twitter:data2\" content=\"2 minutes\" \/>\n<script type=\"application\/ld+json\" class=\"yoast-schema-graph\">{\"@context\":\"https:\/\/schema.org\",\"@graph\":[{\"@type\":\"Article\",\"@id\":\"https:\/\/www.africa-press.net\/tchad\/politique\/le-president-du-comite-senatorial-americain-des-affaires-etrangeres-appelle-mahamat-idriss-deby-a-organiser-des-elections-en-2022#article\",\"isPartOf\":{\"@id\":\"https:\/\/www.africa-press.net\/tchad\/politique\/le-president-du-comite-senatorial-americain-des-affaires-etrangeres-appelle-mahamat-idriss-deby-a-organiser-des-elections-en-2022\"},\"author\":{\"name\":\"cfeditorfr\",\"@id\":\"https:\/\/www.africa-press.net\/tchad\/#\/schema\/person\/2b1cf3cd81a31e3cd26889ca66d677f1\"},\"headline\":\"le pr\u00e9sident du comit\u00e9 s\u00e9natorial am\u00e9ricain des Affaires \u00e9trang\u00e8res appelle Mahamat Idriss D\u00e9by \u00e0 organiser des \u00e9lections en 2022\",\"datePublished\":\"2022-07-13T11:13:05+00:00\",\"dateModified\":\"2022-07-13T12:18:56+00:00\",\"mainEntityOfPage\":{\"@id\":\"https:\/\/www.africa-press.net\/tchad\/politique\/le-president-du-comite-senatorial-americain-des-affaires-etrangeres-appelle-mahamat-idriss-deby-a-organiser-des-elections-en-2022\"},\"wordCount\":431,\"commentCount\":0,\"image\":{\"@id\":\"https:\/\/www.africa-press.net\/tchad\/politique\/le-president-du-comite-senatorial-americain-des-affaires-etrangeres-appelle-mahamat-idriss-deby-a-organiser-des-elections-en-2022#primaryimage\"},\"thumbnailUrl\":\"https:\/\/static.africa-press.net\/tchad\/sites\/41\/2022\/07\/postQueueImg_10-62ceb8211d42b.jpg\",\"keywords\":[\"Africa Press\",\"Africa Press-Tchad\",\"Tchad\"],\"articleSection\":[\"homepage-french\",\"Politique\",\"Toutes les actualit\u00e9s\"],\"inLanguage\":\"fr-FR\",\"potentialAction\":[{\"@type\":\"CommentAction\",\"name\":\"Comment\",\"target\":[\"https:\/\/www.africa-press.net\/tchad\/politique\/le-president-du-comite-senatorial-americain-des-affaires-etrangeres-appelle-mahamat-idriss-deby-a-organiser-des-elections-en-2022#respond\"]}]},{\"@type\":\"WebPage\",\"@id\":\"https:\/\/www.africa-press.net\/tchad\/politique\/le-president-du-comite-senatorial-americain-des-affaires-etrangeres-appelle-mahamat-idriss-deby-a-organiser-des-elections-en-2022\",\"url\":\"https:\/\/www.africa-press.net\/tchad\/politique\/le-president-du-comite-senatorial-americain-des-affaires-etrangeres-appelle-mahamat-idriss-deby-a-organiser-des-elections-en-2022\",\"name\":\"le pr\u00e9sident du comit\u00e9 s\u00e9natorial am\u00e9ricain des Affaires \u00e9trang\u00e8res appelle Mahamat Idriss D\u00e9by \u00e0 organiser des \u00e9lections en 2022 - tchad\",\"isPartOf\":{\"@id\":\"https:\/\/www.africa-press.net\/tchad\/#website\"},\"primaryImageOfPage\":{\"@id\":\"https:\/\/www.africa-press.net\/tchad\/politique\/le-president-du-comite-senatorial-americain-des-affaires-etrangeres-appelle-mahamat-idriss-deby-a-organiser-des-elections-en-2022#primaryimage\"},\"image\":{\"@id\":\"https:\/\/www.africa-press.net\/tchad\/politique\/le-president-du-comite-senatorial-americain-des-affaires-etrangeres-appelle-mahamat-idriss-deby-a-organiser-des-elections-en-2022#primaryimage\"},\"thumbnailUrl\":\"https:\/\/static.africa-press.net\/tchad\/sites\/41\/2022\/07\/postQueueImg_10-62ceb8211d42b.jpg\",\"datePublished\":\"2022-07-13T11:13:05+00:00\",\"dateModified\":\"2022-07-13T12:18:56+00:00\",\"author\":{\"@id\":\"https:\/\/www.africa-press.net\/tchad\/#\/schema\/person\/2b1cf3cd81a31e3cd26889ca66d677f1\"},\"description\":\"Le pr\u00e9sident du comit\u00e9 s\u00e9natorial des affaires \u00e9trang\u00e8res (SFRC), Bob Menedez, a introduit au S\u00e9nat am\u00e9ricain, le 11 jui ...\",\"breadcrumb\":{\"@id\":\"https:\/\/www.africa-press.net\/tchad\/politique\/le-president-du-comite-senatorial-americain-des-affaires-etrangeres-appelle-mahamat-idriss-deby-a-organiser-des-elections-en-2022#breadcrumb\"},\"inLanguage\":\"fr-FR\",\"potentialAction\":[{\"@type\":\"ReadAction\",\"target\":[\"https:\/\/www.africa-press.net\/tchad\/politique\/le-president-du-comite-senatorial-americain-des-affaires-etrangeres-appelle-mahamat-idriss-deby-a-organiser-des-elections-en-2022\"]}]},{\"@type\":\"ImageObject\",\"inLanguage\":\"fr-FR\",\"@id\":\"https:\/\/www.africa-press.net\/tchad\/politique\/le-president-du-comite-senatorial-americain-des-affaires-etrangeres-appelle-mahamat-idriss-deby-a-organiser-des-elections-en-2022#primaryimage\",\"url\":\"https:\/\/static.africa-press.net\/tchad\/sites\/41\/2022\/07\/postQueueImg_10-62ceb8211d42b.jpg\",\"contentUrl\":\"https:\/\/static.africa-press.net\/tchad\/sites\/41\/2022\/07\/postQueueImg_10-62ceb8211d42b.jpg\",\"width\":696,\"height\":294,\"caption\":\"le pr\u00e9sident du comit\u00e9 s\u00e9natorial am\u00e9ricain des Affaires \u00e9trang\u00e8res appelle Mahamat Idriss D\u00e9by \u00e0 organiser des \u00e9lections en 2022\"},{\"@type\":\"BreadcrumbList\",\"@id\":\"https:\/\/www.africa-press.net\/tchad\/politique\/le-president-du-comite-senatorial-americain-des-affaires-etrangeres-appelle-mahamat-idriss-deby-a-organiser-des-elections-en-2022#breadcrumb\",\"itemListElement\":[{\"@type\":\"ListItem\",\"position\":1,\"name\":\"Accueil\",\"item\":\"https:\/\/www.africa-press.net\/tchad\/\"},{\"@type\":\"ListItem\",\"position\":2,\"name\":\"le pr\u00e9sident du comit\u00e9 s\u00e9natorial am\u00e9ricain des Affaires \u00e9trang\u00e8res appelle Mahamat Idriss D\u00e9by \u00e0 organiser des \u00e9lections en 2022\"}]},{\"@type\":\"WebSite\",\"@id\":\"https:\/\/www.africa-press.net\/tchad\/#website\",\"url\":\"https:\/\/www.africa-press.net\/tchad\/\",\"name\":\"tchad\",\"description\":\"Just another Africa News Agency Sites site\",\"potentialAction\":[{\"@type\":\"SearchAction\",\"target\":{\"@type\":\"EntryPoint\",\"urlTemplate\":\"https:\/\/www.africa-press.net\/tchad\/?s={search_term_string}\"},\"query-input\":{\"@type\":\"PropertyValueSpecification\",\"valueRequired\":true,\"valueName\":\"search_term_string\"}}],\"inLanguage\":\"fr-FR\"},{\"@type\":\"Person\",\"@id\":\"https:\/\/www.africa-press.net\/tchad\/#\/schema\/person\/2b1cf3cd81a31e3cd26889ca66d677f1\",\"name\":\"cfeditorfr\"}]}<\/script>\n<!-- \/ Yoast SEO Premium plugin. -->","yoast_head_json":{"title":"le pr\u00e9sident du comit\u00e9 s\u00e9natorial am\u00e9ricain des Affaires \u00e9trang\u00e8res appelle Mahamat Idriss D\u00e9by \u00e0 organiser des \u00e9lections en 2022 - tchad","description":"Le pr\u00e9sident du comit\u00e9 s\u00e9natorial des affaires \u00e9trang\u00e8res (SFRC), Bob Menedez, a introduit au S\u00e9nat am\u00e9ricain, le 11 jui ...","robots":{"index":"index","follow":"follow","max-snippet":"max-snippet:-1","max-image-preview":"max-image-preview:large","max-video-preview":"max-video-preview:-1"},"canonical":"https:\/\/www.africa-press.net\/tchad\/politique\/le-president-du-comite-senatorial-americain-des-affaires-etrangeres-appelle-mahamat-idriss-deby-a-organiser-des-elections-en-2022","og_locale":"fr_FR","og_type":"article","og_title":"le pr\u00e9sident du comit\u00e9 s\u00e9natorial am\u00e9ricain des Affaires \u00e9trang\u00e8res appelle Mahamat Idriss D\u00e9by \u00e0 organiser des \u00e9lections en 2022","og_description":"Le pr\u00e9sident du comit\u00e9 s\u00e9natorial des affaires \u00e9trang\u00e8res (SFRC), Bob Menedez, a introduit au S\u00e9nat am\u00e9ricain, le 11 jui ...","og_url":"https:\/\/www.africa-press.net\/tchad\/politique\/le-president-du-comite-senatorial-americain-des-affaires-etrangeres-appelle-mahamat-idriss-deby-a-organiser-des-elections-en-2022","og_site_name":"tchad","article_published_time":"2022-07-13T11:13:05+00:00","article_modified_time":"2022-07-13T12:18:56+00:00","og_image":[{"width":696,"height":294,"url":"https:\/\/static.africa-press.net\/tchad\/sites\/41\/2022\/07\/postQueueImg_10-62ceb8211d42b.jpg","type":"image\/jpeg"}],"author":"cfeditorfr","twitter_card":"summary_large_image","twitter_misc":{"\u00c9crit par":"cfeditorfr","Dur\u00e9e de lecture estim\u00e9e":"2 minutes"},"schema":{"@context":"https:\/\/schema.org","@graph":[{"@type":"Article","@id":"https:\/\/www.africa-press.net\/tchad\/politique\/le-president-du-comite-senatorial-americain-des-affaires-etrangeres-appelle-mahamat-idriss-deby-a-organiser-des-elections-en-2022#article","isPartOf":{"@id":"https:\/\/www.africa-press.net\/tchad\/politique\/le-president-du-comite-senatorial-americain-des-affaires-etrangeres-appelle-mahamat-idriss-deby-a-organiser-des-elections-en-2022"},"author":{"name":"cfeditorfr","@id":"https:\/\/www.africa-press.net\/tchad\/#\/schema\/person\/2b1cf3cd81a31e3cd26889ca66d677f1"},"headline":"le pr\u00e9sident du comit\u00e9 s\u00e9natorial am\u00e9ricain des Affaires \u00e9trang\u00e8res appelle Mahamat Idriss D\u00e9by \u00e0 organiser des \u00e9lections en 2022","datePublished":"2022-07-13T11:13:05+00:00","dateModified":"2022-07-13T12:18:56+00:00","mainEntityOfPage":{"@id":"https:\/\/www.africa-press.net\/tchad\/politique\/le-president-du-comite-senatorial-americain-des-affaires-etrangeres-appelle-mahamat-idriss-deby-a-organiser-des-elections-en-2022"},"wordCount":431,"commentCount":0,"image":{"@id":"https:\/\/www.africa-press.net\/tchad\/politique\/le-president-du-comite-senatorial-americain-des-affaires-etrangeres-appelle-mahamat-idriss-deby-a-organiser-des-elections-en-2022#primaryimage"},"thumbnailUrl":"https:\/\/static.africa-press.net\/tchad\/sites\/41\/2022\/07\/postQueueImg_10-62ceb8211d42b.jpg","keywords":["Africa Press","Africa Press-Tchad","Tchad"],"articleSection":["homepage-french","Politique","Toutes les actualit\u00e9s"],"inLanguage":"fr-FR","potentialAction":[{"@type":"CommentAction","name":"Comment","target":["https:\/\/www.africa-press.net\/tchad\/politique\/le-president-du-comite-senatorial-americain-des-affaires-etrangeres-appelle-mahamat-idriss-deby-a-organiser-des-elections-en-2022#respond"]}]},{"@type":"WebPage","@id":"https:\/\/www.africa-press.net\/tchad\/politique\/le-president-du-comite-senatorial-americain-des-affaires-etrangeres-appelle-mahamat-idriss-deby-a-organiser-des-elections-en-2022","url":"https:\/\/www.africa-press.net\/tchad\/politique\/le-president-du-comite-senatorial-americain-des-affaires-etrangeres-appelle-mahamat-idriss-deby-a-organiser-des-elections-en-2022","name":"le pr\u00e9sident du comit\u00e9 s\u00e9natorial am\u00e9ricain des Affaires \u00e9trang\u00e8res appelle Mahamat Idriss D\u00e9by \u00e0 organiser des \u00e9lections en 2022 - tchad","isPartOf":{"@id":"https:\/\/www.africa-press.net\/tchad\/#website"},"primaryImageOfPage":{"@id":"https:\/\/www.africa-press.net\/tchad\/politique\/le-president-du-comite-senatorial-americain-des-affaires-etrangeres-appelle-mahamat-idriss-deby-a-organiser-des-elections-en-2022#primaryimage"},"image":{"@id":"https:\/\/www.africa-press.net\/tchad\/politique\/le-president-du-comite-senatorial-americain-des-affaires-etrangeres-appelle-mahamat-idriss-deby-a-organiser-des-elections-en-2022#primaryimage"},"thumbnailUrl":"https:\/\/static.africa-press.net\/tchad\/sites\/41\/2022\/07\/postQueueImg_10-62ceb8211d42b.jpg","datePublished":"2022-07-13T11:13:05+00:00","dateModified":"2022-07-13T12:18:56+00:00","author":{"@id":"https:\/\/www.africa-press.net\/tchad\/#\/schema\/person\/2b1cf3cd81a31e3cd26889ca66d677f1"},"description":"Le pr\u00e9sident du comit\u00e9 s\u00e9natorial des affaires \u00e9trang\u00e8res (SFRC), Bob Menedez, a introduit au S\u00e9nat am\u00e9ricain, le 11 jui ...","breadcrumb":{"@id":"https:\/\/www.africa-press.net\/tchad\/politique\/le-president-du-comite-senatorial-americain-des-affaires-etrangeres-appelle-mahamat-idriss-deby-a-organiser-des-elections-en-2022#breadcrumb"},"inLanguage":"fr-FR","potentialAction":[{"@type":"ReadAction","target":["https:\/\/www.africa-press.net\/tchad\/politique\/le-president-du-comite-senatorial-americain-des-affaires-etrangeres-appelle-mahamat-idriss-deby-a-organiser-des-elections-en-2022"]}]},{"@type":"ImageObject","inLanguage":"fr-FR","@id":"https:\/\/www.africa-press.net\/tchad\/politique\/le-president-du-comite-senatorial-americain-des-affaires-etrangeres-appelle-mahamat-idriss-deby-a-organiser-des-elections-en-2022#primaryimage","url":"https:\/\/static.africa-press.net\/tchad\/sites\/41\/2022\/07\/postQueueImg_10-62ceb8211d42b.jpg","contentUrl":"https:\/\/static.africa-press.net\/tchad\/sites\/41\/2022\/07\/postQueueImg_10-62ceb8211d42b.jpg","width":696,"height":294,"caption":"le pr\u00e9sident du comit\u00e9 s\u00e9natorial am\u00e9ricain des Affaires \u00e9trang\u00e8res appelle Mahamat Idriss D\u00e9by \u00e0 organiser des \u00e9lections en 2022"},{"@type":"BreadcrumbList","@id":"https:\/\/www.africa-press.net\/tchad\/politique\/le-president-du-comite-senatorial-americain-des-affaires-etrangeres-appelle-mahamat-idriss-deby-a-organiser-des-elections-en-2022#breadcrumb","itemListElement":[{"@type":"ListItem","position":1,"name":"Accueil","item":"https:\/\/www.africa-press.net\/tchad\/"},{"@type":"ListItem","position":2,"name":"le pr\u00e9sident du comit\u00e9 s\u00e9natorial am\u00e9ricain des Affaires \u00e9trang\u00e8res appelle Mahamat Idriss D\u00e9by \u00e0 organiser des \u00e9lections en 2022"}]},{"@type":"WebSite","@id":"https:\/\/www.africa-press.net\/tchad\/#website","url":"https:\/\/www.africa-press.net\/tchad\/","name":"tchad","description":"Just another Africa News Agency Sites site","potentialAction":[{"@type":"SearchAction","target":{"@type":"EntryPoint","urlTemplate":"https:\/\/www.africa-press.net\/tchad\/?s={search_term_string}"},"query-input":{"@type":"PropertyValueSpecification","valueRequired":true,"valueName":"search_term_string"}}],"inLanguage":"fr-FR"},{"@type":"Person","@id":"https:\/\/www.africa-press.net\/tchad\/#\/schema\/person\/2b1cf3cd81a31e3cd26889ca66d677f1","name":"cfeditorfr"}]}},"_links":{"self":[{"href":"https:\/\/www.africa-press.net\/tchad\/wp-json\/wp\/v2\/posts\/28792","targetHints":{"allow":["GET"]}}],"collection":[{"href":"https:\/\/www.africa-press.net\/tchad\/wp-json\/wp\/v2\/posts"}],"about":[{"href":"https:\/\/www.africa-press.net\/tchad\/wp-json\/wp\/v2\/types\/post"}],"author":[{"embeddable":true,"href":"https:\/\/www.africa-press.net\/tchad\/wp-json\/wp\/v2\/users\/82"}],"replies":[{"embeddable":true,"href":"https:\/\/www.africa-press.net\/tchad\/wp-json\/wp\/v2\/comments?post=28792"}],"version-history":[{"count":0,"href":"https:\/\/www.africa-press.net\/tchad\/wp-json\/wp\/v2\/posts\/28792\/revisions"}],"wp:featuredmedia":[{"embeddable":true,"href":"https:\/\/www.africa-press.net\/tchad\/wp-json\/wp\/v2\/media\/28791"}],"wp:attachment":[{"href":"https:\/\/www.africa-press.net\/tchad\/wp-json\/wp\/v2\/media?parent=28792"}],"wp:term":[{"taxonomy":"category","embeddable":true,"href":"https:\/\/www.africa-press.net\/tchad\/wp-json\/wp\/v2\/categories?post=28792"},{"taxonomy":"post_tag","embeddable":true,"href":"https:\/\/www.africa-press.net\/tchad\/wp-json\/wp\/v2\/tags?post=28792"}],"curies":[{"name":"wp","href":"https:\/\/api.w.org\/{rel}","templated":true}]}}