{"id":28798,"date":"2022-07-13T11:17:39","date_gmt":"2022-07-13T11:17:39","guid":{"rendered":"https:\/\/www.africa-press.net\/tchad\/politique\/le-president-nigerien-est-a-ndjamena"},"modified":"2022-07-13T12:20:03","modified_gmt":"2022-07-13T12:20:03","slug":"le-president-nigerien-est-a-ndjamena","status":"publish","type":"post","link":"https:\/\/www.africa-press.net\/tchad\/politique\/le-president-nigerien-est-a-ndjamena","title":{"rendered":"Le pr\u00e9sident nig\u00e9rien est \u00e0 Ndjamena"},"content":{"rendered":"<p><span style=\"color: #ff6600\"><strong>Africa-Press &#8211; Tchad. <\/strong><\/span>Le Pr\u00e9sident de la R\u00e9publique du Niger, MOHAMED BAZOUM, a entam\u00e9 ce mardi une visite officielle de 48 heures au Tchad.<\/p>\n<p>Le Chef de l\u2019Etat nig\u00e9rien est arriv\u00e9 cet apr\u00e8s-midi \u00e0 N\u2019Djam\u00e9na o\u00f9 il a \u00e9t\u00e9 accueilli \u00e0 l\u2019a\u00e9roport international Hassan Djamous au bas de la passerelle par le Pr\u00e9sident de la R\u00e9publique, G\u00e9n\u00e9ral MAHAMAT IDRISS DEBY ITNO, ses proches collaborateurs, le Chef d\u2019Etat-major G\u00e9n\u00e9ral des Arm\u00e9es, le Maire de la Ville de N\u2019Djam\u00e9na et l\u2019Ambassadeur du Niger accr\u00e9dit\u00e9 aupr\u00e8s de la R\u00e9publique du Tchad, M. ABOUBACAR HASSANE DAN SOKOTO. Remise de bouquet de fleurs, chaude accolade suivie d\u2019une longue poign\u00e9e de mains.<\/p>\n<p>Les deux Chefs d\u2019Etatse dirigent ensuite vers l\u2019estrade pour l\u2019ex\u00e9cution des hymnes du Tchad et du Niger. Le Pr\u00e9sident MOHAMED BAZOUM passe en revue la troupe qui lui rendait honneur avant de serrer les mains respectives des corps constitu\u00e9s compos\u00e9s des Officiers G\u00e9n\u00e9raux membres du Conseil Militaire de Transition (CMT), les Commandants des grandes formations militaires, le Premier Ministre de Transition, le Pr\u00e9sident du Conseil National de Transition, les membres du Gouvernement, les Conseillers du Chefs de l\u2019Etat, les pl\u00e9nipotentiaires et les chefs militaires nig\u00e9riens du d\u00e9tachement du G5 op\u00e9rant au Tchad. C\u2019est l\u2019ensemble des corps constitu\u00e9s qui s\u2019est mobilis\u00e9 \u00e0 l\u2019a\u00e9roport pour souhaiter la bienvenue \u00e0 l\u2019h\u00f4te de marque du Tchad.<\/p>\n<p>Les deux Chefs d\u2019Etat se retirent ensuiteau pavillon d\u2019honneur de l\u2019a\u00e9roport o\u00f9 ils ont eu un premier entretien d\u2019une trentaine de minutes. La colonie nig\u00e9rienne qui n\u2019a pas pu avoir acc\u00e8s au tarmac a attendu son Pr\u00e9sident au sortir du salon d\u2019honneur pour communier avec lui. Une communion empreinte de chaleur, au rythme des chants et danses du Niger.<\/p>\n<p>Apr\u00e8s l\u2019a\u00e9roport, cap est mis sur le lieu de r\u00e9sidence de la d\u00e9l\u00e9gation pr\u00e9sidentielle nig\u00e9rienne situ\u00e9 au c\u0153ur de la cit\u00e9-capitale.<\/p>\n<p>Le programme de la visite officielle du Pr\u00e9sident de la R\u00e9publique du Niger au Tchad pr\u00e9voit, ce 13 juillet au palais pr\u00e9sidentiel,un t\u00eate \u00e0 t\u00eate entre les deux hommes d\u2019Etat etune rencontre bilat\u00e9rale \u00e9largie aux deux d\u00e9l\u00e9gations, suivis d\u2019une conf\u00e9rence de presse conjointe.<\/p>\n<p><strong>Pour plus d&rsquo;informations et d&rsquo;analyses sur la <a href=\"https:\/\/www.africa-press.net\/tchad\">Tchad<\/a>, suivez <a href=\"https:\/\/www.africa-press.net\/\">Africa-Press<\/a><\/strong><\/p>\n","protected":false},"excerpt":{"rendered":"<p>Africa-Press &#8211; Tchad. Le Pr\u00e9sident de la R\u00e9publique du Niger, MOHAMED BAZOUM, a entam\u00e9 ce mardi une visite officielle de 48 heures au Tchad. Le Chef de l\u2019Etat nig\u00e9rien est arriv\u00e9 cet apr\u00e8s-midi \u00e0 N\u2019Djam\u00e9na o\u00f9 il a \u00e9t\u00e9 accueilli \u00e0 l\u2019a\u00e9roport international Hassan Djamous au bas de la passerelle par le Pr\u00e9sident de la [&hellip;]<\/p>\n","protected":false},"author":82,"featured_media":28797,"comment_status":"open","ping_status":"closed","sticky":false,"template":"","format":"standard","meta":{"footnotes":""},"categories":[11,2,10],"tags":[37,292,29],"class_list":["post-28798","post","type-post","status-publish","format-standard","has-post-thumbnail","hentry","category-homepage-french","category-politique","category-toutes-les-actualites","tag-africa-press","tag-africa-press-tchad","tag-tchad"],"yoast_head":"<!-- This site is optimized with the Yoast SEO Premium plugin v26.1 (Yoast SEO v27.0) - https:\/\/yoast.com\/product\/yoast-seo-premium-wordpress\/ -->\n<title>Le pr\u00e9sident nig\u00e9rien est \u00e0 Ndjamena - tchad<\/title>\n<meta name=\"description\" content=\"Le Pr\u00e9sident de la R\u00e9publique du Niger, MOHAMED BAZOUM, a entam\u00e9 ce mardi une visite officielle de 48 heures au Tchad. ...\" \/>\n<meta name=\"robots\" content=\"index, follow, max-snippet:-1, max-image-preview:large, max-video-preview:-1\" \/>\n<link rel=\"canonical\" href=\"https:\/\/www.africa-press.net\/tchad\/politique\/le-president-nigerien-est-a-ndjamena\" \/>\n<meta property=\"og:locale\" content=\"fr_FR\" \/>\n<meta property=\"og:type\" content=\"article\" \/>\n<meta property=\"og:title\" content=\"Le pr\u00e9sident nig\u00e9rien est \u00e0 Ndjamena\" \/>\n<meta property=\"og:description\" content=\"Le Pr\u00e9sident de la R\u00e9publique du Niger, MOHAMED BAZOUM, a entam\u00e9 ce mardi une visite officielle de 48 heures au Tchad. ...\" \/>\n<meta property=\"og:url\" content=\"https:\/\/www.africa-press.net\/tchad\/politique\/le-president-nigerien-est-a-ndjamena\" \/>\n<meta property=\"og:site_name\" content=\"tchad\" \/>\n<meta property=\"article:published_time\" content=\"2022-07-13T11:17:39+00:00\" \/>\n<meta property=\"article:modified_time\" content=\"2022-07-13T12:20:03+00:00\" \/>\n<meta property=\"og:image\" content=\"https:\/\/static.africa-press.net\/tchad\/sites\/41\/2022\/07\/postQueueImg_13-62ceb862a1645.jpg\" \/>\n\t<meta property=\"og:image:width\" content=\"717\" \/>\n\t<meta property=\"og:image:height\" content=\"438\" \/>\n\t<meta property=\"og:image:type\" content=\"image\/jpeg\" \/>\n<meta name=\"author\" content=\"cfeditorfr\" \/>\n<meta name=\"twitter:card\" content=\"summary_large_image\" \/>\n<meta name=\"twitter:label1\" content=\"\u00c9crit par\" \/>\n\t<meta name=\"twitter:data1\" content=\"cfeditorfr\" \/>\n\t<meta name=\"twitter:label2\" content=\"Dur\u00e9e de lecture estim\u00e9e\" \/>\n\t<meta name=\"twitter:data2\" content=\"2 minutes\" \/>\n<script type=\"application\/ld+json\" class=\"yoast-schema-graph\">{\"@context\":\"https:\/\/schema.org\",\"@graph\":[{\"@type\":\"Article\",\"@id\":\"https:\/\/www.africa-press.net\/tchad\/politique\/le-president-nigerien-est-a-ndjamena#article\",\"isPartOf\":{\"@id\":\"https:\/\/www.africa-press.net\/tchad\/politique\/le-president-nigerien-est-a-ndjamena\"},\"author\":{\"name\":\"cfeditorfr\",\"@id\":\"https:\/\/www.africa-press.net\/tchad\/#\/schema\/person\/2b1cf3cd81a31e3cd26889ca66d677f1\"},\"headline\":\"Le pr\u00e9sident nig\u00e9rien est \u00e0 Ndjamena\",\"datePublished\":\"2022-07-13T11:17:39+00:00\",\"dateModified\":\"2022-07-13T12:20:03+00:00\",\"mainEntityOfPage\":{\"@id\":\"https:\/\/www.africa-press.net\/tchad\/politique\/le-president-nigerien-est-a-ndjamena\"},\"wordCount\":434,\"commentCount\":0,\"image\":{\"@id\":\"https:\/\/www.africa-press.net\/tchad\/politique\/le-president-nigerien-est-a-ndjamena#primaryimage\"},\"thumbnailUrl\":\"https:\/\/static.africa-press.net\/tchad\/sites\/41\/2022\/07\/postQueueImg_13-62ceb862a1645.jpg\",\"keywords\":[\"Africa Press\",\"Africa Press-Tchad\",\"Tchad\"],\"articleSection\":[\"homepage-french\",\"Politique\",\"Toutes les actualit\u00e9s\"],\"inLanguage\":\"fr-FR\",\"potentialAction\":[{\"@type\":\"CommentAction\",\"name\":\"Comment\",\"target\":[\"https:\/\/www.africa-press.net\/tchad\/politique\/le-president-nigerien-est-a-ndjamena#respond\"]}]},{\"@type\":\"WebPage\",\"@id\":\"https:\/\/www.africa-press.net\/tchad\/politique\/le-president-nigerien-est-a-ndjamena\",\"url\":\"https:\/\/www.africa-press.net\/tchad\/politique\/le-president-nigerien-est-a-ndjamena\",\"name\":\"Le pr\u00e9sident nig\u00e9rien est \u00e0 Ndjamena - tchad\",\"isPartOf\":{\"@id\":\"https:\/\/www.africa-press.net\/tchad\/#website\"},\"primaryImageOfPage\":{\"@id\":\"https:\/\/www.africa-press.net\/tchad\/politique\/le-president-nigerien-est-a-ndjamena#primaryimage\"},\"image\":{\"@id\":\"https:\/\/www.africa-press.net\/tchad\/politique\/le-president-nigerien-est-a-ndjamena#primaryimage\"},\"thumbnailUrl\":\"https:\/\/static.africa-press.net\/tchad\/sites\/41\/2022\/07\/postQueueImg_13-62ceb862a1645.jpg\",\"datePublished\":\"2022-07-13T11:17:39+00:00\",\"dateModified\":\"2022-07-13T12:20:03+00:00\",\"author\":{\"@id\":\"https:\/\/www.africa-press.net\/tchad\/#\/schema\/person\/2b1cf3cd81a31e3cd26889ca66d677f1\"},\"description\":\"Le Pr\u00e9sident de la R\u00e9publique du Niger, MOHAMED BAZOUM, a entam\u00e9 ce mardi une visite officielle de 48 heures au Tchad. ...\",\"breadcrumb\":{\"@id\":\"https:\/\/www.africa-press.net\/tchad\/politique\/le-president-nigerien-est-a-ndjamena#breadcrumb\"},\"inLanguage\":\"fr-FR\",\"potentialAction\":[{\"@type\":\"ReadAction\",\"target\":[\"https:\/\/www.africa-press.net\/tchad\/politique\/le-president-nigerien-est-a-ndjamena\"]}]},{\"@type\":\"ImageObject\",\"inLanguage\":\"fr-FR\",\"@id\":\"https:\/\/www.africa-press.net\/tchad\/politique\/le-president-nigerien-est-a-ndjamena#primaryimage\",\"url\":\"https:\/\/static.africa-press.net\/tchad\/sites\/41\/2022\/07\/postQueueImg_13-62ceb862a1645.jpg\",\"contentUrl\":\"https:\/\/static.africa-press.net\/tchad\/sites\/41\/2022\/07\/postQueueImg_13-62ceb862a1645.jpg\",\"width\":717,\"height\":438,\"caption\":\"Le pr\u00e9sident nig\u00e9rien est \u00e0 Ndjamena\"},{\"@type\":\"BreadcrumbList\",\"@id\":\"https:\/\/www.africa-press.net\/tchad\/politique\/le-president-nigerien-est-a-ndjamena#breadcrumb\",\"itemListElement\":[{\"@type\":\"ListItem\",\"position\":1,\"name\":\"Accueil\",\"item\":\"https:\/\/www.africa-press.net\/tchad\/\"},{\"@type\":\"ListItem\",\"position\":2,\"name\":\"Le pr\u00e9sident nig\u00e9rien est \u00e0 Ndjamena\"}]},{\"@type\":\"WebSite\",\"@id\":\"https:\/\/www.africa-press.net\/tchad\/#website\",\"url\":\"https:\/\/www.africa-press.net\/tchad\/\",\"name\":\"tchad\",\"description\":\"Just another Africa News Agency Sites site\",\"potentialAction\":[{\"@type\":\"SearchAction\",\"target\":{\"@type\":\"EntryPoint\",\"urlTemplate\":\"https:\/\/www.africa-press.net\/tchad\/?s={search_term_string}\"},\"query-input\":{\"@type\":\"PropertyValueSpecification\",\"valueRequired\":true,\"valueName\":\"search_term_string\"}}],\"inLanguage\":\"fr-FR\"},{\"@type\":\"Person\",\"@id\":\"https:\/\/www.africa-press.net\/tchad\/#\/schema\/person\/2b1cf3cd81a31e3cd26889ca66d677f1\",\"name\":\"cfeditorfr\"}]}<\/script>\n<!-- \/ Yoast SEO Premium plugin. -->","yoast_head_json":{"title":"Le pr\u00e9sident nig\u00e9rien est \u00e0 Ndjamena - tchad","description":"Le Pr\u00e9sident de la R\u00e9publique du Niger, MOHAMED BAZOUM, a entam\u00e9 ce mardi une visite officielle de 48 heures au Tchad. ...","robots":{"index":"index","follow":"follow","max-snippet":"max-snippet:-1","max-image-preview":"max-image-preview:large","max-video-preview":"max-video-preview:-1"},"canonical":"https:\/\/www.africa-press.net\/tchad\/politique\/le-president-nigerien-est-a-ndjamena","og_locale":"fr_FR","og_type":"article","og_title":"Le pr\u00e9sident nig\u00e9rien est \u00e0 Ndjamena","og_description":"Le Pr\u00e9sident de la R\u00e9publique du Niger, MOHAMED BAZOUM, a entam\u00e9 ce mardi une visite officielle de 48 heures au Tchad. ...","og_url":"https:\/\/www.africa-press.net\/tchad\/politique\/le-president-nigerien-est-a-ndjamena","og_site_name":"tchad","article_published_time":"2022-07-13T11:17:39+00:00","article_modified_time":"2022-07-13T12:20:03+00:00","og_image":[{"width":717,"height":438,"url":"https:\/\/static.africa-press.net\/tchad\/sites\/41\/2022\/07\/postQueueImg_13-62ceb862a1645.jpg","type":"image\/jpeg"}],"author":"cfeditorfr","twitter_card":"summary_large_image","twitter_misc":{"\u00c9crit par":"cfeditorfr","Dur\u00e9e de lecture estim\u00e9e":"2 minutes"},"schema":{"@context":"https:\/\/schema.org","@graph":[{"@type":"Article","@id":"https:\/\/www.africa-press.net\/tchad\/politique\/le-president-nigerien-est-a-ndjamena#article","isPartOf":{"@id":"https:\/\/www.africa-press.net\/tchad\/politique\/le-president-nigerien-est-a-ndjamena"},"author":{"name":"cfeditorfr","@id":"https:\/\/www.africa-press.net\/tchad\/#\/schema\/person\/2b1cf3cd81a31e3cd26889ca66d677f1"},"headline":"Le pr\u00e9sident nig\u00e9rien est \u00e0 Ndjamena","datePublished":"2022-07-13T11:17:39+00:00","dateModified":"2022-07-13T12:20:03+00:00","mainEntityOfPage":{"@id":"https:\/\/www.africa-press.net\/tchad\/politique\/le-president-nigerien-est-a-ndjamena"},"wordCount":434,"commentCount":0,"image":{"@id":"https:\/\/www.africa-press.net\/tchad\/politique\/le-president-nigerien-est-a-ndjamena#primaryimage"},"thumbnailUrl":"https:\/\/static.africa-press.net\/tchad\/sites\/41\/2022\/07\/postQueueImg_13-62ceb862a1645.jpg","keywords":["Africa Press","Africa Press-Tchad","Tchad"],"articleSection":["homepage-french","Politique","Toutes les actualit\u00e9s"],"inLanguage":"fr-FR","potentialAction":[{"@type":"CommentAction","name":"Comment","target":["https:\/\/www.africa-press.net\/tchad\/politique\/le-president-nigerien-est-a-ndjamena#respond"]}]},{"@type":"WebPage","@id":"https:\/\/www.africa-press.net\/tchad\/politique\/le-president-nigerien-est-a-ndjamena","url":"https:\/\/www.africa-press.net\/tchad\/politique\/le-president-nigerien-est-a-ndjamena","name":"Le pr\u00e9sident nig\u00e9rien est \u00e0 Ndjamena - tchad","isPartOf":{"@id":"https:\/\/www.africa-press.net\/tchad\/#website"},"primaryImageOfPage":{"@id":"https:\/\/www.africa-press.net\/tchad\/politique\/le-president-nigerien-est-a-ndjamena#primaryimage"},"image":{"@id":"https:\/\/www.africa-press.net\/tchad\/politique\/le-president-nigerien-est-a-ndjamena#primaryimage"},"thumbnailUrl":"https:\/\/static.africa-press.net\/tchad\/sites\/41\/2022\/07\/postQueueImg_13-62ceb862a1645.jpg","datePublished":"2022-07-13T11:17:39+00:00","dateModified":"2022-07-13T12:20:03+00:00","author":{"@id":"https:\/\/www.africa-press.net\/tchad\/#\/schema\/person\/2b1cf3cd81a31e3cd26889ca66d677f1"},"description":"Le Pr\u00e9sident de la R\u00e9publique du Niger, MOHAMED BAZOUM, a entam\u00e9 ce mardi une visite officielle de 48 heures au Tchad. ...","breadcrumb":{"@id":"https:\/\/www.africa-press.net\/tchad\/politique\/le-president-nigerien-est-a-ndjamena#breadcrumb"},"inLanguage":"fr-FR","potentialAction":[{"@type":"ReadAction","target":["https:\/\/www.africa-press.net\/tchad\/politique\/le-president-nigerien-est-a-ndjamena"]}]},{"@type":"ImageObject","inLanguage":"fr-FR","@id":"https:\/\/www.africa-press.net\/tchad\/politique\/le-president-nigerien-est-a-ndjamena#primaryimage","url":"https:\/\/static.africa-press.net\/tchad\/sites\/41\/2022\/07\/postQueueImg_13-62ceb862a1645.jpg","contentUrl":"https:\/\/static.africa-press.net\/tchad\/sites\/41\/2022\/07\/postQueueImg_13-62ceb862a1645.jpg","width":717,"height":438,"caption":"Le pr\u00e9sident nig\u00e9rien est \u00e0 Ndjamena"},{"@type":"BreadcrumbList","@id":"https:\/\/www.africa-press.net\/tchad\/politique\/le-president-nigerien-est-a-ndjamena#breadcrumb","itemListElement":[{"@type":"ListItem","position":1,"name":"Accueil","item":"https:\/\/www.africa-press.net\/tchad\/"},{"@type":"ListItem","position":2,"name":"Le pr\u00e9sident nig\u00e9rien est \u00e0 Ndjamena"}]},{"@type":"WebSite","@id":"https:\/\/www.africa-press.net\/tchad\/#website","url":"https:\/\/www.africa-press.net\/tchad\/","name":"tchad","description":"Just another Africa News Agency Sites site","potentialAction":[{"@type":"SearchAction","target":{"@type":"EntryPoint","urlTemplate":"https:\/\/www.africa-press.net\/tchad\/?s={search_term_string}"},"query-input":{"@type":"PropertyValueSpecification","valueRequired":true,"valueName":"search_term_string"}}],"inLanguage":"fr-FR"},{"@type":"Person","@id":"https:\/\/www.africa-press.net\/tchad\/#\/schema\/person\/2b1cf3cd81a31e3cd26889ca66d677f1","name":"cfeditorfr"}]}},"_links":{"self":[{"href":"https:\/\/www.africa-press.net\/tchad\/wp-json\/wp\/v2\/posts\/28798","targetHints":{"allow":["GET"]}}],"collection":[{"href":"https:\/\/www.africa-press.net\/tchad\/wp-json\/wp\/v2\/posts"}],"about":[{"href":"https:\/\/www.africa-press.net\/tchad\/wp-json\/wp\/v2\/types\/post"}],"author":[{"embeddable":true,"href":"https:\/\/www.africa-press.net\/tchad\/wp-json\/wp\/v2\/users\/82"}],"replies":[{"embeddable":true,"href":"https:\/\/www.africa-press.net\/tchad\/wp-json\/wp\/v2\/comments?post=28798"}],"version-history":[{"count":0,"href":"https:\/\/www.africa-press.net\/tchad\/wp-json\/wp\/v2\/posts\/28798\/revisions"}],"wp:featuredmedia":[{"embeddable":true,"href":"https:\/\/www.africa-press.net\/tchad\/wp-json\/wp\/v2\/media\/28797"}],"wp:attachment":[{"href":"https:\/\/www.africa-press.net\/tchad\/wp-json\/wp\/v2\/media?parent=28798"}],"wp:term":[{"taxonomy":"category","embeddable":true,"href":"https:\/\/www.africa-press.net\/tchad\/wp-json\/wp\/v2\/categories?post=28798"},{"taxonomy":"post_tag","embeddable":true,"href":"https:\/\/www.africa-press.net\/tchad\/wp-json\/wp\/v2\/tags?post=28798"}],"curies":[{"name":"wp","href":"https:\/\/api.w.org\/{rel}","templated":true}]}}