{"id":28801,"date":"2022-07-13T11:19:12","date_gmt":"2022-07-13T11:19:12","guid":{"rendered":"https:\/\/www.africa-press.net\/tchad\/politique\/les-prochaines-assises-du-dialogue-national-inclusif-vues-par-quelques-citoyens"},"modified":"2022-07-13T12:20:24","modified_gmt":"2022-07-13T12:20:24","slug":"les-prochaines-assises-du-dialogue-national-inclusif-vues-par-quelques-citoyens","status":"publish","type":"post","link":"https:\/\/www.africa-press.net\/tchad\/politique\/les-prochaines-assises-du-dialogue-national-inclusif-vues-par-quelques-citoyens","title":{"rendered":"les prochaines assises du dialogue national inclusif vues  par quelques citoyens"},"content":{"rendered":"<p><span style=\"color: #ff6600\"><strong>Africa-Press &#8211; Tchad. <\/strong><\/span>Le dialogue national inclusif est annonc\u00e9 depuis quelques mois par le Conseil militaire de transition comme une possibilit\u00e9 de restauration de confiance entre tous les Tchadiens d\u2019une part, et d\u2019autre part, de renforcer la d\u00e9mocratie et se jeter sur de nouvelles bases pour la justice et une paix durable au Tchad. Ce rendez-vous qui r\u00e9unira bient\u00f4t les fils et filles du Tchad afin d\u2019entrer dans une nouvelle \u00e8re de la politique est per\u00e7ue de mani\u00e8re assez diff\u00e9rente par des citoyens.<\/p>\n<p>Ecrire ensemble une nouvelle histoire positive du Tchad, c\u2019est le v\u0153u de chaque Tchadien. De l\u2019annonce \u00e0 la mise en place d\u2019un comit\u00e9 d\u2019organisation du dialogue national inclusif au Tchad, une lueur d\u2019espoir se dessine sur les visages des tchadiens soucieux d\u2019un retour de la paix et de la justice au Tchad. Selon certains citoyens, ce dialogue est consid\u00e9r\u00e9 comme une chance pour promouvoir l\u2019innovation en mati\u00e8re de politique tchadienne qui a eu des d\u00e9cennies de guerre et des conflits de tout genre.<\/p>\n<p>Pour Konguel G\u00e9d\u00e9on, entrepreneur et observateur de la sc\u00e8ne politique, c\u2019est une chance de faire progresser le Tchad sur les tribunes internationales. Et de pr\u00e9senter tous les Tchadiens \u00e9gaux devant les lois .\u00ab Apr\u00e8s des d\u00e9cennies d\u2019opacit\u00e9 politique et de discorde entre les Tchadiens, une chance nous est offerte d\u2019\u00e9crire une nouvelle histoire ensemble. L\u2019initiative de lancer un dialogue national est sans \u00e9quivoque. Les efforts notamment l\u2019inclusion de la majorit\u00e9 des formations politiques pour ce dialogue marquent d\u00e9j\u00e0 une \u00e9volution positive et historique \u00bb, a-t-il per\u00e7u.<\/p>\n<p>Avec un peu d\u2019h\u00e9sitation, Daoud Ali nous confie que ce dialogue national doit permettre de couvrir une vari\u00e9t\u00e9 de sujets fondamentaux pour notre pays afin de se d\u00e9pouiller des branches nocives. \u00ab Chacun de nous est appel\u00e9 \u00e0 contribuer favorablement \u00e0 ce rendez-vous. Y compris les politico-militaires qui sont actuellement en pr\u00e9-dialogue \u00e0 Doha au Qatar. Je pense qu\u2019il est de la responsabilit\u00e9 du peuple tchadien de redresser ce pays \u00bb.<\/p>\n<p>\u00ab Ce pays appartient aux Tchadiens et non \u00e0 ces pays qui se pr\u00e9sentent comme ses amis et partenaires. Nous devons nous asseoir afin de d\u00e9terminer les possibilit\u00e9s d\u2019action commune pour la justice, la paix et le d\u00e9veloppement durable de cette nation. Mais, je per\u00e7ois ce dialogue comme une r\u00e9union entre les vieux copains, je ne vois pas l\u2019int\u00e9r\u00eat ou l\u2019avenir de la nation \u00bb, poursuit Ali.<\/p>\n<p>Il est \u00e0 noter que certains Tchadiens se disent toujours optimistes puisque ce grand \u00e9v\u00e8nement \u00e9laguera forc\u00e9ment la prise du pouvoir par les armes et des conflits entre nos communaut\u00e9s dans le but d\u2019instaurer une justice r\u00e9elle. Aussi, faut-il souligner, le dialogue tout comme la paix, est une condition sine qua non pour un d\u00e9veloppement durable.<\/p>\n<p>Cet article est r\u00e9dig\u00e9 dans le cadre du projet Afrik\u2019Kibaaru. Un projet qui vise \u00e0 renforcer l\u2019acc\u00e8s \u00e0 l\u2019information pour un d\u00e9veloppement durable dans le Sahel.<\/p>\n<p><strong>Pour plus d&rsquo;informations et d&rsquo;analyses sur la <a href=\"https:\/\/www.africa-press.net\/tchad\">Tchad<\/a>, suivez <a href=\"https:\/\/www.africa-press.net\/\">Africa-Press<\/a><\/strong><\/p>\n","protected":false},"excerpt":{"rendered":"<p>Africa-Press &#8211; Tchad. Le dialogue national inclusif est annonc\u00e9 depuis quelques mois par le Conseil militaire de transition comme une possibilit\u00e9 de restauration de confiance entre tous les Tchadiens d\u2019une part, et d\u2019autre part, de renforcer la d\u00e9mocratie et se jeter sur de nouvelles bases pour la justice et une paix durable au Tchad. Ce [&hellip;]<\/p>\n","protected":false},"author":82,"featured_media":28800,"comment_status":"open","ping_status":"closed","sticky":false,"template":"","format":"standard","meta":{"footnotes":""},"categories":[11,2,10],"tags":[37,292,29],"class_list":["post-28801","post","type-post","status-publish","format-standard","has-post-thumbnail","hentry","category-homepage-french","category-politique","category-toutes-les-actualites","tag-africa-press","tag-africa-press-tchad","tag-tchad"],"yoast_head":"<!-- This site is optimized with the Yoast SEO Premium plugin v26.1 (Yoast SEO v27.0) - https:\/\/yoast.com\/product\/yoast-seo-premium-wordpress\/ -->\n<title>les prochaines assises du dialogue national inclusif vues par quelques citoyens - tchad<\/title>\n<meta name=\"description\" content=\"Le dialogue national inclusif est annonc\u00e9 depuis quelques mois par le Conseil militaire de transition comme une possibil ...\" \/>\n<meta name=\"robots\" content=\"index, follow, max-snippet:-1, max-image-preview:large, max-video-preview:-1\" \/>\n<link rel=\"canonical\" href=\"https:\/\/www.africa-press.net\/tchad\/politique\/les-prochaines-assises-du-dialogue-national-inclusif-vues-par-quelques-citoyens\" \/>\n<meta property=\"og:locale\" content=\"fr_FR\" \/>\n<meta property=\"og:type\" content=\"article\" \/>\n<meta property=\"og:title\" content=\"les prochaines assises du dialogue national inclusif vues par quelques citoyens\" \/>\n<meta property=\"og:description\" content=\"Le dialogue national inclusif est annonc\u00e9 depuis quelques mois par le Conseil militaire de transition comme une possibil ...\" \/>\n<meta property=\"og:url\" content=\"https:\/\/www.africa-press.net\/tchad\/politique\/les-prochaines-assises-du-dialogue-national-inclusif-vues-par-quelques-citoyens\" \/>\n<meta property=\"og:site_name\" content=\"tchad\" \/>\n<meta property=\"article:published_time\" content=\"2022-07-13T11:19:12+00:00\" \/>\n<meta property=\"article:modified_time\" content=\"2022-07-13T12:20:24+00:00\" \/>\n<meta property=\"og:image\" content=\"https:\/\/static.africa-press.net\/tchad\/sites\/41\/2022\/07\/postQueueImg_14-62ceb878af50f.jpg\" \/>\n\t<meta property=\"og:image:width\" content=\"605\" \/>\n\t<meta property=\"og:image:height\" content=\"410\" \/>\n\t<meta property=\"og:image:type\" content=\"image\/jpeg\" \/>\n<meta name=\"author\" content=\"cfeditorfr\" \/>\n<meta name=\"twitter:card\" content=\"summary_large_image\" \/>\n<meta name=\"twitter:label1\" content=\"\u00c9crit par\" \/>\n\t<meta name=\"twitter:data1\" content=\"cfeditorfr\" \/>\n\t<meta name=\"twitter:label2\" content=\"Dur\u00e9e de lecture estim\u00e9e\" \/>\n\t<meta name=\"twitter:data2\" content=\"3 minutes\" \/>\n<script type=\"application\/ld+json\" class=\"yoast-schema-graph\">{\"@context\":\"https:\/\/schema.org\",\"@graph\":[{\"@type\":\"Article\",\"@id\":\"https:\/\/www.africa-press.net\/tchad\/politique\/les-prochaines-assises-du-dialogue-national-inclusif-vues-par-quelques-citoyens#article\",\"isPartOf\":{\"@id\":\"https:\/\/www.africa-press.net\/tchad\/politique\/les-prochaines-assises-du-dialogue-national-inclusif-vues-par-quelques-citoyens\"},\"author\":{\"name\":\"cfeditorfr\",\"@id\":\"https:\/\/www.africa-press.net\/tchad\/#\/schema\/person\/2b1cf3cd81a31e3cd26889ca66d677f1\"},\"headline\":\"les prochaines assises du dialogue national inclusif vues par quelques citoyens\",\"datePublished\":\"2022-07-13T11:19:12+00:00\",\"dateModified\":\"2022-07-13T12:20:24+00:00\",\"mainEntityOfPage\":{\"@id\":\"https:\/\/www.africa-press.net\/tchad\/politique\/les-prochaines-assises-du-dialogue-national-inclusif-vues-par-quelques-citoyens\"},\"wordCount\":543,\"commentCount\":0,\"image\":{\"@id\":\"https:\/\/www.africa-press.net\/tchad\/politique\/les-prochaines-assises-du-dialogue-national-inclusif-vues-par-quelques-citoyens#primaryimage\"},\"thumbnailUrl\":\"https:\/\/static.africa-press.net\/tchad\/sites\/41\/2022\/07\/postQueueImg_14-62ceb878af50f.jpg\",\"keywords\":[\"Africa Press\",\"Africa Press-Tchad\",\"Tchad\"],\"articleSection\":[\"homepage-french\",\"Politique\",\"Toutes les actualit\u00e9s\"],\"inLanguage\":\"fr-FR\",\"potentialAction\":[{\"@type\":\"CommentAction\",\"name\":\"Comment\",\"target\":[\"https:\/\/www.africa-press.net\/tchad\/politique\/les-prochaines-assises-du-dialogue-national-inclusif-vues-par-quelques-citoyens#respond\"]}]},{\"@type\":\"WebPage\",\"@id\":\"https:\/\/www.africa-press.net\/tchad\/politique\/les-prochaines-assises-du-dialogue-national-inclusif-vues-par-quelques-citoyens\",\"url\":\"https:\/\/www.africa-press.net\/tchad\/politique\/les-prochaines-assises-du-dialogue-national-inclusif-vues-par-quelques-citoyens\",\"name\":\"les prochaines assises du dialogue national inclusif vues par quelques citoyens - tchad\",\"isPartOf\":{\"@id\":\"https:\/\/www.africa-press.net\/tchad\/#website\"},\"primaryImageOfPage\":{\"@id\":\"https:\/\/www.africa-press.net\/tchad\/politique\/les-prochaines-assises-du-dialogue-national-inclusif-vues-par-quelques-citoyens#primaryimage\"},\"image\":{\"@id\":\"https:\/\/www.africa-press.net\/tchad\/politique\/les-prochaines-assises-du-dialogue-national-inclusif-vues-par-quelques-citoyens#primaryimage\"},\"thumbnailUrl\":\"https:\/\/static.africa-press.net\/tchad\/sites\/41\/2022\/07\/postQueueImg_14-62ceb878af50f.jpg\",\"datePublished\":\"2022-07-13T11:19:12+00:00\",\"dateModified\":\"2022-07-13T12:20:24+00:00\",\"author\":{\"@id\":\"https:\/\/www.africa-press.net\/tchad\/#\/schema\/person\/2b1cf3cd81a31e3cd26889ca66d677f1\"},\"description\":\"Le dialogue national inclusif est annonc\u00e9 depuis quelques mois par le Conseil militaire de transition comme une possibil ...\",\"breadcrumb\":{\"@id\":\"https:\/\/www.africa-press.net\/tchad\/politique\/les-prochaines-assises-du-dialogue-national-inclusif-vues-par-quelques-citoyens#breadcrumb\"},\"inLanguage\":\"fr-FR\",\"potentialAction\":[{\"@type\":\"ReadAction\",\"target\":[\"https:\/\/www.africa-press.net\/tchad\/politique\/les-prochaines-assises-du-dialogue-national-inclusif-vues-par-quelques-citoyens\"]}]},{\"@type\":\"ImageObject\",\"inLanguage\":\"fr-FR\",\"@id\":\"https:\/\/www.africa-press.net\/tchad\/politique\/les-prochaines-assises-du-dialogue-national-inclusif-vues-par-quelques-citoyens#primaryimage\",\"url\":\"https:\/\/static.africa-press.net\/tchad\/sites\/41\/2022\/07\/postQueueImg_14-62ceb878af50f.jpg\",\"contentUrl\":\"https:\/\/static.africa-press.net\/tchad\/sites\/41\/2022\/07\/postQueueImg_14-62ceb878af50f.jpg\",\"width\":605,\"height\":410,\"caption\":\"les prochaines assises du dialogue national inclusif vues par quelques citoyens\"},{\"@type\":\"BreadcrumbList\",\"@id\":\"https:\/\/www.africa-press.net\/tchad\/politique\/les-prochaines-assises-du-dialogue-national-inclusif-vues-par-quelques-citoyens#breadcrumb\",\"itemListElement\":[{\"@type\":\"ListItem\",\"position\":1,\"name\":\"Accueil\",\"item\":\"https:\/\/www.africa-press.net\/tchad\/\"},{\"@type\":\"ListItem\",\"position\":2,\"name\":\"les prochaines assises du dialogue national inclusif vues par quelques citoyens\"}]},{\"@type\":\"WebSite\",\"@id\":\"https:\/\/www.africa-press.net\/tchad\/#website\",\"url\":\"https:\/\/www.africa-press.net\/tchad\/\",\"name\":\"tchad\",\"description\":\"Just another Africa News Agency Sites site\",\"potentialAction\":[{\"@type\":\"SearchAction\",\"target\":{\"@type\":\"EntryPoint\",\"urlTemplate\":\"https:\/\/www.africa-press.net\/tchad\/?s={search_term_string}\"},\"query-input\":{\"@type\":\"PropertyValueSpecification\",\"valueRequired\":true,\"valueName\":\"search_term_string\"}}],\"inLanguage\":\"fr-FR\"},{\"@type\":\"Person\",\"@id\":\"https:\/\/www.africa-press.net\/tchad\/#\/schema\/person\/2b1cf3cd81a31e3cd26889ca66d677f1\",\"name\":\"cfeditorfr\"}]}<\/script>\n<!-- \/ Yoast SEO Premium plugin. -->","yoast_head_json":{"title":"les prochaines assises du dialogue national inclusif vues par quelques citoyens - tchad","description":"Le dialogue national inclusif est annonc\u00e9 depuis quelques mois par le Conseil militaire de transition comme une possibil ...","robots":{"index":"index","follow":"follow","max-snippet":"max-snippet:-1","max-image-preview":"max-image-preview:large","max-video-preview":"max-video-preview:-1"},"canonical":"https:\/\/www.africa-press.net\/tchad\/politique\/les-prochaines-assises-du-dialogue-national-inclusif-vues-par-quelques-citoyens","og_locale":"fr_FR","og_type":"article","og_title":"les prochaines assises du dialogue national inclusif vues par quelques citoyens","og_description":"Le dialogue national inclusif est annonc\u00e9 depuis quelques mois par le Conseil militaire de transition comme une possibil ...","og_url":"https:\/\/www.africa-press.net\/tchad\/politique\/les-prochaines-assises-du-dialogue-national-inclusif-vues-par-quelques-citoyens","og_site_name":"tchad","article_published_time":"2022-07-13T11:19:12+00:00","article_modified_time":"2022-07-13T12:20:24+00:00","og_image":[{"width":605,"height":410,"url":"https:\/\/static.africa-press.net\/tchad\/sites\/41\/2022\/07\/postQueueImg_14-62ceb878af50f.jpg","type":"image\/jpeg"}],"author":"cfeditorfr","twitter_card":"summary_large_image","twitter_misc":{"\u00c9crit par":"cfeditorfr","Dur\u00e9e de lecture estim\u00e9e":"3 minutes"},"schema":{"@context":"https:\/\/schema.org","@graph":[{"@type":"Article","@id":"https:\/\/www.africa-press.net\/tchad\/politique\/les-prochaines-assises-du-dialogue-national-inclusif-vues-par-quelques-citoyens#article","isPartOf":{"@id":"https:\/\/www.africa-press.net\/tchad\/politique\/les-prochaines-assises-du-dialogue-national-inclusif-vues-par-quelques-citoyens"},"author":{"name":"cfeditorfr","@id":"https:\/\/www.africa-press.net\/tchad\/#\/schema\/person\/2b1cf3cd81a31e3cd26889ca66d677f1"},"headline":"les prochaines assises du dialogue national inclusif vues par quelques citoyens","datePublished":"2022-07-13T11:19:12+00:00","dateModified":"2022-07-13T12:20:24+00:00","mainEntityOfPage":{"@id":"https:\/\/www.africa-press.net\/tchad\/politique\/les-prochaines-assises-du-dialogue-national-inclusif-vues-par-quelques-citoyens"},"wordCount":543,"commentCount":0,"image":{"@id":"https:\/\/www.africa-press.net\/tchad\/politique\/les-prochaines-assises-du-dialogue-national-inclusif-vues-par-quelques-citoyens#primaryimage"},"thumbnailUrl":"https:\/\/static.africa-press.net\/tchad\/sites\/41\/2022\/07\/postQueueImg_14-62ceb878af50f.jpg","keywords":["Africa Press","Africa Press-Tchad","Tchad"],"articleSection":["homepage-french","Politique","Toutes les actualit\u00e9s"],"inLanguage":"fr-FR","potentialAction":[{"@type":"CommentAction","name":"Comment","target":["https:\/\/www.africa-press.net\/tchad\/politique\/les-prochaines-assises-du-dialogue-national-inclusif-vues-par-quelques-citoyens#respond"]}]},{"@type":"WebPage","@id":"https:\/\/www.africa-press.net\/tchad\/politique\/les-prochaines-assises-du-dialogue-national-inclusif-vues-par-quelques-citoyens","url":"https:\/\/www.africa-press.net\/tchad\/politique\/les-prochaines-assises-du-dialogue-national-inclusif-vues-par-quelques-citoyens","name":"les prochaines assises du dialogue national inclusif vues par quelques citoyens - tchad","isPartOf":{"@id":"https:\/\/www.africa-press.net\/tchad\/#website"},"primaryImageOfPage":{"@id":"https:\/\/www.africa-press.net\/tchad\/politique\/les-prochaines-assises-du-dialogue-national-inclusif-vues-par-quelques-citoyens#primaryimage"},"image":{"@id":"https:\/\/www.africa-press.net\/tchad\/politique\/les-prochaines-assises-du-dialogue-national-inclusif-vues-par-quelques-citoyens#primaryimage"},"thumbnailUrl":"https:\/\/static.africa-press.net\/tchad\/sites\/41\/2022\/07\/postQueueImg_14-62ceb878af50f.jpg","datePublished":"2022-07-13T11:19:12+00:00","dateModified":"2022-07-13T12:20:24+00:00","author":{"@id":"https:\/\/www.africa-press.net\/tchad\/#\/schema\/person\/2b1cf3cd81a31e3cd26889ca66d677f1"},"description":"Le dialogue national inclusif est annonc\u00e9 depuis quelques mois par le Conseil militaire de transition comme une possibil ...","breadcrumb":{"@id":"https:\/\/www.africa-press.net\/tchad\/politique\/les-prochaines-assises-du-dialogue-national-inclusif-vues-par-quelques-citoyens#breadcrumb"},"inLanguage":"fr-FR","potentialAction":[{"@type":"ReadAction","target":["https:\/\/www.africa-press.net\/tchad\/politique\/les-prochaines-assises-du-dialogue-national-inclusif-vues-par-quelques-citoyens"]}]},{"@type":"ImageObject","inLanguage":"fr-FR","@id":"https:\/\/www.africa-press.net\/tchad\/politique\/les-prochaines-assises-du-dialogue-national-inclusif-vues-par-quelques-citoyens#primaryimage","url":"https:\/\/static.africa-press.net\/tchad\/sites\/41\/2022\/07\/postQueueImg_14-62ceb878af50f.jpg","contentUrl":"https:\/\/static.africa-press.net\/tchad\/sites\/41\/2022\/07\/postQueueImg_14-62ceb878af50f.jpg","width":605,"height":410,"caption":"les prochaines assises du dialogue national inclusif vues par quelques citoyens"},{"@type":"BreadcrumbList","@id":"https:\/\/www.africa-press.net\/tchad\/politique\/les-prochaines-assises-du-dialogue-national-inclusif-vues-par-quelques-citoyens#breadcrumb","itemListElement":[{"@type":"ListItem","position":1,"name":"Accueil","item":"https:\/\/www.africa-press.net\/tchad\/"},{"@type":"ListItem","position":2,"name":"les prochaines assises du dialogue national inclusif vues par quelques citoyens"}]},{"@type":"WebSite","@id":"https:\/\/www.africa-press.net\/tchad\/#website","url":"https:\/\/www.africa-press.net\/tchad\/","name":"tchad","description":"Just another Africa News Agency Sites site","potentialAction":[{"@type":"SearchAction","target":{"@type":"EntryPoint","urlTemplate":"https:\/\/www.africa-press.net\/tchad\/?s={search_term_string}"},"query-input":{"@type":"PropertyValueSpecification","valueRequired":true,"valueName":"search_term_string"}}],"inLanguage":"fr-FR"},{"@type":"Person","@id":"https:\/\/www.africa-press.net\/tchad\/#\/schema\/person\/2b1cf3cd81a31e3cd26889ca66d677f1","name":"cfeditorfr"}]}},"_links":{"self":[{"href":"https:\/\/www.africa-press.net\/tchad\/wp-json\/wp\/v2\/posts\/28801","targetHints":{"allow":["GET"]}}],"collection":[{"href":"https:\/\/www.africa-press.net\/tchad\/wp-json\/wp\/v2\/posts"}],"about":[{"href":"https:\/\/www.africa-press.net\/tchad\/wp-json\/wp\/v2\/types\/post"}],"author":[{"embeddable":true,"href":"https:\/\/www.africa-press.net\/tchad\/wp-json\/wp\/v2\/users\/82"}],"replies":[{"embeddable":true,"href":"https:\/\/www.africa-press.net\/tchad\/wp-json\/wp\/v2\/comments?post=28801"}],"version-history":[{"count":0,"href":"https:\/\/www.africa-press.net\/tchad\/wp-json\/wp\/v2\/posts\/28801\/revisions"}],"wp:featuredmedia":[{"embeddable":true,"href":"https:\/\/www.africa-press.net\/tchad\/wp-json\/wp\/v2\/media\/28800"}],"wp:attachment":[{"href":"https:\/\/www.africa-press.net\/tchad\/wp-json\/wp\/v2\/media?parent=28801"}],"wp:term":[{"taxonomy":"category","embeddable":true,"href":"https:\/\/www.africa-press.net\/tchad\/wp-json\/wp\/v2\/categories?post=28801"},{"taxonomy":"post_tag","embeddable":true,"href":"https:\/\/www.africa-press.net\/tchad\/wp-json\/wp\/v2\/tags?post=28801"}],"curies":[{"name":"wp","href":"https:\/\/api.w.org\/{rel}","templated":true}]}}