{"id":28807,"date":"2022-07-13T11:23:51","date_gmt":"2022-07-13T11:23:51","guid":{"rendered":"https:\/\/www.africa-press.net\/tchad\/politique\/des-jeunes-de-la-societe-civile-en-visite-a-la-base-de-barkhane"},"modified":"2022-07-13T12:21:15","modified_gmt":"2022-07-13T12:21:15","slug":"des-jeunes-de-la-societe-civile-en-visite-a-la-base-de-barkhane","status":"publish","type":"post","link":"https:\/\/www.africa-press.net\/tchad\/politique\/des-jeunes-de-la-societe-civile-en-visite-a-la-base-de-barkhane","title":{"rendered":"des jeunes de la soci\u00e9t\u00e9 civile en visite \u00e0 la base de Barkhane"},"content":{"rendered":"<p><span style=\"color: #ff6600\"><strong>Africa-Press &#8211; Tchad. <\/strong><\/span>Une d\u00e9l\u00e9gation de l\u2019Union Nationale des Jeunes Cadres pour la Consultation et la Cohabitation Pacifique (UNJCP), conduite par son pr\u00e9sident, Me Sidick Sougui Lony \u00e9tait au c\u0153ur des installations de la Force Barkhane, \u00e0 la base Adi Kosse\u00ef de Ndjamena.<\/p>\n<p>Cette visite guid\u00e9e \u00e0 la Base A\u00e9rienne Projet\u00e9e (BAP) de Ndjamena le 11 juillet dernier, avait pour objectif de mettre en exergue les dispositifs mis en place par les arm\u00e9es fran\u00e7aises \u00e0 travers la force Barkhane, pour lutter contre le terrorisme dans la bande sah\u00e9lo-sah\u00e9lienne.<\/p>\n<p>Au-del\u00e0 de l\u2019aspect s\u00e9curitaire, le commandement de la force Barkhane a mis au profit la venue des membres de l\u2019UNJCP, pour pr\u00e9senter la dimension partenariale de ces actions au Tchad.<\/p>\n<p>Le commandant de la BAP de Ndjamena a indiqu\u00e9 que la force Barkhane intervient depuis 2014 aux c\u00f4t\u00e9s des pays du G5 Sahel.<\/p>\n<p>Sa principale mission est de lutter contre les groupes terroristes et de soutenir les forces arm\u00e9es des pays partenaires, afin qu\u2019elles puissent prendre en compte cette menac\u00e9, a-t-il rappel\u00e9.<\/p>\n<p>Mis \u00e0 part le volet s\u00e9curitaire, la force Barkhane intervient \u00e9galement sur le plan humanitaire, notamment par la construction des puits d\u2019eaux, la r\u00e9novation des h\u00f4pitaux, les formations et dons des denr\u00e9es alimentaires.<\/p>\n<p>A l\u2019issue des pr\u00e9sentations suivies des questions-r\u00e9ponses, les participants ont eu la possibilit\u00e9 de mieux cerner les contours des accords de d\u00e9fense et de partenariat entre les forces arm\u00e9es fran\u00e7aises et les pays du G5 Sahel en g\u00e9n\u00e9ral, et le Tchad en particulier.<\/p>\n<p><strong>Pour plus d&rsquo;informations et d&rsquo;analyses sur la <a href=\"https:\/\/www.africa-press.net\/tchad\">Tchad<\/a>, suivez <a href=\"https:\/\/www.africa-press.net\/\">Africa-Press<\/a><\/strong><\/p>\n","protected":false},"excerpt":{"rendered":"<p>Africa-Press &#8211; Tchad. Une d\u00e9l\u00e9gation de l\u2019Union Nationale des Jeunes Cadres pour la Consultation et la Cohabitation Pacifique (UNJCP), conduite par son pr\u00e9sident, Me Sidick Sougui Lony \u00e9tait au c\u0153ur des installations de la Force Barkhane, \u00e0 la base Adi Kosse\u00ef de Ndjamena. Cette visite guid\u00e9e \u00e0 la Base A\u00e9rienne Projet\u00e9e (BAP) de Ndjamena le [&hellip;]<\/p>\n","protected":false},"author":82,"featured_media":28806,"comment_status":"open","ping_status":"closed","sticky":false,"template":"","format":"standard","meta":{"footnotes":""},"categories":[11,2,10],"tags":[37,292,29],"class_list":["post-28807","post","type-post","status-publish","format-standard","has-post-thumbnail","hentry","category-homepage-french","category-politique","category-toutes-les-actualites","tag-africa-press","tag-africa-press-tchad","tag-tchad"],"yoast_head":"<!-- This site is optimized with the Yoast SEO Premium plugin v26.1 (Yoast SEO v27.0) - https:\/\/yoast.com\/product\/yoast-seo-premium-wordpress\/ -->\n<title>des jeunes de la soci\u00e9t\u00e9 civile en visite \u00e0 la base de Barkhane - tchad<\/title>\n<meta name=\"description\" content=\"Une d\u00e9l\u00e9gation de l\u2019Union Nationale des Jeunes Cadres pour la Consultation et la Cohabitation Pacifique (UNJCP), conduit ...\" \/>\n<meta name=\"robots\" content=\"index, follow, max-snippet:-1, max-image-preview:large, max-video-preview:-1\" \/>\n<link rel=\"canonical\" href=\"https:\/\/www.africa-press.net\/tchad\/politique\/des-jeunes-de-la-societe-civile-en-visite-a-la-base-de-barkhane\" \/>\n<meta property=\"og:locale\" content=\"fr_FR\" \/>\n<meta property=\"og:type\" content=\"article\" \/>\n<meta property=\"og:title\" content=\"des jeunes de la soci\u00e9t\u00e9 civile en visite \u00e0 la base de Barkhane\" \/>\n<meta property=\"og:description\" content=\"Une d\u00e9l\u00e9gation de l\u2019Union Nationale des Jeunes Cadres pour la Consultation et la Cohabitation Pacifique (UNJCP), conduit ...\" \/>\n<meta property=\"og:url\" content=\"https:\/\/www.africa-press.net\/tchad\/politique\/des-jeunes-de-la-societe-civile-en-visite-a-la-base-de-barkhane\" \/>\n<meta property=\"og:site_name\" content=\"tchad\" \/>\n<meta property=\"article:published_time\" content=\"2022-07-13T11:23:51+00:00\" \/>\n<meta property=\"article:modified_time\" content=\"2022-07-13T12:21:15+00:00\" \/>\n<meta property=\"og:image\" content=\"https:\/\/static.africa-press.net\/tchad\/sites\/41\/2022\/07\/postQueueImg_16-62ceb8a7cb482.jpg\" \/>\n\t<meta property=\"og:image:width\" content=\"870\" \/>\n\t<meta property=\"og:image:height\" content=\"580\" \/>\n\t<meta property=\"og:image:type\" content=\"image\/jpeg\" \/>\n<meta name=\"author\" content=\"cfeditorfr\" \/>\n<meta name=\"twitter:card\" content=\"summary_large_image\" \/>\n<meta name=\"twitter:label1\" content=\"\u00c9crit par\" \/>\n\t<meta name=\"twitter:data1\" content=\"cfeditorfr\" \/>\n\t<meta name=\"twitter:label2\" content=\"Dur\u00e9e de lecture estim\u00e9e\" \/>\n\t<meta name=\"twitter:data2\" content=\"1 minute\" \/>\n<script type=\"application\/ld+json\" class=\"yoast-schema-graph\">{\"@context\":\"https:\/\/schema.org\",\"@graph\":[{\"@type\":\"Article\",\"@id\":\"https:\/\/www.africa-press.net\/tchad\/politique\/des-jeunes-de-la-societe-civile-en-visite-a-la-base-de-barkhane#article\",\"isPartOf\":{\"@id\":\"https:\/\/www.africa-press.net\/tchad\/politique\/des-jeunes-de-la-societe-civile-en-visite-a-la-base-de-barkhane\"},\"author\":{\"name\":\"cfeditorfr\",\"@id\":\"https:\/\/www.africa-press.net\/tchad\/#\/schema\/person\/2b1cf3cd81a31e3cd26889ca66d677f1\"},\"headline\":\"des jeunes de la soci\u00e9t\u00e9 civile en visite \u00e0 la base de Barkhane\",\"datePublished\":\"2022-07-13T11:23:51+00:00\",\"dateModified\":\"2022-07-13T12:21:15+00:00\",\"mainEntityOfPage\":{\"@id\":\"https:\/\/www.africa-press.net\/tchad\/politique\/des-jeunes-de-la-societe-civile-en-visite-a-la-base-de-barkhane\"},\"wordCount\":298,\"commentCount\":0,\"image\":{\"@id\":\"https:\/\/www.africa-press.net\/tchad\/politique\/des-jeunes-de-la-societe-civile-en-visite-a-la-base-de-barkhane#primaryimage\"},\"thumbnailUrl\":\"https:\/\/static.africa-press.net\/tchad\/sites\/41\/2022\/07\/postQueueImg_16-62ceb8a7cb482.jpg\",\"keywords\":[\"Africa Press\",\"Africa Press-Tchad\",\"Tchad\"],\"articleSection\":[\"homepage-french\",\"Politique\",\"Toutes les actualit\u00e9s\"],\"inLanguage\":\"fr-FR\",\"potentialAction\":[{\"@type\":\"CommentAction\",\"name\":\"Comment\",\"target\":[\"https:\/\/www.africa-press.net\/tchad\/politique\/des-jeunes-de-la-societe-civile-en-visite-a-la-base-de-barkhane#respond\"]}]},{\"@type\":\"WebPage\",\"@id\":\"https:\/\/www.africa-press.net\/tchad\/politique\/des-jeunes-de-la-societe-civile-en-visite-a-la-base-de-barkhane\",\"url\":\"https:\/\/www.africa-press.net\/tchad\/politique\/des-jeunes-de-la-societe-civile-en-visite-a-la-base-de-barkhane\",\"name\":\"des jeunes de la soci\u00e9t\u00e9 civile en visite \u00e0 la base de Barkhane - tchad\",\"isPartOf\":{\"@id\":\"https:\/\/www.africa-press.net\/tchad\/#website\"},\"primaryImageOfPage\":{\"@id\":\"https:\/\/www.africa-press.net\/tchad\/politique\/des-jeunes-de-la-societe-civile-en-visite-a-la-base-de-barkhane#primaryimage\"},\"image\":{\"@id\":\"https:\/\/www.africa-press.net\/tchad\/politique\/des-jeunes-de-la-societe-civile-en-visite-a-la-base-de-barkhane#primaryimage\"},\"thumbnailUrl\":\"https:\/\/static.africa-press.net\/tchad\/sites\/41\/2022\/07\/postQueueImg_16-62ceb8a7cb482.jpg\",\"datePublished\":\"2022-07-13T11:23:51+00:00\",\"dateModified\":\"2022-07-13T12:21:15+00:00\",\"author\":{\"@id\":\"https:\/\/www.africa-press.net\/tchad\/#\/schema\/person\/2b1cf3cd81a31e3cd26889ca66d677f1\"},\"description\":\"Une d\u00e9l\u00e9gation de l\u2019Union Nationale des Jeunes Cadres pour la Consultation et la Cohabitation Pacifique (UNJCP), conduit ...\",\"breadcrumb\":{\"@id\":\"https:\/\/www.africa-press.net\/tchad\/politique\/des-jeunes-de-la-societe-civile-en-visite-a-la-base-de-barkhane#breadcrumb\"},\"inLanguage\":\"fr-FR\",\"potentialAction\":[{\"@type\":\"ReadAction\",\"target\":[\"https:\/\/www.africa-press.net\/tchad\/politique\/des-jeunes-de-la-societe-civile-en-visite-a-la-base-de-barkhane\"]}]},{\"@type\":\"ImageObject\",\"inLanguage\":\"fr-FR\",\"@id\":\"https:\/\/www.africa-press.net\/tchad\/politique\/des-jeunes-de-la-societe-civile-en-visite-a-la-base-de-barkhane#primaryimage\",\"url\":\"https:\/\/static.africa-press.net\/tchad\/sites\/41\/2022\/07\/postQueueImg_16-62ceb8a7cb482.jpg\",\"contentUrl\":\"https:\/\/static.africa-press.net\/tchad\/sites\/41\/2022\/07\/postQueueImg_16-62ceb8a7cb482.jpg\",\"width\":870,\"height\":580,\"caption\":\"des jeunes de la soci\u00e9t\u00e9 civile en visite \u00e0 la base de Barkhane\"},{\"@type\":\"BreadcrumbList\",\"@id\":\"https:\/\/www.africa-press.net\/tchad\/politique\/des-jeunes-de-la-societe-civile-en-visite-a-la-base-de-barkhane#breadcrumb\",\"itemListElement\":[{\"@type\":\"ListItem\",\"position\":1,\"name\":\"Accueil\",\"item\":\"https:\/\/www.africa-press.net\/tchad\/\"},{\"@type\":\"ListItem\",\"position\":2,\"name\":\"des jeunes de la soci\u00e9t\u00e9 civile en visite \u00e0 la base de Barkhane\"}]},{\"@type\":\"WebSite\",\"@id\":\"https:\/\/www.africa-press.net\/tchad\/#website\",\"url\":\"https:\/\/www.africa-press.net\/tchad\/\",\"name\":\"tchad\",\"description\":\"Just another Africa News Agency Sites site\",\"potentialAction\":[{\"@type\":\"SearchAction\",\"target\":{\"@type\":\"EntryPoint\",\"urlTemplate\":\"https:\/\/www.africa-press.net\/tchad\/?s={search_term_string}\"},\"query-input\":{\"@type\":\"PropertyValueSpecification\",\"valueRequired\":true,\"valueName\":\"search_term_string\"}}],\"inLanguage\":\"fr-FR\"},{\"@type\":\"Person\",\"@id\":\"https:\/\/www.africa-press.net\/tchad\/#\/schema\/person\/2b1cf3cd81a31e3cd26889ca66d677f1\",\"name\":\"cfeditorfr\"}]}<\/script>\n<!-- \/ Yoast SEO Premium plugin. -->","yoast_head_json":{"title":"des jeunes de la soci\u00e9t\u00e9 civile en visite \u00e0 la base de Barkhane - tchad","description":"Une d\u00e9l\u00e9gation de l\u2019Union Nationale des Jeunes Cadres pour la Consultation et la Cohabitation Pacifique (UNJCP), conduit ...","robots":{"index":"index","follow":"follow","max-snippet":"max-snippet:-1","max-image-preview":"max-image-preview:large","max-video-preview":"max-video-preview:-1"},"canonical":"https:\/\/www.africa-press.net\/tchad\/politique\/des-jeunes-de-la-societe-civile-en-visite-a-la-base-de-barkhane","og_locale":"fr_FR","og_type":"article","og_title":"des jeunes de la soci\u00e9t\u00e9 civile en visite \u00e0 la base de Barkhane","og_description":"Une d\u00e9l\u00e9gation de l\u2019Union Nationale des Jeunes Cadres pour la Consultation et la Cohabitation Pacifique (UNJCP), conduit ...","og_url":"https:\/\/www.africa-press.net\/tchad\/politique\/des-jeunes-de-la-societe-civile-en-visite-a-la-base-de-barkhane","og_site_name":"tchad","article_published_time":"2022-07-13T11:23:51+00:00","article_modified_time":"2022-07-13T12:21:15+00:00","og_image":[{"width":870,"height":580,"url":"https:\/\/static.africa-press.net\/tchad\/sites\/41\/2022\/07\/postQueueImg_16-62ceb8a7cb482.jpg","type":"image\/jpeg"}],"author":"cfeditorfr","twitter_card":"summary_large_image","twitter_misc":{"\u00c9crit par":"cfeditorfr","Dur\u00e9e de lecture estim\u00e9e":"1 minute"},"schema":{"@context":"https:\/\/schema.org","@graph":[{"@type":"Article","@id":"https:\/\/www.africa-press.net\/tchad\/politique\/des-jeunes-de-la-societe-civile-en-visite-a-la-base-de-barkhane#article","isPartOf":{"@id":"https:\/\/www.africa-press.net\/tchad\/politique\/des-jeunes-de-la-societe-civile-en-visite-a-la-base-de-barkhane"},"author":{"name":"cfeditorfr","@id":"https:\/\/www.africa-press.net\/tchad\/#\/schema\/person\/2b1cf3cd81a31e3cd26889ca66d677f1"},"headline":"des jeunes de la soci\u00e9t\u00e9 civile en visite \u00e0 la base de Barkhane","datePublished":"2022-07-13T11:23:51+00:00","dateModified":"2022-07-13T12:21:15+00:00","mainEntityOfPage":{"@id":"https:\/\/www.africa-press.net\/tchad\/politique\/des-jeunes-de-la-societe-civile-en-visite-a-la-base-de-barkhane"},"wordCount":298,"commentCount":0,"image":{"@id":"https:\/\/www.africa-press.net\/tchad\/politique\/des-jeunes-de-la-societe-civile-en-visite-a-la-base-de-barkhane#primaryimage"},"thumbnailUrl":"https:\/\/static.africa-press.net\/tchad\/sites\/41\/2022\/07\/postQueueImg_16-62ceb8a7cb482.jpg","keywords":["Africa Press","Africa Press-Tchad","Tchad"],"articleSection":["homepage-french","Politique","Toutes les actualit\u00e9s"],"inLanguage":"fr-FR","potentialAction":[{"@type":"CommentAction","name":"Comment","target":["https:\/\/www.africa-press.net\/tchad\/politique\/des-jeunes-de-la-societe-civile-en-visite-a-la-base-de-barkhane#respond"]}]},{"@type":"WebPage","@id":"https:\/\/www.africa-press.net\/tchad\/politique\/des-jeunes-de-la-societe-civile-en-visite-a-la-base-de-barkhane","url":"https:\/\/www.africa-press.net\/tchad\/politique\/des-jeunes-de-la-societe-civile-en-visite-a-la-base-de-barkhane","name":"des jeunes de la soci\u00e9t\u00e9 civile en visite \u00e0 la base de Barkhane - tchad","isPartOf":{"@id":"https:\/\/www.africa-press.net\/tchad\/#website"},"primaryImageOfPage":{"@id":"https:\/\/www.africa-press.net\/tchad\/politique\/des-jeunes-de-la-societe-civile-en-visite-a-la-base-de-barkhane#primaryimage"},"image":{"@id":"https:\/\/www.africa-press.net\/tchad\/politique\/des-jeunes-de-la-societe-civile-en-visite-a-la-base-de-barkhane#primaryimage"},"thumbnailUrl":"https:\/\/static.africa-press.net\/tchad\/sites\/41\/2022\/07\/postQueueImg_16-62ceb8a7cb482.jpg","datePublished":"2022-07-13T11:23:51+00:00","dateModified":"2022-07-13T12:21:15+00:00","author":{"@id":"https:\/\/www.africa-press.net\/tchad\/#\/schema\/person\/2b1cf3cd81a31e3cd26889ca66d677f1"},"description":"Une d\u00e9l\u00e9gation de l\u2019Union Nationale des Jeunes Cadres pour la Consultation et la Cohabitation Pacifique (UNJCP), conduit ...","breadcrumb":{"@id":"https:\/\/www.africa-press.net\/tchad\/politique\/des-jeunes-de-la-societe-civile-en-visite-a-la-base-de-barkhane#breadcrumb"},"inLanguage":"fr-FR","potentialAction":[{"@type":"ReadAction","target":["https:\/\/www.africa-press.net\/tchad\/politique\/des-jeunes-de-la-societe-civile-en-visite-a-la-base-de-barkhane"]}]},{"@type":"ImageObject","inLanguage":"fr-FR","@id":"https:\/\/www.africa-press.net\/tchad\/politique\/des-jeunes-de-la-societe-civile-en-visite-a-la-base-de-barkhane#primaryimage","url":"https:\/\/static.africa-press.net\/tchad\/sites\/41\/2022\/07\/postQueueImg_16-62ceb8a7cb482.jpg","contentUrl":"https:\/\/static.africa-press.net\/tchad\/sites\/41\/2022\/07\/postQueueImg_16-62ceb8a7cb482.jpg","width":870,"height":580,"caption":"des jeunes de la soci\u00e9t\u00e9 civile en visite \u00e0 la base de Barkhane"},{"@type":"BreadcrumbList","@id":"https:\/\/www.africa-press.net\/tchad\/politique\/des-jeunes-de-la-societe-civile-en-visite-a-la-base-de-barkhane#breadcrumb","itemListElement":[{"@type":"ListItem","position":1,"name":"Accueil","item":"https:\/\/www.africa-press.net\/tchad\/"},{"@type":"ListItem","position":2,"name":"des jeunes de la soci\u00e9t\u00e9 civile en visite \u00e0 la base de Barkhane"}]},{"@type":"WebSite","@id":"https:\/\/www.africa-press.net\/tchad\/#website","url":"https:\/\/www.africa-press.net\/tchad\/","name":"tchad","description":"Just another Africa News Agency Sites site","potentialAction":[{"@type":"SearchAction","target":{"@type":"EntryPoint","urlTemplate":"https:\/\/www.africa-press.net\/tchad\/?s={search_term_string}"},"query-input":{"@type":"PropertyValueSpecification","valueRequired":true,"valueName":"search_term_string"}}],"inLanguage":"fr-FR"},{"@type":"Person","@id":"https:\/\/www.africa-press.net\/tchad\/#\/schema\/person\/2b1cf3cd81a31e3cd26889ca66d677f1","name":"cfeditorfr"}]}},"_links":{"self":[{"href":"https:\/\/www.africa-press.net\/tchad\/wp-json\/wp\/v2\/posts\/28807","targetHints":{"allow":["GET"]}}],"collection":[{"href":"https:\/\/www.africa-press.net\/tchad\/wp-json\/wp\/v2\/posts"}],"about":[{"href":"https:\/\/www.africa-press.net\/tchad\/wp-json\/wp\/v2\/types\/post"}],"author":[{"embeddable":true,"href":"https:\/\/www.africa-press.net\/tchad\/wp-json\/wp\/v2\/users\/82"}],"replies":[{"embeddable":true,"href":"https:\/\/www.africa-press.net\/tchad\/wp-json\/wp\/v2\/comments?post=28807"}],"version-history":[{"count":0,"href":"https:\/\/www.africa-press.net\/tchad\/wp-json\/wp\/v2\/posts\/28807\/revisions"}],"wp:featuredmedia":[{"embeddable":true,"href":"https:\/\/www.africa-press.net\/tchad\/wp-json\/wp\/v2\/media\/28806"}],"wp:attachment":[{"href":"https:\/\/www.africa-press.net\/tchad\/wp-json\/wp\/v2\/media?parent=28807"}],"wp:term":[{"taxonomy":"category","embeddable":true,"href":"https:\/\/www.africa-press.net\/tchad\/wp-json\/wp\/v2\/categories?post=28807"},{"taxonomy":"post_tag","embeddable":true,"href":"https:\/\/www.africa-press.net\/tchad\/wp-json\/wp\/v2\/tags?post=28807"}],"curies":[{"name":"wp","href":"https:\/\/api.w.org\/{rel}","templated":true}]}}