{"id":28810,"date":"2022-07-13T11:25:26","date_gmt":"2022-07-13T11:25:26","guid":{"rendered":"https:\/\/www.africa-press.net\/tchad\/politique\/adoum-younousmi-nomme-ministre-detat-conseiller-a-la-presidence"},"modified":"2022-07-13T12:21:37","modified_gmt":"2022-07-13T12:21:37","slug":"adoum-younousmi-nomme-ministre-detat-conseiller-a-la-presidence","status":"publish","type":"post","link":"https:\/\/www.africa-press.net\/tchad\/politique\/adoum-younousmi-nomme-ministre-detat-conseiller-a-la-presidence","title":{"rendered":"Adoum Younousmi nomm\u00e9 ministre d&rsquo;\u00c9tat, conseiller \u00e0 la Pr\u00e9sidence"},"content":{"rendered":"<p><span style=\"color: #ff6600\"><strong>Africa-Press &#8211; Tchad. <\/strong><\/span>Par d\u00e9cret n\u00b02063 du 13 juillet 2022, Adoum Younousmi est nomm\u00e9 ministre d&rsquo;\u00c9tat, conseiller \u00e0 la Pr\u00e9sidence de la R\u00e9publique.<\/p>\n<p>Ancien membre du gouvernement pendant plusieurs ann\u00e9es, notamment ministre des Infrastructures et des Transports, Adoum Younousmi avait \u00e9t\u00e9 d\u00e9sign\u00e9 par d\u00e9cret du d\u00e9funt pr\u00e9sident Idriss Deby le 29 juin 2020 en tant que membre de la Commission nationale \u00e9lectorale ind\u00e9pendante (CENI).<\/p>\n<p>Il avait remplac\u00e9 Mahamat Ahmat Choukou pour la composante majorit\u00e9 pr\u00e9sidentielle.<\/p>\n<p>Le 17 ao\u00fbt 2020, il avait \u00e9t\u00e9 nomm\u00e9 au poste de pr\u00e9sident du Conseil d&rsquo;administration de la Soci\u00e9t\u00e9 Nationale de Ciment (SONACIM).<\/p>\n<p>\u00c0 ce jour, deux ministres d&rsquo;\u00c9tat, conseillers \u00e0 la Pr\u00e9sidence ont \u00e9t\u00e9 nomm\u00e9s par le pr\u00e9sident du Conseil militaire de transition (CMT), Mahamat Idriss Deby.<\/p>\n<p>Il s&rsquo;agit de Abakar Manany et Adoum Younousmi.<\/p>\n<p><strong>Pour plus d&rsquo;informations et d&rsquo;analyses sur la <a href=\"https:\/\/www.africa-press.net\/tchad\">Tchad<\/a>, suivez <a href=\"https:\/\/www.africa-press.net\/\">Africa-Press<\/a><\/strong><\/p>\n","protected":false},"excerpt":{"rendered":"<p>Africa-Press &#8211; Tchad. Par d\u00e9cret n\u00b02063 du 13 juillet 2022, Adoum Younousmi est nomm\u00e9 ministre d&rsquo;\u00c9tat, conseiller \u00e0 la Pr\u00e9sidence de la R\u00e9publique. Ancien membre du gouvernement pendant plusieurs ann\u00e9es, notamment ministre des Infrastructures et des Transports, Adoum Younousmi avait \u00e9t\u00e9 d\u00e9sign\u00e9 par d\u00e9cret du d\u00e9funt pr\u00e9sident Idriss Deby le 29 juin 2020 en tant [&hellip;]<\/p>\n","protected":false},"author":82,"featured_media":28809,"comment_status":"open","ping_status":"closed","sticky":false,"template":"","format":"standard","meta":{"footnotes":""},"categories":[11,2,10],"tags":[37,292,29],"class_list":["post-28810","post","type-post","status-publish","format-standard","has-post-thumbnail","hentry","category-homepage-french","category-politique","category-toutes-les-actualites","tag-africa-press","tag-africa-press-tchad","tag-tchad"],"yoast_head":"<!-- This site is optimized with the Yoast SEO Premium plugin v26.1 (Yoast SEO v27.0) - https:\/\/yoast.com\/product\/yoast-seo-premium-wordpress\/ -->\n<title>Adoum Younousmi nomm\u00e9 ministre d&#039;\u00c9tat, conseiller \u00e0 la Pr\u00e9sidence - tchad<\/title>\n<meta name=\"description\" content=\"Par d\u00e9cret n\u00b02063 du 13 juillet 2022, Adoum Younousmi est nomm\u00e9 ministre d&#039;\u00c9tat, conseiller \u00e0 la Pr\u00e9sidence de la R\u00e9publ ...\" \/>\n<meta name=\"robots\" content=\"index, follow, max-snippet:-1, max-image-preview:large, max-video-preview:-1\" \/>\n<link rel=\"canonical\" href=\"https:\/\/www.africa-press.net\/tchad\/politique\/adoum-younousmi-nomme-ministre-detat-conseiller-a-la-presidence\" \/>\n<meta property=\"og:locale\" content=\"fr_FR\" \/>\n<meta property=\"og:type\" content=\"article\" \/>\n<meta property=\"og:title\" content=\"Adoum Younousmi nomm\u00e9 ministre d&#039;\u00c9tat, conseiller \u00e0 la Pr\u00e9sidence\" \/>\n<meta property=\"og:description\" content=\"Par d\u00e9cret n\u00b02063 du 13 juillet 2022, Adoum Younousmi est nomm\u00e9 ministre d&#039;\u00c9tat, conseiller \u00e0 la Pr\u00e9sidence de la R\u00e9publ ...\" \/>\n<meta property=\"og:url\" content=\"https:\/\/www.africa-press.net\/tchad\/politique\/adoum-younousmi-nomme-ministre-detat-conseiller-a-la-presidence\" \/>\n<meta property=\"og:site_name\" content=\"tchad\" \/>\n<meta property=\"article:published_time\" content=\"2022-07-13T11:25:26+00:00\" \/>\n<meta property=\"article:modified_time\" content=\"2022-07-13T12:21:37+00:00\" \/>\n<meta property=\"og:image\" content=\"https:\/\/static.africa-press.net\/tchad\/sites\/41\/2022\/07\/postQueueImg_17-62ceb8c06e023.jpg\" \/>\n\t<meta property=\"og:image:width\" content=\"819\" \/>\n\t<meta property=\"og:image:height\" content=\"468\" \/>\n\t<meta property=\"og:image:type\" content=\"image\/jpeg\" \/>\n<meta name=\"author\" content=\"cfeditorfr\" \/>\n<meta name=\"twitter:card\" content=\"summary_large_image\" \/>\n<meta name=\"twitter:label1\" content=\"\u00c9crit par\" \/>\n\t<meta name=\"twitter:data1\" content=\"cfeditorfr\" \/>\n\t<meta name=\"twitter:label2\" content=\"Dur\u00e9e de lecture estim\u00e9e\" \/>\n\t<meta name=\"twitter:data2\" content=\"1 minute\" \/>\n<script type=\"application\/ld+json\" class=\"yoast-schema-graph\">{\"@context\":\"https:\/\/schema.org\",\"@graph\":[{\"@type\":\"Article\",\"@id\":\"https:\/\/www.africa-press.net\/tchad\/politique\/adoum-younousmi-nomme-ministre-detat-conseiller-a-la-presidence#article\",\"isPartOf\":{\"@id\":\"https:\/\/www.africa-press.net\/tchad\/politique\/adoum-younousmi-nomme-ministre-detat-conseiller-a-la-presidence\"},\"author\":{\"name\":\"cfeditorfr\",\"@id\":\"https:\/\/www.africa-press.net\/tchad\/#\/schema\/person\/2b1cf3cd81a31e3cd26889ca66d677f1\"},\"headline\":\"Adoum Younousmi nomm\u00e9 ministre d&rsquo;\u00c9tat, conseiller \u00e0 la Pr\u00e9sidence\",\"datePublished\":\"2022-07-13T11:25:26+00:00\",\"dateModified\":\"2022-07-13T12:21:37+00:00\",\"mainEntityOfPage\":{\"@id\":\"https:\/\/www.africa-press.net\/tchad\/politique\/adoum-younousmi-nomme-ministre-detat-conseiller-a-la-presidence\"},\"wordCount\":163,\"commentCount\":0,\"image\":{\"@id\":\"https:\/\/www.africa-press.net\/tchad\/politique\/adoum-younousmi-nomme-ministre-detat-conseiller-a-la-presidence#primaryimage\"},\"thumbnailUrl\":\"https:\/\/static.africa-press.net\/tchad\/sites\/41\/2022\/07\/postQueueImg_17-62ceb8c06e023.jpg\",\"keywords\":[\"Africa Press\",\"Africa Press-Tchad\",\"Tchad\"],\"articleSection\":[\"homepage-french\",\"Politique\",\"Toutes les actualit\u00e9s\"],\"inLanguage\":\"fr-FR\",\"potentialAction\":[{\"@type\":\"CommentAction\",\"name\":\"Comment\",\"target\":[\"https:\/\/www.africa-press.net\/tchad\/politique\/adoum-younousmi-nomme-ministre-detat-conseiller-a-la-presidence#respond\"]}]},{\"@type\":\"WebPage\",\"@id\":\"https:\/\/www.africa-press.net\/tchad\/politique\/adoum-younousmi-nomme-ministre-detat-conseiller-a-la-presidence\",\"url\":\"https:\/\/www.africa-press.net\/tchad\/politique\/adoum-younousmi-nomme-ministre-detat-conseiller-a-la-presidence\",\"name\":\"Adoum Younousmi nomm\u00e9 ministre d'\u00c9tat, conseiller \u00e0 la Pr\u00e9sidence - tchad\",\"isPartOf\":{\"@id\":\"https:\/\/www.africa-press.net\/tchad\/#website\"},\"primaryImageOfPage\":{\"@id\":\"https:\/\/www.africa-press.net\/tchad\/politique\/adoum-younousmi-nomme-ministre-detat-conseiller-a-la-presidence#primaryimage\"},\"image\":{\"@id\":\"https:\/\/www.africa-press.net\/tchad\/politique\/adoum-younousmi-nomme-ministre-detat-conseiller-a-la-presidence#primaryimage\"},\"thumbnailUrl\":\"https:\/\/static.africa-press.net\/tchad\/sites\/41\/2022\/07\/postQueueImg_17-62ceb8c06e023.jpg\",\"datePublished\":\"2022-07-13T11:25:26+00:00\",\"dateModified\":\"2022-07-13T12:21:37+00:00\",\"author\":{\"@id\":\"https:\/\/www.africa-press.net\/tchad\/#\/schema\/person\/2b1cf3cd81a31e3cd26889ca66d677f1\"},\"description\":\"Par d\u00e9cret n\u00b02063 du 13 juillet 2022, Adoum Younousmi est nomm\u00e9 ministre d'\u00c9tat, conseiller \u00e0 la Pr\u00e9sidence de la R\u00e9publ ...\",\"breadcrumb\":{\"@id\":\"https:\/\/www.africa-press.net\/tchad\/politique\/adoum-younousmi-nomme-ministre-detat-conseiller-a-la-presidence#breadcrumb\"},\"inLanguage\":\"fr-FR\",\"potentialAction\":[{\"@type\":\"ReadAction\",\"target\":[\"https:\/\/www.africa-press.net\/tchad\/politique\/adoum-younousmi-nomme-ministre-detat-conseiller-a-la-presidence\"]}]},{\"@type\":\"ImageObject\",\"inLanguage\":\"fr-FR\",\"@id\":\"https:\/\/www.africa-press.net\/tchad\/politique\/adoum-younousmi-nomme-ministre-detat-conseiller-a-la-presidence#primaryimage\",\"url\":\"https:\/\/static.africa-press.net\/tchad\/sites\/41\/2022\/07\/postQueueImg_17-62ceb8c06e023.jpg\",\"contentUrl\":\"https:\/\/static.africa-press.net\/tchad\/sites\/41\/2022\/07\/postQueueImg_17-62ceb8c06e023.jpg\",\"width\":819,\"height\":468,\"caption\":\"Adoum Younousmi nomm\u00e9 ministre d'\u00c9tat, conseiller \u00e0 la Pr\u00e9sidence\"},{\"@type\":\"BreadcrumbList\",\"@id\":\"https:\/\/www.africa-press.net\/tchad\/politique\/adoum-younousmi-nomme-ministre-detat-conseiller-a-la-presidence#breadcrumb\",\"itemListElement\":[{\"@type\":\"ListItem\",\"position\":1,\"name\":\"Accueil\",\"item\":\"https:\/\/www.africa-press.net\/tchad\/\"},{\"@type\":\"ListItem\",\"position\":2,\"name\":\"Adoum Younousmi nomm\u00e9 ministre d&#8217;\u00c9tat, conseiller \u00e0 la Pr\u00e9sidence\"}]},{\"@type\":\"WebSite\",\"@id\":\"https:\/\/www.africa-press.net\/tchad\/#website\",\"url\":\"https:\/\/www.africa-press.net\/tchad\/\",\"name\":\"tchad\",\"description\":\"Just another Africa News Agency Sites site\",\"potentialAction\":[{\"@type\":\"SearchAction\",\"target\":{\"@type\":\"EntryPoint\",\"urlTemplate\":\"https:\/\/www.africa-press.net\/tchad\/?s={search_term_string}\"},\"query-input\":{\"@type\":\"PropertyValueSpecification\",\"valueRequired\":true,\"valueName\":\"search_term_string\"}}],\"inLanguage\":\"fr-FR\"},{\"@type\":\"Person\",\"@id\":\"https:\/\/www.africa-press.net\/tchad\/#\/schema\/person\/2b1cf3cd81a31e3cd26889ca66d677f1\",\"name\":\"cfeditorfr\"}]}<\/script>\n<!-- \/ Yoast SEO Premium plugin. -->","yoast_head_json":{"title":"Adoum Younousmi nomm\u00e9 ministre d'\u00c9tat, conseiller \u00e0 la Pr\u00e9sidence - tchad","description":"Par d\u00e9cret n\u00b02063 du 13 juillet 2022, Adoum Younousmi est nomm\u00e9 ministre d'\u00c9tat, conseiller \u00e0 la Pr\u00e9sidence de la R\u00e9publ ...","robots":{"index":"index","follow":"follow","max-snippet":"max-snippet:-1","max-image-preview":"max-image-preview:large","max-video-preview":"max-video-preview:-1"},"canonical":"https:\/\/www.africa-press.net\/tchad\/politique\/adoum-younousmi-nomme-ministre-detat-conseiller-a-la-presidence","og_locale":"fr_FR","og_type":"article","og_title":"Adoum Younousmi nomm\u00e9 ministre d'\u00c9tat, conseiller \u00e0 la Pr\u00e9sidence","og_description":"Par d\u00e9cret n\u00b02063 du 13 juillet 2022, Adoum Younousmi est nomm\u00e9 ministre d'\u00c9tat, conseiller \u00e0 la Pr\u00e9sidence de la R\u00e9publ ...","og_url":"https:\/\/www.africa-press.net\/tchad\/politique\/adoum-younousmi-nomme-ministre-detat-conseiller-a-la-presidence","og_site_name":"tchad","article_published_time":"2022-07-13T11:25:26+00:00","article_modified_time":"2022-07-13T12:21:37+00:00","og_image":[{"width":819,"height":468,"url":"https:\/\/static.africa-press.net\/tchad\/sites\/41\/2022\/07\/postQueueImg_17-62ceb8c06e023.jpg","type":"image\/jpeg"}],"author":"cfeditorfr","twitter_card":"summary_large_image","twitter_misc":{"\u00c9crit par":"cfeditorfr","Dur\u00e9e de lecture estim\u00e9e":"1 minute"},"schema":{"@context":"https:\/\/schema.org","@graph":[{"@type":"Article","@id":"https:\/\/www.africa-press.net\/tchad\/politique\/adoum-younousmi-nomme-ministre-detat-conseiller-a-la-presidence#article","isPartOf":{"@id":"https:\/\/www.africa-press.net\/tchad\/politique\/adoum-younousmi-nomme-ministre-detat-conseiller-a-la-presidence"},"author":{"name":"cfeditorfr","@id":"https:\/\/www.africa-press.net\/tchad\/#\/schema\/person\/2b1cf3cd81a31e3cd26889ca66d677f1"},"headline":"Adoum Younousmi nomm\u00e9 ministre d&rsquo;\u00c9tat, conseiller \u00e0 la Pr\u00e9sidence","datePublished":"2022-07-13T11:25:26+00:00","dateModified":"2022-07-13T12:21:37+00:00","mainEntityOfPage":{"@id":"https:\/\/www.africa-press.net\/tchad\/politique\/adoum-younousmi-nomme-ministre-detat-conseiller-a-la-presidence"},"wordCount":163,"commentCount":0,"image":{"@id":"https:\/\/www.africa-press.net\/tchad\/politique\/adoum-younousmi-nomme-ministre-detat-conseiller-a-la-presidence#primaryimage"},"thumbnailUrl":"https:\/\/static.africa-press.net\/tchad\/sites\/41\/2022\/07\/postQueueImg_17-62ceb8c06e023.jpg","keywords":["Africa Press","Africa Press-Tchad","Tchad"],"articleSection":["homepage-french","Politique","Toutes les actualit\u00e9s"],"inLanguage":"fr-FR","potentialAction":[{"@type":"CommentAction","name":"Comment","target":["https:\/\/www.africa-press.net\/tchad\/politique\/adoum-younousmi-nomme-ministre-detat-conseiller-a-la-presidence#respond"]}]},{"@type":"WebPage","@id":"https:\/\/www.africa-press.net\/tchad\/politique\/adoum-younousmi-nomme-ministre-detat-conseiller-a-la-presidence","url":"https:\/\/www.africa-press.net\/tchad\/politique\/adoum-younousmi-nomme-ministre-detat-conseiller-a-la-presidence","name":"Adoum Younousmi nomm\u00e9 ministre d'\u00c9tat, conseiller \u00e0 la Pr\u00e9sidence - tchad","isPartOf":{"@id":"https:\/\/www.africa-press.net\/tchad\/#website"},"primaryImageOfPage":{"@id":"https:\/\/www.africa-press.net\/tchad\/politique\/adoum-younousmi-nomme-ministre-detat-conseiller-a-la-presidence#primaryimage"},"image":{"@id":"https:\/\/www.africa-press.net\/tchad\/politique\/adoum-younousmi-nomme-ministre-detat-conseiller-a-la-presidence#primaryimage"},"thumbnailUrl":"https:\/\/static.africa-press.net\/tchad\/sites\/41\/2022\/07\/postQueueImg_17-62ceb8c06e023.jpg","datePublished":"2022-07-13T11:25:26+00:00","dateModified":"2022-07-13T12:21:37+00:00","author":{"@id":"https:\/\/www.africa-press.net\/tchad\/#\/schema\/person\/2b1cf3cd81a31e3cd26889ca66d677f1"},"description":"Par d\u00e9cret n\u00b02063 du 13 juillet 2022, Adoum Younousmi est nomm\u00e9 ministre d'\u00c9tat, conseiller \u00e0 la Pr\u00e9sidence de la R\u00e9publ ...","breadcrumb":{"@id":"https:\/\/www.africa-press.net\/tchad\/politique\/adoum-younousmi-nomme-ministre-detat-conseiller-a-la-presidence#breadcrumb"},"inLanguage":"fr-FR","potentialAction":[{"@type":"ReadAction","target":["https:\/\/www.africa-press.net\/tchad\/politique\/adoum-younousmi-nomme-ministre-detat-conseiller-a-la-presidence"]}]},{"@type":"ImageObject","inLanguage":"fr-FR","@id":"https:\/\/www.africa-press.net\/tchad\/politique\/adoum-younousmi-nomme-ministre-detat-conseiller-a-la-presidence#primaryimage","url":"https:\/\/static.africa-press.net\/tchad\/sites\/41\/2022\/07\/postQueueImg_17-62ceb8c06e023.jpg","contentUrl":"https:\/\/static.africa-press.net\/tchad\/sites\/41\/2022\/07\/postQueueImg_17-62ceb8c06e023.jpg","width":819,"height":468,"caption":"Adoum Younousmi nomm\u00e9 ministre d'\u00c9tat, conseiller \u00e0 la Pr\u00e9sidence"},{"@type":"BreadcrumbList","@id":"https:\/\/www.africa-press.net\/tchad\/politique\/adoum-younousmi-nomme-ministre-detat-conseiller-a-la-presidence#breadcrumb","itemListElement":[{"@type":"ListItem","position":1,"name":"Accueil","item":"https:\/\/www.africa-press.net\/tchad\/"},{"@type":"ListItem","position":2,"name":"Adoum Younousmi nomm\u00e9 ministre d&#8217;\u00c9tat, conseiller \u00e0 la Pr\u00e9sidence"}]},{"@type":"WebSite","@id":"https:\/\/www.africa-press.net\/tchad\/#website","url":"https:\/\/www.africa-press.net\/tchad\/","name":"tchad","description":"Just another Africa News Agency Sites site","potentialAction":[{"@type":"SearchAction","target":{"@type":"EntryPoint","urlTemplate":"https:\/\/www.africa-press.net\/tchad\/?s={search_term_string}"},"query-input":{"@type":"PropertyValueSpecification","valueRequired":true,"valueName":"search_term_string"}}],"inLanguage":"fr-FR"},{"@type":"Person","@id":"https:\/\/www.africa-press.net\/tchad\/#\/schema\/person\/2b1cf3cd81a31e3cd26889ca66d677f1","name":"cfeditorfr"}]}},"_links":{"self":[{"href":"https:\/\/www.africa-press.net\/tchad\/wp-json\/wp\/v2\/posts\/28810","targetHints":{"allow":["GET"]}}],"collection":[{"href":"https:\/\/www.africa-press.net\/tchad\/wp-json\/wp\/v2\/posts"}],"about":[{"href":"https:\/\/www.africa-press.net\/tchad\/wp-json\/wp\/v2\/types\/post"}],"author":[{"embeddable":true,"href":"https:\/\/www.africa-press.net\/tchad\/wp-json\/wp\/v2\/users\/82"}],"replies":[{"embeddable":true,"href":"https:\/\/www.africa-press.net\/tchad\/wp-json\/wp\/v2\/comments?post=28810"}],"version-history":[{"count":0,"href":"https:\/\/www.africa-press.net\/tchad\/wp-json\/wp\/v2\/posts\/28810\/revisions"}],"wp:featuredmedia":[{"embeddable":true,"href":"https:\/\/www.africa-press.net\/tchad\/wp-json\/wp\/v2\/media\/28809"}],"wp:attachment":[{"href":"https:\/\/www.africa-press.net\/tchad\/wp-json\/wp\/v2\/media?parent=28810"}],"wp:term":[{"taxonomy":"category","embeddable":true,"href":"https:\/\/www.africa-press.net\/tchad\/wp-json\/wp\/v2\/categories?post=28810"},{"taxonomy":"post_tag","embeddable":true,"href":"https:\/\/www.africa-press.net\/tchad\/wp-json\/wp\/v2\/tags?post=28810"}],"curies":[{"name":"wp","href":"https:\/\/api.w.org\/{rel}","templated":true}]}}