{"id":28813,"date":"2022-07-13T11:26:00","date_gmt":"2022-07-13T11:26:00","guid":{"rendered":"https:\/\/www.africa-press.net\/tchad\/politique\/kanem-la-ville-de-rig-rig-recoit-a-son-tour-les-conseillers-nationaux-de-transition"},"modified":"2022-07-13T12:21:59","modified_gmt":"2022-07-13T12:21:59","slug":"kanem-la-ville-de-rig-rig-recoit-a-son-tour-les-conseillers-nationaux-de-transition","status":"publish","type":"post","link":"https:\/\/www.africa-press.net\/tchad\/politique\/kanem-la-ville-de-rig-rig-recoit-a-son-tour-les-conseillers-nationaux-de-transition","title":{"rendered":"Kanem : la ville de Rig-Rig re\u00e7oit \u00e0 son tour les conseillers nationaux de transition"},"content":{"rendered":"<p><span style=\"color: #ff6600\"><strong>Africa-Press &#8211; Tchad. <\/strong><\/span>La campagne de sensibilisation sur la paix entam\u00e9e par trois conseillers nationaux de transition se poursuit dans la province du Kanem. C\u2019est la localit\u00e9 de Rig-Rig qui a accueilli le mardi 12 juillet les conseillers.<\/p>\n<p>Le message de paix et de cohabitation pacifique se poursuit. Apr\u00e8s la ville de Nokou, c\u2019est au tour de la ville de Rig-Rig d\u2019accueillir les trois conseillers nationaux de transition originaires du Kanem.\u00ab La paix, la paix et la paix \u00bb, tel \u00e9tait le ma\u00eetre mot des conseillers nationaux lors de leur passage dans les diff\u00e9rentes localit\u00e9s. En fran\u00e7ais, en arabe, en gourane ou en kanembou, l\u2019essentiel est que le message passe et que les habitants comprennent la notion de la paix et la cohabitation pacifique.<\/p>\n<p>Le pr\u00e9fet de Rig-Rig, Abdellatif Bachar Abakoura, souligne que la province du Kanem est une terre de paix et la ville de Rig-Rig n\u2019en sera pas une exception.<\/p>\n<p>Soulignons que la ville de Rig-Rig est situ\u00e9e \u00e0 l\u2019Ouest de la province du Kanem, \u00e0 environ 130 km de la capitale, Mao.<\/p>\n<p><strong>Pour plus d&rsquo;informations et d&rsquo;analyses sur la <a href=\"https:\/\/www.africa-press.net\/tchad\">Tchad<\/a>, suivez <a href=\"https:\/\/www.africa-press.net\/\">Africa-Press<\/a><\/strong><\/p>\n","protected":false},"excerpt":{"rendered":"<p>Africa-Press &#8211; Tchad. La campagne de sensibilisation sur la paix entam\u00e9e par trois conseillers nationaux de transition se poursuit dans la province du Kanem. C\u2019est la localit\u00e9 de Rig-Rig qui a accueilli le mardi 12 juillet les conseillers. Le message de paix et de cohabitation pacifique se poursuit. Apr\u00e8s la ville de Nokou, c\u2019est au [&hellip;]<\/p>\n","protected":false},"author":82,"featured_media":28812,"comment_status":"open","ping_status":"closed","sticky":false,"template":"","format":"standard","meta":{"footnotes":""},"categories":[11,2,10],"tags":[37,292,29],"class_list":["post-28813","post","type-post","status-publish","format-standard","has-post-thumbnail","hentry","category-homepage-french","category-politique","category-toutes-les-actualites","tag-africa-press","tag-africa-press-tchad","tag-tchad"],"yoast_head":"<!-- This site is optimized with the Yoast SEO Premium plugin v26.1 (Yoast SEO v27.0) - https:\/\/yoast.com\/product\/yoast-seo-premium-wordpress\/ -->\n<title>Kanem : la ville de Rig-Rig re\u00e7oit \u00e0 son tour les conseillers nationaux de transition - tchad<\/title>\n<meta name=\"description\" content=\"La campagne de sensibilisation sur la paix entam\u00e9e par trois conseillers nationaux de transition se poursuit dans la pro ...\" \/>\n<meta name=\"robots\" content=\"index, follow, max-snippet:-1, max-image-preview:large, max-video-preview:-1\" \/>\n<link rel=\"canonical\" href=\"https:\/\/www.africa-press.net\/tchad\/politique\/kanem-la-ville-de-rig-rig-recoit-a-son-tour-les-conseillers-nationaux-de-transition\" \/>\n<meta property=\"og:locale\" content=\"fr_FR\" \/>\n<meta property=\"og:type\" content=\"article\" \/>\n<meta property=\"og:title\" content=\"Kanem : la ville de Rig-Rig re\u00e7oit \u00e0 son tour les conseillers nationaux de transition\" \/>\n<meta property=\"og:description\" content=\"La campagne de sensibilisation sur la paix entam\u00e9e par trois conseillers nationaux de transition se poursuit dans la pro ...\" \/>\n<meta property=\"og:url\" content=\"https:\/\/www.africa-press.net\/tchad\/politique\/kanem-la-ville-de-rig-rig-recoit-a-son-tour-les-conseillers-nationaux-de-transition\" \/>\n<meta property=\"og:site_name\" content=\"tchad\" \/>\n<meta property=\"article:published_time\" content=\"2022-07-13T11:26:00+00:00\" \/>\n<meta property=\"article:modified_time\" content=\"2022-07-13T12:21:59+00:00\" \/>\n<meta property=\"og:image\" content=\"https:\/\/static.africa-press.net\/tchad\/sites\/41\/2022\/07\/postQueueImg_18-62ceb8d68127a.jpg\" \/>\n\t<meta property=\"og:image:width\" content=\"694\" \/>\n\t<meta property=\"og:image:height\" content=\"466\" \/>\n\t<meta property=\"og:image:type\" content=\"image\/jpeg\" \/>\n<meta name=\"author\" content=\"cfeditorfr\" \/>\n<meta name=\"twitter:card\" content=\"summary_large_image\" \/>\n<meta name=\"twitter:label1\" content=\"\u00c9crit par\" \/>\n\t<meta name=\"twitter:data1\" content=\"cfeditorfr\" \/>\n\t<meta name=\"twitter:label2\" content=\"Dur\u00e9e de lecture estim\u00e9e\" \/>\n\t<meta name=\"twitter:data2\" content=\"1 minute\" \/>\n<script type=\"application\/ld+json\" class=\"yoast-schema-graph\">{\"@context\":\"https:\/\/schema.org\",\"@graph\":[{\"@type\":\"Article\",\"@id\":\"https:\/\/www.africa-press.net\/tchad\/politique\/kanem-la-ville-de-rig-rig-recoit-a-son-tour-les-conseillers-nationaux-de-transition#article\",\"isPartOf\":{\"@id\":\"https:\/\/www.africa-press.net\/tchad\/politique\/kanem-la-ville-de-rig-rig-recoit-a-son-tour-les-conseillers-nationaux-de-transition\"},\"author\":{\"name\":\"cfeditorfr\",\"@id\":\"https:\/\/www.africa-press.net\/tchad\/#\/schema\/person\/2b1cf3cd81a31e3cd26889ca66d677f1\"},\"headline\":\"Kanem : la ville de Rig-Rig re\u00e7oit \u00e0 son tour les conseillers nationaux de transition\",\"datePublished\":\"2022-07-13T11:26:00+00:00\",\"dateModified\":\"2022-07-13T12:21:59+00:00\",\"mainEntityOfPage\":{\"@id\":\"https:\/\/www.africa-press.net\/tchad\/politique\/kanem-la-ville-de-rig-rig-recoit-a-son-tour-les-conseillers-nationaux-de-transition\"},\"wordCount\":210,\"commentCount\":0,\"image\":{\"@id\":\"https:\/\/www.africa-press.net\/tchad\/politique\/kanem-la-ville-de-rig-rig-recoit-a-son-tour-les-conseillers-nationaux-de-transition#primaryimage\"},\"thumbnailUrl\":\"https:\/\/static.africa-press.net\/tchad\/sites\/41\/2022\/07\/postQueueImg_18-62ceb8d68127a.jpg\",\"keywords\":[\"Africa Press\",\"Africa Press-Tchad\",\"Tchad\"],\"articleSection\":[\"homepage-french\",\"Politique\",\"Toutes les actualit\u00e9s\"],\"inLanguage\":\"fr-FR\",\"potentialAction\":[{\"@type\":\"CommentAction\",\"name\":\"Comment\",\"target\":[\"https:\/\/www.africa-press.net\/tchad\/politique\/kanem-la-ville-de-rig-rig-recoit-a-son-tour-les-conseillers-nationaux-de-transition#respond\"]}]},{\"@type\":\"WebPage\",\"@id\":\"https:\/\/www.africa-press.net\/tchad\/politique\/kanem-la-ville-de-rig-rig-recoit-a-son-tour-les-conseillers-nationaux-de-transition\",\"url\":\"https:\/\/www.africa-press.net\/tchad\/politique\/kanem-la-ville-de-rig-rig-recoit-a-son-tour-les-conseillers-nationaux-de-transition\",\"name\":\"Kanem : la ville de Rig-Rig re\u00e7oit \u00e0 son tour les conseillers nationaux de transition - tchad\",\"isPartOf\":{\"@id\":\"https:\/\/www.africa-press.net\/tchad\/#website\"},\"primaryImageOfPage\":{\"@id\":\"https:\/\/www.africa-press.net\/tchad\/politique\/kanem-la-ville-de-rig-rig-recoit-a-son-tour-les-conseillers-nationaux-de-transition#primaryimage\"},\"image\":{\"@id\":\"https:\/\/www.africa-press.net\/tchad\/politique\/kanem-la-ville-de-rig-rig-recoit-a-son-tour-les-conseillers-nationaux-de-transition#primaryimage\"},\"thumbnailUrl\":\"https:\/\/static.africa-press.net\/tchad\/sites\/41\/2022\/07\/postQueueImg_18-62ceb8d68127a.jpg\",\"datePublished\":\"2022-07-13T11:26:00+00:00\",\"dateModified\":\"2022-07-13T12:21:59+00:00\",\"author\":{\"@id\":\"https:\/\/www.africa-press.net\/tchad\/#\/schema\/person\/2b1cf3cd81a31e3cd26889ca66d677f1\"},\"description\":\"La campagne de sensibilisation sur la paix entam\u00e9e par trois conseillers nationaux de transition se poursuit dans la pro ...\",\"breadcrumb\":{\"@id\":\"https:\/\/www.africa-press.net\/tchad\/politique\/kanem-la-ville-de-rig-rig-recoit-a-son-tour-les-conseillers-nationaux-de-transition#breadcrumb\"},\"inLanguage\":\"fr-FR\",\"potentialAction\":[{\"@type\":\"ReadAction\",\"target\":[\"https:\/\/www.africa-press.net\/tchad\/politique\/kanem-la-ville-de-rig-rig-recoit-a-son-tour-les-conseillers-nationaux-de-transition\"]}]},{\"@type\":\"ImageObject\",\"inLanguage\":\"fr-FR\",\"@id\":\"https:\/\/www.africa-press.net\/tchad\/politique\/kanem-la-ville-de-rig-rig-recoit-a-son-tour-les-conseillers-nationaux-de-transition#primaryimage\",\"url\":\"https:\/\/static.africa-press.net\/tchad\/sites\/41\/2022\/07\/postQueueImg_18-62ceb8d68127a.jpg\",\"contentUrl\":\"https:\/\/static.africa-press.net\/tchad\/sites\/41\/2022\/07\/postQueueImg_18-62ceb8d68127a.jpg\",\"width\":694,\"height\":466,\"caption\":\"Kanem : la ville de Rig-Rig re\u00e7oit \u00e0 son tour les conseillers nationaux de transition\"},{\"@type\":\"BreadcrumbList\",\"@id\":\"https:\/\/www.africa-press.net\/tchad\/politique\/kanem-la-ville-de-rig-rig-recoit-a-son-tour-les-conseillers-nationaux-de-transition#breadcrumb\",\"itemListElement\":[{\"@type\":\"ListItem\",\"position\":1,\"name\":\"Accueil\",\"item\":\"https:\/\/www.africa-press.net\/tchad\/\"},{\"@type\":\"ListItem\",\"position\":2,\"name\":\"Kanem : la ville de Rig-Rig re\u00e7oit \u00e0 son tour les conseillers nationaux de transition\"}]},{\"@type\":\"WebSite\",\"@id\":\"https:\/\/www.africa-press.net\/tchad\/#website\",\"url\":\"https:\/\/www.africa-press.net\/tchad\/\",\"name\":\"tchad\",\"description\":\"Just another Africa News Agency Sites site\",\"potentialAction\":[{\"@type\":\"SearchAction\",\"target\":{\"@type\":\"EntryPoint\",\"urlTemplate\":\"https:\/\/www.africa-press.net\/tchad\/?s={search_term_string}\"},\"query-input\":{\"@type\":\"PropertyValueSpecification\",\"valueRequired\":true,\"valueName\":\"search_term_string\"}}],\"inLanguage\":\"fr-FR\"},{\"@type\":\"Person\",\"@id\":\"https:\/\/www.africa-press.net\/tchad\/#\/schema\/person\/2b1cf3cd81a31e3cd26889ca66d677f1\",\"name\":\"cfeditorfr\"}]}<\/script>\n<!-- \/ Yoast SEO Premium plugin. -->","yoast_head_json":{"title":"Kanem : la ville de Rig-Rig re\u00e7oit \u00e0 son tour les conseillers nationaux de transition - tchad","description":"La campagne de sensibilisation sur la paix entam\u00e9e par trois conseillers nationaux de transition se poursuit dans la pro ...","robots":{"index":"index","follow":"follow","max-snippet":"max-snippet:-1","max-image-preview":"max-image-preview:large","max-video-preview":"max-video-preview:-1"},"canonical":"https:\/\/www.africa-press.net\/tchad\/politique\/kanem-la-ville-de-rig-rig-recoit-a-son-tour-les-conseillers-nationaux-de-transition","og_locale":"fr_FR","og_type":"article","og_title":"Kanem : la ville de Rig-Rig re\u00e7oit \u00e0 son tour les conseillers nationaux de transition","og_description":"La campagne de sensibilisation sur la paix entam\u00e9e par trois conseillers nationaux de transition se poursuit dans la pro ...","og_url":"https:\/\/www.africa-press.net\/tchad\/politique\/kanem-la-ville-de-rig-rig-recoit-a-son-tour-les-conseillers-nationaux-de-transition","og_site_name":"tchad","article_published_time":"2022-07-13T11:26:00+00:00","article_modified_time":"2022-07-13T12:21:59+00:00","og_image":[{"width":694,"height":466,"url":"https:\/\/static.africa-press.net\/tchad\/sites\/41\/2022\/07\/postQueueImg_18-62ceb8d68127a.jpg","type":"image\/jpeg"}],"author":"cfeditorfr","twitter_card":"summary_large_image","twitter_misc":{"\u00c9crit par":"cfeditorfr","Dur\u00e9e de lecture estim\u00e9e":"1 minute"},"schema":{"@context":"https:\/\/schema.org","@graph":[{"@type":"Article","@id":"https:\/\/www.africa-press.net\/tchad\/politique\/kanem-la-ville-de-rig-rig-recoit-a-son-tour-les-conseillers-nationaux-de-transition#article","isPartOf":{"@id":"https:\/\/www.africa-press.net\/tchad\/politique\/kanem-la-ville-de-rig-rig-recoit-a-son-tour-les-conseillers-nationaux-de-transition"},"author":{"name":"cfeditorfr","@id":"https:\/\/www.africa-press.net\/tchad\/#\/schema\/person\/2b1cf3cd81a31e3cd26889ca66d677f1"},"headline":"Kanem : la ville de Rig-Rig re\u00e7oit \u00e0 son tour les conseillers nationaux de transition","datePublished":"2022-07-13T11:26:00+00:00","dateModified":"2022-07-13T12:21:59+00:00","mainEntityOfPage":{"@id":"https:\/\/www.africa-press.net\/tchad\/politique\/kanem-la-ville-de-rig-rig-recoit-a-son-tour-les-conseillers-nationaux-de-transition"},"wordCount":210,"commentCount":0,"image":{"@id":"https:\/\/www.africa-press.net\/tchad\/politique\/kanem-la-ville-de-rig-rig-recoit-a-son-tour-les-conseillers-nationaux-de-transition#primaryimage"},"thumbnailUrl":"https:\/\/static.africa-press.net\/tchad\/sites\/41\/2022\/07\/postQueueImg_18-62ceb8d68127a.jpg","keywords":["Africa Press","Africa Press-Tchad","Tchad"],"articleSection":["homepage-french","Politique","Toutes les actualit\u00e9s"],"inLanguage":"fr-FR","potentialAction":[{"@type":"CommentAction","name":"Comment","target":["https:\/\/www.africa-press.net\/tchad\/politique\/kanem-la-ville-de-rig-rig-recoit-a-son-tour-les-conseillers-nationaux-de-transition#respond"]}]},{"@type":"WebPage","@id":"https:\/\/www.africa-press.net\/tchad\/politique\/kanem-la-ville-de-rig-rig-recoit-a-son-tour-les-conseillers-nationaux-de-transition","url":"https:\/\/www.africa-press.net\/tchad\/politique\/kanem-la-ville-de-rig-rig-recoit-a-son-tour-les-conseillers-nationaux-de-transition","name":"Kanem : la ville de Rig-Rig re\u00e7oit \u00e0 son tour les conseillers nationaux de transition - tchad","isPartOf":{"@id":"https:\/\/www.africa-press.net\/tchad\/#website"},"primaryImageOfPage":{"@id":"https:\/\/www.africa-press.net\/tchad\/politique\/kanem-la-ville-de-rig-rig-recoit-a-son-tour-les-conseillers-nationaux-de-transition#primaryimage"},"image":{"@id":"https:\/\/www.africa-press.net\/tchad\/politique\/kanem-la-ville-de-rig-rig-recoit-a-son-tour-les-conseillers-nationaux-de-transition#primaryimage"},"thumbnailUrl":"https:\/\/static.africa-press.net\/tchad\/sites\/41\/2022\/07\/postQueueImg_18-62ceb8d68127a.jpg","datePublished":"2022-07-13T11:26:00+00:00","dateModified":"2022-07-13T12:21:59+00:00","author":{"@id":"https:\/\/www.africa-press.net\/tchad\/#\/schema\/person\/2b1cf3cd81a31e3cd26889ca66d677f1"},"description":"La campagne de sensibilisation sur la paix entam\u00e9e par trois conseillers nationaux de transition se poursuit dans la pro ...","breadcrumb":{"@id":"https:\/\/www.africa-press.net\/tchad\/politique\/kanem-la-ville-de-rig-rig-recoit-a-son-tour-les-conseillers-nationaux-de-transition#breadcrumb"},"inLanguage":"fr-FR","potentialAction":[{"@type":"ReadAction","target":["https:\/\/www.africa-press.net\/tchad\/politique\/kanem-la-ville-de-rig-rig-recoit-a-son-tour-les-conseillers-nationaux-de-transition"]}]},{"@type":"ImageObject","inLanguage":"fr-FR","@id":"https:\/\/www.africa-press.net\/tchad\/politique\/kanem-la-ville-de-rig-rig-recoit-a-son-tour-les-conseillers-nationaux-de-transition#primaryimage","url":"https:\/\/static.africa-press.net\/tchad\/sites\/41\/2022\/07\/postQueueImg_18-62ceb8d68127a.jpg","contentUrl":"https:\/\/static.africa-press.net\/tchad\/sites\/41\/2022\/07\/postQueueImg_18-62ceb8d68127a.jpg","width":694,"height":466,"caption":"Kanem : la ville de Rig-Rig re\u00e7oit \u00e0 son tour les conseillers nationaux de transition"},{"@type":"BreadcrumbList","@id":"https:\/\/www.africa-press.net\/tchad\/politique\/kanem-la-ville-de-rig-rig-recoit-a-son-tour-les-conseillers-nationaux-de-transition#breadcrumb","itemListElement":[{"@type":"ListItem","position":1,"name":"Accueil","item":"https:\/\/www.africa-press.net\/tchad\/"},{"@type":"ListItem","position":2,"name":"Kanem : la ville de Rig-Rig re\u00e7oit \u00e0 son tour les conseillers nationaux de transition"}]},{"@type":"WebSite","@id":"https:\/\/www.africa-press.net\/tchad\/#website","url":"https:\/\/www.africa-press.net\/tchad\/","name":"tchad","description":"Just another Africa News Agency Sites site","potentialAction":[{"@type":"SearchAction","target":{"@type":"EntryPoint","urlTemplate":"https:\/\/www.africa-press.net\/tchad\/?s={search_term_string}"},"query-input":{"@type":"PropertyValueSpecification","valueRequired":true,"valueName":"search_term_string"}}],"inLanguage":"fr-FR"},{"@type":"Person","@id":"https:\/\/www.africa-press.net\/tchad\/#\/schema\/person\/2b1cf3cd81a31e3cd26889ca66d677f1","name":"cfeditorfr"}]}},"_links":{"self":[{"href":"https:\/\/www.africa-press.net\/tchad\/wp-json\/wp\/v2\/posts\/28813","targetHints":{"allow":["GET"]}}],"collection":[{"href":"https:\/\/www.africa-press.net\/tchad\/wp-json\/wp\/v2\/posts"}],"about":[{"href":"https:\/\/www.africa-press.net\/tchad\/wp-json\/wp\/v2\/types\/post"}],"author":[{"embeddable":true,"href":"https:\/\/www.africa-press.net\/tchad\/wp-json\/wp\/v2\/users\/82"}],"replies":[{"embeddable":true,"href":"https:\/\/www.africa-press.net\/tchad\/wp-json\/wp\/v2\/comments?post=28813"}],"version-history":[{"count":0,"href":"https:\/\/www.africa-press.net\/tchad\/wp-json\/wp\/v2\/posts\/28813\/revisions"}],"wp:featuredmedia":[{"embeddable":true,"href":"https:\/\/www.africa-press.net\/tchad\/wp-json\/wp\/v2\/media\/28812"}],"wp:attachment":[{"href":"https:\/\/www.africa-press.net\/tchad\/wp-json\/wp\/v2\/media?parent=28813"}],"wp:term":[{"taxonomy":"category","embeddable":true,"href":"https:\/\/www.africa-press.net\/tchad\/wp-json\/wp\/v2\/categories?post=28813"},{"taxonomy":"post_tag","embeddable":true,"href":"https:\/\/www.africa-press.net\/tchad\/wp-json\/wp\/v2\/tags?post=28813"}],"curies":[{"name":"wp","href":"https:\/\/api.w.org\/{rel}","templated":true}]}}