{"id":28825,"date":"2022-07-14T15:16:00","date_gmt":"2022-07-14T15:16:00","guid":{"rendered":"https:\/\/www.africa-press.net\/tchad\/politique\/le-tchad-et-le-niger-veulent-revitaliser-la-force-antidjihadiste-du-g5-sahel"},"modified":"2022-07-14T16:26:32","modified_gmt":"2022-07-14T16:26:32","slug":"le-tchad-et-le-niger-veulent-revitaliser-la-force-antidjihadiste-du-g5-sahel","status":"publish","type":"post","link":"https:\/\/www.africa-press.net\/tchad\/politique\/le-tchad-et-le-niger-veulent-revitaliser-la-force-antidjihadiste-du-g5-sahel","title":{"rendered":"Le Tchad et le Niger veulent revitaliser la force antidjihadiste du G5 Sahel"},"content":{"rendered":"<p><span style=\"color: #ff6600\"><strong>Africa-Press &#8211; Tchad. <\/strong><\/span>Les pr\u00e9sidents du Tchad et du Niger ont promis, mercredi 13 juillet \u00e0 N\u2019Djamena, de tout faire pour revitaliser la force antidjihadiste conjointe du G5 Sahel apr\u00e8s le d\u00e9part du Mali et sign\u00e9 un accord de coop\u00e9ration s\u00e9curitaire dont rien n\u2019a filtr\u00e9. \u00ab La d\u00e9cision du retrait du Mali est un \u00e9pisode qui va \u00eatre d\u00e9pass\u00e9, il y aura bient\u00f4t une r\u00e9union \u00bb entre les quatre autres pays alli\u00e9s dans le G5 Sahel (Tchad, Niger, Burkina Faso et Mauritanie) \u00ab pour faire en sorte que le G5 soit viable \u00bb, a affirm\u00e9 le pr\u00e9sident nig\u00e9rien, Mohamed Bazoum, lors d\u2019une conf\u00e9rence de presse.<\/p>\n<p>Bamako a annonc\u00e9 le 16 mai qu\u2019il quittait cette alliance dont les arm\u00e9es combattent, au c\u00f4t\u00e9 de la force fran\u00e7aise \u00ab Barkhane \u00bb, les nombreux groupes djihadistes qui ensanglantent le Sahel et s\u2019\u00e9tendent inexorablement vers le sud de la r\u00e9gion. \u00ab Nous n\u2019avons pas encore consid\u00e9r\u00e9 que c\u2019est termin\u00e9 pour le G5 Sahel, nous allons nous battre \u00bb, a martel\u00e9 M. Bazoum, sans commenter la d\u00e9cision de Bamako. Le Tchadien Mahamat Idriss D\u00e9by, proclam\u00e9 \u00ab pr\u00e9sident de transition \u00bb \u00e0 la t\u00eate d\u2019une junte de quinze g\u00e9n\u00e9raux \u00e0 la mort de son p\u00e8re, Idriss D\u00e9by Itno, il y a quinze mois, a \u00ab regrett\u00e9 \u00bb, lui, le d\u00e9part du Mali. \u00ab Restons optimistes et esp\u00e9rons qu\u2019il revienne sur sa d\u00e9cision \u00bb, a lanc\u00e9 le jeune g\u00e9n\u00e9ral.<\/p>\n<p><b>L\u2019\u00e9tat-major de \u00ab Barkhane \u00bb maintenu \u00e0 N\u2019Djamena<\/b><\/p>\n<p>La France, qui a d\u00e9ploy\u00e9 pendant plusieurs ann\u00e9es des milliers de militaires au Mali (jusqu\u2019\u00e0 5 100), a \u00e9t\u00e9 pouss\u00e9e vers la sortie par la junte au pouvoir depuis ao\u00fbt 2020. Au Niger, son nouveau partenaire privil\u00e9gi\u00e9, elle maintiendra plus de 1 000 hommes, trois avions de combat, six drones arm\u00e9s et quatre \u00e0 six h\u00e9licopt\u00e8res, a r\u00e9cemment indiqu\u00e9 Paris, qui n\u2019en dit pas plus mais assure r\u00e9guli\u00e8rement que ses troupes n\u2019op\u00e9reront d\u00e9sormais plus en substitution des arm\u00e9es locales mais en \u00ab soutien \u00bb, au gr\u00e9 des besoins des pays concern\u00e9s. Interrog\u00e9 par l\u2019AFP sur le dispositif fran\u00e7ais souhait\u00e9 par son pays, M. Bazoum a \u00e9lud\u00e9 la question. \u00ab Nous sommes en train de discuter avec nos partenaires pour red\u00e9finir le red\u00e9ploiement \u00bb, a-t-il simplement d\u00e9clar\u00e9.<\/p>\n<p>Les deux chefs d\u2019Etat, qui ont annonc\u00e9 sans plus de d\u00e9tails avoir sign\u00e9 un nouvel \u00ab accord dans le domaine de la s\u00e9curit\u00e9 \u00bb, n\u2019ont pas dit un mot sur le red\u00e9ploiement de leurs propres troupes dans le Sahel, rendu n\u00e9cessaire par la r\u00e9duction de la voilure fran\u00e7aise. L\u2019\u00e9tat-major fran\u00e7ais de l\u2019op\u00e9ration qui succ\u00e9dera \u00e0 \u00ab Barkhane \u00bb sera pour l\u2019heure maintenu \u00e0 N\u2019Djamena, mais ses effectifs seront all\u00e9g\u00e9s, selon Paris. La puissante arm\u00e9e tchadienne, qui se d\u00e9ploie r\u00e9guli\u00e8rement chez ses voisins, est le principal pilier local de la guerre contre les djihadistes.<\/p>\n<p><strong>Pour plus d&rsquo;informations et d&rsquo;analyses sur la <a href=\"https:\/\/www.africa-press.net\/tchad\">Tchad<\/a>, suivez <a href=\"https:\/\/www.africa-press.net\/\">Africa-Press<\/a><\/strong><\/p>\n","protected":false},"excerpt":{"rendered":"<p>Africa-Press &#8211; Tchad. Les pr\u00e9sidents du Tchad et du Niger ont promis, mercredi 13 juillet \u00e0 N\u2019Djamena, de tout faire pour revitaliser la force antidjihadiste conjointe du G5 Sahel apr\u00e8s le d\u00e9part du Mali et sign\u00e9 un accord de coop\u00e9ration s\u00e9curitaire dont rien n\u2019a filtr\u00e9. \u00ab La d\u00e9cision du retrait du Mali est un \u00e9pisode [&hellip;]<\/p>\n","protected":false},"author":82,"featured_media":28824,"comment_status":"open","ping_status":"closed","sticky":false,"template":"","format":"standard","meta":{"footnotes":""},"categories":[11,2,20,10],"tags":[37,292,29],"class_list":["post-28825","post","type-post","status-publish","format-standard","has-post-thumbnail","hentry","category-homepage-french","category-politique","category-top-nouvelles","category-toutes-les-actualites","tag-africa-press","tag-africa-press-tchad","tag-tchad"],"yoast_head":"<!-- This site is optimized with the Yoast SEO Premium plugin v26.1 (Yoast SEO v27.0) - https:\/\/yoast.com\/product\/yoast-seo-premium-wordpress\/ -->\n<title>Le Tchad et le Niger veulent revitaliser la force antidjihadiste du G5 Sahel - tchad<\/title>\n<meta name=\"description\" content=\"Les pr\u00e9sidents du Tchad et du Niger ont promis, mercredi 13 juillet \u00e0 N\u2019Djamena, de tout faire pour revitaliser la force ...\" \/>\n<meta name=\"robots\" content=\"index, follow, max-snippet:-1, max-image-preview:large, max-video-preview:-1\" \/>\n<link rel=\"canonical\" href=\"https:\/\/www.africa-press.net\/tchad\/politique\/le-tchad-et-le-niger-veulent-revitaliser-la-force-antidjihadiste-du-g5-sahel\" \/>\n<meta property=\"og:locale\" content=\"fr_FR\" \/>\n<meta property=\"og:type\" content=\"article\" \/>\n<meta property=\"og:title\" content=\"Le Tchad et le Niger veulent revitaliser la force antidjihadiste du G5 Sahel\" \/>\n<meta property=\"og:description\" content=\"Les pr\u00e9sidents du Tchad et du Niger ont promis, mercredi 13 juillet \u00e0 N\u2019Djamena, de tout faire pour revitaliser la force ...\" \/>\n<meta property=\"og:url\" content=\"https:\/\/www.africa-press.net\/tchad\/politique\/le-tchad-et-le-niger-veulent-revitaliser-la-force-antidjihadiste-du-g5-sahel\" \/>\n<meta property=\"og:site_name\" content=\"tchad\" \/>\n<meta property=\"article:published_time\" content=\"2022-07-14T15:16:00+00:00\" \/>\n<meta property=\"article:modified_time\" content=\"2022-07-14T16:26:32+00:00\" \/>\n<meta property=\"og:image\" content=\"https:\/\/static.africa-press.net\/tchad\/sites\/41\/2022\/07\/postQueueImg_16-62d0439cab9e8.jpg\" \/>\n\t<meta property=\"og:image:width\" content=\"1440\" \/>\n\t<meta property=\"og:image:height\" content=\"960\" \/>\n\t<meta property=\"og:image:type\" content=\"image\/jpeg\" \/>\n<meta name=\"author\" content=\"cfeditorfr\" \/>\n<meta name=\"twitter:card\" content=\"summary_large_image\" \/>\n<meta name=\"twitter:label1\" content=\"\u00c9crit par\" \/>\n\t<meta name=\"twitter:data1\" content=\"cfeditorfr\" \/>\n\t<meta name=\"twitter:label2\" content=\"Dur\u00e9e de lecture estim\u00e9e\" \/>\n\t<meta name=\"twitter:data2\" content=\"3 minutes\" \/>\n<script type=\"application\/ld+json\" class=\"yoast-schema-graph\">{\"@context\":\"https:\/\/schema.org\",\"@graph\":[{\"@type\":\"Article\",\"@id\":\"https:\/\/www.africa-press.net\/tchad\/politique\/le-tchad-et-le-niger-veulent-revitaliser-la-force-antidjihadiste-du-g5-sahel#article\",\"isPartOf\":{\"@id\":\"https:\/\/www.africa-press.net\/tchad\/politique\/le-tchad-et-le-niger-veulent-revitaliser-la-force-antidjihadiste-du-g5-sahel\"},\"author\":{\"name\":\"cfeditorfr\",\"@id\":\"https:\/\/www.africa-press.net\/tchad\/#\/schema\/person\/2b1cf3cd81a31e3cd26889ca66d677f1\"},\"headline\":\"Le Tchad et le Niger veulent revitaliser la force antidjihadiste du G5 Sahel\",\"datePublished\":\"2022-07-14T15:16:00+00:00\",\"dateModified\":\"2022-07-14T16:26:32+00:00\",\"mainEntityOfPage\":{\"@id\":\"https:\/\/www.africa-press.net\/tchad\/politique\/le-tchad-et-le-niger-veulent-revitaliser-la-force-antidjihadiste-du-g5-sahel\"},\"wordCount\":530,\"commentCount\":0,\"image\":{\"@id\":\"https:\/\/www.africa-press.net\/tchad\/politique\/le-tchad-et-le-niger-veulent-revitaliser-la-force-antidjihadiste-du-g5-sahel#primaryimage\"},\"thumbnailUrl\":\"https:\/\/static.africa-press.net\/tchad\/sites\/41\/2022\/07\/postQueueImg_16-62d0439cab9e8.jpg\",\"keywords\":[\"Africa Press\",\"Africa Press-Tchad\",\"Tchad\"],\"articleSection\":[\"homepage-french\",\"Politique\",\"Top Nouvelles\",\"Toutes les actualit\u00e9s\"],\"inLanguage\":\"fr-FR\",\"potentialAction\":[{\"@type\":\"CommentAction\",\"name\":\"Comment\",\"target\":[\"https:\/\/www.africa-press.net\/tchad\/politique\/le-tchad-et-le-niger-veulent-revitaliser-la-force-antidjihadiste-du-g5-sahel#respond\"]}]},{\"@type\":\"WebPage\",\"@id\":\"https:\/\/www.africa-press.net\/tchad\/politique\/le-tchad-et-le-niger-veulent-revitaliser-la-force-antidjihadiste-du-g5-sahel\",\"url\":\"https:\/\/www.africa-press.net\/tchad\/politique\/le-tchad-et-le-niger-veulent-revitaliser-la-force-antidjihadiste-du-g5-sahel\",\"name\":\"Le Tchad et le Niger veulent revitaliser la force antidjihadiste du G5 Sahel - tchad\",\"isPartOf\":{\"@id\":\"https:\/\/www.africa-press.net\/tchad\/#website\"},\"primaryImageOfPage\":{\"@id\":\"https:\/\/www.africa-press.net\/tchad\/politique\/le-tchad-et-le-niger-veulent-revitaliser-la-force-antidjihadiste-du-g5-sahel#primaryimage\"},\"image\":{\"@id\":\"https:\/\/www.africa-press.net\/tchad\/politique\/le-tchad-et-le-niger-veulent-revitaliser-la-force-antidjihadiste-du-g5-sahel#primaryimage\"},\"thumbnailUrl\":\"https:\/\/static.africa-press.net\/tchad\/sites\/41\/2022\/07\/postQueueImg_16-62d0439cab9e8.jpg\",\"datePublished\":\"2022-07-14T15:16:00+00:00\",\"dateModified\":\"2022-07-14T16:26:32+00:00\",\"author\":{\"@id\":\"https:\/\/www.africa-press.net\/tchad\/#\/schema\/person\/2b1cf3cd81a31e3cd26889ca66d677f1\"},\"description\":\"Les pr\u00e9sidents du Tchad et du Niger ont promis, mercredi 13 juillet \u00e0 N\u2019Djamena, de tout faire pour revitaliser la force ...\",\"breadcrumb\":{\"@id\":\"https:\/\/www.africa-press.net\/tchad\/politique\/le-tchad-et-le-niger-veulent-revitaliser-la-force-antidjihadiste-du-g5-sahel#breadcrumb\"},\"inLanguage\":\"fr-FR\",\"potentialAction\":[{\"@type\":\"ReadAction\",\"target\":[\"https:\/\/www.africa-press.net\/tchad\/politique\/le-tchad-et-le-niger-veulent-revitaliser-la-force-antidjihadiste-du-g5-sahel\"]}]},{\"@type\":\"ImageObject\",\"inLanguage\":\"fr-FR\",\"@id\":\"https:\/\/www.africa-press.net\/tchad\/politique\/le-tchad-et-le-niger-veulent-revitaliser-la-force-antidjihadiste-du-g5-sahel#primaryimage\",\"url\":\"https:\/\/static.africa-press.net\/tchad\/sites\/41\/2022\/07\/postQueueImg_16-62d0439cab9e8.jpg\",\"contentUrl\":\"https:\/\/static.africa-press.net\/tchad\/sites\/41\/2022\/07\/postQueueImg_16-62d0439cab9e8.jpg\",\"width\":1440,\"height\":960,\"caption\":\"Le Tchad et le Niger veulent revitaliser la force antidjihadiste du G5 Sahel\"},{\"@type\":\"BreadcrumbList\",\"@id\":\"https:\/\/www.africa-press.net\/tchad\/politique\/le-tchad-et-le-niger-veulent-revitaliser-la-force-antidjihadiste-du-g5-sahel#breadcrumb\",\"itemListElement\":[{\"@type\":\"ListItem\",\"position\":1,\"name\":\"Accueil\",\"item\":\"https:\/\/www.africa-press.net\/tchad\/\"},{\"@type\":\"ListItem\",\"position\":2,\"name\":\"Le Tchad et le Niger veulent revitaliser la force antidjihadiste du G5 Sahel\"}]},{\"@type\":\"WebSite\",\"@id\":\"https:\/\/www.africa-press.net\/tchad\/#website\",\"url\":\"https:\/\/www.africa-press.net\/tchad\/\",\"name\":\"tchad\",\"description\":\"Just another Africa News Agency Sites site\",\"potentialAction\":[{\"@type\":\"SearchAction\",\"target\":{\"@type\":\"EntryPoint\",\"urlTemplate\":\"https:\/\/www.africa-press.net\/tchad\/?s={search_term_string}\"},\"query-input\":{\"@type\":\"PropertyValueSpecification\",\"valueRequired\":true,\"valueName\":\"search_term_string\"}}],\"inLanguage\":\"fr-FR\"},{\"@type\":\"Person\",\"@id\":\"https:\/\/www.africa-press.net\/tchad\/#\/schema\/person\/2b1cf3cd81a31e3cd26889ca66d677f1\",\"name\":\"cfeditorfr\"}]}<\/script>\n<!-- \/ Yoast SEO Premium plugin. -->","yoast_head_json":{"title":"Le Tchad et le Niger veulent revitaliser la force antidjihadiste du G5 Sahel - tchad","description":"Les pr\u00e9sidents du Tchad et du Niger ont promis, mercredi 13 juillet \u00e0 N\u2019Djamena, de tout faire pour revitaliser la force ...","robots":{"index":"index","follow":"follow","max-snippet":"max-snippet:-1","max-image-preview":"max-image-preview:large","max-video-preview":"max-video-preview:-1"},"canonical":"https:\/\/www.africa-press.net\/tchad\/politique\/le-tchad-et-le-niger-veulent-revitaliser-la-force-antidjihadiste-du-g5-sahel","og_locale":"fr_FR","og_type":"article","og_title":"Le Tchad et le Niger veulent revitaliser la force antidjihadiste du G5 Sahel","og_description":"Les pr\u00e9sidents du Tchad et du Niger ont promis, mercredi 13 juillet \u00e0 N\u2019Djamena, de tout faire pour revitaliser la force ...","og_url":"https:\/\/www.africa-press.net\/tchad\/politique\/le-tchad-et-le-niger-veulent-revitaliser-la-force-antidjihadiste-du-g5-sahel","og_site_name":"tchad","article_published_time":"2022-07-14T15:16:00+00:00","article_modified_time":"2022-07-14T16:26:32+00:00","og_image":[{"width":1440,"height":960,"url":"https:\/\/static.africa-press.net\/tchad\/sites\/41\/2022\/07\/postQueueImg_16-62d0439cab9e8.jpg","type":"image\/jpeg"}],"author":"cfeditorfr","twitter_card":"summary_large_image","twitter_misc":{"\u00c9crit par":"cfeditorfr","Dur\u00e9e de lecture estim\u00e9e":"3 minutes"},"schema":{"@context":"https:\/\/schema.org","@graph":[{"@type":"Article","@id":"https:\/\/www.africa-press.net\/tchad\/politique\/le-tchad-et-le-niger-veulent-revitaliser-la-force-antidjihadiste-du-g5-sahel#article","isPartOf":{"@id":"https:\/\/www.africa-press.net\/tchad\/politique\/le-tchad-et-le-niger-veulent-revitaliser-la-force-antidjihadiste-du-g5-sahel"},"author":{"name":"cfeditorfr","@id":"https:\/\/www.africa-press.net\/tchad\/#\/schema\/person\/2b1cf3cd81a31e3cd26889ca66d677f1"},"headline":"Le Tchad et le Niger veulent revitaliser la force antidjihadiste du G5 Sahel","datePublished":"2022-07-14T15:16:00+00:00","dateModified":"2022-07-14T16:26:32+00:00","mainEntityOfPage":{"@id":"https:\/\/www.africa-press.net\/tchad\/politique\/le-tchad-et-le-niger-veulent-revitaliser-la-force-antidjihadiste-du-g5-sahel"},"wordCount":530,"commentCount":0,"image":{"@id":"https:\/\/www.africa-press.net\/tchad\/politique\/le-tchad-et-le-niger-veulent-revitaliser-la-force-antidjihadiste-du-g5-sahel#primaryimage"},"thumbnailUrl":"https:\/\/static.africa-press.net\/tchad\/sites\/41\/2022\/07\/postQueueImg_16-62d0439cab9e8.jpg","keywords":["Africa Press","Africa Press-Tchad","Tchad"],"articleSection":["homepage-french","Politique","Top Nouvelles","Toutes les actualit\u00e9s"],"inLanguage":"fr-FR","potentialAction":[{"@type":"CommentAction","name":"Comment","target":["https:\/\/www.africa-press.net\/tchad\/politique\/le-tchad-et-le-niger-veulent-revitaliser-la-force-antidjihadiste-du-g5-sahel#respond"]}]},{"@type":"WebPage","@id":"https:\/\/www.africa-press.net\/tchad\/politique\/le-tchad-et-le-niger-veulent-revitaliser-la-force-antidjihadiste-du-g5-sahel","url":"https:\/\/www.africa-press.net\/tchad\/politique\/le-tchad-et-le-niger-veulent-revitaliser-la-force-antidjihadiste-du-g5-sahel","name":"Le Tchad et le Niger veulent revitaliser la force antidjihadiste du G5 Sahel - tchad","isPartOf":{"@id":"https:\/\/www.africa-press.net\/tchad\/#website"},"primaryImageOfPage":{"@id":"https:\/\/www.africa-press.net\/tchad\/politique\/le-tchad-et-le-niger-veulent-revitaliser-la-force-antidjihadiste-du-g5-sahel#primaryimage"},"image":{"@id":"https:\/\/www.africa-press.net\/tchad\/politique\/le-tchad-et-le-niger-veulent-revitaliser-la-force-antidjihadiste-du-g5-sahel#primaryimage"},"thumbnailUrl":"https:\/\/static.africa-press.net\/tchad\/sites\/41\/2022\/07\/postQueueImg_16-62d0439cab9e8.jpg","datePublished":"2022-07-14T15:16:00+00:00","dateModified":"2022-07-14T16:26:32+00:00","author":{"@id":"https:\/\/www.africa-press.net\/tchad\/#\/schema\/person\/2b1cf3cd81a31e3cd26889ca66d677f1"},"description":"Les pr\u00e9sidents du Tchad et du Niger ont promis, mercredi 13 juillet \u00e0 N\u2019Djamena, de tout faire pour revitaliser la force ...","breadcrumb":{"@id":"https:\/\/www.africa-press.net\/tchad\/politique\/le-tchad-et-le-niger-veulent-revitaliser-la-force-antidjihadiste-du-g5-sahel#breadcrumb"},"inLanguage":"fr-FR","potentialAction":[{"@type":"ReadAction","target":["https:\/\/www.africa-press.net\/tchad\/politique\/le-tchad-et-le-niger-veulent-revitaliser-la-force-antidjihadiste-du-g5-sahel"]}]},{"@type":"ImageObject","inLanguage":"fr-FR","@id":"https:\/\/www.africa-press.net\/tchad\/politique\/le-tchad-et-le-niger-veulent-revitaliser-la-force-antidjihadiste-du-g5-sahel#primaryimage","url":"https:\/\/static.africa-press.net\/tchad\/sites\/41\/2022\/07\/postQueueImg_16-62d0439cab9e8.jpg","contentUrl":"https:\/\/static.africa-press.net\/tchad\/sites\/41\/2022\/07\/postQueueImg_16-62d0439cab9e8.jpg","width":1440,"height":960,"caption":"Le Tchad et le Niger veulent revitaliser la force antidjihadiste du G5 Sahel"},{"@type":"BreadcrumbList","@id":"https:\/\/www.africa-press.net\/tchad\/politique\/le-tchad-et-le-niger-veulent-revitaliser-la-force-antidjihadiste-du-g5-sahel#breadcrumb","itemListElement":[{"@type":"ListItem","position":1,"name":"Accueil","item":"https:\/\/www.africa-press.net\/tchad\/"},{"@type":"ListItem","position":2,"name":"Le Tchad et le Niger veulent revitaliser la force antidjihadiste du G5 Sahel"}]},{"@type":"WebSite","@id":"https:\/\/www.africa-press.net\/tchad\/#website","url":"https:\/\/www.africa-press.net\/tchad\/","name":"tchad","description":"Just another Africa News Agency Sites site","potentialAction":[{"@type":"SearchAction","target":{"@type":"EntryPoint","urlTemplate":"https:\/\/www.africa-press.net\/tchad\/?s={search_term_string}"},"query-input":{"@type":"PropertyValueSpecification","valueRequired":true,"valueName":"search_term_string"}}],"inLanguage":"fr-FR"},{"@type":"Person","@id":"https:\/\/www.africa-press.net\/tchad\/#\/schema\/person\/2b1cf3cd81a31e3cd26889ca66d677f1","name":"cfeditorfr"}]}},"_links":{"self":[{"href":"https:\/\/www.africa-press.net\/tchad\/wp-json\/wp\/v2\/posts\/28825","targetHints":{"allow":["GET"]}}],"collection":[{"href":"https:\/\/www.africa-press.net\/tchad\/wp-json\/wp\/v2\/posts"}],"about":[{"href":"https:\/\/www.africa-press.net\/tchad\/wp-json\/wp\/v2\/types\/post"}],"author":[{"embeddable":true,"href":"https:\/\/www.africa-press.net\/tchad\/wp-json\/wp\/v2\/users\/82"}],"replies":[{"embeddable":true,"href":"https:\/\/www.africa-press.net\/tchad\/wp-json\/wp\/v2\/comments?post=28825"}],"version-history":[{"count":0,"href":"https:\/\/www.africa-press.net\/tchad\/wp-json\/wp\/v2\/posts\/28825\/revisions"}],"wp:featuredmedia":[{"embeddable":true,"href":"https:\/\/www.africa-press.net\/tchad\/wp-json\/wp\/v2\/media\/28824"}],"wp:attachment":[{"href":"https:\/\/www.africa-press.net\/tchad\/wp-json\/wp\/v2\/media?parent=28825"}],"wp:term":[{"taxonomy":"category","embeddable":true,"href":"https:\/\/www.africa-press.net\/tchad\/wp-json\/wp\/v2\/categories?post=28825"},{"taxonomy":"post_tag","embeddable":true,"href":"https:\/\/www.africa-press.net\/tchad\/wp-json\/wp\/v2\/tags?post=28825"}],"curies":[{"name":"wp","href":"https:\/\/api.w.org\/{rel}","templated":true}]}}