{"id":28830,"date":"2022-07-14T15:20:34","date_gmt":"2022-07-14T15:20:34","guid":{"rendered":"https:\/\/www.africa-press.net\/tchad\/politique\/fin-de-la-visite-de-travail-du-president-de-la-republique-a-ndjamena-tchad-renforcement-des-liens-damitie-et-signature-dun-accord-dans-le-domaine-de-la-securite"},"modified":"2022-07-14T16:31:19","modified_gmt":"2022-07-14T16:31:19","slug":"fin-de-la-visite-de-travail-du-president-de-la-republique-a-ndjamena-tchad-renforcement-des-liens-damitie-et-signature-dun-accord-dans-le-domaine-de-la-securite","status":"publish","type":"post","link":"https:\/\/www.africa-press.net\/tchad\/politique\/fin-de-la-visite-de-travail-du-president-de-la-republique-a-ndjamena-tchad-renforcement-des-liens-damitie-et-signature-dun-accord-dans-le-domaine-de-la-securite","title":{"rendered":"Fin de la visite de travail du Pr\u00e9sident de la R\u00e9publique \u00e0 N\u2019Djam\u00e9na (Tchad) : Renforcement des liens d\u2019amiti\u00e9 et signature d\u2019un accord dans le domaine de la s\u00e9curit\u00e9"},"content":{"rendered":"<p><span style=\"color: #ff6600\"><strong>Africa-Press &#8211; Tchad. <\/strong><\/span>Le Pr\u00e9sident de la R\u00e9publique, Chef de l\u2019Etat, SEM. Mohamed Bazoum, a regagn\u00e9 Niamey, hier, en d\u00e9but de soir\u00e9e, de retour de N\u2019Djam\u00e9na, au Tchad, o\u00f9 il a effectu\u00e9 une visite de travail de 48 heures. Il a \u00e9t\u00e9 accueilli \u00e0 sa descente d\u2019avion par le Premier ministre, Chef du gouvernement, M. Ouhoumoudou Mahamadou.<\/p>\n<p>Au cours de son s\u00e9jour, dans la capitale tchadienne, le Pr\u00e9sident Mohamed Bazoum, a \u00e9t\u00e9 \u00e9lev\u00e9, par le Pr\u00e9sident du CMT, le G\u00e9n\u00e9ral Mahamat Idriss Deby, \u00e0 la Dignit\u00e9 de Grand-Croix dans l\u2019Ordre National du Tchad. Ce fut aussi une occasion pour les deux pays de proc\u00e9der \u00e0 la signature d\u2019un nouvel accord dans le domaine de la s\u00e9curit\u00e9.<\/p>\n<p>Lors d\u2019une conf\u00e9rence de presse conjointe qu\u2019ils ont anim\u00e9e, hier mercredi, les Pr\u00e9sidents Mohamed Bazoum et Mahamat Idriss Deby se sont exprim\u00e9s sur les perspectives qui se pr\u00e9sentent pour le G5 Sahel suite \u00e0 l\u2019annonce faite par le Mali de sa d\u00e9cision de se retirer de cette force conjointe. Ainsi, comme nous l\u2019apprend une d\u00e9p\u00eache de l\u2019AFP, les dirigeants ont promis de tout faire pour revitaliser cette force mobilis\u00e9e dans la lutte contre le terrorisme dans la bande sah\u00e9lienne. \u2018\u2019La d\u00e9cision du retrait du Mali du G5 Sahel est un \u00e9pisode qui sera d\u00e9pass\u00e9, il y aura bient\u00f4t une r\u00e9union\u2019\u2019 entre les quatre autres alli\u00e9s dans le G5 sahel (Tchad, Niger, Burkina Faso et Mauritanie) \u2018\u2019pour faire en sorte que le G5 Sahel soit viable\u2019\u2019, a confi\u00e9 le Pr\u00e9sident Mohamed Bazoum. \u2018\u2019Nous n\u2019avons pas consid\u00e9r\u00e9 que c\u2019est termin\u00e9 pour le G5 Sahel, nous allons nous battre\u2019\u2019.<\/p>\n<p>La d\u00e9p\u00eache de l\u2019AFP poursuit en pr\u00e9cisant que, pour sa part, le Pr\u00e9sident de la Transition du Tchad, le G\u00e9n\u00e9ral Mahamat Idriss D\u00e9by Itno, a exprim\u00e9 son regret pour le d\u00e9part du Mali de la force G5 sahel, tout en esp\u00e9rant son retour. \u2018\u2019Nous restons optimiste et esp\u00e9rons qu\u2019il revienne sur sa d\u00e9cision\u2019\u2019, a-t-il soulign\u00e9.<\/p>\n<p>Sur une autre question portant sur le tron\u00e7on routier entre le Niger et le Tchad, ainsi que la possibilit\u00e9 d\u2019un projet ferroviaire entre les deux pays, le site \u2018\u2019Alwihda Info\u2019\u2019 souligne que, selon le pr\u00e9sident du CMT, les travaux de la route transsaharienne vont commencer bient\u00f4t en ce qui concerne le Tchad. \u00ab Nous sommes tr\u00e8s avanc\u00e9s. Il manque juste un gap de 50 milliards Fcfa. Nous sommes en discussions avec nos partenaires. Les discussions avancent tr\u00e8s bien. Nous esp\u00e9rons bient\u00f4t compenser ce gap qui permettra de lier N\u2019Djamena \u00e0 Niamey \u00bb, a dit le G\u00e9n\u00e9ral Mahamat Idriss Deby.<\/p>\n<p>Il faut rappeler que mardi, dans l\u2019apr\u00e8s-midi, le Pr\u00e9sident du CMT a offert, au nom du peuple tchadien, un cadeau au Pr\u00e9sident Mohamed Bazoum. Il s\u2019agit de chameaux, un cadeau symbolique mais plein de significations dans le contexte sah\u00e9lien. Le Pr\u00e9sident Mohamed Bazoum, qui mesure toute la valeur de ce geste, s\u2019en est vivement r\u00e9joui en magnifiant la solidit\u00e9 des relations d\u2019amiti\u00e9 et de fraternit\u00e9 qui existent entre le Tchad et le Niger.<\/p>\n\r\n                <style type=\"text\/css\">\r\n                    \r\n                    #td_uid_1_69efa16baab79  .td-doubleSlider-2 .td-item1 {\r\n                        background: url(https:\/\/static.africa-press.net\/tchad\/sites\/41\/2022\/07\/postMediaimg_25_1-80x60.jpg) 0 0 no-repeat;\r\n                    }\r\n                    #td_uid_1_69efa16baab79  .td-doubleSlider-2 .td-item2 {\r\n                        background: url(https:\/\/static.africa-press.net\/tchad\/sites\/41\/2022\/07\/postMediaimg_25_2-80x60.jpg) 0 0 no-repeat;\r\n                    }\r\n                <\/style>\r\n\r\n                <div id=\"td_uid_1_69efa16baab79\" class=\"td-gallery td-slide-on-2-columns\">\r\n                    <div class=\"post_td_gallery\">\r\n                        <div class=\"td-gallery-slide-top\">\r\n                           <div class=\"td-gallery-title\"><\/div>\r\n\r\n                            <div class=\"td-gallery-controls-wrapper\">\r\n                                <div class=\"td-gallery-slide-count\"><span class=\"td-gallery-slide-item-focus\">1<\/span> de 2<\/div>\r\n                                <div class=\"td-gallery-slide-prev-next-but\">\r\n                                    <i class = \"td-icon-left doubleSliderPrevButton\"><\/i>\r\n                                    <i class = \"td-icon-right doubleSliderNextButton\"><\/i>\r\n                                <\/div>\r\n                            <\/div>\r\n                        <\/div>\r\n\r\n                        <div class = \"td-doubleSlider-1 \">\r\n                            <div class = \"td-slider\">\r\n                                \r\n                    <div class = \"td-slide-item td-item1\">\r\n                        <figure class=\"td-slide-galery-figure td-slide-popup-gallery\">\r\n                            <a class=\"slide-gallery-image-link\" href=\"https:\/\/static.africa-press.net\/tchad\/sites\/41\/2022\/07\/postMediaimg_25_1.jpg\" title=\"postMediaimg_25_1\"  data-caption=\"\"  data-description=\"\">\r\n                                <img decoding=\"async\" src=\"https:\/\/static.africa-press.net\/tchad\/sites\/41\/2022\/07\/postMediaimg_25_1.jpg\" alt=\"\">\r\n                            <\/a>\r\n                            \r\n                        <\/figure>\r\n                    <\/div>\r\n                    <div class = \"td-slide-item td-item2\">\r\n                        <figure class=\"td-slide-galery-figure td-slide-popup-gallery\">\r\n                            <a class=\"slide-gallery-image-link\" href=\"https:\/\/static.africa-press.net\/tchad\/sites\/41\/2022\/07\/postMediaimg_25_2.jpg\" title=\"postMediaimg_25_2\"  data-caption=\"\"  data-description=\"\">\r\n                                <img decoding=\"async\" src=\"https:\/\/static.africa-press.net\/tchad\/sites\/41\/2022\/07\/postMediaimg_25_2.jpg\" srcset=\"https:\/\/static.africa-press.net\/tchad\/sites\/41\/2022\/07\/postMediaimg_25_2.jpg 300w, https:\/\/static.africa-press.net\/tchad\/sites\/41\/2022\/07\/postMediaimg_25_2-80x60.jpg 80w\" sizes=\"(max-width: 300px) 100vw, 300px\" alt=\"\">\r\n                            <\/a>\r\n                            \r\n                        <\/figure>\r\n                    <\/div>\r\n                            <\/div>\r\n                        <\/div>\r\n\r\n                        <div class = \"td-doubleSlider-2\">\r\n                            <div class = \"td-slider\">\r\n                                \r\n                    <div class = \"td-button td-item1\">\r\n                        <div class = \"td-border\"><\/div>\r\n                    <\/div>\r\n                    <div class = \"td-button td-item2\">\r\n                        <div class = \"td-border\"><\/div>\r\n                    <\/div>\r\n                            <\/div>\r\n                        <\/div>\r\n\r\n                    <\/div>\r\n\r\n                <\/div>\r\n                \n<p><strong>Pour plus d&rsquo;informations et d&rsquo;analyses sur la <a href=\"https:\/\/www.africa-press.net\/tchad\">Tchad<\/a>, suivez <a href=\"https:\/\/www.africa-press.net\/\">Africa-Press<\/a><\/strong><\/p>\n","protected":false},"excerpt":{"rendered":"<p>Africa-Press &#8211; Tchad. Le Pr\u00e9sident de la R\u00e9publique, Chef de l\u2019Etat, SEM. Mohamed Bazoum, a regagn\u00e9 Niamey, hier, en d\u00e9but de soir\u00e9e, de retour de N\u2019Djam\u00e9na, au Tchad, o\u00f9 il a effectu\u00e9 une visite de travail de 48 heures. Il a \u00e9t\u00e9 accueilli \u00e0 sa descente d\u2019avion par le Premier ministre, Chef du gouvernement, M. [&hellip;]<\/p>\n","protected":false},"author":82,"featured_media":28829,"comment_status":"open","ping_status":"closed","sticky":false,"template":"","format":"standard","meta":{"footnotes":""},"categories":[11,2,10],"tags":[37,292,29],"class_list":["post-28830","post","type-post","status-publish","format-standard","has-post-thumbnail","hentry","category-homepage-french","category-politique","category-toutes-les-actualites","tag-africa-press","tag-africa-press-tchad","tag-tchad"],"yoast_head":"<!-- This site is optimized with the Yoast SEO Premium plugin v26.1 (Yoast SEO v27.0) - https:\/\/yoast.com\/product\/yoast-seo-premium-wordpress\/ -->\n<title>Fin de la visite de travail du Pr\u00e9sident de la R\u00e9publique \u00e0 N\u2019Djam\u00e9na (Tchad) : Renforcement des liens d\u2019amiti\u00e9 et signature d\u2019un accord dans le domaine de la s\u00e9curit\u00e9 - tchad<\/title>\n<meta name=\"description\" content=\"Le Pr\u00e9sident de la R\u00e9publique, Chef de l\u2019Etat, SEM. Mohamed Bazoum, a regagn\u00e9 Niamey, hier, en d\u00e9but de soir\u00e9e, de retou ...\" \/>\n<meta name=\"robots\" content=\"index, follow, max-snippet:-1, max-image-preview:large, max-video-preview:-1\" \/>\n<link rel=\"canonical\" href=\"https:\/\/www.africa-press.net\/tchad\/politique\/fin-de-la-visite-de-travail-du-president-de-la-republique-a-ndjamena-tchad-renforcement-des-liens-damitie-et-signature-dun-accord-dans-le-domaine-de-la-securite\" \/>\n<meta property=\"og:locale\" content=\"fr_FR\" \/>\n<meta property=\"og:type\" content=\"article\" \/>\n<meta property=\"og:title\" content=\"Fin de la visite de travail du Pr\u00e9sident de la R\u00e9publique \u00e0 N\u2019Djam\u00e9na (Tchad) : Renforcement des liens d\u2019amiti\u00e9 et signature d\u2019un accord dans le domaine de la s\u00e9curit\u00e9\" \/>\n<meta property=\"og:description\" content=\"Le Pr\u00e9sident de la R\u00e9publique, Chef de l\u2019Etat, SEM. Mohamed Bazoum, a regagn\u00e9 Niamey, hier, en d\u00e9but de soir\u00e9e, de retou ...\" \/>\n<meta property=\"og:url\" content=\"https:\/\/www.africa-press.net\/tchad\/politique\/fin-de-la-visite-de-travail-du-president-de-la-republique-a-ndjamena-tchad-renforcement-des-liens-damitie-et-signature-dun-accord-dans-le-domaine-de-la-securite\" \/>\n<meta property=\"og:site_name\" content=\"tchad\" \/>\n<meta property=\"article:published_time\" content=\"2022-07-14T15:20:34+00:00\" \/>\n<meta property=\"article:modified_time\" content=\"2022-07-14T16:31:19+00:00\" \/>\n<meta property=\"og:image\" content=\"https:\/\/static.africa-press.net\/tchad\/sites\/41\/2022\/07\/postQueueImg_25.jpg\" \/>\n\t<meta property=\"og:image:width\" content=\"720\" \/>\n\t<meta property=\"og:image:height\" content=\"540\" \/>\n\t<meta property=\"og:image:type\" content=\"image\/jpeg\" \/>\n<meta name=\"author\" content=\"cfeditorfr\" \/>\n<meta name=\"twitter:card\" content=\"summary_large_image\" \/>\n<meta name=\"twitter:label1\" content=\"\u00c9crit par\" \/>\n\t<meta name=\"twitter:data1\" content=\"cfeditorfr\" \/>\n\t<meta name=\"twitter:label2\" content=\"Dur\u00e9e de lecture estim\u00e9e\" \/>\n\t<meta name=\"twitter:data2\" content=\"3 minutes\" \/>\n<script type=\"application\/ld+json\" class=\"yoast-schema-graph\">{\"@context\":\"https:\/\/schema.org\",\"@graph\":[{\"@type\":\"Article\",\"@id\":\"https:\/\/www.africa-press.net\/tchad\/politique\/fin-de-la-visite-de-travail-du-president-de-la-republique-a-ndjamena-tchad-renforcement-des-liens-damitie-et-signature-dun-accord-dans-le-domaine-de-la-securite#article\",\"isPartOf\":{\"@id\":\"https:\/\/www.africa-press.net\/tchad\/politique\/fin-de-la-visite-de-travail-du-president-de-la-republique-a-ndjamena-tchad-renforcement-des-liens-damitie-et-signature-dun-accord-dans-le-domaine-de-la-securite\"},\"author\":{\"name\":\"cfeditorfr\",\"@id\":\"https:\/\/www.africa-press.net\/tchad\/#\/schema\/person\/2b1cf3cd81a31e3cd26889ca66d677f1\"},\"headline\":\"Fin de la visite de travail du Pr\u00e9sident de la R\u00e9publique \u00e0 N\u2019Djam\u00e9na (Tchad) : Renforcement des liens d\u2019amiti\u00e9 et signature d\u2019un accord dans le domaine de la s\u00e9curit\u00e9\",\"datePublished\":\"2022-07-14T15:20:34+00:00\",\"dateModified\":\"2022-07-14T16:31:19+00:00\",\"mainEntityOfPage\":{\"@id\":\"https:\/\/www.africa-press.net\/tchad\/politique\/fin-de-la-visite-de-travail-du-president-de-la-republique-a-ndjamena-tchad-renforcement-des-liens-damitie-et-signature-dun-accord-dans-le-domaine-de-la-securite\"},\"wordCount\":612,\"commentCount\":0,\"image\":{\"@id\":\"https:\/\/www.africa-press.net\/tchad\/politique\/fin-de-la-visite-de-travail-du-president-de-la-republique-a-ndjamena-tchad-renforcement-des-liens-damitie-et-signature-dun-accord-dans-le-domaine-de-la-securite#primaryimage\"},\"thumbnailUrl\":\"https:\/\/static.africa-press.net\/tchad\/sites\/41\/2022\/07\/postQueueImg_25.jpg\",\"keywords\":[\"Africa Press\",\"Africa Press-Tchad\",\"Tchad\"],\"articleSection\":[\"homepage-french\",\"Politique\",\"Toutes les actualit\u00e9s\"],\"inLanguage\":\"fr-FR\",\"potentialAction\":[{\"@type\":\"CommentAction\",\"name\":\"Comment\",\"target\":[\"https:\/\/www.africa-press.net\/tchad\/politique\/fin-de-la-visite-de-travail-du-president-de-la-republique-a-ndjamena-tchad-renforcement-des-liens-damitie-et-signature-dun-accord-dans-le-domaine-de-la-securite#respond\"]}]},{\"@type\":\"WebPage\",\"@id\":\"https:\/\/www.africa-press.net\/tchad\/politique\/fin-de-la-visite-de-travail-du-president-de-la-republique-a-ndjamena-tchad-renforcement-des-liens-damitie-et-signature-dun-accord-dans-le-domaine-de-la-securite\",\"url\":\"https:\/\/www.africa-press.net\/tchad\/politique\/fin-de-la-visite-de-travail-du-president-de-la-republique-a-ndjamena-tchad-renforcement-des-liens-damitie-et-signature-dun-accord-dans-le-domaine-de-la-securite\",\"name\":\"Fin de la visite de travail du Pr\u00e9sident de la R\u00e9publique \u00e0 N\u2019Djam\u00e9na (Tchad) : Renforcement des liens d\u2019amiti\u00e9 et signature d\u2019un accord dans le domaine de la s\u00e9curit\u00e9 - tchad\",\"isPartOf\":{\"@id\":\"https:\/\/www.africa-press.net\/tchad\/#website\"},\"primaryImageOfPage\":{\"@id\":\"https:\/\/www.africa-press.net\/tchad\/politique\/fin-de-la-visite-de-travail-du-president-de-la-republique-a-ndjamena-tchad-renforcement-des-liens-damitie-et-signature-dun-accord-dans-le-domaine-de-la-securite#primaryimage\"},\"image\":{\"@id\":\"https:\/\/www.africa-press.net\/tchad\/politique\/fin-de-la-visite-de-travail-du-president-de-la-republique-a-ndjamena-tchad-renforcement-des-liens-damitie-et-signature-dun-accord-dans-le-domaine-de-la-securite#primaryimage\"},\"thumbnailUrl\":\"https:\/\/static.africa-press.net\/tchad\/sites\/41\/2022\/07\/postQueueImg_25.jpg\",\"datePublished\":\"2022-07-14T15:20:34+00:00\",\"dateModified\":\"2022-07-14T16:31:19+00:00\",\"author\":{\"@id\":\"https:\/\/www.africa-press.net\/tchad\/#\/schema\/person\/2b1cf3cd81a31e3cd26889ca66d677f1\"},\"description\":\"Le Pr\u00e9sident de la R\u00e9publique, Chef de l\u2019Etat, SEM. Mohamed Bazoum, a regagn\u00e9 Niamey, hier, en d\u00e9but de soir\u00e9e, de retou ...\",\"breadcrumb\":{\"@id\":\"https:\/\/www.africa-press.net\/tchad\/politique\/fin-de-la-visite-de-travail-du-president-de-la-republique-a-ndjamena-tchad-renforcement-des-liens-damitie-et-signature-dun-accord-dans-le-domaine-de-la-securite#breadcrumb\"},\"inLanguage\":\"fr-FR\",\"potentialAction\":[{\"@type\":\"ReadAction\",\"target\":[\"https:\/\/www.africa-press.net\/tchad\/politique\/fin-de-la-visite-de-travail-du-president-de-la-republique-a-ndjamena-tchad-renforcement-des-liens-damitie-et-signature-dun-accord-dans-le-domaine-de-la-securite\"]}]},{\"@type\":\"ImageObject\",\"inLanguage\":\"fr-FR\",\"@id\":\"https:\/\/www.africa-press.net\/tchad\/politique\/fin-de-la-visite-de-travail-du-president-de-la-republique-a-ndjamena-tchad-renforcement-des-liens-damitie-et-signature-dun-accord-dans-le-domaine-de-la-securite#primaryimage\",\"url\":\"https:\/\/static.africa-press.net\/tchad\/sites\/41\/2022\/07\/postQueueImg_25.jpg\",\"contentUrl\":\"https:\/\/static.africa-press.net\/tchad\/sites\/41\/2022\/07\/postQueueImg_25.jpg\",\"width\":720,\"height\":540,\"caption\":\"Fin de la visite de travail du Pr\u00e9sident de la R\u00e9publique \u00e0 N\u2019Djam\u00e9na (Tchad) : Renforcement des liens d\u2019amiti\u00e9 et signature d\u2019un accord dans le domaine de la s\u00e9curit\u00e9\"},{\"@type\":\"BreadcrumbList\",\"@id\":\"https:\/\/www.africa-press.net\/tchad\/politique\/fin-de-la-visite-de-travail-du-president-de-la-republique-a-ndjamena-tchad-renforcement-des-liens-damitie-et-signature-dun-accord-dans-le-domaine-de-la-securite#breadcrumb\",\"itemListElement\":[{\"@type\":\"ListItem\",\"position\":1,\"name\":\"Accueil\",\"item\":\"https:\/\/www.africa-press.net\/tchad\/\"},{\"@type\":\"ListItem\",\"position\":2,\"name\":\"Fin de la visite de travail du Pr\u00e9sident de la R\u00e9publique \u00e0 N\u2019Djam\u00e9na (Tchad) : Renforcement des liens d\u2019amiti\u00e9 et signature d\u2019un accord dans le domaine de la s\u00e9curit\u00e9\"}]},{\"@type\":\"WebSite\",\"@id\":\"https:\/\/www.africa-press.net\/tchad\/#website\",\"url\":\"https:\/\/www.africa-press.net\/tchad\/\",\"name\":\"tchad\",\"description\":\"Just another Africa News Agency Sites site\",\"potentialAction\":[{\"@type\":\"SearchAction\",\"target\":{\"@type\":\"EntryPoint\",\"urlTemplate\":\"https:\/\/www.africa-press.net\/tchad\/?s={search_term_string}\"},\"query-input\":{\"@type\":\"PropertyValueSpecification\",\"valueRequired\":true,\"valueName\":\"search_term_string\"}}],\"inLanguage\":\"fr-FR\"},{\"@type\":\"Person\",\"@id\":\"https:\/\/www.africa-press.net\/tchad\/#\/schema\/person\/2b1cf3cd81a31e3cd26889ca66d677f1\",\"name\":\"cfeditorfr\"}]}<\/script>\n<!-- \/ Yoast SEO Premium plugin. -->","yoast_head_json":{"title":"Fin de la visite de travail du Pr\u00e9sident de la R\u00e9publique \u00e0 N\u2019Djam\u00e9na (Tchad) : Renforcement des liens d\u2019amiti\u00e9 et signature d\u2019un accord dans le domaine de la s\u00e9curit\u00e9 - tchad","description":"Le Pr\u00e9sident de la R\u00e9publique, Chef de l\u2019Etat, SEM. Mohamed Bazoum, a regagn\u00e9 Niamey, hier, en d\u00e9but de soir\u00e9e, de retou ...","robots":{"index":"index","follow":"follow","max-snippet":"max-snippet:-1","max-image-preview":"max-image-preview:large","max-video-preview":"max-video-preview:-1"},"canonical":"https:\/\/www.africa-press.net\/tchad\/politique\/fin-de-la-visite-de-travail-du-president-de-la-republique-a-ndjamena-tchad-renforcement-des-liens-damitie-et-signature-dun-accord-dans-le-domaine-de-la-securite","og_locale":"fr_FR","og_type":"article","og_title":"Fin de la visite de travail du Pr\u00e9sident de la R\u00e9publique \u00e0 N\u2019Djam\u00e9na (Tchad) : Renforcement des liens d\u2019amiti\u00e9 et signature d\u2019un accord dans le domaine de la s\u00e9curit\u00e9","og_description":"Le Pr\u00e9sident de la R\u00e9publique, Chef de l\u2019Etat, SEM. Mohamed Bazoum, a regagn\u00e9 Niamey, hier, en d\u00e9but de soir\u00e9e, de retou ...","og_url":"https:\/\/www.africa-press.net\/tchad\/politique\/fin-de-la-visite-de-travail-du-president-de-la-republique-a-ndjamena-tchad-renforcement-des-liens-damitie-et-signature-dun-accord-dans-le-domaine-de-la-securite","og_site_name":"tchad","article_published_time":"2022-07-14T15:20:34+00:00","article_modified_time":"2022-07-14T16:31:19+00:00","og_image":[{"width":720,"height":540,"url":"https:\/\/static.africa-press.net\/tchad\/sites\/41\/2022\/07\/postQueueImg_25.jpg","type":"image\/jpeg"}],"author":"cfeditorfr","twitter_card":"summary_large_image","twitter_misc":{"\u00c9crit par":"cfeditorfr","Dur\u00e9e de lecture estim\u00e9e":"3 minutes"},"schema":{"@context":"https:\/\/schema.org","@graph":[{"@type":"Article","@id":"https:\/\/www.africa-press.net\/tchad\/politique\/fin-de-la-visite-de-travail-du-president-de-la-republique-a-ndjamena-tchad-renforcement-des-liens-damitie-et-signature-dun-accord-dans-le-domaine-de-la-securite#article","isPartOf":{"@id":"https:\/\/www.africa-press.net\/tchad\/politique\/fin-de-la-visite-de-travail-du-president-de-la-republique-a-ndjamena-tchad-renforcement-des-liens-damitie-et-signature-dun-accord-dans-le-domaine-de-la-securite"},"author":{"name":"cfeditorfr","@id":"https:\/\/www.africa-press.net\/tchad\/#\/schema\/person\/2b1cf3cd81a31e3cd26889ca66d677f1"},"headline":"Fin de la visite de travail du Pr\u00e9sident de la R\u00e9publique \u00e0 N\u2019Djam\u00e9na (Tchad) : Renforcement des liens d\u2019amiti\u00e9 et signature d\u2019un accord dans le domaine de la s\u00e9curit\u00e9","datePublished":"2022-07-14T15:20:34+00:00","dateModified":"2022-07-14T16:31:19+00:00","mainEntityOfPage":{"@id":"https:\/\/www.africa-press.net\/tchad\/politique\/fin-de-la-visite-de-travail-du-president-de-la-republique-a-ndjamena-tchad-renforcement-des-liens-damitie-et-signature-dun-accord-dans-le-domaine-de-la-securite"},"wordCount":612,"commentCount":0,"image":{"@id":"https:\/\/www.africa-press.net\/tchad\/politique\/fin-de-la-visite-de-travail-du-president-de-la-republique-a-ndjamena-tchad-renforcement-des-liens-damitie-et-signature-dun-accord-dans-le-domaine-de-la-securite#primaryimage"},"thumbnailUrl":"https:\/\/static.africa-press.net\/tchad\/sites\/41\/2022\/07\/postQueueImg_25.jpg","keywords":["Africa Press","Africa Press-Tchad","Tchad"],"articleSection":["homepage-french","Politique","Toutes les actualit\u00e9s"],"inLanguage":"fr-FR","potentialAction":[{"@type":"CommentAction","name":"Comment","target":["https:\/\/www.africa-press.net\/tchad\/politique\/fin-de-la-visite-de-travail-du-president-de-la-republique-a-ndjamena-tchad-renforcement-des-liens-damitie-et-signature-dun-accord-dans-le-domaine-de-la-securite#respond"]}]},{"@type":"WebPage","@id":"https:\/\/www.africa-press.net\/tchad\/politique\/fin-de-la-visite-de-travail-du-president-de-la-republique-a-ndjamena-tchad-renforcement-des-liens-damitie-et-signature-dun-accord-dans-le-domaine-de-la-securite","url":"https:\/\/www.africa-press.net\/tchad\/politique\/fin-de-la-visite-de-travail-du-president-de-la-republique-a-ndjamena-tchad-renforcement-des-liens-damitie-et-signature-dun-accord-dans-le-domaine-de-la-securite","name":"Fin de la visite de travail du Pr\u00e9sident de la R\u00e9publique \u00e0 N\u2019Djam\u00e9na (Tchad) : Renforcement des liens d\u2019amiti\u00e9 et signature d\u2019un accord dans le domaine de la s\u00e9curit\u00e9 - tchad","isPartOf":{"@id":"https:\/\/www.africa-press.net\/tchad\/#website"},"primaryImageOfPage":{"@id":"https:\/\/www.africa-press.net\/tchad\/politique\/fin-de-la-visite-de-travail-du-president-de-la-republique-a-ndjamena-tchad-renforcement-des-liens-damitie-et-signature-dun-accord-dans-le-domaine-de-la-securite#primaryimage"},"image":{"@id":"https:\/\/www.africa-press.net\/tchad\/politique\/fin-de-la-visite-de-travail-du-president-de-la-republique-a-ndjamena-tchad-renforcement-des-liens-damitie-et-signature-dun-accord-dans-le-domaine-de-la-securite#primaryimage"},"thumbnailUrl":"https:\/\/static.africa-press.net\/tchad\/sites\/41\/2022\/07\/postQueueImg_25.jpg","datePublished":"2022-07-14T15:20:34+00:00","dateModified":"2022-07-14T16:31:19+00:00","author":{"@id":"https:\/\/www.africa-press.net\/tchad\/#\/schema\/person\/2b1cf3cd81a31e3cd26889ca66d677f1"},"description":"Le Pr\u00e9sident de la R\u00e9publique, Chef de l\u2019Etat, SEM. Mohamed Bazoum, a regagn\u00e9 Niamey, hier, en d\u00e9but de soir\u00e9e, de retou ...","breadcrumb":{"@id":"https:\/\/www.africa-press.net\/tchad\/politique\/fin-de-la-visite-de-travail-du-president-de-la-republique-a-ndjamena-tchad-renforcement-des-liens-damitie-et-signature-dun-accord-dans-le-domaine-de-la-securite#breadcrumb"},"inLanguage":"fr-FR","potentialAction":[{"@type":"ReadAction","target":["https:\/\/www.africa-press.net\/tchad\/politique\/fin-de-la-visite-de-travail-du-president-de-la-republique-a-ndjamena-tchad-renforcement-des-liens-damitie-et-signature-dun-accord-dans-le-domaine-de-la-securite"]}]},{"@type":"ImageObject","inLanguage":"fr-FR","@id":"https:\/\/www.africa-press.net\/tchad\/politique\/fin-de-la-visite-de-travail-du-president-de-la-republique-a-ndjamena-tchad-renforcement-des-liens-damitie-et-signature-dun-accord-dans-le-domaine-de-la-securite#primaryimage","url":"https:\/\/static.africa-press.net\/tchad\/sites\/41\/2022\/07\/postQueueImg_25.jpg","contentUrl":"https:\/\/static.africa-press.net\/tchad\/sites\/41\/2022\/07\/postQueueImg_25.jpg","width":720,"height":540,"caption":"Fin de la visite de travail du Pr\u00e9sident de la R\u00e9publique \u00e0 N\u2019Djam\u00e9na (Tchad) : Renforcement des liens d\u2019amiti\u00e9 et signature d\u2019un accord dans le domaine de la s\u00e9curit\u00e9"},{"@type":"BreadcrumbList","@id":"https:\/\/www.africa-press.net\/tchad\/politique\/fin-de-la-visite-de-travail-du-president-de-la-republique-a-ndjamena-tchad-renforcement-des-liens-damitie-et-signature-dun-accord-dans-le-domaine-de-la-securite#breadcrumb","itemListElement":[{"@type":"ListItem","position":1,"name":"Accueil","item":"https:\/\/www.africa-press.net\/tchad\/"},{"@type":"ListItem","position":2,"name":"Fin de la visite de travail du Pr\u00e9sident de la R\u00e9publique \u00e0 N\u2019Djam\u00e9na (Tchad) : Renforcement des liens d\u2019amiti\u00e9 et signature d\u2019un accord dans le domaine de la s\u00e9curit\u00e9"}]},{"@type":"WebSite","@id":"https:\/\/www.africa-press.net\/tchad\/#website","url":"https:\/\/www.africa-press.net\/tchad\/","name":"tchad","description":"Just another Africa News Agency Sites site","potentialAction":[{"@type":"SearchAction","target":{"@type":"EntryPoint","urlTemplate":"https:\/\/www.africa-press.net\/tchad\/?s={search_term_string}"},"query-input":{"@type":"PropertyValueSpecification","valueRequired":true,"valueName":"search_term_string"}}],"inLanguage":"fr-FR"},{"@type":"Person","@id":"https:\/\/www.africa-press.net\/tchad\/#\/schema\/person\/2b1cf3cd81a31e3cd26889ca66d677f1","name":"cfeditorfr"}]}},"_links":{"self":[{"href":"https:\/\/www.africa-press.net\/tchad\/wp-json\/wp\/v2\/posts\/28830","targetHints":{"allow":["GET"]}}],"collection":[{"href":"https:\/\/www.africa-press.net\/tchad\/wp-json\/wp\/v2\/posts"}],"about":[{"href":"https:\/\/www.africa-press.net\/tchad\/wp-json\/wp\/v2\/types\/post"}],"author":[{"embeddable":true,"href":"https:\/\/www.africa-press.net\/tchad\/wp-json\/wp\/v2\/users\/82"}],"replies":[{"embeddable":true,"href":"https:\/\/www.africa-press.net\/tchad\/wp-json\/wp\/v2\/comments?post=28830"}],"version-history":[{"count":0,"href":"https:\/\/www.africa-press.net\/tchad\/wp-json\/wp\/v2\/posts\/28830\/revisions"}],"wp:featuredmedia":[{"embeddable":true,"href":"https:\/\/www.africa-press.net\/tchad\/wp-json\/wp\/v2\/media\/28829"}],"wp:attachment":[{"href":"https:\/\/www.africa-press.net\/tchad\/wp-json\/wp\/v2\/media?parent=28830"}],"wp:term":[{"taxonomy":"category","embeddable":true,"href":"https:\/\/www.africa-press.net\/tchad\/wp-json\/wp\/v2\/categories?post=28830"},{"taxonomy":"post_tag","embeddable":true,"href":"https:\/\/www.africa-press.net\/tchad\/wp-json\/wp\/v2\/tags?post=28830"}],"curies":[{"name":"wp","href":"https:\/\/api.w.org\/{rel}","templated":true}]}}