{"id":28860,"date":"2022-07-14T17:48:51","date_gmt":"2022-07-14T17:48:51","guid":{"rendered":"https:\/\/www.africa-press.net\/tchad\/politique\/enquete-de-la-prevalence-de-resistance-aux-antis-tuberculeux"},"modified":"2022-07-14T18:04:41","modified_gmt":"2022-07-14T18:04:41","slug":"enquete-de-la-prevalence-de-resistance-aux-antis-tuberculeux","status":"publish","type":"post","link":"https:\/\/www.africa-press.net\/tchad\/toutes-les-actualites\/enquete-de-la-prevalence-de-resistance-aux-antis-tuberculeux","title":{"rendered":"enqu\u00eate de la pr\u00e9valence de r\u00e9sistance aux antis tuberculeux"},"content":{"rendered":"<p><span style=\"color: #ff6600\"><strong>Africa-Press &#8211; Tchad. <\/strong><\/span><b>Le ministre de la sante publique Dr Abdel- madjid Abderrahim a offici\u00e9 le 14 juillet 2022, une r\u00e9union relative \u00e0 l\u2019enqu\u00eate de la pr\u00e9valence de r\u00e9sistance aux antis tuberculeux au Tchad.<\/b><\/p>\n<p>Cette rencontre a vu la pr\u00e9sence de tous les coordonnateurs des programmes sous tutelle du minist\u00e8re. L\u2019enqu\u00eate a couvert les programmes de lutte contre le vih sida , de la tuberculose et du paludisme. L\u2019\u00e9quipe des techniciens et des experts a effectu\u00e9 la mission dans les diff\u00e9rentes formations sanitaires du pays pour avoir toutes les donn\u00e9es possibles sur la prise en charge du paludisme, de la tuberculose et du paludisme.<\/p>\n<p>Dans sa pr\u00e9sentation, le rapporteur de l\u2019\u00e9quipe Gabdib\u00e9 C\u00e9lestin a soulign\u00e9 que cette enqu\u00eate est r\u00e9alis\u00e9e gr\u00e2ce \u00e0 l\u2019appui technique de l\u2019organisation mondiale de la sant\u00e9 et l\u2019\u00e9valuation a permis de comprendre objectivement les \u00e9carts interventionnels qui pourraient constituer un obstacle au d\u00e9marrage de l\u2019enqu\u00eate.<\/p>\n<p>Les actions identifi\u00e9es et mises en \u0153uvres ont permis de r\u00e9duire les \u00e9carts et de finaliser la phase pr\u00e9paratoire au courant de juillet et pour d\u00e9marrer l\u2019enqu\u00eate d\u2019aout 2022.<\/p>\n<p>La mission recommande le renforcement des capacit\u00e9s des acteurs impliqu\u00e9s dans la gestion des produits de sant\u00e9 dans toutes les formations sanitaires du pays lors des diff\u00e9rentes supervisions, la formation et la mise \u00e0 niveau du personnel impliqu\u00e9 (DSP, PPA, DS, CS ) dans la gestion des intrants du logiciel SIGL, d\u2019 harmoniser le circuit des distributions des intrants et puis d\u2019augmenter la qualit\u00e9 des r\u00e9actifs dans les centres de d\u00e9pistage volontaire pour \u00e9viter les ruptures r\u00e9currentes signal\u00e9es.<\/p>\n<p>La seconde pr\u00e9sentation a port\u00e9 sur le rapport de la mission de suivi strat\u00e9gique dans les trois programmes appuy\u00e9 par le fonds mondial. La pr\u00e9sentation est faite par Dr Claude Rutanga consultant de l\u2019 OMS sur la tuberculose.<\/p>\n<p>Le repr\u00e9sentant de l\u2019organisation mondiale de la sant\u00e9 au Tchad Dr Jean Bosco Ndihokubuwayo a mis l\u2019accent sur l\u2019\u00e9laboration d\u2019une feuille de route. Pour lui, cette feuille de route est un outil qui va permettre de faire le suivi des indicateurs.<\/p>\n<p>Le repr\u00e9sentant r\u00e9side de l\u2019onusida au Tchad. Dr Ouattara Yafflo a pour sa part soulign\u00e9 que cette \u00e9tude va permettre de r\u00e9duire le cout de l\u2019incidence de prise en charge des malades. Il souhaite que cette \u00e9tude commence le plut\u00f4t que possible pour le b\u00e9n\u00e9fice de la population tchadienne. Le vice-pr\u00e9sident du HCNC Abbe Xavier a salu\u00e9 la pertinence de deux pr\u00e9sentations.<\/p>\n<p>Le ministre de la sant\u00e9 publique et de la solidarit\u00e9 nationale a tenu \u00e0 remercier tous les partenaires qui sont impliqu\u00e9s dans la lutte contre les trois maladies notamment le paludisme, la tuberculose et le vih sida. Il a notifi\u00e9 le non-respect du protocole de prise en charge du paludisme par certains prestataires. La planification concert\u00e9e est n\u00e9cessaire pour relever les d\u00e9fis et am\u00e9liorer les indicateurs a fait remarquer Dr Abdel-madjid Abderahim. Il a demand\u00e9 \u00e0 l\u2019assistance de mettre au centre des activit\u00e9s la communaut\u00e9. Les observations doivent \u00eatre prises en compte pour la suite de travaux.<\/p>\n<p>Cette r\u00e9union a permis au pr\u00e9sident du haut Conseil National de coordination d\u2019acc\u00e8s au Fonds Mondial de lutte contre le sida, la Tuberculose et le Paludisme au Tchad Dr Abdel-madjid Abderahim de donner des orientations aux responsables des programmes et les r\u00e9cipiendaires principaux pour la bonne marche des activit\u00e9s.<\/p>\n<p><strong>Pour plus d&rsquo;informations et d&rsquo;analyses sur la <a href=\"https:\/\/www.africa-press.net\/tchad\">Tchad<\/a>, suivez <a href=\"https:\/\/www.africa-press.net\/\">Africa-Press<\/a><\/strong><\/p>\n","protected":false},"excerpt":{"rendered":"<p>Africa-Press &#8211; Tchad. Le ministre de la sante publique Dr Abdel- madjid Abderrahim a offici\u00e9 le 14 juillet 2022, une r\u00e9union relative \u00e0 l\u2019enqu\u00eate de la pr\u00e9valence de r\u00e9sistance aux antis tuberculeux au Tchad. Cette rencontre a vu la pr\u00e9sence de tous les coordonnateurs des programmes sous tutelle du minist\u00e8re. L\u2019enqu\u00eate a couvert les programmes [&hellip;]<\/p>\n","protected":false},"author":82,"featured_media":28859,"comment_status":"open","ping_status":"closed","sticky":false,"template":"","format":"standard","meta":{"footnotes":""},"categories":[21,11,10],"tags":[37,292,3955,3956,29],"class_list":["post-28860","post","type-post","status-publish","format-standard","has-post-thumbnail","hentry","category-communaute","category-homepage-french","category-toutes-les-actualites","tag-africa-press","tag-africa-press-tchad","tag-antis-tuberculeux","tag-prevalence-de-resistance","tag-tchad"],"yoast_head":"<!-- This site is optimized with the Yoast SEO Premium plugin v26.1 (Yoast SEO v27.0) - https:\/\/yoast.com\/product\/yoast-seo-premium-wordpress\/ -->\n<title>enqu\u00eate de la pr\u00e9valence de r\u00e9sistance aux antis tuberculeux - tchad<\/title>\n<meta name=\"description\" content=\"Le ministre de la sante publique Dr Abdel- madjid Abderrahim a offici\u00e9 le 14 juillet 2022, une r\u00e9union relative \u00e0 l\u2019e ...\" \/>\n<meta name=\"robots\" content=\"index, follow, max-snippet:-1, max-image-preview:large, max-video-preview:-1\" \/>\n<link rel=\"canonical\" href=\"https:\/\/www.africa-press.net\/tchad\/toutes-les-actualites\/enquete-de-la-prevalence-de-resistance-aux-antis-tuberculeux\" \/>\n<meta property=\"og:locale\" content=\"fr_FR\" \/>\n<meta property=\"og:type\" content=\"article\" \/>\n<meta property=\"og:title\" content=\"enqu\u00eate de la pr\u00e9valence de r\u00e9sistance aux antis tuberculeux\" \/>\n<meta property=\"og:description\" content=\"Le ministre de la sante publique Dr Abdel- madjid Abderrahim a offici\u00e9 le 14 juillet 2022, une r\u00e9union relative \u00e0 l\u2019e ...\" \/>\n<meta property=\"og:url\" content=\"https:\/\/www.africa-press.net\/tchad\/toutes-les-actualites\/enquete-de-la-prevalence-de-resistance-aux-antis-tuberculeux\" \/>\n<meta property=\"og:site_name\" content=\"tchad\" \/>\n<meta property=\"article:published_time\" content=\"2022-07-14T17:48:51+00:00\" \/>\n<meta property=\"article:modified_time\" content=\"2022-07-14T18:04:41+00:00\" \/>\n<meta property=\"og:image\" content=\"https:\/\/static.africa-press.net\/tchad\/sites\/41\/2022\/07\/postQueueImg_7-62d05aa55dc9f.jpg\" \/>\n\t<meta property=\"og:image:width\" content=\"780\" \/>\n\t<meta property=\"og:image:height\" content=\"440\" \/>\n\t<meta property=\"og:image:type\" content=\"image\/jpeg\" \/>\n<meta name=\"author\" content=\"cfeditorfr\" \/>\n<meta name=\"twitter:card\" content=\"summary_large_image\" \/>\n<meta name=\"twitter:label1\" content=\"\u00c9crit par\" \/>\n\t<meta name=\"twitter:data1\" content=\"cfeditorfr\" \/>\n\t<meta name=\"twitter:label2\" content=\"Dur\u00e9e de lecture estim\u00e9e\" \/>\n\t<meta name=\"twitter:data2\" content=\"3 minutes\" \/>\n<script type=\"application\/ld+json\" class=\"yoast-schema-graph\">{\"@context\":\"https:\/\/schema.org\",\"@graph\":[{\"@type\":\"Article\",\"@id\":\"https:\/\/www.africa-press.net\/tchad\/toutes-les-actualites\/enquete-de-la-prevalence-de-resistance-aux-antis-tuberculeux#article\",\"isPartOf\":{\"@id\":\"https:\/\/www.africa-press.net\/tchad\/toutes-les-actualites\/enquete-de-la-prevalence-de-resistance-aux-antis-tuberculeux\"},\"author\":{\"name\":\"cfeditorfr\",\"@id\":\"https:\/\/www.africa-press.net\/tchad\/#\/schema\/person\/2b1cf3cd81a31e3cd26889ca66d677f1\"},\"headline\":\"enqu\u00eate de la pr\u00e9valence de r\u00e9sistance aux antis tuberculeux\",\"datePublished\":\"2022-07-14T17:48:51+00:00\",\"dateModified\":\"2022-07-14T18:04:41+00:00\",\"mainEntityOfPage\":{\"@id\":\"https:\/\/www.africa-press.net\/tchad\/toutes-les-actualites\/enquete-de-la-prevalence-de-resistance-aux-antis-tuberculeux\"},\"wordCount\":628,\"commentCount\":0,\"image\":{\"@id\":\"https:\/\/www.africa-press.net\/tchad\/toutes-les-actualites\/enquete-de-la-prevalence-de-resistance-aux-antis-tuberculeux#primaryimage\"},\"thumbnailUrl\":\"https:\/\/static.africa-press.net\/tchad\/sites\/41\/2022\/07\/postQueueImg_7-62d05aa55dc9f.jpg\",\"keywords\":[\"Africa Press\",\"Africa Press-Tchad\",\"antis tuberculeux\",\"pr\u00e9valence de r\u00e9sistance\",\"Tchad\"],\"articleSection\":[\"Communaut\u00e9\",\"homepage-french\",\"Toutes les actualit\u00e9s\"],\"inLanguage\":\"fr-FR\",\"potentialAction\":[{\"@type\":\"CommentAction\",\"name\":\"Comment\",\"target\":[\"https:\/\/www.africa-press.net\/tchad\/toutes-les-actualites\/enquete-de-la-prevalence-de-resistance-aux-antis-tuberculeux#respond\"]}]},{\"@type\":\"WebPage\",\"@id\":\"https:\/\/www.africa-press.net\/tchad\/toutes-les-actualites\/enquete-de-la-prevalence-de-resistance-aux-antis-tuberculeux\",\"url\":\"https:\/\/www.africa-press.net\/tchad\/toutes-les-actualites\/enquete-de-la-prevalence-de-resistance-aux-antis-tuberculeux\",\"name\":\"enqu\u00eate de la pr\u00e9valence de r\u00e9sistance aux antis tuberculeux - tchad\",\"isPartOf\":{\"@id\":\"https:\/\/www.africa-press.net\/tchad\/#website\"},\"primaryImageOfPage\":{\"@id\":\"https:\/\/www.africa-press.net\/tchad\/toutes-les-actualites\/enquete-de-la-prevalence-de-resistance-aux-antis-tuberculeux#primaryimage\"},\"image\":{\"@id\":\"https:\/\/www.africa-press.net\/tchad\/toutes-les-actualites\/enquete-de-la-prevalence-de-resistance-aux-antis-tuberculeux#primaryimage\"},\"thumbnailUrl\":\"https:\/\/static.africa-press.net\/tchad\/sites\/41\/2022\/07\/postQueueImg_7-62d05aa55dc9f.jpg\",\"datePublished\":\"2022-07-14T17:48:51+00:00\",\"dateModified\":\"2022-07-14T18:04:41+00:00\",\"author\":{\"@id\":\"https:\/\/www.africa-press.net\/tchad\/#\/schema\/person\/2b1cf3cd81a31e3cd26889ca66d677f1\"},\"description\":\"Le ministre de la sante publique Dr Abdel- madjid Abderrahim a offici\u00e9 le 14 juillet 2022, une r\u00e9union relative \u00e0 l\u2019e ...\",\"breadcrumb\":{\"@id\":\"https:\/\/www.africa-press.net\/tchad\/toutes-les-actualites\/enquete-de-la-prevalence-de-resistance-aux-antis-tuberculeux#breadcrumb\"},\"inLanguage\":\"fr-FR\",\"potentialAction\":[{\"@type\":\"ReadAction\",\"target\":[\"https:\/\/www.africa-press.net\/tchad\/toutes-les-actualites\/enquete-de-la-prevalence-de-resistance-aux-antis-tuberculeux\"]}]},{\"@type\":\"ImageObject\",\"inLanguage\":\"fr-FR\",\"@id\":\"https:\/\/www.africa-press.net\/tchad\/toutes-les-actualites\/enquete-de-la-prevalence-de-resistance-aux-antis-tuberculeux#primaryimage\",\"url\":\"https:\/\/static.africa-press.net\/tchad\/sites\/41\/2022\/07\/postQueueImg_7-62d05aa55dc9f.jpg\",\"contentUrl\":\"https:\/\/static.africa-press.net\/tchad\/sites\/41\/2022\/07\/postQueueImg_7-62d05aa55dc9f.jpg\",\"width\":780,\"height\":440,\"caption\":\"enqu\u00eate de la pr\u00e9valence de r\u00e9sistance aux antis tuberculeux\"},{\"@type\":\"BreadcrumbList\",\"@id\":\"https:\/\/www.africa-press.net\/tchad\/toutes-les-actualites\/enquete-de-la-prevalence-de-resistance-aux-antis-tuberculeux#breadcrumb\",\"itemListElement\":[{\"@type\":\"ListItem\",\"position\":1,\"name\":\"Accueil\",\"item\":\"https:\/\/www.africa-press.net\/tchad\/\"},{\"@type\":\"ListItem\",\"position\":2,\"name\":\"enqu\u00eate de la pr\u00e9valence de r\u00e9sistance aux antis tuberculeux\"}]},{\"@type\":\"WebSite\",\"@id\":\"https:\/\/www.africa-press.net\/tchad\/#website\",\"url\":\"https:\/\/www.africa-press.net\/tchad\/\",\"name\":\"tchad\",\"description\":\"Just another Africa News Agency Sites site\",\"potentialAction\":[{\"@type\":\"SearchAction\",\"target\":{\"@type\":\"EntryPoint\",\"urlTemplate\":\"https:\/\/www.africa-press.net\/tchad\/?s={search_term_string}\"},\"query-input\":{\"@type\":\"PropertyValueSpecification\",\"valueRequired\":true,\"valueName\":\"search_term_string\"}}],\"inLanguage\":\"fr-FR\"},{\"@type\":\"Person\",\"@id\":\"https:\/\/www.africa-press.net\/tchad\/#\/schema\/person\/2b1cf3cd81a31e3cd26889ca66d677f1\",\"name\":\"cfeditorfr\"}]}<\/script>\n<!-- \/ Yoast SEO Premium plugin. -->","yoast_head_json":{"title":"enqu\u00eate de la pr\u00e9valence de r\u00e9sistance aux antis tuberculeux - tchad","description":"Le ministre de la sante publique Dr Abdel- madjid Abderrahim a offici\u00e9 le 14 juillet 2022, une r\u00e9union relative \u00e0 l\u2019e ...","robots":{"index":"index","follow":"follow","max-snippet":"max-snippet:-1","max-image-preview":"max-image-preview:large","max-video-preview":"max-video-preview:-1"},"canonical":"https:\/\/www.africa-press.net\/tchad\/toutes-les-actualites\/enquete-de-la-prevalence-de-resistance-aux-antis-tuberculeux","og_locale":"fr_FR","og_type":"article","og_title":"enqu\u00eate de la pr\u00e9valence de r\u00e9sistance aux antis tuberculeux","og_description":"Le ministre de la sante publique Dr Abdel- madjid Abderrahim a offici\u00e9 le 14 juillet 2022, une r\u00e9union relative \u00e0 l\u2019e ...","og_url":"https:\/\/www.africa-press.net\/tchad\/toutes-les-actualites\/enquete-de-la-prevalence-de-resistance-aux-antis-tuberculeux","og_site_name":"tchad","article_published_time":"2022-07-14T17:48:51+00:00","article_modified_time":"2022-07-14T18:04:41+00:00","og_image":[{"width":780,"height":440,"url":"https:\/\/static.africa-press.net\/tchad\/sites\/41\/2022\/07\/postQueueImg_7-62d05aa55dc9f.jpg","type":"image\/jpeg"}],"author":"cfeditorfr","twitter_card":"summary_large_image","twitter_misc":{"\u00c9crit par":"cfeditorfr","Dur\u00e9e de lecture estim\u00e9e":"3 minutes"},"schema":{"@context":"https:\/\/schema.org","@graph":[{"@type":"Article","@id":"https:\/\/www.africa-press.net\/tchad\/toutes-les-actualites\/enquete-de-la-prevalence-de-resistance-aux-antis-tuberculeux#article","isPartOf":{"@id":"https:\/\/www.africa-press.net\/tchad\/toutes-les-actualites\/enquete-de-la-prevalence-de-resistance-aux-antis-tuberculeux"},"author":{"name":"cfeditorfr","@id":"https:\/\/www.africa-press.net\/tchad\/#\/schema\/person\/2b1cf3cd81a31e3cd26889ca66d677f1"},"headline":"enqu\u00eate de la pr\u00e9valence de r\u00e9sistance aux antis tuberculeux","datePublished":"2022-07-14T17:48:51+00:00","dateModified":"2022-07-14T18:04:41+00:00","mainEntityOfPage":{"@id":"https:\/\/www.africa-press.net\/tchad\/toutes-les-actualites\/enquete-de-la-prevalence-de-resistance-aux-antis-tuberculeux"},"wordCount":628,"commentCount":0,"image":{"@id":"https:\/\/www.africa-press.net\/tchad\/toutes-les-actualites\/enquete-de-la-prevalence-de-resistance-aux-antis-tuberculeux#primaryimage"},"thumbnailUrl":"https:\/\/static.africa-press.net\/tchad\/sites\/41\/2022\/07\/postQueueImg_7-62d05aa55dc9f.jpg","keywords":["Africa Press","Africa Press-Tchad","antis tuberculeux","pr\u00e9valence de r\u00e9sistance","Tchad"],"articleSection":["Communaut\u00e9","homepage-french","Toutes les actualit\u00e9s"],"inLanguage":"fr-FR","potentialAction":[{"@type":"CommentAction","name":"Comment","target":["https:\/\/www.africa-press.net\/tchad\/toutes-les-actualites\/enquete-de-la-prevalence-de-resistance-aux-antis-tuberculeux#respond"]}]},{"@type":"WebPage","@id":"https:\/\/www.africa-press.net\/tchad\/toutes-les-actualites\/enquete-de-la-prevalence-de-resistance-aux-antis-tuberculeux","url":"https:\/\/www.africa-press.net\/tchad\/toutes-les-actualites\/enquete-de-la-prevalence-de-resistance-aux-antis-tuberculeux","name":"enqu\u00eate de la pr\u00e9valence de r\u00e9sistance aux antis tuberculeux - tchad","isPartOf":{"@id":"https:\/\/www.africa-press.net\/tchad\/#website"},"primaryImageOfPage":{"@id":"https:\/\/www.africa-press.net\/tchad\/toutes-les-actualites\/enquete-de-la-prevalence-de-resistance-aux-antis-tuberculeux#primaryimage"},"image":{"@id":"https:\/\/www.africa-press.net\/tchad\/toutes-les-actualites\/enquete-de-la-prevalence-de-resistance-aux-antis-tuberculeux#primaryimage"},"thumbnailUrl":"https:\/\/static.africa-press.net\/tchad\/sites\/41\/2022\/07\/postQueueImg_7-62d05aa55dc9f.jpg","datePublished":"2022-07-14T17:48:51+00:00","dateModified":"2022-07-14T18:04:41+00:00","author":{"@id":"https:\/\/www.africa-press.net\/tchad\/#\/schema\/person\/2b1cf3cd81a31e3cd26889ca66d677f1"},"description":"Le ministre de la sante publique Dr Abdel- madjid Abderrahim a offici\u00e9 le 14 juillet 2022, une r\u00e9union relative \u00e0 l\u2019e ...","breadcrumb":{"@id":"https:\/\/www.africa-press.net\/tchad\/toutes-les-actualites\/enquete-de-la-prevalence-de-resistance-aux-antis-tuberculeux#breadcrumb"},"inLanguage":"fr-FR","potentialAction":[{"@type":"ReadAction","target":["https:\/\/www.africa-press.net\/tchad\/toutes-les-actualites\/enquete-de-la-prevalence-de-resistance-aux-antis-tuberculeux"]}]},{"@type":"ImageObject","inLanguage":"fr-FR","@id":"https:\/\/www.africa-press.net\/tchad\/toutes-les-actualites\/enquete-de-la-prevalence-de-resistance-aux-antis-tuberculeux#primaryimage","url":"https:\/\/static.africa-press.net\/tchad\/sites\/41\/2022\/07\/postQueueImg_7-62d05aa55dc9f.jpg","contentUrl":"https:\/\/static.africa-press.net\/tchad\/sites\/41\/2022\/07\/postQueueImg_7-62d05aa55dc9f.jpg","width":780,"height":440,"caption":"enqu\u00eate de la pr\u00e9valence de r\u00e9sistance aux antis tuberculeux"},{"@type":"BreadcrumbList","@id":"https:\/\/www.africa-press.net\/tchad\/toutes-les-actualites\/enquete-de-la-prevalence-de-resistance-aux-antis-tuberculeux#breadcrumb","itemListElement":[{"@type":"ListItem","position":1,"name":"Accueil","item":"https:\/\/www.africa-press.net\/tchad\/"},{"@type":"ListItem","position":2,"name":"enqu\u00eate de la pr\u00e9valence de r\u00e9sistance aux antis tuberculeux"}]},{"@type":"WebSite","@id":"https:\/\/www.africa-press.net\/tchad\/#website","url":"https:\/\/www.africa-press.net\/tchad\/","name":"tchad","description":"Just another Africa News Agency Sites site","potentialAction":[{"@type":"SearchAction","target":{"@type":"EntryPoint","urlTemplate":"https:\/\/www.africa-press.net\/tchad\/?s={search_term_string}"},"query-input":{"@type":"PropertyValueSpecification","valueRequired":true,"valueName":"search_term_string"}}],"inLanguage":"fr-FR"},{"@type":"Person","@id":"https:\/\/www.africa-press.net\/tchad\/#\/schema\/person\/2b1cf3cd81a31e3cd26889ca66d677f1","name":"cfeditorfr"}]}},"_links":{"self":[{"href":"https:\/\/www.africa-press.net\/tchad\/wp-json\/wp\/v2\/posts\/28860","targetHints":{"allow":["GET"]}}],"collection":[{"href":"https:\/\/www.africa-press.net\/tchad\/wp-json\/wp\/v2\/posts"}],"about":[{"href":"https:\/\/www.africa-press.net\/tchad\/wp-json\/wp\/v2\/types\/post"}],"author":[{"embeddable":true,"href":"https:\/\/www.africa-press.net\/tchad\/wp-json\/wp\/v2\/users\/82"}],"replies":[{"embeddable":true,"href":"https:\/\/www.africa-press.net\/tchad\/wp-json\/wp\/v2\/comments?post=28860"}],"version-history":[{"count":0,"href":"https:\/\/www.africa-press.net\/tchad\/wp-json\/wp\/v2\/posts\/28860\/revisions"}],"wp:featuredmedia":[{"embeddable":true,"href":"https:\/\/www.africa-press.net\/tchad\/wp-json\/wp\/v2\/media\/28859"}],"wp:attachment":[{"href":"https:\/\/www.africa-press.net\/tchad\/wp-json\/wp\/v2\/media?parent=28860"}],"wp:term":[{"taxonomy":"category","embeddable":true,"href":"https:\/\/www.africa-press.net\/tchad\/wp-json\/wp\/v2\/categories?post=28860"},{"taxonomy":"post_tag","embeddable":true,"href":"https:\/\/www.africa-press.net\/tchad\/wp-json\/wp\/v2\/tags?post=28860"}],"curies":[{"name":"wp","href":"https:\/\/api.w.org\/{rel}","templated":true}]}}