{"id":28869,"date":"2022-07-14T17:51:43","date_gmt":"2022-07-14T17:51:43","guid":{"rendered":"https:\/\/www.africa-press.net\/tchad\/politique\/six-nominations-au-ministere-de-leducation-nationalealwihda-info-par-info-alwihda-14-juillet-2022"},"modified":"2022-07-14T18:05:56","modified_gmt":"2022-07-14T18:05:56","slug":"six-nominations-au-ministere-de-leducation-nationalealwihda-info-par-info-alwihda-14-juillet-2022","status":"publish","type":"post","link":"https:\/\/www.africa-press.net\/tchad\/culture-et-art\/six-nominations-au-ministere-de-leducation-nationalealwihda-info-par-info-alwihda-14-juillet-2022","title":{"rendered":"six nominations au minist\u00e8re de l&rsquo;\u00c9ducation nationaleAlwihda Info | Par Info Alwihda &#8211; 14 Juillet 2022"},"content":{"rendered":"<p><span style=\"color: #ff6600\"><strong>Africa-Press &#8211; Tchad. <\/strong><\/span>Par d\u00e9cret n\u00b02067 du 14 juillet 2022, les fonctionnaires dont les noms suivent sont nomm\u00e9s aux postes de responsabilit\u00e9 ci-apr\u00e8s au cabinet du ministre de l&rsquo;\u00c9ducation nationale et de la Promotion civique.<\/p>\n<p>DIRECTION DE CABINET: \u2022 Directeur: Monsieur OUSMANE ABAKAR IBRAHIM, maintenu CONSEILLERS: \u2022 Conseiller Technique Charg\u00e9 de l&rsquo;Administration: Monsieur DJIMASBEYE GAO, poste vacant \u2022 Conseiller Technique Charg\u00e9 des Affaires Juridiques: Monsieur KALANDI NAIDANDI en remplacement de DAYANG MENWA ENOCK \u2022 Conseill\u00e8re Technique Charg\u00e9e des Enseignements et de la Promotion Civique: Madame MOGUIRI MBANGTA N\u00e9e NEMBAYE BANINGA.<\/p>\n<p>Par d\u00e9cret n\u00b02068 du 14 juillet 2022, les fonctionnaires dont les noms suivent sont nomm\u00e9s aux postes de responsabilit\u00e9 ci-apr\u00e8s : INSPECTION G\u00c9N\u00c9RALE: \u2022 Inspecteur G\u00e9n\u00e9ral: Monsieur ALLARABAYE MBAIGOTO en remplacement de AHMAT HASSAB INSPECTEURS: \u2022 Inspecteur Charg\u00e9 de l&rsquo;Action P\u00e9dagogique, de la D\u00e9ontologie et de l&rsquo;\u00c9thique: Monsieur OUASSAING KETCHOCKE BOLMBARI NGALAOU.<\/p>\n<p>\u2022 Inspecteur Charg\u00e9 du Contr\u00f4le des Questions Administratives, Juridiques, du Contentieux et de l&rsquo;\u00c9valuation des Performances du Minist\u00e8re: Monsieur AHAYA MALOUA, maintenu.<\/p>\n<p>\u2022 Inspectrice Charg\u00e9e des Affaires Financi\u00e8res, Mat\u00e9rielles et de Gestion du Patrimoine et du Personnel: Madame DINGAO N\u00e9e NADJALBAYE YVONNE, poste vacant.<\/p>\n<p><strong>Pour plus d&rsquo;informations et d&rsquo;analyses sur la <a href=\"https:\/\/www.africa-press.net\/tchad\">Tchad<\/a>, suivez <a href=\"https:\/\/www.africa-press.net\/\">Africa-Press<\/a><\/strong><\/p>\n","protected":false},"excerpt":{"rendered":"<p>Africa-Press &#8211; Tchad. Par d\u00e9cret n\u00b02067 du 14 juillet 2022, les fonctionnaires dont les noms suivent sont nomm\u00e9s aux postes de responsabilit\u00e9 ci-apr\u00e8s au cabinet du ministre de l&rsquo;\u00c9ducation nationale et de la Promotion civique. DIRECTION DE CABINET: \u2022 Directeur: Monsieur OUSMANE ABAKAR IBRAHIM, maintenu CONSEILLERS: \u2022 Conseiller Technique Charg\u00e9 de l&rsquo;Administration: Monsieur DJIMASBEYE GAO, [&hellip;]<\/p>\n","protected":false},"author":82,"featured_media":28868,"comment_status":"open","ping_status":"closed","sticky":false,"template":"","format":"standard","meta":{"footnotes":""},"categories":[5,11,10],"tags":[37,292,29],"class_list":["post-28869","post","type-post","status-publish","format-standard","has-post-thumbnail","hentry","category-culture-et-art","category-homepage-french","category-toutes-les-actualites","tag-africa-press","tag-africa-press-tchad","tag-tchad"],"yoast_head":"<!-- This site is optimized with the Yoast SEO Premium plugin v26.1 (Yoast SEO v27.0) - https:\/\/yoast.com\/product\/yoast-seo-premium-wordpress\/ -->\n<title>six nominations au minist\u00e8re de l&#039;\u00c9ducation nationaleAlwihda Info | Par Info Alwihda - 14 Juillet 2022 - tchad<\/title>\n<meta name=\"description\" content=\"Par d\u00e9cret n\u00b02067 du 14 juillet 2022, les fonctionnaires dont les noms suivent sont nomm\u00e9s aux postes de responsabilit\u00e9 ...\" \/>\n<meta name=\"robots\" content=\"index, follow, max-snippet:-1, max-image-preview:large, max-video-preview:-1\" \/>\n<link rel=\"canonical\" href=\"https:\/\/www.africa-press.net\/tchad\/culture-et-art\/six-nominations-au-ministere-de-leducation-nationalealwihda-info-par-info-alwihda-14-juillet-2022\" \/>\n<meta property=\"og:locale\" content=\"fr_FR\" \/>\n<meta property=\"og:type\" content=\"article\" \/>\n<meta property=\"og:title\" content=\"six nominations au minist\u00e8re de l&#039;\u00c9ducation nationaleAlwihda Info | Par Info Alwihda - 14 Juillet 2022\" \/>\n<meta property=\"og:description\" content=\"Par d\u00e9cret n\u00b02067 du 14 juillet 2022, les fonctionnaires dont les noms suivent sont nomm\u00e9s aux postes de responsabilit\u00e9 ...\" \/>\n<meta property=\"og:url\" content=\"https:\/\/www.africa-press.net\/tchad\/culture-et-art\/six-nominations-au-ministere-de-leducation-nationalealwihda-info-par-info-alwihda-14-juillet-2022\" \/>\n<meta property=\"og:site_name\" content=\"tchad\" \/>\n<meta property=\"article:published_time\" content=\"2022-07-14T17:51:43+00:00\" \/>\n<meta property=\"article:modified_time\" content=\"2022-07-14T18:05:56+00:00\" \/>\n<meta property=\"og:image\" content=\"https:\/\/static.africa-press.net\/tchad\/sites\/41\/2022\/07\/postQueueImg_10-62d05af13668b.jpg\" \/>\n\t<meta property=\"og:image:width\" content=\"870\" \/>\n\t<meta property=\"og:image:height\" content=\"1275\" \/>\n\t<meta property=\"og:image:type\" content=\"image\/jpeg\" \/>\n<meta name=\"author\" content=\"cfeditorfr\" \/>\n<meta name=\"twitter:card\" content=\"summary_large_image\" \/>\n<meta name=\"twitter:label1\" content=\"\u00c9crit par\" \/>\n\t<meta name=\"twitter:data1\" content=\"cfeditorfr\" \/>\n\t<meta name=\"twitter:label2\" content=\"Dur\u00e9e de lecture estim\u00e9e\" \/>\n\t<meta name=\"twitter:data2\" content=\"1 minute\" \/>\n<script type=\"application\/ld+json\" class=\"yoast-schema-graph\">{\"@context\":\"https:\/\/schema.org\",\"@graph\":[{\"@type\":\"Article\",\"@id\":\"https:\/\/www.africa-press.net\/tchad\/culture-et-art\/six-nominations-au-ministere-de-leducation-nationalealwihda-info-par-info-alwihda-14-juillet-2022#article\",\"isPartOf\":{\"@id\":\"https:\/\/www.africa-press.net\/tchad\/culture-et-art\/six-nominations-au-ministere-de-leducation-nationalealwihda-info-par-info-alwihda-14-juillet-2022\"},\"author\":{\"name\":\"cfeditorfr\",\"@id\":\"https:\/\/www.africa-press.net\/tchad\/#\/schema\/person\/2b1cf3cd81a31e3cd26889ca66d677f1\"},\"headline\":\"six nominations au minist\u00e8re de l&rsquo;\u00c9ducation nationaleAlwihda Info | Par Info Alwihda &#8211; 14 Juillet 2022\",\"datePublished\":\"2022-07-14T17:51:43+00:00\",\"dateModified\":\"2022-07-14T18:05:56+00:00\",\"mainEntityOfPage\":{\"@id\":\"https:\/\/www.africa-press.net\/tchad\/culture-et-art\/six-nominations-au-ministere-de-leducation-nationalealwihda-info-par-info-alwihda-14-juillet-2022\"},\"wordCount\":226,\"commentCount\":0,\"image\":{\"@id\":\"https:\/\/www.africa-press.net\/tchad\/culture-et-art\/six-nominations-au-ministere-de-leducation-nationalealwihda-info-par-info-alwihda-14-juillet-2022#primaryimage\"},\"thumbnailUrl\":\"https:\/\/static.africa-press.net\/tchad\/sites\/41\/2022\/07\/postQueueImg_10-62d05af13668b.jpg\",\"keywords\":[\"Africa Press\",\"Africa Press-Tchad\",\"Tchad\"],\"articleSection\":[\"Culture et Art\",\"homepage-french\",\"Toutes les actualit\u00e9s\"],\"inLanguage\":\"fr-FR\",\"potentialAction\":[{\"@type\":\"CommentAction\",\"name\":\"Comment\",\"target\":[\"https:\/\/www.africa-press.net\/tchad\/culture-et-art\/six-nominations-au-ministere-de-leducation-nationalealwihda-info-par-info-alwihda-14-juillet-2022#respond\"]}]},{\"@type\":\"WebPage\",\"@id\":\"https:\/\/www.africa-press.net\/tchad\/culture-et-art\/six-nominations-au-ministere-de-leducation-nationalealwihda-info-par-info-alwihda-14-juillet-2022\",\"url\":\"https:\/\/www.africa-press.net\/tchad\/culture-et-art\/six-nominations-au-ministere-de-leducation-nationalealwihda-info-par-info-alwihda-14-juillet-2022\",\"name\":\"six nominations au minist\u00e8re de l'\u00c9ducation nationaleAlwihda Info | Par Info Alwihda - 14 Juillet 2022 - tchad\",\"isPartOf\":{\"@id\":\"https:\/\/www.africa-press.net\/tchad\/#website\"},\"primaryImageOfPage\":{\"@id\":\"https:\/\/www.africa-press.net\/tchad\/culture-et-art\/six-nominations-au-ministere-de-leducation-nationalealwihda-info-par-info-alwihda-14-juillet-2022#primaryimage\"},\"image\":{\"@id\":\"https:\/\/www.africa-press.net\/tchad\/culture-et-art\/six-nominations-au-ministere-de-leducation-nationalealwihda-info-par-info-alwihda-14-juillet-2022#primaryimage\"},\"thumbnailUrl\":\"https:\/\/static.africa-press.net\/tchad\/sites\/41\/2022\/07\/postQueueImg_10-62d05af13668b.jpg\",\"datePublished\":\"2022-07-14T17:51:43+00:00\",\"dateModified\":\"2022-07-14T18:05:56+00:00\",\"author\":{\"@id\":\"https:\/\/www.africa-press.net\/tchad\/#\/schema\/person\/2b1cf3cd81a31e3cd26889ca66d677f1\"},\"description\":\"Par d\u00e9cret n\u00b02067 du 14 juillet 2022, les fonctionnaires dont les noms suivent sont nomm\u00e9s aux postes de responsabilit\u00e9 ...\",\"breadcrumb\":{\"@id\":\"https:\/\/www.africa-press.net\/tchad\/culture-et-art\/six-nominations-au-ministere-de-leducation-nationalealwihda-info-par-info-alwihda-14-juillet-2022#breadcrumb\"},\"inLanguage\":\"fr-FR\",\"potentialAction\":[{\"@type\":\"ReadAction\",\"target\":[\"https:\/\/www.africa-press.net\/tchad\/culture-et-art\/six-nominations-au-ministere-de-leducation-nationalealwihda-info-par-info-alwihda-14-juillet-2022\"]}]},{\"@type\":\"ImageObject\",\"inLanguage\":\"fr-FR\",\"@id\":\"https:\/\/www.africa-press.net\/tchad\/culture-et-art\/six-nominations-au-ministere-de-leducation-nationalealwihda-info-par-info-alwihda-14-juillet-2022#primaryimage\",\"url\":\"https:\/\/static.africa-press.net\/tchad\/sites\/41\/2022\/07\/postQueueImg_10-62d05af13668b.jpg\",\"contentUrl\":\"https:\/\/static.africa-press.net\/tchad\/sites\/41\/2022\/07\/postQueueImg_10-62d05af13668b.jpg\",\"width\":870,\"height\":1275,\"caption\":\"six nominations au minist\u00e8re de l'\u00c9ducation nationale Alwihda Info | Par Info Alwihda - 14 Juillet 2022\"},{\"@type\":\"BreadcrumbList\",\"@id\":\"https:\/\/www.africa-press.net\/tchad\/culture-et-art\/six-nominations-au-ministere-de-leducation-nationalealwihda-info-par-info-alwihda-14-juillet-2022#breadcrumb\",\"itemListElement\":[{\"@type\":\"ListItem\",\"position\":1,\"name\":\"Accueil\",\"item\":\"https:\/\/www.africa-press.net\/tchad\/\"},{\"@type\":\"ListItem\",\"position\":2,\"name\":\"six nominations au minist\u00e8re de l&#8217;\u00c9ducation nationaleAlwihda Info | Par Info Alwihda &#8211; 14 Juillet 2022\"}]},{\"@type\":\"WebSite\",\"@id\":\"https:\/\/www.africa-press.net\/tchad\/#website\",\"url\":\"https:\/\/www.africa-press.net\/tchad\/\",\"name\":\"tchad\",\"description\":\"Just another Africa News Agency Sites site\",\"potentialAction\":[{\"@type\":\"SearchAction\",\"target\":{\"@type\":\"EntryPoint\",\"urlTemplate\":\"https:\/\/www.africa-press.net\/tchad\/?s={search_term_string}\"},\"query-input\":{\"@type\":\"PropertyValueSpecification\",\"valueRequired\":true,\"valueName\":\"search_term_string\"}}],\"inLanguage\":\"fr-FR\"},{\"@type\":\"Person\",\"@id\":\"https:\/\/www.africa-press.net\/tchad\/#\/schema\/person\/2b1cf3cd81a31e3cd26889ca66d677f1\",\"name\":\"cfeditorfr\"}]}<\/script>\n<!-- \/ Yoast SEO Premium plugin. -->","yoast_head_json":{"title":"six nominations au minist\u00e8re de l'\u00c9ducation nationaleAlwihda Info | Par Info Alwihda - 14 Juillet 2022 - tchad","description":"Par d\u00e9cret n\u00b02067 du 14 juillet 2022, les fonctionnaires dont les noms suivent sont nomm\u00e9s aux postes de responsabilit\u00e9 ...","robots":{"index":"index","follow":"follow","max-snippet":"max-snippet:-1","max-image-preview":"max-image-preview:large","max-video-preview":"max-video-preview:-1"},"canonical":"https:\/\/www.africa-press.net\/tchad\/culture-et-art\/six-nominations-au-ministere-de-leducation-nationalealwihda-info-par-info-alwihda-14-juillet-2022","og_locale":"fr_FR","og_type":"article","og_title":"six nominations au minist\u00e8re de l'\u00c9ducation nationaleAlwihda Info | Par Info Alwihda - 14 Juillet 2022","og_description":"Par d\u00e9cret n\u00b02067 du 14 juillet 2022, les fonctionnaires dont les noms suivent sont nomm\u00e9s aux postes de responsabilit\u00e9 ...","og_url":"https:\/\/www.africa-press.net\/tchad\/culture-et-art\/six-nominations-au-ministere-de-leducation-nationalealwihda-info-par-info-alwihda-14-juillet-2022","og_site_name":"tchad","article_published_time":"2022-07-14T17:51:43+00:00","article_modified_time":"2022-07-14T18:05:56+00:00","og_image":[{"width":870,"height":1275,"url":"https:\/\/static.africa-press.net\/tchad\/sites\/41\/2022\/07\/postQueueImg_10-62d05af13668b.jpg","type":"image\/jpeg"}],"author":"cfeditorfr","twitter_card":"summary_large_image","twitter_misc":{"\u00c9crit par":"cfeditorfr","Dur\u00e9e de lecture estim\u00e9e":"1 minute"},"schema":{"@context":"https:\/\/schema.org","@graph":[{"@type":"Article","@id":"https:\/\/www.africa-press.net\/tchad\/culture-et-art\/six-nominations-au-ministere-de-leducation-nationalealwihda-info-par-info-alwihda-14-juillet-2022#article","isPartOf":{"@id":"https:\/\/www.africa-press.net\/tchad\/culture-et-art\/six-nominations-au-ministere-de-leducation-nationalealwihda-info-par-info-alwihda-14-juillet-2022"},"author":{"name":"cfeditorfr","@id":"https:\/\/www.africa-press.net\/tchad\/#\/schema\/person\/2b1cf3cd81a31e3cd26889ca66d677f1"},"headline":"six nominations au minist\u00e8re de l&rsquo;\u00c9ducation nationaleAlwihda Info | Par Info Alwihda &#8211; 14 Juillet 2022","datePublished":"2022-07-14T17:51:43+00:00","dateModified":"2022-07-14T18:05:56+00:00","mainEntityOfPage":{"@id":"https:\/\/www.africa-press.net\/tchad\/culture-et-art\/six-nominations-au-ministere-de-leducation-nationalealwihda-info-par-info-alwihda-14-juillet-2022"},"wordCount":226,"commentCount":0,"image":{"@id":"https:\/\/www.africa-press.net\/tchad\/culture-et-art\/six-nominations-au-ministere-de-leducation-nationalealwihda-info-par-info-alwihda-14-juillet-2022#primaryimage"},"thumbnailUrl":"https:\/\/static.africa-press.net\/tchad\/sites\/41\/2022\/07\/postQueueImg_10-62d05af13668b.jpg","keywords":["Africa Press","Africa Press-Tchad","Tchad"],"articleSection":["Culture et Art","homepage-french","Toutes les actualit\u00e9s"],"inLanguage":"fr-FR","potentialAction":[{"@type":"CommentAction","name":"Comment","target":["https:\/\/www.africa-press.net\/tchad\/culture-et-art\/six-nominations-au-ministere-de-leducation-nationalealwihda-info-par-info-alwihda-14-juillet-2022#respond"]}]},{"@type":"WebPage","@id":"https:\/\/www.africa-press.net\/tchad\/culture-et-art\/six-nominations-au-ministere-de-leducation-nationalealwihda-info-par-info-alwihda-14-juillet-2022","url":"https:\/\/www.africa-press.net\/tchad\/culture-et-art\/six-nominations-au-ministere-de-leducation-nationalealwihda-info-par-info-alwihda-14-juillet-2022","name":"six nominations au minist\u00e8re de l'\u00c9ducation nationaleAlwihda Info | Par Info Alwihda - 14 Juillet 2022 - tchad","isPartOf":{"@id":"https:\/\/www.africa-press.net\/tchad\/#website"},"primaryImageOfPage":{"@id":"https:\/\/www.africa-press.net\/tchad\/culture-et-art\/six-nominations-au-ministere-de-leducation-nationalealwihda-info-par-info-alwihda-14-juillet-2022#primaryimage"},"image":{"@id":"https:\/\/www.africa-press.net\/tchad\/culture-et-art\/six-nominations-au-ministere-de-leducation-nationalealwihda-info-par-info-alwihda-14-juillet-2022#primaryimage"},"thumbnailUrl":"https:\/\/static.africa-press.net\/tchad\/sites\/41\/2022\/07\/postQueueImg_10-62d05af13668b.jpg","datePublished":"2022-07-14T17:51:43+00:00","dateModified":"2022-07-14T18:05:56+00:00","author":{"@id":"https:\/\/www.africa-press.net\/tchad\/#\/schema\/person\/2b1cf3cd81a31e3cd26889ca66d677f1"},"description":"Par d\u00e9cret n\u00b02067 du 14 juillet 2022, les fonctionnaires dont les noms suivent sont nomm\u00e9s aux postes de responsabilit\u00e9 ...","breadcrumb":{"@id":"https:\/\/www.africa-press.net\/tchad\/culture-et-art\/six-nominations-au-ministere-de-leducation-nationalealwihda-info-par-info-alwihda-14-juillet-2022#breadcrumb"},"inLanguage":"fr-FR","potentialAction":[{"@type":"ReadAction","target":["https:\/\/www.africa-press.net\/tchad\/culture-et-art\/six-nominations-au-ministere-de-leducation-nationalealwihda-info-par-info-alwihda-14-juillet-2022"]}]},{"@type":"ImageObject","inLanguage":"fr-FR","@id":"https:\/\/www.africa-press.net\/tchad\/culture-et-art\/six-nominations-au-ministere-de-leducation-nationalealwihda-info-par-info-alwihda-14-juillet-2022#primaryimage","url":"https:\/\/static.africa-press.net\/tchad\/sites\/41\/2022\/07\/postQueueImg_10-62d05af13668b.jpg","contentUrl":"https:\/\/static.africa-press.net\/tchad\/sites\/41\/2022\/07\/postQueueImg_10-62d05af13668b.jpg","width":870,"height":1275,"caption":"six nominations au minist\u00e8re de l'\u00c9ducation nationale Alwihda Info | Par Info Alwihda - 14 Juillet 2022"},{"@type":"BreadcrumbList","@id":"https:\/\/www.africa-press.net\/tchad\/culture-et-art\/six-nominations-au-ministere-de-leducation-nationalealwihda-info-par-info-alwihda-14-juillet-2022#breadcrumb","itemListElement":[{"@type":"ListItem","position":1,"name":"Accueil","item":"https:\/\/www.africa-press.net\/tchad\/"},{"@type":"ListItem","position":2,"name":"six nominations au minist\u00e8re de l&#8217;\u00c9ducation nationaleAlwihda Info | Par Info Alwihda &#8211; 14 Juillet 2022"}]},{"@type":"WebSite","@id":"https:\/\/www.africa-press.net\/tchad\/#website","url":"https:\/\/www.africa-press.net\/tchad\/","name":"tchad","description":"Just another Africa News Agency Sites site","potentialAction":[{"@type":"SearchAction","target":{"@type":"EntryPoint","urlTemplate":"https:\/\/www.africa-press.net\/tchad\/?s={search_term_string}"},"query-input":{"@type":"PropertyValueSpecification","valueRequired":true,"valueName":"search_term_string"}}],"inLanguage":"fr-FR"},{"@type":"Person","@id":"https:\/\/www.africa-press.net\/tchad\/#\/schema\/person\/2b1cf3cd81a31e3cd26889ca66d677f1","name":"cfeditorfr"}]}},"_links":{"self":[{"href":"https:\/\/www.africa-press.net\/tchad\/wp-json\/wp\/v2\/posts\/28869","targetHints":{"allow":["GET"]}}],"collection":[{"href":"https:\/\/www.africa-press.net\/tchad\/wp-json\/wp\/v2\/posts"}],"about":[{"href":"https:\/\/www.africa-press.net\/tchad\/wp-json\/wp\/v2\/types\/post"}],"author":[{"embeddable":true,"href":"https:\/\/www.africa-press.net\/tchad\/wp-json\/wp\/v2\/users\/82"}],"replies":[{"embeddable":true,"href":"https:\/\/www.africa-press.net\/tchad\/wp-json\/wp\/v2\/comments?post=28869"}],"version-history":[{"count":0,"href":"https:\/\/www.africa-press.net\/tchad\/wp-json\/wp\/v2\/posts\/28869\/revisions"}],"wp:featuredmedia":[{"embeddable":true,"href":"https:\/\/www.africa-press.net\/tchad\/wp-json\/wp\/v2\/media\/28868"}],"wp:attachment":[{"href":"https:\/\/www.africa-press.net\/tchad\/wp-json\/wp\/v2\/media?parent=28869"}],"wp:term":[{"taxonomy":"category","embeddable":true,"href":"https:\/\/www.africa-press.net\/tchad\/wp-json\/wp\/v2\/categories?post=28869"},{"taxonomy":"post_tag","embeddable":true,"href":"https:\/\/www.africa-press.net\/tchad\/wp-json\/wp\/v2\/tags?post=28869"}],"curies":[{"name":"wp","href":"https:\/\/api.w.org\/{rel}","templated":true}]}}