{"id":28878,"date":"2022-07-14T17:54:06","date_gmt":"2022-07-14T17:54:06","guid":{"rendered":"https:\/\/www.africa-press.net\/tchad\/politique\/situation-des-refugies-et-deplaces-le-patron-du-hcr-filippo-grandi-recu-par-le-pcmt"},"modified":"2022-07-14T18:07:08","modified_gmt":"2022-07-14T18:07:08","slug":"situation-des-refugies-et-deplaces-le-patron-du-hcr-filippo-grandi-recu-par-le-pcmt","status":"publish","type":"post","link":"https:\/\/www.africa-press.net\/tchad\/politique\/situation-des-refugies-et-deplaces-le-patron-du-hcr-filippo-grandi-recu-par-le-pcmt","title":{"rendered":"SITUATION DES REFUGIES ET DEPLACES : Le Patron du HCR Filippo GRANDI re\u00e7u par le PCMT"},"content":{"rendered":"<p><span style=\"color: #ff6600\"><strong>Africa-Press &#8211; Tchad. <\/strong><\/span>Le Pr\u00e9sident du Conseil Militaire de Transition, G\u00e9n\u00e9ral MAHAMAT IDRISS DEBY ITNO a re\u00e7u ce matin en audience M. Filippo GRANDI, Haut Commissaire des Nations-Unies pour les R\u00e9fugi\u00e9s. Les \u00e9changes avec le Chef de l\u2019Etat ont port\u00e9 sur la situation des r\u00e9fugi\u00e9s et d\u00e9plac\u00e9s.<\/p>\n<p>Ces derni\u00e8res ann\u00e9es, le Tchad accueille des centaines de milliers de r\u00e9fugi\u00e9s en provenance des pays voisins. Le Haut Commissaire des Nations-Unies pour les r\u00e9fugi\u00e9s qui s\u00e9journe au Tchad pour l\u2019\u00e9valuation globale de la situation des personnes relevant de la comp\u00e9tence de cette agence onusienne qu\u2019il dirige, est venu exprimer de vive voix au Chef de l\u2019Etat, G\u00e9n\u00e9ral MAHAMAT IDRISS DEBY ITNO les reconnaissances des Nations-Unies pour l\u2019hospitalit\u00e9 et tous les soins accord\u00e9s par le Tchad aux r\u00e9fugi\u00e9s vivant sur son sol.<\/p>\n<p>Le Chef de l\u2019Etat a \u00e9t\u00e9 tr\u00e8s r\u00e9ceptif \u00e0 cette marque de reconnaissance, mais il a aussi soulev\u00e9 la situation des personnes d\u00e9plac\u00e9es et des communaut\u00e9s d\u2019accueil qui partagent les m\u00eames ressources avec les r\u00e9fugi\u00e9s. M. Filippo GRANDI qui s\u2019est exprim\u00e9 au sortir de l\u2019audience, a jug\u00e9 tr\u00e8s pertinent cette observation du Pr\u00e9sident de la R\u00e9publique quant \u00e0 la situation des communaut\u00e9s d\u2019accueil. Il promet une mobilisation de ressources pour aider le Tchad dans son effort d\u2019accueil et de soutien des ces r\u00e9fugi\u00e9s et d\u00e9plac\u00e9s.<\/p>\n<p>S\u2019agissant des personnes d\u00e9plac\u00e9es, la situation de celles de la Province du Lac a \u00e9t\u00e9 \u00e9voqu\u00e9e avec la possibilit\u00e9 de leur int\u00e9gration dans les communaut\u00e9s d\u2019accueil ou de leur retour dans leur terroir en fonction des besoins.<\/p>\n<p><strong>Pour plus d&rsquo;informations et d&rsquo;analyses sur la <a href=\"https:\/\/www.africa-press.net\/tchad\">Tchad<\/a>, suivez <a href=\"https:\/\/www.africa-press.net\/\">Africa-Press<\/a><\/strong><\/p>\n","protected":false},"excerpt":{"rendered":"<p>Africa-Press &#8211; Tchad. Le Pr\u00e9sident du Conseil Militaire de Transition, G\u00e9n\u00e9ral MAHAMAT IDRISS DEBY ITNO a re\u00e7u ce matin en audience M. Filippo GRANDI, Haut Commissaire des Nations-Unies pour les R\u00e9fugi\u00e9s. Les \u00e9changes avec le Chef de l\u2019Etat ont port\u00e9 sur la situation des r\u00e9fugi\u00e9s et d\u00e9plac\u00e9s. Ces derni\u00e8res ann\u00e9es, le Tchad accueille des centaines [&hellip;]<\/p>\n","protected":false},"author":82,"featured_media":28877,"comment_status":"open","ping_status":"closed","sticky":false,"template":"","format":"standard","meta":{"footnotes":""},"categories":[11,2,20,10],"tags":[37,292,29],"class_list":["post-28878","post","type-post","status-publish","format-standard","has-post-thumbnail","hentry","category-homepage-french","category-politique","category-top-nouvelles","category-toutes-les-actualites","tag-africa-press","tag-africa-press-tchad","tag-tchad"],"yoast_head":"<!-- This site is optimized with the Yoast SEO Premium plugin v26.1 (Yoast SEO v27.0) - https:\/\/yoast.com\/product\/yoast-seo-premium-wordpress\/ -->\n<title>SITUATION DES REFUGIES ET DEPLACES : Le Patron du HCR Filippo GRANDI re\u00e7u par le PCMT - tchad<\/title>\n<meta name=\"description\" content=\"Le Pr\u00e9sident du Conseil Militaire de Transition, G\u00e9n\u00e9ral MAHAMAT IDRISS DEBY ITNO a re\u00e7u ce matin en audience M. Filippo ...\" \/>\n<meta name=\"robots\" content=\"index, follow, max-snippet:-1, max-image-preview:large, max-video-preview:-1\" \/>\n<link rel=\"canonical\" href=\"https:\/\/www.africa-press.net\/tchad\/politique\/situation-des-refugies-et-deplaces-le-patron-du-hcr-filippo-grandi-recu-par-le-pcmt\" \/>\n<meta property=\"og:locale\" content=\"fr_FR\" \/>\n<meta property=\"og:type\" content=\"article\" \/>\n<meta property=\"og:title\" content=\"SITUATION DES REFUGIES ET DEPLACES : Le Patron du HCR Filippo GRANDI re\u00e7u par le PCMT\" \/>\n<meta property=\"og:description\" content=\"Le Pr\u00e9sident du Conseil Militaire de Transition, G\u00e9n\u00e9ral MAHAMAT IDRISS DEBY ITNO a re\u00e7u ce matin en audience M. Filippo ...\" \/>\n<meta property=\"og:url\" content=\"https:\/\/www.africa-press.net\/tchad\/politique\/situation-des-refugies-et-deplaces-le-patron-du-hcr-filippo-grandi-recu-par-le-pcmt\" \/>\n<meta property=\"og:site_name\" content=\"tchad\" \/>\n<meta property=\"article:published_time\" content=\"2022-07-14T17:54:06+00:00\" \/>\n<meta property=\"article:modified_time\" content=\"2022-07-14T18:07:08+00:00\" \/>\n<meta property=\"og:image\" content=\"https:\/\/static.africa-press.net\/tchad\/sites\/41\/2022\/07\/postQueueImg_13-62d05b39ceb35.jpg\" \/>\n\t<meta property=\"og:image:width\" content=\"1023\" \/>\n\t<meta property=\"og:image:height\" content=\"619\" \/>\n\t<meta property=\"og:image:type\" content=\"image\/jpeg\" \/>\n<meta name=\"author\" content=\"cfeditorfr\" \/>\n<meta name=\"twitter:card\" content=\"summary_large_image\" \/>\n<meta name=\"twitter:label1\" content=\"\u00c9crit par\" \/>\n\t<meta name=\"twitter:data1\" content=\"cfeditorfr\" \/>\n\t<meta name=\"twitter:label2\" content=\"Dur\u00e9e de lecture estim\u00e9e\" \/>\n\t<meta name=\"twitter:data2\" content=\"2 minutes\" \/>\n<script type=\"application\/ld+json\" class=\"yoast-schema-graph\">{\"@context\":\"https:\/\/schema.org\",\"@graph\":[{\"@type\":\"Article\",\"@id\":\"https:\/\/www.africa-press.net\/tchad\/politique\/situation-des-refugies-et-deplaces-le-patron-du-hcr-filippo-grandi-recu-par-le-pcmt#article\",\"isPartOf\":{\"@id\":\"https:\/\/www.africa-press.net\/tchad\/politique\/situation-des-refugies-et-deplaces-le-patron-du-hcr-filippo-grandi-recu-par-le-pcmt\"},\"author\":{\"name\":\"cfeditorfr\",\"@id\":\"https:\/\/www.africa-press.net\/tchad\/#\/schema\/person\/2b1cf3cd81a31e3cd26889ca66d677f1\"},\"headline\":\"SITUATION DES REFUGIES ET DEPLACES : Le Patron du HCR Filippo GRANDI re\u00e7u par le PCMT\",\"datePublished\":\"2022-07-14T17:54:06+00:00\",\"dateModified\":\"2022-07-14T18:07:08+00:00\",\"mainEntityOfPage\":{\"@id\":\"https:\/\/www.africa-press.net\/tchad\/politique\/situation-des-refugies-et-deplaces-le-patron-du-hcr-filippo-grandi-recu-par-le-pcmt\"},\"wordCount\":334,\"commentCount\":0,\"image\":{\"@id\":\"https:\/\/www.africa-press.net\/tchad\/politique\/situation-des-refugies-et-deplaces-le-patron-du-hcr-filippo-grandi-recu-par-le-pcmt#primaryimage\"},\"thumbnailUrl\":\"https:\/\/static.africa-press.net\/tchad\/sites\/41\/2022\/07\/postQueueImg_13-62d05b39ceb35.jpg\",\"keywords\":[\"Africa Press\",\"Africa Press-Tchad\",\"Tchad\"],\"articleSection\":[\"homepage-french\",\"Politique\",\"Top Nouvelles\",\"Toutes les actualit\u00e9s\"],\"inLanguage\":\"fr-FR\",\"potentialAction\":[{\"@type\":\"CommentAction\",\"name\":\"Comment\",\"target\":[\"https:\/\/www.africa-press.net\/tchad\/politique\/situation-des-refugies-et-deplaces-le-patron-du-hcr-filippo-grandi-recu-par-le-pcmt#respond\"]}]},{\"@type\":\"WebPage\",\"@id\":\"https:\/\/www.africa-press.net\/tchad\/politique\/situation-des-refugies-et-deplaces-le-patron-du-hcr-filippo-grandi-recu-par-le-pcmt\",\"url\":\"https:\/\/www.africa-press.net\/tchad\/politique\/situation-des-refugies-et-deplaces-le-patron-du-hcr-filippo-grandi-recu-par-le-pcmt\",\"name\":\"SITUATION DES REFUGIES ET DEPLACES : Le Patron du HCR Filippo GRANDI re\u00e7u par le PCMT - tchad\",\"isPartOf\":{\"@id\":\"https:\/\/www.africa-press.net\/tchad\/#website\"},\"primaryImageOfPage\":{\"@id\":\"https:\/\/www.africa-press.net\/tchad\/politique\/situation-des-refugies-et-deplaces-le-patron-du-hcr-filippo-grandi-recu-par-le-pcmt#primaryimage\"},\"image\":{\"@id\":\"https:\/\/www.africa-press.net\/tchad\/politique\/situation-des-refugies-et-deplaces-le-patron-du-hcr-filippo-grandi-recu-par-le-pcmt#primaryimage\"},\"thumbnailUrl\":\"https:\/\/static.africa-press.net\/tchad\/sites\/41\/2022\/07\/postQueueImg_13-62d05b39ceb35.jpg\",\"datePublished\":\"2022-07-14T17:54:06+00:00\",\"dateModified\":\"2022-07-14T18:07:08+00:00\",\"author\":{\"@id\":\"https:\/\/www.africa-press.net\/tchad\/#\/schema\/person\/2b1cf3cd81a31e3cd26889ca66d677f1\"},\"description\":\"Le Pr\u00e9sident du Conseil Militaire de Transition, G\u00e9n\u00e9ral MAHAMAT IDRISS DEBY ITNO a re\u00e7u ce matin en audience M. Filippo ...\",\"breadcrumb\":{\"@id\":\"https:\/\/www.africa-press.net\/tchad\/politique\/situation-des-refugies-et-deplaces-le-patron-du-hcr-filippo-grandi-recu-par-le-pcmt#breadcrumb\"},\"inLanguage\":\"fr-FR\",\"potentialAction\":[{\"@type\":\"ReadAction\",\"target\":[\"https:\/\/www.africa-press.net\/tchad\/politique\/situation-des-refugies-et-deplaces-le-patron-du-hcr-filippo-grandi-recu-par-le-pcmt\"]}]},{\"@type\":\"ImageObject\",\"inLanguage\":\"fr-FR\",\"@id\":\"https:\/\/www.africa-press.net\/tchad\/politique\/situation-des-refugies-et-deplaces-le-patron-du-hcr-filippo-grandi-recu-par-le-pcmt#primaryimage\",\"url\":\"https:\/\/static.africa-press.net\/tchad\/sites\/41\/2022\/07\/postQueueImg_13-62d05b39ceb35.jpg\",\"contentUrl\":\"https:\/\/static.africa-press.net\/tchad\/sites\/41\/2022\/07\/postQueueImg_13-62d05b39ceb35.jpg\",\"width\":1023,\"height\":619,\"caption\":\"SITUATION DES REFUGIES ET DEPLACES : Le Patron du HCR Filippo GRANDI re\u00e7u par le PCMT\"},{\"@type\":\"BreadcrumbList\",\"@id\":\"https:\/\/www.africa-press.net\/tchad\/politique\/situation-des-refugies-et-deplaces-le-patron-du-hcr-filippo-grandi-recu-par-le-pcmt#breadcrumb\",\"itemListElement\":[{\"@type\":\"ListItem\",\"position\":1,\"name\":\"Accueil\",\"item\":\"https:\/\/www.africa-press.net\/tchad\/\"},{\"@type\":\"ListItem\",\"position\":2,\"name\":\"SITUATION DES REFUGIES ET DEPLACES : Le Patron du HCR Filippo GRANDI re\u00e7u par le PCMT\"}]},{\"@type\":\"WebSite\",\"@id\":\"https:\/\/www.africa-press.net\/tchad\/#website\",\"url\":\"https:\/\/www.africa-press.net\/tchad\/\",\"name\":\"tchad\",\"description\":\"Just another Africa News Agency Sites site\",\"potentialAction\":[{\"@type\":\"SearchAction\",\"target\":{\"@type\":\"EntryPoint\",\"urlTemplate\":\"https:\/\/www.africa-press.net\/tchad\/?s={search_term_string}\"},\"query-input\":{\"@type\":\"PropertyValueSpecification\",\"valueRequired\":true,\"valueName\":\"search_term_string\"}}],\"inLanguage\":\"fr-FR\"},{\"@type\":\"Person\",\"@id\":\"https:\/\/www.africa-press.net\/tchad\/#\/schema\/person\/2b1cf3cd81a31e3cd26889ca66d677f1\",\"name\":\"cfeditorfr\"}]}<\/script>\n<!-- \/ Yoast SEO Premium plugin. -->","yoast_head_json":{"title":"SITUATION DES REFUGIES ET DEPLACES : Le Patron du HCR Filippo GRANDI re\u00e7u par le PCMT - tchad","description":"Le Pr\u00e9sident du Conseil Militaire de Transition, G\u00e9n\u00e9ral MAHAMAT IDRISS DEBY ITNO a re\u00e7u ce matin en audience M. Filippo ...","robots":{"index":"index","follow":"follow","max-snippet":"max-snippet:-1","max-image-preview":"max-image-preview:large","max-video-preview":"max-video-preview:-1"},"canonical":"https:\/\/www.africa-press.net\/tchad\/politique\/situation-des-refugies-et-deplaces-le-patron-du-hcr-filippo-grandi-recu-par-le-pcmt","og_locale":"fr_FR","og_type":"article","og_title":"SITUATION DES REFUGIES ET DEPLACES : Le Patron du HCR Filippo GRANDI re\u00e7u par le PCMT","og_description":"Le Pr\u00e9sident du Conseil Militaire de Transition, G\u00e9n\u00e9ral MAHAMAT IDRISS DEBY ITNO a re\u00e7u ce matin en audience M. Filippo ...","og_url":"https:\/\/www.africa-press.net\/tchad\/politique\/situation-des-refugies-et-deplaces-le-patron-du-hcr-filippo-grandi-recu-par-le-pcmt","og_site_name":"tchad","article_published_time":"2022-07-14T17:54:06+00:00","article_modified_time":"2022-07-14T18:07:08+00:00","og_image":[{"width":1023,"height":619,"url":"https:\/\/static.africa-press.net\/tchad\/sites\/41\/2022\/07\/postQueueImg_13-62d05b39ceb35.jpg","type":"image\/jpeg"}],"author":"cfeditorfr","twitter_card":"summary_large_image","twitter_misc":{"\u00c9crit par":"cfeditorfr","Dur\u00e9e de lecture estim\u00e9e":"2 minutes"},"schema":{"@context":"https:\/\/schema.org","@graph":[{"@type":"Article","@id":"https:\/\/www.africa-press.net\/tchad\/politique\/situation-des-refugies-et-deplaces-le-patron-du-hcr-filippo-grandi-recu-par-le-pcmt#article","isPartOf":{"@id":"https:\/\/www.africa-press.net\/tchad\/politique\/situation-des-refugies-et-deplaces-le-patron-du-hcr-filippo-grandi-recu-par-le-pcmt"},"author":{"name":"cfeditorfr","@id":"https:\/\/www.africa-press.net\/tchad\/#\/schema\/person\/2b1cf3cd81a31e3cd26889ca66d677f1"},"headline":"SITUATION DES REFUGIES ET DEPLACES : Le Patron du HCR Filippo GRANDI re\u00e7u par le PCMT","datePublished":"2022-07-14T17:54:06+00:00","dateModified":"2022-07-14T18:07:08+00:00","mainEntityOfPage":{"@id":"https:\/\/www.africa-press.net\/tchad\/politique\/situation-des-refugies-et-deplaces-le-patron-du-hcr-filippo-grandi-recu-par-le-pcmt"},"wordCount":334,"commentCount":0,"image":{"@id":"https:\/\/www.africa-press.net\/tchad\/politique\/situation-des-refugies-et-deplaces-le-patron-du-hcr-filippo-grandi-recu-par-le-pcmt#primaryimage"},"thumbnailUrl":"https:\/\/static.africa-press.net\/tchad\/sites\/41\/2022\/07\/postQueueImg_13-62d05b39ceb35.jpg","keywords":["Africa Press","Africa Press-Tchad","Tchad"],"articleSection":["homepage-french","Politique","Top Nouvelles","Toutes les actualit\u00e9s"],"inLanguage":"fr-FR","potentialAction":[{"@type":"CommentAction","name":"Comment","target":["https:\/\/www.africa-press.net\/tchad\/politique\/situation-des-refugies-et-deplaces-le-patron-du-hcr-filippo-grandi-recu-par-le-pcmt#respond"]}]},{"@type":"WebPage","@id":"https:\/\/www.africa-press.net\/tchad\/politique\/situation-des-refugies-et-deplaces-le-patron-du-hcr-filippo-grandi-recu-par-le-pcmt","url":"https:\/\/www.africa-press.net\/tchad\/politique\/situation-des-refugies-et-deplaces-le-patron-du-hcr-filippo-grandi-recu-par-le-pcmt","name":"SITUATION DES REFUGIES ET DEPLACES : Le Patron du HCR Filippo GRANDI re\u00e7u par le PCMT - tchad","isPartOf":{"@id":"https:\/\/www.africa-press.net\/tchad\/#website"},"primaryImageOfPage":{"@id":"https:\/\/www.africa-press.net\/tchad\/politique\/situation-des-refugies-et-deplaces-le-patron-du-hcr-filippo-grandi-recu-par-le-pcmt#primaryimage"},"image":{"@id":"https:\/\/www.africa-press.net\/tchad\/politique\/situation-des-refugies-et-deplaces-le-patron-du-hcr-filippo-grandi-recu-par-le-pcmt#primaryimage"},"thumbnailUrl":"https:\/\/static.africa-press.net\/tchad\/sites\/41\/2022\/07\/postQueueImg_13-62d05b39ceb35.jpg","datePublished":"2022-07-14T17:54:06+00:00","dateModified":"2022-07-14T18:07:08+00:00","author":{"@id":"https:\/\/www.africa-press.net\/tchad\/#\/schema\/person\/2b1cf3cd81a31e3cd26889ca66d677f1"},"description":"Le Pr\u00e9sident du Conseil Militaire de Transition, G\u00e9n\u00e9ral MAHAMAT IDRISS DEBY ITNO a re\u00e7u ce matin en audience M. Filippo ...","breadcrumb":{"@id":"https:\/\/www.africa-press.net\/tchad\/politique\/situation-des-refugies-et-deplaces-le-patron-du-hcr-filippo-grandi-recu-par-le-pcmt#breadcrumb"},"inLanguage":"fr-FR","potentialAction":[{"@type":"ReadAction","target":["https:\/\/www.africa-press.net\/tchad\/politique\/situation-des-refugies-et-deplaces-le-patron-du-hcr-filippo-grandi-recu-par-le-pcmt"]}]},{"@type":"ImageObject","inLanguage":"fr-FR","@id":"https:\/\/www.africa-press.net\/tchad\/politique\/situation-des-refugies-et-deplaces-le-patron-du-hcr-filippo-grandi-recu-par-le-pcmt#primaryimage","url":"https:\/\/static.africa-press.net\/tchad\/sites\/41\/2022\/07\/postQueueImg_13-62d05b39ceb35.jpg","contentUrl":"https:\/\/static.africa-press.net\/tchad\/sites\/41\/2022\/07\/postQueueImg_13-62d05b39ceb35.jpg","width":1023,"height":619,"caption":"SITUATION DES REFUGIES ET DEPLACES : Le Patron du HCR Filippo GRANDI re\u00e7u par le PCMT"},{"@type":"BreadcrumbList","@id":"https:\/\/www.africa-press.net\/tchad\/politique\/situation-des-refugies-et-deplaces-le-patron-du-hcr-filippo-grandi-recu-par-le-pcmt#breadcrumb","itemListElement":[{"@type":"ListItem","position":1,"name":"Accueil","item":"https:\/\/www.africa-press.net\/tchad\/"},{"@type":"ListItem","position":2,"name":"SITUATION DES REFUGIES ET DEPLACES : Le Patron du HCR Filippo GRANDI re\u00e7u par le PCMT"}]},{"@type":"WebSite","@id":"https:\/\/www.africa-press.net\/tchad\/#website","url":"https:\/\/www.africa-press.net\/tchad\/","name":"tchad","description":"Just another Africa News Agency Sites site","potentialAction":[{"@type":"SearchAction","target":{"@type":"EntryPoint","urlTemplate":"https:\/\/www.africa-press.net\/tchad\/?s={search_term_string}"},"query-input":{"@type":"PropertyValueSpecification","valueRequired":true,"valueName":"search_term_string"}}],"inLanguage":"fr-FR"},{"@type":"Person","@id":"https:\/\/www.africa-press.net\/tchad\/#\/schema\/person\/2b1cf3cd81a31e3cd26889ca66d677f1","name":"cfeditorfr"}]}},"_links":{"self":[{"href":"https:\/\/www.africa-press.net\/tchad\/wp-json\/wp\/v2\/posts\/28878","targetHints":{"allow":["GET"]}}],"collection":[{"href":"https:\/\/www.africa-press.net\/tchad\/wp-json\/wp\/v2\/posts"}],"about":[{"href":"https:\/\/www.africa-press.net\/tchad\/wp-json\/wp\/v2\/types\/post"}],"author":[{"embeddable":true,"href":"https:\/\/www.africa-press.net\/tchad\/wp-json\/wp\/v2\/users\/82"}],"replies":[{"embeddable":true,"href":"https:\/\/www.africa-press.net\/tchad\/wp-json\/wp\/v2\/comments?post=28878"}],"version-history":[{"count":0,"href":"https:\/\/www.africa-press.net\/tchad\/wp-json\/wp\/v2\/posts\/28878\/revisions"}],"wp:featuredmedia":[{"embeddable":true,"href":"https:\/\/www.africa-press.net\/tchad\/wp-json\/wp\/v2\/media\/28877"}],"wp:attachment":[{"href":"https:\/\/www.africa-press.net\/tchad\/wp-json\/wp\/v2\/media?parent=28878"}],"wp:term":[{"taxonomy":"category","embeddable":true,"href":"https:\/\/www.africa-press.net\/tchad\/wp-json\/wp\/v2\/categories?post=28878"},{"taxonomy":"post_tag","embeddable":true,"href":"https:\/\/www.africa-press.net\/tchad\/wp-json\/wp\/v2\/tags?post=28878"}],"curies":[{"name":"wp","href":"https:\/\/api.w.org\/{rel}","templated":true}]}}