{"id":28881,"date":"2022-07-14T17:54:41","date_gmt":"2022-07-14T17:54:41","guid":{"rendered":"https:\/\/www.africa-press.net\/tchad\/politique\/aviation-le-directeur-general-de-lascena-echange-avec-le-pcmt"},"modified":"2022-07-14T18:07:31","modified_gmt":"2022-07-14T18:07:31","slug":"aviation-le-directeur-general-de-lascena-echange-avec-le-pcmt","status":"publish","type":"post","link":"https:\/\/www.africa-press.net\/tchad\/politique\/aviation-le-directeur-general-de-lascena-echange-avec-le-pcmt","title":{"rendered":"AVIATION : le Directeur G\u00e9n\u00e9ral de l\u2019ASCENA \u00e9change avec le PCMT"},"content":{"rendered":"<p><span style=\"color: #ff6600\"><strong>Africa-Press &#8211; Tchad. <\/strong><\/span>Le Pr\u00e9sident du Conseil Militaire de Transition, G\u00e9n\u00e9ral MAHAMAT IDRISS DEBY ITNO a \u00e9galement re\u00e7u ce matin le Directeur G\u00e9n\u00e9ral de l\u2019Agence pour la S\u00e9curit\u00e9 de la Navigation A\u00e9rienne en Afrique et \u00e0 Madagascar (ASECNA), M. Mohamed MOUSSA.<\/p>\n<p>La situation de l\u2019Agence suite \u00e0 la Covid-19 et les dossiers majeurs liant l\u2019ASECNA au Tchad ont \u00e9t\u00e9 \u00e9voqu\u00e9s au cours de l\u2019entrevue, avec un point d\u2019orgue sur le processus de mise aux normes des installations a\u00e9roportuaires au Tchad.<\/p>\n<p>M. Mohamed Moussa a mis \u00e0 profit cette audience pour informer le Chef de l\u2019Etat de la situation de l\u2019Agence avec ses 18 Etats membres dont le Tchad qui, de l\u2019avis du diplomate, joue un r\u00f4le important notamment du fait que le pays abrite un Centre de Contr\u00f4le R\u00e9gional \u00e0 partir duquel sont contr\u00f4l\u00e9s les espaces a\u00e9riens de plusieurs autres pays.<\/p>\n<p>Les perturbations intervenues dans le secteur \u00e0 la suite du Covid-19 ont \u00e9t\u00e9 \u00e9galement \u00e9voqu\u00e9es \u00e0 la lumi\u00e8re d\u2019un expos\u00e9 pr\u00e9sent\u00e9 par le Directeur G\u00e9n\u00e9ral de l\u2019ASECNA laissant croire que l\u2019Agence s\u2019en sort plut\u00f4t bien malgr\u00e9 cette pand\u00e9mie.<\/p>\n<p>Les dossiers majeurs en mati\u00e8re d\u2019aviation civile confi\u00e9s par le Tchad \u00e0 l\u2019ASECNA dans le cadre de la gestion des activit\u00e9s a\u00e9ronautiques nationales sont aussi pass\u00e9s au crible. La mise aux normes des a\u00e9roports de quelques villes du Tchad a particuli\u00e8rement int\u00e9ress\u00e9 le Chef de l\u2019Etat.<\/p>\n<p>C\u2019est rassur\u00e9 du soutien du Tchad aux activit\u00e9s de son organisation que le Directeur G\u00e9n\u00e9ral de l\u2019ASECNA a pris cong\u00e9 du Pr\u00e9sident de la R\u00e9publique, G\u00e9n\u00e9ral MAHAMAT IDRISS DEBY ITNO.<\/p>\n<p><strong>Pour plus d&rsquo;informations et d&rsquo;analyses sur la <a href=\"https:\/\/www.africa-press.net\/tchad\">Tchad<\/a>, suivez <a href=\"https:\/\/www.africa-press.net\/\">Africa-Press<\/a><\/strong><\/p>\n","protected":false},"excerpt":{"rendered":"<p>Africa-Press &#8211; Tchad. Le Pr\u00e9sident du Conseil Militaire de Transition, G\u00e9n\u00e9ral MAHAMAT IDRISS DEBY ITNO a \u00e9galement re\u00e7u ce matin le Directeur G\u00e9n\u00e9ral de l\u2019Agence pour la S\u00e9curit\u00e9 de la Navigation A\u00e9rienne en Afrique et \u00e0 Madagascar (ASECNA), M. Mohamed MOUSSA. La situation de l\u2019Agence suite \u00e0 la Covid-19 et les dossiers majeurs liant l\u2019ASECNA [&hellip;]<\/p>\n","protected":false},"author":82,"featured_media":28880,"comment_status":"open","ping_status":"closed","sticky":false,"template":"","format":"standard","meta":{"footnotes":""},"categories":[11,2,20,10],"tags":[37,292,29],"class_list":["post-28881","post","type-post","status-publish","format-standard","has-post-thumbnail","hentry","category-homepage-french","category-politique","category-top-nouvelles","category-toutes-les-actualites","tag-africa-press","tag-africa-press-tchad","tag-tchad"],"yoast_head":"<!-- This site is optimized with the Yoast SEO Premium plugin v26.1 (Yoast SEO v27.0) - https:\/\/yoast.com\/product\/yoast-seo-premium-wordpress\/ -->\n<title>AVIATION : le Directeur G\u00e9n\u00e9ral de l\u2019ASCENA \u00e9change avec le PCMT - tchad<\/title>\n<meta name=\"description\" content=\"Le Pr\u00e9sident du Conseil Militaire de Transition, G\u00e9n\u00e9ral MAHAMAT IDRISS DEBY ITNO a \u00e9galement re\u00e7u ce matin le Directeur ...\" \/>\n<meta name=\"robots\" content=\"index, follow, max-snippet:-1, max-image-preview:large, max-video-preview:-1\" \/>\n<link rel=\"canonical\" href=\"https:\/\/www.africa-press.net\/tchad\/politique\/aviation-le-directeur-general-de-lascena-echange-avec-le-pcmt\" \/>\n<meta property=\"og:locale\" content=\"fr_FR\" \/>\n<meta property=\"og:type\" content=\"article\" \/>\n<meta property=\"og:title\" content=\"AVIATION : le Directeur G\u00e9n\u00e9ral de l\u2019ASCENA \u00e9change avec le PCMT\" \/>\n<meta property=\"og:description\" content=\"Le Pr\u00e9sident du Conseil Militaire de Transition, G\u00e9n\u00e9ral MAHAMAT IDRISS DEBY ITNO a \u00e9galement re\u00e7u ce matin le Directeur ...\" \/>\n<meta property=\"og:url\" content=\"https:\/\/www.africa-press.net\/tchad\/politique\/aviation-le-directeur-general-de-lascena-echange-avec-le-pcmt\" \/>\n<meta property=\"og:site_name\" content=\"tchad\" \/>\n<meta property=\"article:published_time\" content=\"2022-07-14T17:54:41+00:00\" \/>\n<meta property=\"article:modified_time\" content=\"2022-07-14T18:07:31+00:00\" \/>\n<meta property=\"og:image\" content=\"https:\/\/static.africa-press.net\/tchad\/sites\/41\/2022\/07\/postQueueImg_14-62d05b52501f5.jpg\" \/>\n\t<meta property=\"og:image:width\" content=\"1022\" \/>\n\t<meta property=\"og:image:height\" content=\"619\" \/>\n\t<meta property=\"og:image:type\" content=\"image\/jpeg\" \/>\n<meta name=\"author\" content=\"cfeditorfr\" \/>\n<meta name=\"twitter:card\" content=\"summary_large_image\" \/>\n<meta name=\"twitter:label1\" content=\"\u00c9crit par\" \/>\n\t<meta name=\"twitter:data1\" content=\"cfeditorfr\" \/>\n\t<meta name=\"twitter:label2\" content=\"Dur\u00e9e de lecture estim\u00e9e\" \/>\n\t<meta name=\"twitter:data2\" content=\"2 minutes\" \/>\n<script type=\"application\/ld+json\" class=\"yoast-schema-graph\">{\"@context\":\"https:\/\/schema.org\",\"@graph\":[{\"@type\":\"Article\",\"@id\":\"https:\/\/www.africa-press.net\/tchad\/politique\/aviation-le-directeur-general-de-lascena-echange-avec-le-pcmt#article\",\"isPartOf\":{\"@id\":\"https:\/\/www.africa-press.net\/tchad\/politique\/aviation-le-directeur-general-de-lascena-echange-avec-le-pcmt\"},\"author\":{\"name\":\"cfeditorfr\",\"@id\":\"https:\/\/www.africa-press.net\/tchad\/#\/schema\/person\/2b1cf3cd81a31e3cd26889ca66d677f1\"},\"headline\":\"AVIATION : le Directeur G\u00e9n\u00e9ral de l\u2019ASCENA \u00e9change avec le PCMT\",\"datePublished\":\"2022-07-14T17:54:41+00:00\",\"dateModified\":\"2022-07-14T18:07:31+00:00\",\"mainEntityOfPage\":{\"@id\":\"https:\/\/www.africa-press.net\/tchad\/politique\/aviation-le-directeur-general-de-lascena-echange-avec-le-pcmt\"},\"wordCount\":327,\"commentCount\":0,\"image\":{\"@id\":\"https:\/\/www.africa-press.net\/tchad\/politique\/aviation-le-directeur-general-de-lascena-echange-avec-le-pcmt#primaryimage\"},\"thumbnailUrl\":\"https:\/\/static.africa-press.net\/tchad\/sites\/41\/2022\/07\/postQueueImg_14-62d05b52501f5.jpg\",\"keywords\":[\"Africa Press\",\"Africa Press-Tchad\",\"Tchad\"],\"articleSection\":[\"homepage-french\",\"Politique\",\"Top Nouvelles\",\"Toutes les actualit\u00e9s\"],\"inLanguage\":\"fr-FR\",\"potentialAction\":[{\"@type\":\"CommentAction\",\"name\":\"Comment\",\"target\":[\"https:\/\/www.africa-press.net\/tchad\/politique\/aviation-le-directeur-general-de-lascena-echange-avec-le-pcmt#respond\"]}]},{\"@type\":\"WebPage\",\"@id\":\"https:\/\/www.africa-press.net\/tchad\/politique\/aviation-le-directeur-general-de-lascena-echange-avec-le-pcmt\",\"url\":\"https:\/\/www.africa-press.net\/tchad\/politique\/aviation-le-directeur-general-de-lascena-echange-avec-le-pcmt\",\"name\":\"AVIATION : le Directeur G\u00e9n\u00e9ral de l\u2019ASCENA \u00e9change avec le PCMT - tchad\",\"isPartOf\":{\"@id\":\"https:\/\/www.africa-press.net\/tchad\/#website\"},\"primaryImageOfPage\":{\"@id\":\"https:\/\/www.africa-press.net\/tchad\/politique\/aviation-le-directeur-general-de-lascena-echange-avec-le-pcmt#primaryimage\"},\"image\":{\"@id\":\"https:\/\/www.africa-press.net\/tchad\/politique\/aviation-le-directeur-general-de-lascena-echange-avec-le-pcmt#primaryimage\"},\"thumbnailUrl\":\"https:\/\/static.africa-press.net\/tchad\/sites\/41\/2022\/07\/postQueueImg_14-62d05b52501f5.jpg\",\"datePublished\":\"2022-07-14T17:54:41+00:00\",\"dateModified\":\"2022-07-14T18:07:31+00:00\",\"author\":{\"@id\":\"https:\/\/www.africa-press.net\/tchad\/#\/schema\/person\/2b1cf3cd81a31e3cd26889ca66d677f1\"},\"description\":\"Le Pr\u00e9sident du Conseil Militaire de Transition, G\u00e9n\u00e9ral MAHAMAT IDRISS DEBY ITNO a \u00e9galement re\u00e7u ce matin le Directeur ...\",\"breadcrumb\":{\"@id\":\"https:\/\/www.africa-press.net\/tchad\/politique\/aviation-le-directeur-general-de-lascena-echange-avec-le-pcmt#breadcrumb\"},\"inLanguage\":\"fr-FR\",\"potentialAction\":[{\"@type\":\"ReadAction\",\"target\":[\"https:\/\/www.africa-press.net\/tchad\/politique\/aviation-le-directeur-general-de-lascena-echange-avec-le-pcmt\"]}]},{\"@type\":\"ImageObject\",\"inLanguage\":\"fr-FR\",\"@id\":\"https:\/\/www.africa-press.net\/tchad\/politique\/aviation-le-directeur-general-de-lascena-echange-avec-le-pcmt#primaryimage\",\"url\":\"https:\/\/static.africa-press.net\/tchad\/sites\/41\/2022\/07\/postQueueImg_14-62d05b52501f5.jpg\",\"contentUrl\":\"https:\/\/static.africa-press.net\/tchad\/sites\/41\/2022\/07\/postQueueImg_14-62d05b52501f5.jpg\",\"width\":1022,\"height\":619,\"caption\":\"AVIATION : le Directeur G\u00e9n\u00e9ral de l\u2019ASCENA \u00e9change avec le PCMT\"},{\"@type\":\"BreadcrumbList\",\"@id\":\"https:\/\/www.africa-press.net\/tchad\/politique\/aviation-le-directeur-general-de-lascena-echange-avec-le-pcmt#breadcrumb\",\"itemListElement\":[{\"@type\":\"ListItem\",\"position\":1,\"name\":\"Accueil\",\"item\":\"https:\/\/www.africa-press.net\/tchad\/\"},{\"@type\":\"ListItem\",\"position\":2,\"name\":\"AVIATION : le Directeur G\u00e9n\u00e9ral de l\u2019ASCENA \u00e9change avec le PCMT\"}]},{\"@type\":\"WebSite\",\"@id\":\"https:\/\/www.africa-press.net\/tchad\/#website\",\"url\":\"https:\/\/www.africa-press.net\/tchad\/\",\"name\":\"tchad\",\"description\":\"Just another Africa News Agency Sites site\",\"potentialAction\":[{\"@type\":\"SearchAction\",\"target\":{\"@type\":\"EntryPoint\",\"urlTemplate\":\"https:\/\/www.africa-press.net\/tchad\/?s={search_term_string}\"},\"query-input\":{\"@type\":\"PropertyValueSpecification\",\"valueRequired\":true,\"valueName\":\"search_term_string\"}}],\"inLanguage\":\"fr-FR\"},{\"@type\":\"Person\",\"@id\":\"https:\/\/www.africa-press.net\/tchad\/#\/schema\/person\/2b1cf3cd81a31e3cd26889ca66d677f1\",\"name\":\"cfeditorfr\"}]}<\/script>\n<!-- \/ Yoast SEO Premium plugin. -->","yoast_head_json":{"title":"AVIATION : le Directeur G\u00e9n\u00e9ral de l\u2019ASCENA \u00e9change avec le PCMT - tchad","description":"Le Pr\u00e9sident du Conseil Militaire de Transition, G\u00e9n\u00e9ral MAHAMAT IDRISS DEBY ITNO a \u00e9galement re\u00e7u ce matin le Directeur ...","robots":{"index":"index","follow":"follow","max-snippet":"max-snippet:-1","max-image-preview":"max-image-preview:large","max-video-preview":"max-video-preview:-1"},"canonical":"https:\/\/www.africa-press.net\/tchad\/politique\/aviation-le-directeur-general-de-lascena-echange-avec-le-pcmt","og_locale":"fr_FR","og_type":"article","og_title":"AVIATION : le Directeur G\u00e9n\u00e9ral de l\u2019ASCENA \u00e9change avec le PCMT","og_description":"Le Pr\u00e9sident du Conseil Militaire de Transition, G\u00e9n\u00e9ral MAHAMAT IDRISS DEBY ITNO a \u00e9galement re\u00e7u ce matin le Directeur ...","og_url":"https:\/\/www.africa-press.net\/tchad\/politique\/aviation-le-directeur-general-de-lascena-echange-avec-le-pcmt","og_site_name":"tchad","article_published_time":"2022-07-14T17:54:41+00:00","article_modified_time":"2022-07-14T18:07:31+00:00","og_image":[{"width":1022,"height":619,"url":"https:\/\/static.africa-press.net\/tchad\/sites\/41\/2022\/07\/postQueueImg_14-62d05b52501f5.jpg","type":"image\/jpeg"}],"author":"cfeditorfr","twitter_card":"summary_large_image","twitter_misc":{"\u00c9crit par":"cfeditorfr","Dur\u00e9e de lecture estim\u00e9e":"2 minutes"},"schema":{"@context":"https:\/\/schema.org","@graph":[{"@type":"Article","@id":"https:\/\/www.africa-press.net\/tchad\/politique\/aviation-le-directeur-general-de-lascena-echange-avec-le-pcmt#article","isPartOf":{"@id":"https:\/\/www.africa-press.net\/tchad\/politique\/aviation-le-directeur-general-de-lascena-echange-avec-le-pcmt"},"author":{"name":"cfeditorfr","@id":"https:\/\/www.africa-press.net\/tchad\/#\/schema\/person\/2b1cf3cd81a31e3cd26889ca66d677f1"},"headline":"AVIATION : le Directeur G\u00e9n\u00e9ral de l\u2019ASCENA \u00e9change avec le PCMT","datePublished":"2022-07-14T17:54:41+00:00","dateModified":"2022-07-14T18:07:31+00:00","mainEntityOfPage":{"@id":"https:\/\/www.africa-press.net\/tchad\/politique\/aviation-le-directeur-general-de-lascena-echange-avec-le-pcmt"},"wordCount":327,"commentCount":0,"image":{"@id":"https:\/\/www.africa-press.net\/tchad\/politique\/aviation-le-directeur-general-de-lascena-echange-avec-le-pcmt#primaryimage"},"thumbnailUrl":"https:\/\/static.africa-press.net\/tchad\/sites\/41\/2022\/07\/postQueueImg_14-62d05b52501f5.jpg","keywords":["Africa Press","Africa Press-Tchad","Tchad"],"articleSection":["homepage-french","Politique","Top Nouvelles","Toutes les actualit\u00e9s"],"inLanguage":"fr-FR","potentialAction":[{"@type":"CommentAction","name":"Comment","target":["https:\/\/www.africa-press.net\/tchad\/politique\/aviation-le-directeur-general-de-lascena-echange-avec-le-pcmt#respond"]}]},{"@type":"WebPage","@id":"https:\/\/www.africa-press.net\/tchad\/politique\/aviation-le-directeur-general-de-lascena-echange-avec-le-pcmt","url":"https:\/\/www.africa-press.net\/tchad\/politique\/aviation-le-directeur-general-de-lascena-echange-avec-le-pcmt","name":"AVIATION : le Directeur G\u00e9n\u00e9ral de l\u2019ASCENA \u00e9change avec le PCMT - tchad","isPartOf":{"@id":"https:\/\/www.africa-press.net\/tchad\/#website"},"primaryImageOfPage":{"@id":"https:\/\/www.africa-press.net\/tchad\/politique\/aviation-le-directeur-general-de-lascena-echange-avec-le-pcmt#primaryimage"},"image":{"@id":"https:\/\/www.africa-press.net\/tchad\/politique\/aviation-le-directeur-general-de-lascena-echange-avec-le-pcmt#primaryimage"},"thumbnailUrl":"https:\/\/static.africa-press.net\/tchad\/sites\/41\/2022\/07\/postQueueImg_14-62d05b52501f5.jpg","datePublished":"2022-07-14T17:54:41+00:00","dateModified":"2022-07-14T18:07:31+00:00","author":{"@id":"https:\/\/www.africa-press.net\/tchad\/#\/schema\/person\/2b1cf3cd81a31e3cd26889ca66d677f1"},"description":"Le Pr\u00e9sident du Conseil Militaire de Transition, G\u00e9n\u00e9ral MAHAMAT IDRISS DEBY ITNO a \u00e9galement re\u00e7u ce matin le Directeur ...","breadcrumb":{"@id":"https:\/\/www.africa-press.net\/tchad\/politique\/aviation-le-directeur-general-de-lascena-echange-avec-le-pcmt#breadcrumb"},"inLanguage":"fr-FR","potentialAction":[{"@type":"ReadAction","target":["https:\/\/www.africa-press.net\/tchad\/politique\/aviation-le-directeur-general-de-lascena-echange-avec-le-pcmt"]}]},{"@type":"ImageObject","inLanguage":"fr-FR","@id":"https:\/\/www.africa-press.net\/tchad\/politique\/aviation-le-directeur-general-de-lascena-echange-avec-le-pcmt#primaryimage","url":"https:\/\/static.africa-press.net\/tchad\/sites\/41\/2022\/07\/postQueueImg_14-62d05b52501f5.jpg","contentUrl":"https:\/\/static.africa-press.net\/tchad\/sites\/41\/2022\/07\/postQueueImg_14-62d05b52501f5.jpg","width":1022,"height":619,"caption":"AVIATION : le Directeur G\u00e9n\u00e9ral de l\u2019ASCENA \u00e9change avec le PCMT"},{"@type":"BreadcrumbList","@id":"https:\/\/www.africa-press.net\/tchad\/politique\/aviation-le-directeur-general-de-lascena-echange-avec-le-pcmt#breadcrumb","itemListElement":[{"@type":"ListItem","position":1,"name":"Accueil","item":"https:\/\/www.africa-press.net\/tchad\/"},{"@type":"ListItem","position":2,"name":"AVIATION : le Directeur G\u00e9n\u00e9ral de l\u2019ASCENA \u00e9change avec le PCMT"}]},{"@type":"WebSite","@id":"https:\/\/www.africa-press.net\/tchad\/#website","url":"https:\/\/www.africa-press.net\/tchad\/","name":"tchad","description":"Just another Africa News Agency Sites site","potentialAction":[{"@type":"SearchAction","target":{"@type":"EntryPoint","urlTemplate":"https:\/\/www.africa-press.net\/tchad\/?s={search_term_string}"},"query-input":{"@type":"PropertyValueSpecification","valueRequired":true,"valueName":"search_term_string"}}],"inLanguage":"fr-FR"},{"@type":"Person","@id":"https:\/\/www.africa-press.net\/tchad\/#\/schema\/person\/2b1cf3cd81a31e3cd26889ca66d677f1","name":"cfeditorfr"}]}},"_links":{"self":[{"href":"https:\/\/www.africa-press.net\/tchad\/wp-json\/wp\/v2\/posts\/28881","targetHints":{"allow":["GET"]}}],"collection":[{"href":"https:\/\/www.africa-press.net\/tchad\/wp-json\/wp\/v2\/posts"}],"about":[{"href":"https:\/\/www.africa-press.net\/tchad\/wp-json\/wp\/v2\/types\/post"}],"author":[{"embeddable":true,"href":"https:\/\/www.africa-press.net\/tchad\/wp-json\/wp\/v2\/users\/82"}],"replies":[{"embeddable":true,"href":"https:\/\/www.africa-press.net\/tchad\/wp-json\/wp\/v2\/comments?post=28881"}],"version-history":[{"count":0,"href":"https:\/\/www.africa-press.net\/tchad\/wp-json\/wp\/v2\/posts\/28881\/revisions"}],"wp:featuredmedia":[{"embeddable":true,"href":"https:\/\/www.africa-press.net\/tchad\/wp-json\/wp\/v2\/media\/28880"}],"wp:attachment":[{"href":"https:\/\/www.africa-press.net\/tchad\/wp-json\/wp\/v2\/media?parent=28881"}],"wp:term":[{"taxonomy":"category","embeddable":true,"href":"https:\/\/www.africa-press.net\/tchad\/wp-json\/wp\/v2\/categories?post=28881"},{"taxonomy":"post_tag","embeddable":true,"href":"https:\/\/www.africa-press.net\/tchad\/wp-json\/wp\/v2\/tags?post=28881"}],"curies":[{"name":"wp","href":"https:\/\/api.w.org\/{rel}","templated":true}]}}