{"id":28899,"date":"2022-07-15T17:54:43","date_gmt":"2022-07-15T17:54:43","guid":{"rendered":"https:\/\/www.africa-press.net\/tchad\/politique\/la-campagne-de-vaccination-contre-le-covid-19-lance"},"modified":"2022-07-15T18:11:37","modified_gmt":"2022-07-15T18:11:37","slug":"la-campagne-de-vaccination-contre-le-covid-19-lance","status":"publish","type":"post","link":"https:\/\/www.africa-press.net\/tchad\/toutes-les-actualites\/la-campagne-de-vaccination-contre-le-covid-19-lance","title":{"rendered":"la campagne de vaccination contre le Covid-19 lanc\u00e9"},"content":{"rendered":"<p><span style=\"color: #ff6600\"><strong>Africa-Press &#8211; Tchad. <\/strong><\/span><b>La campagne de vaccination contre la Covid-19 a d\u00e9marr\u00e9 le 14 juillet 2022 dans certaines provinces. Elle va se poursuivre jusqu\u2019au 23 juillet 2022. La caravane a d\u00e9marr\u00e9 \u00e0 N\u2019Djamena, Bol et Ati.<\/b><\/p>\n<p>L\u2019objectif de cette campagne de vaccination est d\u2019assurer une immunit\u00e9 collective chez la population cible de 18 ans et plus afin de contribuer \u00e0 la r\u00e9duction de la morbidit\u00e9 et de la mortalit\u00e9 li\u00e9es \u00e0 la Covid-19. A N\u2019Djamena, c\u2019est le d\u00e9l\u00e9gu\u00e9 du gouvernement aupr\u00e8s de la commune qui a donn\u00e9 le coup d\u2019envoi de la caravane. Il a exhort\u00e9 les populations \u00e0 se faire vacciner massivement pour \u00eatre \u00e0 l\u2019abri de la covid19.<\/p>\n<p>Le d\u00e9l\u00e9gu\u00e9 provincial sanitaire du Lac a proc\u00e9d\u00e9 \u00e0 la m\u00eame op\u00e9ration du c\u00f4t\u00e9 de Bol. Dr Lackn\u00e9 Bademana Michelot explique que, les vaccins contre le covid-19 conf\u00e8rent une protection contre la maladie en d\u00e9clenchant une r\u00e9ponse immunitaire contre le virus. \u00ab L\u2019immunit\u00e9 acquise gr\u00e2ce \u00e0 la vaccination r\u00e9duit le risque de d\u00e9velopper la maladie et ses cons\u00e9quences \u00bb, ajoute-t-il. Il appelle \u00e9galement les citoyens \u00e0 se faire vacciner massivement.<\/p>\n<p><strong>Pour plus d&rsquo;informations et d&rsquo;analyses sur la <a href=\"https:\/\/www.africa-press.net\/tchad\">Tchad<\/a>, suivez <a href=\"https:\/\/www.africa-press.net\/\">Africa-Press<\/a><\/strong><\/p>\n","protected":false},"excerpt":{"rendered":"<p>Africa-Press &#8211; Tchad. La campagne de vaccination contre la Covid-19 a d\u00e9marr\u00e9 le 14 juillet 2022 dans certaines provinces. Elle va se poursuivre jusqu\u2019au 23 juillet 2022. La caravane a d\u00e9marr\u00e9 \u00e0 N\u2019Djamena, Bol et Ati. L\u2019objectif de cette campagne de vaccination est d\u2019assurer une immunit\u00e9 collective chez la population cible de 18 ans et [&hellip;]<\/p>\n","protected":false},"author":82,"featured_media":28898,"comment_status":"open","ping_status":"closed","sticky":false,"template":"","format":"standard","meta":{"footnotes":""},"categories":[21,11,10],"tags":[37,292,569,89,29],"class_list":["post-28899","post","type-post","status-publish","format-standard","has-post-thumbnail","hentry","category-communaute","category-homepage-french","category-toutes-les-actualites","tag-africa-press","tag-africa-press-tchad","tag-campagne-de-vaccination","tag-covid-19","tag-tchad"],"yoast_head":"<!-- This site is optimized with the Yoast SEO Premium plugin v26.1 (Yoast SEO v27.0) - https:\/\/yoast.com\/product\/yoast-seo-premium-wordpress\/ -->\n<title>la campagne de vaccination contre le Covid-19 lanc\u00e9 - tchad<\/title>\n<meta name=\"description\" content=\"La campagne de vaccination contre la Covid-19 a d\u00e9marr\u00e9 le 14 juillet 2022 dans certaines provinces. Elle va se pours ...\" \/>\n<meta name=\"robots\" content=\"index, follow, max-snippet:-1, max-image-preview:large, max-video-preview:-1\" \/>\n<link rel=\"canonical\" href=\"https:\/\/www.africa-press.net\/tchad\/toutes-les-actualites\/la-campagne-de-vaccination-contre-le-covid-19-lance\" \/>\n<meta property=\"og:locale\" content=\"fr_FR\" \/>\n<meta property=\"og:type\" content=\"article\" \/>\n<meta property=\"og:title\" content=\"la campagne de vaccination contre le Covid-19 lanc\u00e9\" \/>\n<meta property=\"og:description\" content=\"La campagne de vaccination contre la Covid-19 a d\u00e9marr\u00e9 le 14 juillet 2022 dans certaines provinces. Elle va se pours ...\" \/>\n<meta property=\"og:url\" content=\"https:\/\/www.africa-press.net\/tchad\/toutes-les-actualites\/la-campagne-de-vaccination-contre-le-covid-19-lance\" \/>\n<meta property=\"og:site_name\" content=\"tchad\" \/>\n<meta property=\"article:published_time\" content=\"2022-07-15T17:54:43+00:00\" \/>\n<meta property=\"article:modified_time\" content=\"2022-07-15T18:11:37+00:00\" \/>\n<meta property=\"og:image\" content=\"https:\/\/static.africa-press.net\/tchad\/sites\/41\/2022\/07\/postQueueImg_2-62d1adc0e44bf.jpg\" \/>\n\t<meta property=\"og:image:width\" content=\"780\" \/>\n\t<meta property=\"og:image:height\" content=\"440\" \/>\n\t<meta property=\"og:image:type\" content=\"image\/jpeg\" \/>\n<meta name=\"author\" content=\"cfeditorfr\" \/>\n<meta name=\"twitter:card\" content=\"summary_large_image\" \/>\n<meta name=\"twitter:label1\" content=\"\u00c9crit par\" \/>\n\t<meta name=\"twitter:data1\" content=\"cfeditorfr\" \/>\n\t<meta name=\"twitter:label2\" content=\"Dur\u00e9e de lecture estim\u00e9e\" \/>\n\t<meta name=\"twitter:data2\" content=\"1 minute\" \/>\n<script type=\"application\/ld+json\" class=\"yoast-schema-graph\">{\"@context\":\"https:\/\/schema.org\",\"@graph\":[{\"@type\":\"Article\",\"@id\":\"https:\/\/www.africa-press.net\/tchad\/toutes-les-actualites\/la-campagne-de-vaccination-contre-le-covid-19-lance#article\",\"isPartOf\":{\"@id\":\"https:\/\/www.africa-press.net\/tchad\/toutes-les-actualites\/la-campagne-de-vaccination-contre-le-covid-19-lance\"},\"author\":{\"name\":\"cfeditorfr\",\"@id\":\"https:\/\/www.africa-press.net\/tchad\/#\/schema\/person\/2b1cf3cd81a31e3cd26889ca66d677f1\"},\"headline\":\"la campagne de vaccination contre le Covid-19 lanc\u00e9\",\"datePublished\":\"2022-07-15T17:54:43+00:00\",\"dateModified\":\"2022-07-15T18:11:37+00:00\",\"mainEntityOfPage\":{\"@id\":\"https:\/\/www.africa-press.net\/tchad\/toutes-les-actualites\/la-campagne-de-vaccination-contre-le-covid-19-lance\"},\"wordCount\":214,\"commentCount\":0,\"image\":{\"@id\":\"https:\/\/www.africa-press.net\/tchad\/toutes-les-actualites\/la-campagne-de-vaccination-contre-le-covid-19-lance#primaryimage\"},\"thumbnailUrl\":\"https:\/\/static.africa-press.net\/tchad\/sites\/41\/2022\/07\/postQueueImg_2-62d1adc0e44bf.jpg\",\"keywords\":[\"Africa Press\",\"Africa Press-Tchad\",\"campagne de vaccination\",\"COVID 19\",\"Tchad\"],\"articleSection\":[\"Communaut\u00e9\",\"homepage-french\",\"Toutes les actualit\u00e9s\"],\"inLanguage\":\"fr-FR\",\"potentialAction\":[{\"@type\":\"CommentAction\",\"name\":\"Comment\",\"target\":[\"https:\/\/www.africa-press.net\/tchad\/toutes-les-actualites\/la-campagne-de-vaccination-contre-le-covid-19-lance#respond\"]}]},{\"@type\":\"WebPage\",\"@id\":\"https:\/\/www.africa-press.net\/tchad\/toutes-les-actualites\/la-campagne-de-vaccination-contre-le-covid-19-lance\",\"url\":\"https:\/\/www.africa-press.net\/tchad\/toutes-les-actualites\/la-campagne-de-vaccination-contre-le-covid-19-lance\",\"name\":\"la campagne de vaccination contre le Covid-19 lanc\u00e9 - tchad\",\"isPartOf\":{\"@id\":\"https:\/\/www.africa-press.net\/tchad\/#website\"},\"primaryImageOfPage\":{\"@id\":\"https:\/\/www.africa-press.net\/tchad\/toutes-les-actualites\/la-campagne-de-vaccination-contre-le-covid-19-lance#primaryimage\"},\"image\":{\"@id\":\"https:\/\/www.africa-press.net\/tchad\/toutes-les-actualites\/la-campagne-de-vaccination-contre-le-covid-19-lance#primaryimage\"},\"thumbnailUrl\":\"https:\/\/static.africa-press.net\/tchad\/sites\/41\/2022\/07\/postQueueImg_2-62d1adc0e44bf.jpg\",\"datePublished\":\"2022-07-15T17:54:43+00:00\",\"dateModified\":\"2022-07-15T18:11:37+00:00\",\"author\":{\"@id\":\"https:\/\/www.africa-press.net\/tchad\/#\/schema\/person\/2b1cf3cd81a31e3cd26889ca66d677f1\"},\"description\":\"La campagne de vaccination contre la Covid-19 a d\u00e9marr\u00e9 le 14 juillet 2022 dans certaines provinces. Elle va se pours ...\",\"breadcrumb\":{\"@id\":\"https:\/\/www.africa-press.net\/tchad\/toutes-les-actualites\/la-campagne-de-vaccination-contre-le-covid-19-lance#breadcrumb\"},\"inLanguage\":\"fr-FR\",\"potentialAction\":[{\"@type\":\"ReadAction\",\"target\":[\"https:\/\/www.africa-press.net\/tchad\/toutes-les-actualites\/la-campagne-de-vaccination-contre-le-covid-19-lance\"]}]},{\"@type\":\"ImageObject\",\"inLanguage\":\"fr-FR\",\"@id\":\"https:\/\/www.africa-press.net\/tchad\/toutes-les-actualites\/la-campagne-de-vaccination-contre-le-covid-19-lance#primaryimage\",\"url\":\"https:\/\/static.africa-press.net\/tchad\/sites\/41\/2022\/07\/postQueueImg_2-62d1adc0e44bf.jpg\",\"contentUrl\":\"https:\/\/static.africa-press.net\/tchad\/sites\/41\/2022\/07\/postQueueImg_2-62d1adc0e44bf.jpg\",\"width\":780,\"height\":440,\"caption\":\"la campagne de vaccination contre le Covid-19 lanc\u00e9\"},{\"@type\":\"BreadcrumbList\",\"@id\":\"https:\/\/www.africa-press.net\/tchad\/toutes-les-actualites\/la-campagne-de-vaccination-contre-le-covid-19-lance#breadcrumb\",\"itemListElement\":[{\"@type\":\"ListItem\",\"position\":1,\"name\":\"Accueil\",\"item\":\"https:\/\/www.africa-press.net\/tchad\/\"},{\"@type\":\"ListItem\",\"position\":2,\"name\":\"la campagne de vaccination contre le Covid-19 lanc\u00e9\"}]},{\"@type\":\"WebSite\",\"@id\":\"https:\/\/www.africa-press.net\/tchad\/#website\",\"url\":\"https:\/\/www.africa-press.net\/tchad\/\",\"name\":\"tchad\",\"description\":\"Just another Africa News Agency Sites site\",\"potentialAction\":[{\"@type\":\"SearchAction\",\"target\":{\"@type\":\"EntryPoint\",\"urlTemplate\":\"https:\/\/www.africa-press.net\/tchad\/?s={search_term_string}\"},\"query-input\":{\"@type\":\"PropertyValueSpecification\",\"valueRequired\":true,\"valueName\":\"search_term_string\"}}],\"inLanguage\":\"fr-FR\"},{\"@type\":\"Person\",\"@id\":\"https:\/\/www.africa-press.net\/tchad\/#\/schema\/person\/2b1cf3cd81a31e3cd26889ca66d677f1\",\"name\":\"cfeditorfr\"}]}<\/script>\n<!-- \/ Yoast SEO Premium plugin. -->","yoast_head_json":{"title":"la campagne de vaccination contre le Covid-19 lanc\u00e9 - tchad","description":"La campagne de vaccination contre la Covid-19 a d\u00e9marr\u00e9 le 14 juillet 2022 dans certaines provinces. Elle va se pours ...","robots":{"index":"index","follow":"follow","max-snippet":"max-snippet:-1","max-image-preview":"max-image-preview:large","max-video-preview":"max-video-preview:-1"},"canonical":"https:\/\/www.africa-press.net\/tchad\/toutes-les-actualites\/la-campagne-de-vaccination-contre-le-covid-19-lance","og_locale":"fr_FR","og_type":"article","og_title":"la campagne de vaccination contre le Covid-19 lanc\u00e9","og_description":"La campagne de vaccination contre la Covid-19 a d\u00e9marr\u00e9 le 14 juillet 2022 dans certaines provinces. Elle va se pours ...","og_url":"https:\/\/www.africa-press.net\/tchad\/toutes-les-actualites\/la-campagne-de-vaccination-contre-le-covid-19-lance","og_site_name":"tchad","article_published_time":"2022-07-15T17:54:43+00:00","article_modified_time":"2022-07-15T18:11:37+00:00","og_image":[{"width":780,"height":440,"url":"https:\/\/static.africa-press.net\/tchad\/sites\/41\/2022\/07\/postQueueImg_2-62d1adc0e44bf.jpg","type":"image\/jpeg"}],"author":"cfeditorfr","twitter_card":"summary_large_image","twitter_misc":{"\u00c9crit par":"cfeditorfr","Dur\u00e9e de lecture estim\u00e9e":"1 minute"},"schema":{"@context":"https:\/\/schema.org","@graph":[{"@type":"Article","@id":"https:\/\/www.africa-press.net\/tchad\/toutes-les-actualites\/la-campagne-de-vaccination-contre-le-covid-19-lance#article","isPartOf":{"@id":"https:\/\/www.africa-press.net\/tchad\/toutes-les-actualites\/la-campagne-de-vaccination-contre-le-covid-19-lance"},"author":{"name":"cfeditorfr","@id":"https:\/\/www.africa-press.net\/tchad\/#\/schema\/person\/2b1cf3cd81a31e3cd26889ca66d677f1"},"headline":"la campagne de vaccination contre le Covid-19 lanc\u00e9","datePublished":"2022-07-15T17:54:43+00:00","dateModified":"2022-07-15T18:11:37+00:00","mainEntityOfPage":{"@id":"https:\/\/www.africa-press.net\/tchad\/toutes-les-actualites\/la-campagne-de-vaccination-contre-le-covid-19-lance"},"wordCount":214,"commentCount":0,"image":{"@id":"https:\/\/www.africa-press.net\/tchad\/toutes-les-actualites\/la-campagne-de-vaccination-contre-le-covid-19-lance#primaryimage"},"thumbnailUrl":"https:\/\/static.africa-press.net\/tchad\/sites\/41\/2022\/07\/postQueueImg_2-62d1adc0e44bf.jpg","keywords":["Africa Press","Africa Press-Tchad","campagne de vaccination","COVID 19","Tchad"],"articleSection":["Communaut\u00e9","homepage-french","Toutes les actualit\u00e9s"],"inLanguage":"fr-FR","potentialAction":[{"@type":"CommentAction","name":"Comment","target":["https:\/\/www.africa-press.net\/tchad\/toutes-les-actualites\/la-campagne-de-vaccination-contre-le-covid-19-lance#respond"]}]},{"@type":"WebPage","@id":"https:\/\/www.africa-press.net\/tchad\/toutes-les-actualites\/la-campagne-de-vaccination-contre-le-covid-19-lance","url":"https:\/\/www.africa-press.net\/tchad\/toutes-les-actualites\/la-campagne-de-vaccination-contre-le-covid-19-lance","name":"la campagne de vaccination contre le Covid-19 lanc\u00e9 - tchad","isPartOf":{"@id":"https:\/\/www.africa-press.net\/tchad\/#website"},"primaryImageOfPage":{"@id":"https:\/\/www.africa-press.net\/tchad\/toutes-les-actualites\/la-campagne-de-vaccination-contre-le-covid-19-lance#primaryimage"},"image":{"@id":"https:\/\/www.africa-press.net\/tchad\/toutes-les-actualites\/la-campagne-de-vaccination-contre-le-covid-19-lance#primaryimage"},"thumbnailUrl":"https:\/\/static.africa-press.net\/tchad\/sites\/41\/2022\/07\/postQueueImg_2-62d1adc0e44bf.jpg","datePublished":"2022-07-15T17:54:43+00:00","dateModified":"2022-07-15T18:11:37+00:00","author":{"@id":"https:\/\/www.africa-press.net\/tchad\/#\/schema\/person\/2b1cf3cd81a31e3cd26889ca66d677f1"},"description":"La campagne de vaccination contre la Covid-19 a d\u00e9marr\u00e9 le 14 juillet 2022 dans certaines provinces. Elle va se pours ...","breadcrumb":{"@id":"https:\/\/www.africa-press.net\/tchad\/toutes-les-actualites\/la-campagne-de-vaccination-contre-le-covid-19-lance#breadcrumb"},"inLanguage":"fr-FR","potentialAction":[{"@type":"ReadAction","target":["https:\/\/www.africa-press.net\/tchad\/toutes-les-actualites\/la-campagne-de-vaccination-contre-le-covid-19-lance"]}]},{"@type":"ImageObject","inLanguage":"fr-FR","@id":"https:\/\/www.africa-press.net\/tchad\/toutes-les-actualites\/la-campagne-de-vaccination-contre-le-covid-19-lance#primaryimage","url":"https:\/\/static.africa-press.net\/tchad\/sites\/41\/2022\/07\/postQueueImg_2-62d1adc0e44bf.jpg","contentUrl":"https:\/\/static.africa-press.net\/tchad\/sites\/41\/2022\/07\/postQueueImg_2-62d1adc0e44bf.jpg","width":780,"height":440,"caption":"la campagne de vaccination contre le Covid-19 lanc\u00e9"},{"@type":"BreadcrumbList","@id":"https:\/\/www.africa-press.net\/tchad\/toutes-les-actualites\/la-campagne-de-vaccination-contre-le-covid-19-lance#breadcrumb","itemListElement":[{"@type":"ListItem","position":1,"name":"Accueil","item":"https:\/\/www.africa-press.net\/tchad\/"},{"@type":"ListItem","position":2,"name":"la campagne de vaccination contre le Covid-19 lanc\u00e9"}]},{"@type":"WebSite","@id":"https:\/\/www.africa-press.net\/tchad\/#website","url":"https:\/\/www.africa-press.net\/tchad\/","name":"tchad","description":"Just another Africa News Agency Sites site","potentialAction":[{"@type":"SearchAction","target":{"@type":"EntryPoint","urlTemplate":"https:\/\/www.africa-press.net\/tchad\/?s={search_term_string}"},"query-input":{"@type":"PropertyValueSpecification","valueRequired":true,"valueName":"search_term_string"}}],"inLanguage":"fr-FR"},{"@type":"Person","@id":"https:\/\/www.africa-press.net\/tchad\/#\/schema\/person\/2b1cf3cd81a31e3cd26889ca66d677f1","name":"cfeditorfr"}]}},"_links":{"self":[{"href":"https:\/\/www.africa-press.net\/tchad\/wp-json\/wp\/v2\/posts\/28899","targetHints":{"allow":["GET"]}}],"collection":[{"href":"https:\/\/www.africa-press.net\/tchad\/wp-json\/wp\/v2\/posts"}],"about":[{"href":"https:\/\/www.africa-press.net\/tchad\/wp-json\/wp\/v2\/types\/post"}],"author":[{"embeddable":true,"href":"https:\/\/www.africa-press.net\/tchad\/wp-json\/wp\/v2\/users\/82"}],"replies":[{"embeddable":true,"href":"https:\/\/www.africa-press.net\/tchad\/wp-json\/wp\/v2\/comments?post=28899"}],"version-history":[{"count":0,"href":"https:\/\/www.africa-press.net\/tchad\/wp-json\/wp\/v2\/posts\/28899\/revisions"}],"wp:featuredmedia":[{"embeddable":true,"href":"https:\/\/www.africa-press.net\/tchad\/wp-json\/wp\/v2\/media\/28898"}],"wp:attachment":[{"href":"https:\/\/www.africa-press.net\/tchad\/wp-json\/wp\/v2\/media?parent=28899"}],"wp:term":[{"taxonomy":"category","embeddable":true,"href":"https:\/\/www.africa-press.net\/tchad\/wp-json\/wp\/v2\/categories?post=28899"},{"taxonomy":"post_tag","embeddable":true,"href":"https:\/\/www.africa-press.net\/tchad\/wp-json\/wp\/v2\/tags?post=28899"}],"curies":[{"name":"wp","href":"https:\/\/api.w.org\/{rel}","templated":true}]}}