{"id":28902,"date":"2022-07-15T17:55:00","date_gmt":"2022-07-15T17:55:00","guid":{"rendered":"https:\/\/www.africa-press.net\/tchad\/politique\/situation-humanitaire-au-tchad-filippo-grandi-fait-le-point"},"modified":"2022-07-15T18:12:04","modified_gmt":"2022-07-15T18:12:04","slug":"situation-humanitaire-au-tchad-filippo-grandi-fait-le-point","status":"publish","type":"post","link":"https:\/\/www.africa-press.net\/tchad\/politique\/situation-humanitaire-au-tchad-filippo-grandi-fait-le-point","title":{"rendered":"Situation humanitaire au Tchad, Filippo Grandi fait le point"},"content":{"rendered":"<p><span style=\"color: #ff6600\"><strong>Africa-Press &#8211; Tchad. <\/strong><\/span>Le haut commissaire de l\u2019agence des nations unies pour les r\u00e9fugi\u00e9s (Hcr) Filippo Grandi, en mission de travail au Tchad du 12 au 15 juillet 2022, a anim\u00e9 ce jeudi 14 juillet 2022 \u00e0 l\u2019h\u00f4tel la R\u00e9sidence, une conf\u00e9rence de presse relative \u00e0 l\u2019\u00e9valuation globale de la situation des personnes relevant de la comp\u00e9tence de son institution.<\/p>\n<p>Situation des r\u00e9fugi\u00e9s soudanais, centrafricains, dynamique des d\u00e9placements du Cameroun vers le Tchad, aide humanitaire sont entre autres les sujets d\u00e9battus entre le haut-commissaire du Hcr Filippo Grandi et les hommes des m\u00e9dias.<\/p>\n<p>Selon Filippo Grandi, bien que le Tchad fait face \u00e0 une crise socio-\u00e9conomique aigu\u00eb, l\u2019accueil et la situation des r\u00e9fugi\u00e9s demeurent tr\u00e8s positif et satisfaisant. Cependant ajoute-t-il, une mobilisation urgente de ressources est n\u00e9cessaire. \u00ab Le Tchad continue de recevoir un afflux important des personnes qui sont en fuite de conflits et violences. Avec l\u2019aide du gouvernement et d\u2019autres partenaires, nous fournissons une assistance humanitaire \u00e0 ces personnes . Mais cela n\u2019est pas suffisant nous avons besoin d\u2019aide pour la mobilisation de fonds pour faire plus. C\u2019est tr\u00e8s difficile de mobiliser les ressources dans un monde o\u00f9 il y\u2019a de plus en plus d\u2019agence humanitaire, souvent en comp\u00e9tition les unes avec les autres\u00bb , informe le haut-commissaire.<\/p>\n<p>A la question de savoir quel sera le futur de ces r\u00e9fugi\u00e9s \u00e0 long terme ? Filippo Grandi estime qu\u2019en attendant les opportunit\u00e9s pour leur retour dans leurs pays respectifs se mat\u00e9rialise, il leur faudrait plus qu\u2019une aide humanitaire. \u00ab Nous pensons \u00e0 une aide au d\u00e9veloppement, qui ne soit pas seulement pour les r\u00e9fugi\u00e9s mais aussi pour les communaut\u00e9s autochtones qui les h\u00e9berges. qui leur permettront de cr\u00e9er des opportunit\u00e9s d\u2019autosuffisances, d\u2019autonomisation. Et pour que cet aide \u00e0 long terme aboutisse il est tr\u00e8s important de compter sur le leadership du gouvernement qui apportera une cr\u00e9dibilit\u00e9 chez les bailleurs pour plus de ressources \u00bb, d\u00e9clare-t-il.<\/p>\n<p>Avec un nombre de personnes en situation de besoin humanitaire estim\u00e9 \u00e0 6,1 millions le 30 juin 2022 et plus de 3% de r\u00e9fugi\u00e9s et demandeurs d\u2019asile que repr\u00e9sente la population tchadienne, le Tchad est le premier pays d\u2019asile en Afrique et est class\u00e9 parmi les 10 plus grands pays d\u2019accueils des r\u00e9fugi\u00e9s dans le monde.<\/p>\n<p><strong>Pour plus d&rsquo;informations et d&rsquo;analyses sur la <a href=\"https:\/\/www.africa-press.net\/tchad\">Tchad<\/a>, suivez <a href=\"https:\/\/www.africa-press.net\/\">Africa-Press<\/a><\/strong><\/p>\n","protected":false},"excerpt":{"rendered":"<p>Africa-Press &#8211; Tchad. Le haut commissaire de l\u2019agence des nations unies pour les r\u00e9fugi\u00e9s (Hcr) Filippo Grandi, en mission de travail au Tchad du 12 au 15 juillet 2022, a anim\u00e9 ce jeudi 14 juillet 2022 \u00e0 l\u2019h\u00f4tel la R\u00e9sidence, une conf\u00e9rence de presse relative \u00e0 l\u2019\u00e9valuation globale de la situation des personnes relevant de [&hellip;]<\/p>\n","protected":false},"author":82,"featured_media":28901,"comment_status":"open","ping_status":"closed","sticky":false,"template":"","format":"standard","meta":{"footnotes":""},"categories":[11,2,10],"tags":[37,292,29],"class_list":["post-28902","post","type-post","status-publish","format-standard","has-post-thumbnail","hentry","category-homepage-french","category-politique","category-toutes-les-actualites","tag-africa-press","tag-africa-press-tchad","tag-tchad"],"yoast_head":"<!-- This site is optimized with the Yoast SEO Premium plugin v26.1 (Yoast SEO v27.0) - https:\/\/yoast.com\/product\/yoast-seo-premium-wordpress\/ -->\n<title>Situation humanitaire au Tchad, Filippo Grandi fait le point - tchad<\/title>\n<meta name=\"description\" content=\"Le haut commissaire de l\u2019agence des nations unies pour les r\u00e9fugi\u00e9s (Hcr) Filippo Grandi, en mission de travail au Tchad ...\" \/>\n<meta name=\"robots\" content=\"index, follow, max-snippet:-1, max-image-preview:large, max-video-preview:-1\" \/>\n<link rel=\"canonical\" href=\"https:\/\/www.africa-press.net\/tchad\/politique\/situation-humanitaire-au-tchad-filippo-grandi-fait-le-point\" \/>\n<meta property=\"og:locale\" content=\"fr_FR\" \/>\n<meta property=\"og:type\" content=\"article\" \/>\n<meta property=\"og:title\" content=\"Situation humanitaire au Tchad, Filippo Grandi fait le point\" \/>\n<meta property=\"og:description\" content=\"Le haut commissaire de l\u2019agence des nations unies pour les r\u00e9fugi\u00e9s (Hcr) Filippo Grandi, en mission de travail au Tchad ...\" \/>\n<meta property=\"og:url\" content=\"https:\/\/www.africa-press.net\/tchad\/politique\/situation-humanitaire-au-tchad-filippo-grandi-fait-le-point\" \/>\n<meta property=\"og:site_name\" content=\"tchad\" \/>\n<meta property=\"article:published_time\" content=\"2022-07-15T17:55:00+00:00\" \/>\n<meta property=\"article:modified_time\" content=\"2022-07-15T18:12:04+00:00\" \/>\n<meta property=\"og:image\" content=\"https:\/\/static.africa-press.net\/tchad\/sites\/41\/2022\/07\/postQueueImg_3-62d1ade006367.jpg\" \/>\n\t<meta property=\"og:image:width\" content=\"1024\" \/>\n\t<meta property=\"og:image:height\" content=\"576\" \/>\n\t<meta property=\"og:image:type\" content=\"image\/jpeg\" \/>\n<meta name=\"author\" content=\"cfeditorfr\" \/>\n<meta name=\"twitter:card\" content=\"summary_large_image\" \/>\n<meta name=\"twitter:label1\" content=\"\u00c9crit par\" \/>\n\t<meta name=\"twitter:data1\" content=\"cfeditorfr\" \/>\n\t<meta name=\"twitter:label2\" content=\"Dur\u00e9e de lecture estim\u00e9e\" \/>\n\t<meta name=\"twitter:data2\" content=\"2 minutes\" \/>\n<script type=\"application\/ld+json\" class=\"yoast-schema-graph\">{\"@context\":\"https:\/\/schema.org\",\"@graph\":[{\"@type\":\"Article\",\"@id\":\"https:\/\/www.africa-press.net\/tchad\/politique\/situation-humanitaire-au-tchad-filippo-grandi-fait-le-point#article\",\"isPartOf\":{\"@id\":\"https:\/\/www.africa-press.net\/tchad\/politique\/situation-humanitaire-au-tchad-filippo-grandi-fait-le-point\"},\"author\":{\"name\":\"cfeditorfr\",\"@id\":\"https:\/\/www.africa-press.net\/tchad\/#\/schema\/person\/2b1cf3cd81a31e3cd26889ca66d677f1\"},\"headline\":\"Situation humanitaire au Tchad, Filippo Grandi fait le point\",\"datePublished\":\"2022-07-15T17:55:00+00:00\",\"dateModified\":\"2022-07-15T18:12:04+00:00\",\"mainEntityOfPage\":{\"@id\":\"https:\/\/www.africa-press.net\/tchad\/politique\/situation-humanitaire-au-tchad-filippo-grandi-fait-le-point\"},\"wordCount\":424,\"commentCount\":0,\"image\":{\"@id\":\"https:\/\/www.africa-press.net\/tchad\/politique\/situation-humanitaire-au-tchad-filippo-grandi-fait-le-point#primaryimage\"},\"thumbnailUrl\":\"https:\/\/static.africa-press.net\/tchad\/sites\/41\/2022\/07\/postQueueImg_3-62d1ade006367.jpg\",\"keywords\":[\"Africa Press\",\"Africa Press-Tchad\",\"Tchad\"],\"articleSection\":[\"homepage-french\",\"Politique\",\"Toutes les actualit\u00e9s\"],\"inLanguage\":\"fr-FR\",\"potentialAction\":[{\"@type\":\"CommentAction\",\"name\":\"Comment\",\"target\":[\"https:\/\/www.africa-press.net\/tchad\/politique\/situation-humanitaire-au-tchad-filippo-grandi-fait-le-point#respond\"]}]},{\"@type\":\"WebPage\",\"@id\":\"https:\/\/www.africa-press.net\/tchad\/politique\/situation-humanitaire-au-tchad-filippo-grandi-fait-le-point\",\"url\":\"https:\/\/www.africa-press.net\/tchad\/politique\/situation-humanitaire-au-tchad-filippo-grandi-fait-le-point\",\"name\":\"Situation humanitaire au Tchad, Filippo Grandi fait le point - tchad\",\"isPartOf\":{\"@id\":\"https:\/\/www.africa-press.net\/tchad\/#website\"},\"primaryImageOfPage\":{\"@id\":\"https:\/\/www.africa-press.net\/tchad\/politique\/situation-humanitaire-au-tchad-filippo-grandi-fait-le-point#primaryimage\"},\"image\":{\"@id\":\"https:\/\/www.africa-press.net\/tchad\/politique\/situation-humanitaire-au-tchad-filippo-grandi-fait-le-point#primaryimage\"},\"thumbnailUrl\":\"https:\/\/static.africa-press.net\/tchad\/sites\/41\/2022\/07\/postQueueImg_3-62d1ade006367.jpg\",\"datePublished\":\"2022-07-15T17:55:00+00:00\",\"dateModified\":\"2022-07-15T18:12:04+00:00\",\"author\":{\"@id\":\"https:\/\/www.africa-press.net\/tchad\/#\/schema\/person\/2b1cf3cd81a31e3cd26889ca66d677f1\"},\"description\":\"Le haut commissaire de l\u2019agence des nations unies pour les r\u00e9fugi\u00e9s (Hcr) Filippo Grandi, en mission de travail au Tchad ...\",\"breadcrumb\":{\"@id\":\"https:\/\/www.africa-press.net\/tchad\/politique\/situation-humanitaire-au-tchad-filippo-grandi-fait-le-point#breadcrumb\"},\"inLanguage\":\"fr-FR\",\"potentialAction\":[{\"@type\":\"ReadAction\",\"target\":[\"https:\/\/www.africa-press.net\/tchad\/politique\/situation-humanitaire-au-tchad-filippo-grandi-fait-le-point\"]}]},{\"@type\":\"ImageObject\",\"inLanguage\":\"fr-FR\",\"@id\":\"https:\/\/www.africa-press.net\/tchad\/politique\/situation-humanitaire-au-tchad-filippo-grandi-fait-le-point#primaryimage\",\"url\":\"https:\/\/static.africa-press.net\/tchad\/sites\/41\/2022\/07\/postQueueImg_3-62d1ade006367.jpg\",\"contentUrl\":\"https:\/\/static.africa-press.net\/tchad\/sites\/41\/2022\/07\/postQueueImg_3-62d1ade006367.jpg\",\"width\":1024,\"height\":576,\"caption\":\"Situation humanitaire au Tchad, Filippo Grandi fait le point\"},{\"@type\":\"BreadcrumbList\",\"@id\":\"https:\/\/www.africa-press.net\/tchad\/politique\/situation-humanitaire-au-tchad-filippo-grandi-fait-le-point#breadcrumb\",\"itemListElement\":[{\"@type\":\"ListItem\",\"position\":1,\"name\":\"Accueil\",\"item\":\"https:\/\/www.africa-press.net\/tchad\/\"},{\"@type\":\"ListItem\",\"position\":2,\"name\":\"Situation humanitaire au Tchad, Filippo Grandi fait le point\"}]},{\"@type\":\"WebSite\",\"@id\":\"https:\/\/www.africa-press.net\/tchad\/#website\",\"url\":\"https:\/\/www.africa-press.net\/tchad\/\",\"name\":\"tchad\",\"description\":\"Just another Africa News Agency Sites site\",\"potentialAction\":[{\"@type\":\"SearchAction\",\"target\":{\"@type\":\"EntryPoint\",\"urlTemplate\":\"https:\/\/www.africa-press.net\/tchad\/?s={search_term_string}\"},\"query-input\":{\"@type\":\"PropertyValueSpecification\",\"valueRequired\":true,\"valueName\":\"search_term_string\"}}],\"inLanguage\":\"fr-FR\"},{\"@type\":\"Person\",\"@id\":\"https:\/\/www.africa-press.net\/tchad\/#\/schema\/person\/2b1cf3cd81a31e3cd26889ca66d677f1\",\"name\":\"cfeditorfr\"}]}<\/script>\n<!-- \/ Yoast SEO Premium plugin. -->","yoast_head_json":{"title":"Situation humanitaire au Tchad, Filippo Grandi fait le point - tchad","description":"Le haut commissaire de l\u2019agence des nations unies pour les r\u00e9fugi\u00e9s (Hcr) Filippo Grandi, en mission de travail au Tchad ...","robots":{"index":"index","follow":"follow","max-snippet":"max-snippet:-1","max-image-preview":"max-image-preview:large","max-video-preview":"max-video-preview:-1"},"canonical":"https:\/\/www.africa-press.net\/tchad\/politique\/situation-humanitaire-au-tchad-filippo-grandi-fait-le-point","og_locale":"fr_FR","og_type":"article","og_title":"Situation humanitaire au Tchad, Filippo Grandi fait le point","og_description":"Le haut commissaire de l\u2019agence des nations unies pour les r\u00e9fugi\u00e9s (Hcr) Filippo Grandi, en mission de travail au Tchad ...","og_url":"https:\/\/www.africa-press.net\/tchad\/politique\/situation-humanitaire-au-tchad-filippo-grandi-fait-le-point","og_site_name":"tchad","article_published_time":"2022-07-15T17:55:00+00:00","article_modified_time":"2022-07-15T18:12:04+00:00","og_image":[{"width":1024,"height":576,"url":"https:\/\/static.africa-press.net\/tchad\/sites\/41\/2022\/07\/postQueueImg_3-62d1ade006367.jpg","type":"image\/jpeg"}],"author":"cfeditorfr","twitter_card":"summary_large_image","twitter_misc":{"\u00c9crit par":"cfeditorfr","Dur\u00e9e de lecture estim\u00e9e":"2 minutes"},"schema":{"@context":"https:\/\/schema.org","@graph":[{"@type":"Article","@id":"https:\/\/www.africa-press.net\/tchad\/politique\/situation-humanitaire-au-tchad-filippo-grandi-fait-le-point#article","isPartOf":{"@id":"https:\/\/www.africa-press.net\/tchad\/politique\/situation-humanitaire-au-tchad-filippo-grandi-fait-le-point"},"author":{"name":"cfeditorfr","@id":"https:\/\/www.africa-press.net\/tchad\/#\/schema\/person\/2b1cf3cd81a31e3cd26889ca66d677f1"},"headline":"Situation humanitaire au Tchad, Filippo Grandi fait le point","datePublished":"2022-07-15T17:55:00+00:00","dateModified":"2022-07-15T18:12:04+00:00","mainEntityOfPage":{"@id":"https:\/\/www.africa-press.net\/tchad\/politique\/situation-humanitaire-au-tchad-filippo-grandi-fait-le-point"},"wordCount":424,"commentCount":0,"image":{"@id":"https:\/\/www.africa-press.net\/tchad\/politique\/situation-humanitaire-au-tchad-filippo-grandi-fait-le-point#primaryimage"},"thumbnailUrl":"https:\/\/static.africa-press.net\/tchad\/sites\/41\/2022\/07\/postQueueImg_3-62d1ade006367.jpg","keywords":["Africa Press","Africa Press-Tchad","Tchad"],"articleSection":["homepage-french","Politique","Toutes les actualit\u00e9s"],"inLanguage":"fr-FR","potentialAction":[{"@type":"CommentAction","name":"Comment","target":["https:\/\/www.africa-press.net\/tchad\/politique\/situation-humanitaire-au-tchad-filippo-grandi-fait-le-point#respond"]}]},{"@type":"WebPage","@id":"https:\/\/www.africa-press.net\/tchad\/politique\/situation-humanitaire-au-tchad-filippo-grandi-fait-le-point","url":"https:\/\/www.africa-press.net\/tchad\/politique\/situation-humanitaire-au-tchad-filippo-grandi-fait-le-point","name":"Situation humanitaire au Tchad, Filippo Grandi fait le point - tchad","isPartOf":{"@id":"https:\/\/www.africa-press.net\/tchad\/#website"},"primaryImageOfPage":{"@id":"https:\/\/www.africa-press.net\/tchad\/politique\/situation-humanitaire-au-tchad-filippo-grandi-fait-le-point#primaryimage"},"image":{"@id":"https:\/\/www.africa-press.net\/tchad\/politique\/situation-humanitaire-au-tchad-filippo-grandi-fait-le-point#primaryimage"},"thumbnailUrl":"https:\/\/static.africa-press.net\/tchad\/sites\/41\/2022\/07\/postQueueImg_3-62d1ade006367.jpg","datePublished":"2022-07-15T17:55:00+00:00","dateModified":"2022-07-15T18:12:04+00:00","author":{"@id":"https:\/\/www.africa-press.net\/tchad\/#\/schema\/person\/2b1cf3cd81a31e3cd26889ca66d677f1"},"description":"Le haut commissaire de l\u2019agence des nations unies pour les r\u00e9fugi\u00e9s (Hcr) Filippo Grandi, en mission de travail au Tchad ...","breadcrumb":{"@id":"https:\/\/www.africa-press.net\/tchad\/politique\/situation-humanitaire-au-tchad-filippo-grandi-fait-le-point#breadcrumb"},"inLanguage":"fr-FR","potentialAction":[{"@type":"ReadAction","target":["https:\/\/www.africa-press.net\/tchad\/politique\/situation-humanitaire-au-tchad-filippo-grandi-fait-le-point"]}]},{"@type":"ImageObject","inLanguage":"fr-FR","@id":"https:\/\/www.africa-press.net\/tchad\/politique\/situation-humanitaire-au-tchad-filippo-grandi-fait-le-point#primaryimage","url":"https:\/\/static.africa-press.net\/tchad\/sites\/41\/2022\/07\/postQueueImg_3-62d1ade006367.jpg","contentUrl":"https:\/\/static.africa-press.net\/tchad\/sites\/41\/2022\/07\/postQueueImg_3-62d1ade006367.jpg","width":1024,"height":576,"caption":"Situation humanitaire au Tchad, Filippo Grandi fait le point"},{"@type":"BreadcrumbList","@id":"https:\/\/www.africa-press.net\/tchad\/politique\/situation-humanitaire-au-tchad-filippo-grandi-fait-le-point#breadcrumb","itemListElement":[{"@type":"ListItem","position":1,"name":"Accueil","item":"https:\/\/www.africa-press.net\/tchad\/"},{"@type":"ListItem","position":2,"name":"Situation humanitaire au Tchad, Filippo Grandi fait le point"}]},{"@type":"WebSite","@id":"https:\/\/www.africa-press.net\/tchad\/#website","url":"https:\/\/www.africa-press.net\/tchad\/","name":"tchad","description":"Just another Africa News Agency Sites site","potentialAction":[{"@type":"SearchAction","target":{"@type":"EntryPoint","urlTemplate":"https:\/\/www.africa-press.net\/tchad\/?s={search_term_string}"},"query-input":{"@type":"PropertyValueSpecification","valueRequired":true,"valueName":"search_term_string"}}],"inLanguage":"fr-FR"},{"@type":"Person","@id":"https:\/\/www.africa-press.net\/tchad\/#\/schema\/person\/2b1cf3cd81a31e3cd26889ca66d677f1","name":"cfeditorfr"}]}},"_links":{"self":[{"href":"https:\/\/www.africa-press.net\/tchad\/wp-json\/wp\/v2\/posts\/28902","targetHints":{"allow":["GET"]}}],"collection":[{"href":"https:\/\/www.africa-press.net\/tchad\/wp-json\/wp\/v2\/posts"}],"about":[{"href":"https:\/\/www.africa-press.net\/tchad\/wp-json\/wp\/v2\/types\/post"}],"author":[{"embeddable":true,"href":"https:\/\/www.africa-press.net\/tchad\/wp-json\/wp\/v2\/users\/82"}],"replies":[{"embeddable":true,"href":"https:\/\/www.africa-press.net\/tchad\/wp-json\/wp\/v2\/comments?post=28902"}],"version-history":[{"count":0,"href":"https:\/\/www.africa-press.net\/tchad\/wp-json\/wp\/v2\/posts\/28902\/revisions"}],"wp:featuredmedia":[{"embeddable":true,"href":"https:\/\/www.africa-press.net\/tchad\/wp-json\/wp\/v2\/media\/28901"}],"wp:attachment":[{"href":"https:\/\/www.africa-press.net\/tchad\/wp-json\/wp\/v2\/media?parent=28902"}],"wp:term":[{"taxonomy":"category","embeddable":true,"href":"https:\/\/www.africa-press.net\/tchad\/wp-json\/wp\/v2\/categories?post=28902"},{"taxonomy":"post_tag","embeddable":true,"href":"https:\/\/www.africa-press.net\/tchad\/wp-json\/wp\/v2\/tags?post=28902"}],"curies":[{"name":"wp","href":"https:\/\/api.w.org\/{rel}","templated":true}]}}