{"id":28911,"date":"2022-07-15T17:56:42","date_gmt":"2022-07-15T17:56:42","guid":{"rendered":"https:\/\/www.africa-press.net\/tchad\/politique\/pahimi-padacke-albert-se-felicite-de-levolution-du-pacte-social-triennal"},"modified":"2022-07-15T18:13:20","modified_gmt":"2022-07-15T18:13:20","slug":"pahimi-padacke-albert-se-felicite-de-levolution-du-pacte-social-triennal","status":"publish","type":"post","link":"https:\/\/www.africa-press.net\/tchad\/politique\/pahimi-padacke-albert-se-felicite-de-levolution-du-pacte-social-triennal","title":{"rendered":"Pahimi Padack\u00e9 Albert se f\u00e9licite de l\u2019\u00e9volution du pacte social triennal"},"content":{"rendered":"<p><span style=\"color: #ff6600\"><strong>Africa-Press &#8211; Tchad. <\/strong><\/span>Le Premier Ministre de Transition, Pahimi Padack\u00e9 Albert a pr\u00e9sid\u00e9, ce jeudi 14 juillet 2022, une r\u00e9union de concertation avec les partenaires sociaux de l\u2019\u00c9tat.<\/p>\n<p>La rencontre a permis au PMT d\u2019\u00e9valuer l\u2019ensemble des points du pacte social triennal avec les diff\u00e9rentes organisations syndicales.<\/p>\n<p>\u00ab Dix mois apr\u00e8s la signature, le constat reste globalement positif. Des efforts sont fournis de part et d\u2019autres, m\u00eame s\u2019il ya des points d\u2019am\u00e9lioration des engagements respectifs. \u00bb Se f\u00e9licite Pahimi Padack\u00e9 Albert.<\/p>\n<p>\u00ab En notre qualit\u00e9 de Pr\u00e9sident du Haut Conseil d\u2019Orientation strat\u00e9gique tripartite, nous sommes satisfaits de cette \u00e9volution et demeurons optimistes quant \u00e0 la volont\u00e9 de continuer inlassablement \u00e0 traduire dans les faits les diff\u00e9rents engagements. \u00bb Conclut le PMT.<\/p>\n<p><strong>Pour plus d&rsquo;informations et d&rsquo;analyses sur la <a href=\"https:\/\/www.africa-press.net\/tchad\">Tchad<\/a>, suivez <a href=\"https:\/\/www.africa-press.net\/\">Africa-Press<\/a><\/strong><\/p>\n","protected":false},"excerpt":{"rendered":"<p>Africa-Press &#8211; Tchad. Le Premier Ministre de Transition, Pahimi Padack\u00e9 Albert a pr\u00e9sid\u00e9, ce jeudi 14 juillet 2022, une r\u00e9union de concertation avec les partenaires sociaux de l\u2019\u00c9tat. La rencontre a permis au PMT d\u2019\u00e9valuer l\u2019ensemble des points du pacte social triennal avec les diff\u00e9rentes organisations syndicales. \u00ab Dix mois apr\u00e8s la signature, le constat [&hellip;]<\/p>\n","protected":false},"author":82,"featured_media":28910,"comment_status":"open","ping_status":"closed","sticky":false,"template":"","format":"standard","meta":{"footnotes":""},"categories":[11,2,10],"tags":[37,292,29],"class_list":["post-28911","post","type-post","status-publish","format-standard","has-post-thumbnail","hentry","category-homepage-french","category-politique","category-toutes-les-actualites","tag-africa-press","tag-africa-press-tchad","tag-tchad"],"yoast_head":"<!-- This site is optimized with the Yoast SEO Premium plugin v26.1 (Yoast SEO v27.0) - https:\/\/yoast.com\/product\/yoast-seo-premium-wordpress\/ -->\n<title>Pahimi Padack\u00e9 Albert se f\u00e9licite de l\u2019\u00e9volution du pacte social triennal - tchad<\/title>\n<meta name=\"description\" content=\"Le Premier Ministre de Transition, Pahimi Padack\u00e9 Albert a pr\u00e9sid\u00e9, ce jeudi 14 juillet 2022, une r\u00e9union de concertatio ...\" \/>\n<meta name=\"robots\" content=\"index, follow, max-snippet:-1, max-image-preview:large, max-video-preview:-1\" \/>\n<link rel=\"canonical\" href=\"https:\/\/www.africa-press.net\/tchad\/politique\/pahimi-padacke-albert-se-felicite-de-levolution-du-pacte-social-triennal\" \/>\n<meta property=\"og:locale\" content=\"fr_FR\" \/>\n<meta property=\"og:type\" content=\"article\" \/>\n<meta property=\"og:title\" content=\"Pahimi Padack\u00e9 Albert se f\u00e9licite de l\u2019\u00e9volution du pacte social triennal\" \/>\n<meta property=\"og:description\" content=\"Le Premier Ministre de Transition, Pahimi Padack\u00e9 Albert a pr\u00e9sid\u00e9, ce jeudi 14 juillet 2022, une r\u00e9union de concertatio ...\" \/>\n<meta property=\"og:url\" content=\"https:\/\/www.africa-press.net\/tchad\/politique\/pahimi-padacke-albert-se-felicite-de-levolution-du-pacte-social-triennal\" \/>\n<meta property=\"og:site_name\" content=\"tchad\" \/>\n<meta property=\"article:published_time\" content=\"2022-07-15T17:56:42+00:00\" \/>\n<meta property=\"article:modified_time\" content=\"2022-07-15T18:13:20+00:00\" \/>\n<meta property=\"og:image\" content=\"https:\/\/static.africa-press.net\/tchad\/sites\/41\/2022\/07\/postQueueImg_6-62d1ae2e985f6.jpg\" \/>\n\t<meta property=\"og:image:width\" content=\"720\" \/>\n\t<meta property=\"og:image:height\" content=\"405\" \/>\n\t<meta property=\"og:image:type\" content=\"image\/jpeg\" \/>\n<meta name=\"author\" content=\"cfeditorfr\" \/>\n<meta name=\"twitter:card\" content=\"summary_large_image\" \/>\n<meta name=\"twitter:label1\" content=\"\u00c9crit par\" \/>\n\t<meta name=\"twitter:data1\" content=\"cfeditorfr\" \/>\n\t<meta name=\"twitter:label2\" content=\"Dur\u00e9e de lecture estim\u00e9e\" \/>\n\t<meta name=\"twitter:data2\" content=\"1 minute\" \/>\n<script type=\"application\/ld+json\" class=\"yoast-schema-graph\">{\"@context\":\"https:\/\/schema.org\",\"@graph\":[{\"@type\":\"Article\",\"@id\":\"https:\/\/www.africa-press.net\/tchad\/politique\/pahimi-padacke-albert-se-felicite-de-levolution-du-pacte-social-triennal#article\",\"isPartOf\":{\"@id\":\"https:\/\/www.africa-press.net\/tchad\/politique\/pahimi-padacke-albert-se-felicite-de-levolution-du-pacte-social-triennal\"},\"author\":{\"name\":\"cfeditorfr\",\"@id\":\"https:\/\/www.africa-press.net\/tchad\/#\/schema\/person\/2b1cf3cd81a31e3cd26889ca66d677f1\"},\"headline\":\"Pahimi Padack\u00e9 Albert se f\u00e9licite de l\u2019\u00e9volution du pacte social triennal\",\"datePublished\":\"2022-07-15T17:56:42+00:00\",\"dateModified\":\"2022-07-15T18:13:20+00:00\",\"mainEntityOfPage\":{\"@id\":\"https:\/\/www.africa-press.net\/tchad\/politique\/pahimi-padacke-albert-se-felicite-de-levolution-du-pacte-social-triennal\"},\"wordCount\":155,\"commentCount\":0,\"image\":{\"@id\":\"https:\/\/www.africa-press.net\/tchad\/politique\/pahimi-padacke-albert-se-felicite-de-levolution-du-pacte-social-triennal#primaryimage\"},\"thumbnailUrl\":\"https:\/\/static.africa-press.net\/tchad\/sites\/41\/2022\/07\/postQueueImg_6-62d1ae2e985f6.jpg\",\"keywords\":[\"Africa Press\",\"Africa Press-Tchad\",\"Tchad\"],\"articleSection\":[\"homepage-french\",\"Politique\",\"Toutes les actualit\u00e9s\"],\"inLanguage\":\"fr-FR\",\"potentialAction\":[{\"@type\":\"CommentAction\",\"name\":\"Comment\",\"target\":[\"https:\/\/www.africa-press.net\/tchad\/politique\/pahimi-padacke-albert-se-felicite-de-levolution-du-pacte-social-triennal#respond\"]}]},{\"@type\":\"WebPage\",\"@id\":\"https:\/\/www.africa-press.net\/tchad\/politique\/pahimi-padacke-albert-se-felicite-de-levolution-du-pacte-social-triennal\",\"url\":\"https:\/\/www.africa-press.net\/tchad\/politique\/pahimi-padacke-albert-se-felicite-de-levolution-du-pacte-social-triennal\",\"name\":\"Pahimi Padack\u00e9 Albert se f\u00e9licite de l\u2019\u00e9volution du pacte social triennal - tchad\",\"isPartOf\":{\"@id\":\"https:\/\/www.africa-press.net\/tchad\/#website\"},\"primaryImageOfPage\":{\"@id\":\"https:\/\/www.africa-press.net\/tchad\/politique\/pahimi-padacke-albert-se-felicite-de-levolution-du-pacte-social-triennal#primaryimage\"},\"image\":{\"@id\":\"https:\/\/www.africa-press.net\/tchad\/politique\/pahimi-padacke-albert-se-felicite-de-levolution-du-pacte-social-triennal#primaryimage\"},\"thumbnailUrl\":\"https:\/\/static.africa-press.net\/tchad\/sites\/41\/2022\/07\/postQueueImg_6-62d1ae2e985f6.jpg\",\"datePublished\":\"2022-07-15T17:56:42+00:00\",\"dateModified\":\"2022-07-15T18:13:20+00:00\",\"author\":{\"@id\":\"https:\/\/www.africa-press.net\/tchad\/#\/schema\/person\/2b1cf3cd81a31e3cd26889ca66d677f1\"},\"description\":\"Le Premier Ministre de Transition, Pahimi Padack\u00e9 Albert a pr\u00e9sid\u00e9, ce jeudi 14 juillet 2022, une r\u00e9union de concertatio ...\",\"breadcrumb\":{\"@id\":\"https:\/\/www.africa-press.net\/tchad\/politique\/pahimi-padacke-albert-se-felicite-de-levolution-du-pacte-social-triennal#breadcrumb\"},\"inLanguage\":\"fr-FR\",\"potentialAction\":[{\"@type\":\"ReadAction\",\"target\":[\"https:\/\/www.africa-press.net\/tchad\/politique\/pahimi-padacke-albert-se-felicite-de-levolution-du-pacte-social-triennal\"]}]},{\"@type\":\"ImageObject\",\"inLanguage\":\"fr-FR\",\"@id\":\"https:\/\/www.africa-press.net\/tchad\/politique\/pahimi-padacke-albert-se-felicite-de-levolution-du-pacte-social-triennal#primaryimage\",\"url\":\"https:\/\/static.africa-press.net\/tchad\/sites\/41\/2022\/07\/postQueueImg_6-62d1ae2e985f6.jpg\",\"contentUrl\":\"https:\/\/static.africa-press.net\/tchad\/sites\/41\/2022\/07\/postQueueImg_6-62d1ae2e985f6.jpg\",\"width\":720,\"height\":405,\"caption\":\"Pahimi Padack\u00e9 Albert se f\u00e9licite de l\u2019\u00e9volution du pacte social triennal\"},{\"@type\":\"BreadcrumbList\",\"@id\":\"https:\/\/www.africa-press.net\/tchad\/politique\/pahimi-padacke-albert-se-felicite-de-levolution-du-pacte-social-triennal#breadcrumb\",\"itemListElement\":[{\"@type\":\"ListItem\",\"position\":1,\"name\":\"Accueil\",\"item\":\"https:\/\/www.africa-press.net\/tchad\/\"},{\"@type\":\"ListItem\",\"position\":2,\"name\":\"Pahimi Padack\u00e9 Albert se f\u00e9licite de l\u2019\u00e9volution du pacte social triennal\"}]},{\"@type\":\"WebSite\",\"@id\":\"https:\/\/www.africa-press.net\/tchad\/#website\",\"url\":\"https:\/\/www.africa-press.net\/tchad\/\",\"name\":\"tchad\",\"description\":\"Just another Africa News Agency Sites site\",\"potentialAction\":[{\"@type\":\"SearchAction\",\"target\":{\"@type\":\"EntryPoint\",\"urlTemplate\":\"https:\/\/www.africa-press.net\/tchad\/?s={search_term_string}\"},\"query-input\":{\"@type\":\"PropertyValueSpecification\",\"valueRequired\":true,\"valueName\":\"search_term_string\"}}],\"inLanguage\":\"fr-FR\"},{\"@type\":\"Person\",\"@id\":\"https:\/\/www.africa-press.net\/tchad\/#\/schema\/person\/2b1cf3cd81a31e3cd26889ca66d677f1\",\"name\":\"cfeditorfr\"}]}<\/script>\n<!-- \/ Yoast SEO Premium plugin. -->","yoast_head_json":{"title":"Pahimi Padack\u00e9 Albert se f\u00e9licite de l\u2019\u00e9volution du pacte social triennal - tchad","description":"Le Premier Ministre de Transition, Pahimi Padack\u00e9 Albert a pr\u00e9sid\u00e9, ce jeudi 14 juillet 2022, une r\u00e9union de concertatio ...","robots":{"index":"index","follow":"follow","max-snippet":"max-snippet:-1","max-image-preview":"max-image-preview:large","max-video-preview":"max-video-preview:-1"},"canonical":"https:\/\/www.africa-press.net\/tchad\/politique\/pahimi-padacke-albert-se-felicite-de-levolution-du-pacte-social-triennal","og_locale":"fr_FR","og_type":"article","og_title":"Pahimi Padack\u00e9 Albert se f\u00e9licite de l\u2019\u00e9volution du pacte social triennal","og_description":"Le Premier Ministre de Transition, Pahimi Padack\u00e9 Albert a pr\u00e9sid\u00e9, ce jeudi 14 juillet 2022, une r\u00e9union de concertatio ...","og_url":"https:\/\/www.africa-press.net\/tchad\/politique\/pahimi-padacke-albert-se-felicite-de-levolution-du-pacte-social-triennal","og_site_name":"tchad","article_published_time":"2022-07-15T17:56:42+00:00","article_modified_time":"2022-07-15T18:13:20+00:00","og_image":[{"width":720,"height":405,"url":"https:\/\/static.africa-press.net\/tchad\/sites\/41\/2022\/07\/postQueueImg_6-62d1ae2e985f6.jpg","type":"image\/jpeg"}],"author":"cfeditorfr","twitter_card":"summary_large_image","twitter_misc":{"\u00c9crit par":"cfeditorfr","Dur\u00e9e de lecture estim\u00e9e":"1 minute"},"schema":{"@context":"https:\/\/schema.org","@graph":[{"@type":"Article","@id":"https:\/\/www.africa-press.net\/tchad\/politique\/pahimi-padacke-albert-se-felicite-de-levolution-du-pacte-social-triennal#article","isPartOf":{"@id":"https:\/\/www.africa-press.net\/tchad\/politique\/pahimi-padacke-albert-se-felicite-de-levolution-du-pacte-social-triennal"},"author":{"name":"cfeditorfr","@id":"https:\/\/www.africa-press.net\/tchad\/#\/schema\/person\/2b1cf3cd81a31e3cd26889ca66d677f1"},"headline":"Pahimi Padack\u00e9 Albert se f\u00e9licite de l\u2019\u00e9volution du pacte social triennal","datePublished":"2022-07-15T17:56:42+00:00","dateModified":"2022-07-15T18:13:20+00:00","mainEntityOfPage":{"@id":"https:\/\/www.africa-press.net\/tchad\/politique\/pahimi-padacke-albert-se-felicite-de-levolution-du-pacte-social-triennal"},"wordCount":155,"commentCount":0,"image":{"@id":"https:\/\/www.africa-press.net\/tchad\/politique\/pahimi-padacke-albert-se-felicite-de-levolution-du-pacte-social-triennal#primaryimage"},"thumbnailUrl":"https:\/\/static.africa-press.net\/tchad\/sites\/41\/2022\/07\/postQueueImg_6-62d1ae2e985f6.jpg","keywords":["Africa Press","Africa Press-Tchad","Tchad"],"articleSection":["homepage-french","Politique","Toutes les actualit\u00e9s"],"inLanguage":"fr-FR","potentialAction":[{"@type":"CommentAction","name":"Comment","target":["https:\/\/www.africa-press.net\/tchad\/politique\/pahimi-padacke-albert-se-felicite-de-levolution-du-pacte-social-triennal#respond"]}]},{"@type":"WebPage","@id":"https:\/\/www.africa-press.net\/tchad\/politique\/pahimi-padacke-albert-se-felicite-de-levolution-du-pacte-social-triennal","url":"https:\/\/www.africa-press.net\/tchad\/politique\/pahimi-padacke-albert-se-felicite-de-levolution-du-pacte-social-triennal","name":"Pahimi Padack\u00e9 Albert se f\u00e9licite de l\u2019\u00e9volution du pacte social triennal - tchad","isPartOf":{"@id":"https:\/\/www.africa-press.net\/tchad\/#website"},"primaryImageOfPage":{"@id":"https:\/\/www.africa-press.net\/tchad\/politique\/pahimi-padacke-albert-se-felicite-de-levolution-du-pacte-social-triennal#primaryimage"},"image":{"@id":"https:\/\/www.africa-press.net\/tchad\/politique\/pahimi-padacke-albert-se-felicite-de-levolution-du-pacte-social-triennal#primaryimage"},"thumbnailUrl":"https:\/\/static.africa-press.net\/tchad\/sites\/41\/2022\/07\/postQueueImg_6-62d1ae2e985f6.jpg","datePublished":"2022-07-15T17:56:42+00:00","dateModified":"2022-07-15T18:13:20+00:00","author":{"@id":"https:\/\/www.africa-press.net\/tchad\/#\/schema\/person\/2b1cf3cd81a31e3cd26889ca66d677f1"},"description":"Le Premier Ministre de Transition, Pahimi Padack\u00e9 Albert a pr\u00e9sid\u00e9, ce jeudi 14 juillet 2022, une r\u00e9union de concertatio ...","breadcrumb":{"@id":"https:\/\/www.africa-press.net\/tchad\/politique\/pahimi-padacke-albert-se-felicite-de-levolution-du-pacte-social-triennal#breadcrumb"},"inLanguage":"fr-FR","potentialAction":[{"@type":"ReadAction","target":["https:\/\/www.africa-press.net\/tchad\/politique\/pahimi-padacke-albert-se-felicite-de-levolution-du-pacte-social-triennal"]}]},{"@type":"ImageObject","inLanguage":"fr-FR","@id":"https:\/\/www.africa-press.net\/tchad\/politique\/pahimi-padacke-albert-se-felicite-de-levolution-du-pacte-social-triennal#primaryimage","url":"https:\/\/static.africa-press.net\/tchad\/sites\/41\/2022\/07\/postQueueImg_6-62d1ae2e985f6.jpg","contentUrl":"https:\/\/static.africa-press.net\/tchad\/sites\/41\/2022\/07\/postQueueImg_6-62d1ae2e985f6.jpg","width":720,"height":405,"caption":"Pahimi Padack\u00e9 Albert se f\u00e9licite de l\u2019\u00e9volution du pacte social triennal"},{"@type":"BreadcrumbList","@id":"https:\/\/www.africa-press.net\/tchad\/politique\/pahimi-padacke-albert-se-felicite-de-levolution-du-pacte-social-triennal#breadcrumb","itemListElement":[{"@type":"ListItem","position":1,"name":"Accueil","item":"https:\/\/www.africa-press.net\/tchad\/"},{"@type":"ListItem","position":2,"name":"Pahimi Padack\u00e9 Albert se f\u00e9licite de l\u2019\u00e9volution du pacte social triennal"}]},{"@type":"WebSite","@id":"https:\/\/www.africa-press.net\/tchad\/#website","url":"https:\/\/www.africa-press.net\/tchad\/","name":"tchad","description":"Just another Africa News Agency Sites site","potentialAction":[{"@type":"SearchAction","target":{"@type":"EntryPoint","urlTemplate":"https:\/\/www.africa-press.net\/tchad\/?s={search_term_string}"},"query-input":{"@type":"PropertyValueSpecification","valueRequired":true,"valueName":"search_term_string"}}],"inLanguage":"fr-FR"},{"@type":"Person","@id":"https:\/\/www.africa-press.net\/tchad\/#\/schema\/person\/2b1cf3cd81a31e3cd26889ca66d677f1","name":"cfeditorfr"}]}},"_links":{"self":[{"href":"https:\/\/www.africa-press.net\/tchad\/wp-json\/wp\/v2\/posts\/28911","targetHints":{"allow":["GET"]}}],"collection":[{"href":"https:\/\/www.africa-press.net\/tchad\/wp-json\/wp\/v2\/posts"}],"about":[{"href":"https:\/\/www.africa-press.net\/tchad\/wp-json\/wp\/v2\/types\/post"}],"author":[{"embeddable":true,"href":"https:\/\/www.africa-press.net\/tchad\/wp-json\/wp\/v2\/users\/82"}],"replies":[{"embeddable":true,"href":"https:\/\/www.africa-press.net\/tchad\/wp-json\/wp\/v2\/comments?post=28911"}],"version-history":[{"count":0,"href":"https:\/\/www.africa-press.net\/tchad\/wp-json\/wp\/v2\/posts\/28911\/revisions"}],"wp:featuredmedia":[{"embeddable":true,"href":"https:\/\/www.africa-press.net\/tchad\/wp-json\/wp\/v2\/media\/28910"}],"wp:attachment":[{"href":"https:\/\/www.africa-press.net\/tchad\/wp-json\/wp\/v2\/media?parent=28911"}],"wp:term":[{"taxonomy":"category","embeddable":true,"href":"https:\/\/www.africa-press.net\/tchad\/wp-json\/wp\/v2\/categories?post=28911"},{"taxonomy":"post_tag","embeddable":true,"href":"https:\/\/www.africa-press.net\/tchad\/wp-json\/wp\/v2\/tags?post=28911"}],"curies":[{"name":"wp","href":"https:\/\/api.w.org\/{rel}","templated":true}]}}