{"id":28917,"date":"2022-07-15T17:58:09","date_gmt":"2022-07-15T17:58:09","guid":{"rendered":"https:\/\/www.africa-press.net\/tchad\/politique\/betel-casimir-sera-present-au-championnat-dafrique-de-taekwondo-au-rwanda"},"modified":"2022-07-15T18:14:09","modified_gmt":"2022-07-15T18:14:09","slug":"betel-casimir-sera-present-au-championnat-dafrique-de-taekwondo-au-rwanda","status":"publish","type":"post","link":"https:\/\/www.africa-press.net\/tchad\/sports\/betel-casimir-sera-present-au-championnat-dafrique-de-taekwondo-au-rwanda","title":{"rendered":"B\u00e9tel Casimir sera pr\u00e9sent au championnat d\u2019Afrique de taekwondo au Rwanda"},"content":{"rendered":"<p><span style=\"color: #ff6600\"><strong>Africa-Press &#8211; Tchad. <\/strong><\/span>Apr\u00e8s plusieurs d\u00e9marches aupr\u00e8s des autorit\u00e9s en charge des sports, B\u00e9tel Casimir participera au championnat d\u2019Afrique de Taekwondo de Kigali au Rwanda. Il prend le vol ce vendredi 15 juillet.<\/p>\n<p>Selon des informations relay\u00e9es sur les r\u00e9seaux sociaux faisant \u00e9tat de la non-participation de B\u00e9tel Casimir au championnat d\u2019Afrique de taekwondo de Kigali au Rwanda, le pr\u00e9sident du COST (Comit\u00e9 Olympique et Sportif Tchadien ) Idriss Dokony Adiker a convoqu\u00e9 une r\u00e9union d\u2019urgence avec le staff de la F\u00e9d\u00e9ration tchadienne de taekwondo. Au cours cette r\u00e9union, Idriss Dokony Adiker a d\u00e9cid\u00e9 de payer deux billets d\u2019avion aller-retour pour l\u2019athl\u00e8te et son entra\u00eeneur et aussi du c\u00f4t\u00e9 du minist\u00e8re en charge des Sports deux billets ont \u00e9t\u00e9 achet\u00e9s pour deux athl\u00e8tes.<\/p>\n<p>\u201d Le pr\u00e9sident Idriss dokony Adiker nous a re\u00e7us et a d\u00e9cid\u00e9 de nous soutenir, nous avons effectu\u00e9 les tests PCR depuis hier et tout est pr\u00eat pour notre voyage. Nous tenons \u00e0 dire merci au minist\u00e8re en charge des Sports et aux personnes qui se soucient jour et nuit pour le taekwondo tchadien\u201d, remercie Casimir B\u00e9tel.<\/p>\n<p>Le parcours de B\u00e9tel Casimir<\/p>\n<p>Le jeune homme de 22 ans a embrass\u00e9 le taekwondo depuis le bas \u00e2ge et c\u2019est au lyc\u00e9e Amtoukou\u00ef qu\u2019il a d\u00e9but\u00e9. En 2014, tout petit, Casimir a repr\u00e9sent\u00e9 son lyc\u00e9e et s\u2019est sacrifi\u00e9 pour le championnat d\u2019Afrique centrale qui s\u2019est d\u00e9roul\u00e9 \u00e0 N\u2019Djam\u00e9na. Il s\u2019en est sorti avec une m\u00e9daille d\u2019argent. B\u00e9tel Casimir a particip\u00e9 \u00e0 plusieurs comp\u00e9titions nationales et internationales. En 2018, en Tunisie, il a occup\u00e9 la 6e place pour le championnat du monde et la qualification des Jeux olympiques pour la jeunesse. En 2019, il a effectu\u00e9 un voyage au Maroc pour les Jeux africains. L\u00e0-bas, il a remport\u00e9 une m\u00e9daille de bronze parmi les 52 pays qui ont pris part \u00e0 ces jeux. Et finalement, en 2021, gr\u00e2ce \u00e0 ses exp\u00e9riences et \u00e0 ses multiples entra\u00eenements, il occupe la 3e place aux championnats d\u2019Afrique senior de Taekwondo, qui s\u2019est d\u00e9roul\u00e9 au S\u00e9n\u00e9gal. Casimir a aussi valablement repr\u00e9sent\u00e9 le Tchad \u00e0 des comp\u00e9titions au Cameroun o\u00f9 il a remport\u00e9 plusieurs m\u00e9dailles.<\/p>\n<p><strong>Pour plus d&rsquo;informations et d&rsquo;analyses sur la <a href=\"https:\/\/www.africa-press.net\/tchad\">Tchad<\/a>, suivez <a href=\"https:\/\/www.africa-press.net\/\">Africa-Press<\/a><\/strong><\/p>\n","protected":false},"excerpt":{"rendered":"<p>Africa-Press &#8211; Tchad. Apr\u00e8s plusieurs d\u00e9marches aupr\u00e8s des autorit\u00e9s en charge des sports, B\u00e9tel Casimir participera au championnat d\u2019Afrique de Taekwondo de Kigali au Rwanda. Il prend le vol ce vendredi 15 juillet. Selon des informations relay\u00e9es sur les r\u00e9seaux sociaux faisant \u00e9tat de la non-participation de B\u00e9tel Casimir au championnat d\u2019Afrique de taekwondo de [&hellip;]<\/p>\n","protected":false},"author":82,"featured_media":28916,"comment_status":"open","ping_status":"closed","sticky":false,"template":"","format":"standard","meta":{"footnotes":""},"categories":[11,6,10],"tags":[37,292,29],"class_list":["post-28917","post","type-post","status-publish","format-standard","has-post-thumbnail","hentry","category-homepage-french","category-sports","category-toutes-les-actualites","tag-africa-press","tag-africa-press-tchad","tag-tchad"],"yoast_head":"<!-- This site is optimized with the Yoast SEO Premium plugin v26.1 (Yoast SEO v27.0) - https:\/\/yoast.com\/product\/yoast-seo-premium-wordpress\/ -->\n<title>B\u00e9tel Casimir sera pr\u00e9sent au championnat d\u2019Afrique de taekwondo au Rwanda - tchad<\/title>\n<meta name=\"description\" content=\"Apr\u00e8s plusieurs d\u00e9marches aupr\u00e8s des autorit\u00e9s en charge des sports, B\u00e9tel Casimir participera au championnat d\u2019Afrique ...\" \/>\n<meta name=\"robots\" content=\"index, follow, max-snippet:-1, max-image-preview:large, max-video-preview:-1\" \/>\n<link rel=\"canonical\" href=\"https:\/\/www.africa-press.net\/tchad\/sports\/betel-casimir-sera-present-au-championnat-dafrique-de-taekwondo-au-rwanda\" \/>\n<meta property=\"og:locale\" content=\"fr_FR\" \/>\n<meta property=\"og:type\" content=\"article\" \/>\n<meta property=\"og:title\" content=\"B\u00e9tel Casimir sera pr\u00e9sent au championnat d\u2019Afrique de taekwondo au Rwanda\" \/>\n<meta property=\"og:description\" content=\"Apr\u00e8s plusieurs d\u00e9marches aupr\u00e8s des autorit\u00e9s en charge des sports, B\u00e9tel Casimir participera au championnat d\u2019Afrique ...\" \/>\n<meta property=\"og:url\" content=\"https:\/\/www.africa-press.net\/tchad\/sports\/betel-casimir-sera-present-au-championnat-dafrique-de-taekwondo-au-rwanda\" \/>\n<meta property=\"og:site_name\" content=\"tchad\" \/>\n<meta property=\"article:published_time\" content=\"2022-07-15T17:58:09+00:00\" \/>\n<meta property=\"article:modified_time\" content=\"2022-07-15T18:14:09+00:00\" \/>\n<meta property=\"og:image\" content=\"https:\/\/static.africa-press.net\/tchad\/sites\/41\/2022\/07\/postQueueImg_8-62d1ae5e0818a.jpg\" \/>\n\t<meta property=\"og:image:width\" content=\"1280\" \/>\n\t<meta property=\"og:image:height\" content=\"720\" \/>\n\t<meta property=\"og:image:type\" content=\"image\/jpeg\" \/>\n<meta name=\"author\" content=\"cfeditorfr\" \/>\n<meta name=\"twitter:card\" content=\"summary_large_image\" \/>\n<meta name=\"twitter:label1\" content=\"\u00c9crit par\" \/>\n\t<meta name=\"twitter:data1\" content=\"cfeditorfr\" \/>\n\t<meta name=\"twitter:label2\" content=\"Dur\u00e9e de lecture estim\u00e9e\" \/>\n\t<meta name=\"twitter:data2\" content=\"2 minutes\" \/>\n<script type=\"application\/ld+json\" class=\"yoast-schema-graph\">{\"@context\":\"https:\/\/schema.org\",\"@graph\":[{\"@type\":\"Article\",\"@id\":\"https:\/\/www.africa-press.net\/tchad\/sports\/betel-casimir-sera-present-au-championnat-dafrique-de-taekwondo-au-rwanda#article\",\"isPartOf\":{\"@id\":\"https:\/\/www.africa-press.net\/tchad\/sports\/betel-casimir-sera-present-au-championnat-dafrique-de-taekwondo-au-rwanda\"},\"author\":{\"name\":\"cfeditorfr\",\"@id\":\"https:\/\/www.africa-press.net\/tchad\/#\/schema\/person\/2b1cf3cd81a31e3cd26889ca66d677f1\"},\"headline\":\"B\u00e9tel Casimir sera pr\u00e9sent au championnat d\u2019Afrique de taekwondo au Rwanda\",\"datePublished\":\"2022-07-15T17:58:09+00:00\",\"dateModified\":\"2022-07-15T18:14:09+00:00\",\"mainEntityOfPage\":{\"@id\":\"https:\/\/www.africa-press.net\/tchad\/sports\/betel-casimir-sera-present-au-championnat-dafrique-de-taekwondo-au-rwanda\"},\"wordCount\":422,\"commentCount\":0,\"image\":{\"@id\":\"https:\/\/www.africa-press.net\/tchad\/sports\/betel-casimir-sera-present-au-championnat-dafrique-de-taekwondo-au-rwanda#primaryimage\"},\"thumbnailUrl\":\"https:\/\/static.africa-press.net\/tchad\/sites\/41\/2022\/07\/postQueueImg_8-62d1ae5e0818a.jpg\",\"keywords\":[\"Africa Press\",\"Africa Press-Tchad\",\"Tchad\"],\"articleSection\":[\"homepage-french\",\"Sports\",\"Toutes les actualit\u00e9s\"],\"inLanguage\":\"fr-FR\",\"potentialAction\":[{\"@type\":\"CommentAction\",\"name\":\"Comment\",\"target\":[\"https:\/\/www.africa-press.net\/tchad\/sports\/betel-casimir-sera-present-au-championnat-dafrique-de-taekwondo-au-rwanda#respond\"]}]},{\"@type\":\"WebPage\",\"@id\":\"https:\/\/www.africa-press.net\/tchad\/sports\/betel-casimir-sera-present-au-championnat-dafrique-de-taekwondo-au-rwanda\",\"url\":\"https:\/\/www.africa-press.net\/tchad\/sports\/betel-casimir-sera-present-au-championnat-dafrique-de-taekwondo-au-rwanda\",\"name\":\"B\u00e9tel Casimir sera pr\u00e9sent au championnat d\u2019Afrique de taekwondo au Rwanda - tchad\",\"isPartOf\":{\"@id\":\"https:\/\/www.africa-press.net\/tchad\/#website\"},\"primaryImageOfPage\":{\"@id\":\"https:\/\/www.africa-press.net\/tchad\/sports\/betel-casimir-sera-present-au-championnat-dafrique-de-taekwondo-au-rwanda#primaryimage\"},\"image\":{\"@id\":\"https:\/\/www.africa-press.net\/tchad\/sports\/betel-casimir-sera-present-au-championnat-dafrique-de-taekwondo-au-rwanda#primaryimage\"},\"thumbnailUrl\":\"https:\/\/static.africa-press.net\/tchad\/sites\/41\/2022\/07\/postQueueImg_8-62d1ae5e0818a.jpg\",\"datePublished\":\"2022-07-15T17:58:09+00:00\",\"dateModified\":\"2022-07-15T18:14:09+00:00\",\"author\":{\"@id\":\"https:\/\/www.africa-press.net\/tchad\/#\/schema\/person\/2b1cf3cd81a31e3cd26889ca66d677f1\"},\"description\":\"Apr\u00e8s plusieurs d\u00e9marches aupr\u00e8s des autorit\u00e9s en charge des sports, B\u00e9tel Casimir participera au championnat d\u2019Afrique ...\",\"breadcrumb\":{\"@id\":\"https:\/\/www.africa-press.net\/tchad\/sports\/betel-casimir-sera-present-au-championnat-dafrique-de-taekwondo-au-rwanda#breadcrumb\"},\"inLanguage\":\"fr-FR\",\"potentialAction\":[{\"@type\":\"ReadAction\",\"target\":[\"https:\/\/www.africa-press.net\/tchad\/sports\/betel-casimir-sera-present-au-championnat-dafrique-de-taekwondo-au-rwanda\"]}]},{\"@type\":\"ImageObject\",\"inLanguage\":\"fr-FR\",\"@id\":\"https:\/\/www.africa-press.net\/tchad\/sports\/betel-casimir-sera-present-au-championnat-dafrique-de-taekwondo-au-rwanda#primaryimage\",\"url\":\"https:\/\/static.africa-press.net\/tchad\/sites\/41\/2022\/07\/postQueueImg_8-62d1ae5e0818a.jpg\",\"contentUrl\":\"https:\/\/static.africa-press.net\/tchad\/sites\/41\/2022\/07\/postQueueImg_8-62d1ae5e0818a.jpg\",\"width\":1280,\"height\":720,\"caption\":\"B\u00e9tel Casimir sera pr\u00e9sent au championnat d\u2019Afrique de taekwondo au Rwanda\"},{\"@type\":\"BreadcrumbList\",\"@id\":\"https:\/\/www.africa-press.net\/tchad\/sports\/betel-casimir-sera-present-au-championnat-dafrique-de-taekwondo-au-rwanda#breadcrumb\",\"itemListElement\":[{\"@type\":\"ListItem\",\"position\":1,\"name\":\"Accueil\",\"item\":\"https:\/\/www.africa-press.net\/tchad\/\"},{\"@type\":\"ListItem\",\"position\":2,\"name\":\"B\u00e9tel Casimir sera pr\u00e9sent au championnat d\u2019Afrique de taekwondo au Rwanda\"}]},{\"@type\":\"WebSite\",\"@id\":\"https:\/\/www.africa-press.net\/tchad\/#website\",\"url\":\"https:\/\/www.africa-press.net\/tchad\/\",\"name\":\"tchad\",\"description\":\"Just another Africa News Agency Sites site\",\"potentialAction\":[{\"@type\":\"SearchAction\",\"target\":{\"@type\":\"EntryPoint\",\"urlTemplate\":\"https:\/\/www.africa-press.net\/tchad\/?s={search_term_string}\"},\"query-input\":{\"@type\":\"PropertyValueSpecification\",\"valueRequired\":true,\"valueName\":\"search_term_string\"}}],\"inLanguage\":\"fr-FR\"},{\"@type\":\"Person\",\"@id\":\"https:\/\/www.africa-press.net\/tchad\/#\/schema\/person\/2b1cf3cd81a31e3cd26889ca66d677f1\",\"name\":\"cfeditorfr\"}]}<\/script>\n<!-- \/ Yoast SEO Premium plugin. -->","yoast_head_json":{"title":"B\u00e9tel Casimir sera pr\u00e9sent au championnat d\u2019Afrique de taekwondo au Rwanda - tchad","description":"Apr\u00e8s plusieurs d\u00e9marches aupr\u00e8s des autorit\u00e9s en charge des sports, B\u00e9tel Casimir participera au championnat d\u2019Afrique ...","robots":{"index":"index","follow":"follow","max-snippet":"max-snippet:-1","max-image-preview":"max-image-preview:large","max-video-preview":"max-video-preview:-1"},"canonical":"https:\/\/www.africa-press.net\/tchad\/sports\/betel-casimir-sera-present-au-championnat-dafrique-de-taekwondo-au-rwanda","og_locale":"fr_FR","og_type":"article","og_title":"B\u00e9tel Casimir sera pr\u00e9sent au championnat d\u2019Afrique de taekwondo au Rwanda","og_description":"Apr\u00e8s plusieurs d\u00e9marches aupr\u00e8s des autorit\u00e9s en charge des sports, B\u00e9tel Casimir participera au championnat d\u2019Afrique ...","og_url":"https:\/\/www.africa-press.net\/tchad\/sports\/betel-casimir-sera-present-au-championnat-dafrique-de-taekwondo-au-rwanda","og_site_name":"tchad","article_published_time":"2022-07-15T17:58:09+00:00","article_modified_time":"2022-07-15T18:14:09+00:00","og_image":[{"width":1280,"height":720,"url":"https:\/\/static.africa-press.net\/tchad\/sites\/41\/2022\/07\/postQueueImg_8-62d1ae5e0818a.jpg","type":"image\/jpeg"}],"author":"cfeditorfr","twitter_card":"summary_large_image","twitter_misc":{"\u00c9crit par":"cfeditorfr","Dur\u00e9e de lecture estim\u00e9e":"2 minutes"},"schema":{"@context":"https:\/\/schema.org","@graph":[{"@type":"Article","@id":"https:\/\/www.africa-press.net\/tchad\/sports\/betel-casimir-sera-present-au-championnat-dafrique-de-taekwondo-au-rwanda#article","isPartOf":{"@id":"https:\/\/www.africa-press.net\/tchad\/sports\/betel-casimir-sera-present-au-championnat-dafrique-de-taekwondo-au-rwanda"},"author":{"name":"cfeditorfr","@id":"https:\/\/www.africa-press.net\/tchad\/#\/schema\/person\/2b1cf3cd81a31e3cd26889ca66d677f1"},"headline":"B\u00e9tel Casimir sera pr\u00e9sent au championnat d\u2019Afrique de taekwondo au Rwanda","datePublished":"2022-07-15T17:58:09+00:00","dateModified":"2022-07-15T18:14:09+00:00","mainEntityOfPage":{"@id":"https:\/\/www.africa-press.net\/tchad\/sports\/betel-casimir-sera-present-au-championnat-dafrique-de-taekwondo-au-rwanda"},"wordCount":422,"commentCount":0,"image":{"@id":"https:\/\/www.africa-press.net\/tchad\/sports\/betel-casimir-sera-present-au-championnat-dafrique-de-taekwondo-au-rwanda#primaryimage"},"thumbnailUrl":"https:\/\/static.africa-press.net\/tchad\/sites\/41\/2022\/07\/postQueueImg_8-62d1ae5e0818a.jpg","keywords":["Africa Press","Africa Press-Tchad","Tchad"],"articleSection":["homepage-french","Sports","Toutes les actualit\u00e9s"],"inLanguage":"fr-FR","potentialAction":[{"@type":"CommentAction","name":"Comment","target":["https:\/\/www.africa-press.net\/tchad\/sports\/betel-casimir-sera-present-au-championnat-dafrique-de-taekwondo-au-rwanda#respond"]}]},{"@type":"WebPage","@id":"https:\/\/www.africa-press.net\/tchad\/sports\/betel-casimir-sera-present-au-championnat-dafrique-de-taekwondo-au-rwanda","url":"https:\/\/www.africa-press.net\/tchad\/sports\/betel-casimir-sera-present-au-championnat-dafrique-de-taekwondo-au-rwanda","name":"B\u00e9tel Casimir sera pr\u00e9sent au championnat d\u2019Afrique de taekwondo au Rwanda - tchad","isPartOf":{"@id":"https:\/\/www.africa-press.net\/tchad\/#website"},"primaryImageOfPage":{"@id":"https:\/\/www.africa-press.net\/tchad\/sports\/betel-casimir-sera-present-au-championnat-dafrique-de-taekwondo-au-rwanda#primaryimage"},"image":{"@id":"https:\/\/www.africa-press.net\/tchad\/sports\/betel-casimir-sera-present-au-championnat-dafrique-de-taekwondo-au-rwanda#primaryimage"},"thumbnailUrl":"https:\/\/static.africa-press.net\/tchad\/sites\/41\/2022\/07\/postQueueImg_8-62d1ae5e0818a.jpg","datePublished":"2022-07-15T17:58:09+00:00","dateModified":"2022-07-15T18:14:09+00:00","author":{"@id":"https:\/\/www.africa-press.net\/tchad\/#\/schema\/person\/2b1cf3cd81a31e3cd26889ca66d677f1"},"description":"Apr\u00e8s plusieurs d\u00e9marches aupr\u00e8s des autorit\u00e9s en charge des sports, B\u00e9tel Casimir participera au championnat d\u2019Afrique ...","breadcrumb":{"@id":"https:\/\/www.africa-press.net\/tchad\/sports\/betel-casimir-sera-present-au-championnat-dafrique-de-taekwondo-au-rwanda#breadcrumb"},"inLanguage":"fr-FR","potentialAction":[{"@type":"ReadAction","target":["https:\/\/www.africa-press.net\/tchad\/sports\/betel-casimir-sera-present-au-championnat-dafrique-de-taekwondo-au-rwanda"]}]},{"@type":"ImageObject","inLanguage":"fr-FR","@id":"https:\/\/www.africa-press.net\/tchad\/sports\/betel-casimir-sera-present-au-championnat-dafrique-de-taekwondo-au-rwanda#primaryimage","url":"https:\/\/static.africa-press.net\/tchad\/sites\/41\/2022\/07\/postQueueImg_8-62d1ae5e0818a.jpg","contentUrl":"https:\/\/static.africa-press.net\/tchad\/sites\/41\/2022\/07\/postQueueImg_8-62d1ae5e0818a.jpg","width":1280,"height":720,"caption":"B\u00e9tel Casimir sera pr\u00e9sent au championnat d\u2019Afrique de taekwondo au Rwanda"},{"@type":"BreadcrumbList","@id":"https:\/\/www.africa-press.net\/tchad\/sports\/betel-casimir-sera-present-au-championnat-dafrique-de-taekwondo-au-rwanda#breadcrumb","itemListElement":[{"@type":"ListItem","position":1,"name":"Accueil","item":"https:\/\/www.africa-press.net\/tchad\/"},{"@type":"ListItem","position":2,"name":"B\u00e9tel Casimir sera pr\u00e9sent au championnat d\u2019Afrique de taekwondo au Rwanda"}]},{"@type":"WebSite","@id":"https:\/\/www.africa-press.net\/tchad\/#website","url":"https:\/\/www.africa-press.net\/tchad\/","name":"tchad","description":"Just another Africa News Agency Sites site","potentialAction":[{"@type":"SearchAction","target":{"@type":"EntryPoint","urlTemplate":"https:\/\/www.africa-press.net\/tchad\/?s={search_term_string}"},"query-input":{"@type":"PropertyValueSpecification","valueRequired":true,"valueName":"search_term_string"}}],"inLanguage":"fr-FR"},{"@type":"Person","@id":"https:\/\/www.africa-press.net\/tchad\/#\/schema\/person\/2b1cf3cd81a31e3cd26889ca66d677f1","name":"cfeditorfr"}]}},"_links":{"self":[{"href":"https:\/\/www.africa-press.net\/tchad\/wp-json\/wp\/v2\/posts\/28917","targetHints":{"allow":["GET"]}}],"collection":[{"href":"https:\/\/www.africa-press.net\/tchad\/wp-json\/wp\/v2\/posts"}],"about":[{"href":"https:\/\/www.africa-press.net\/tchad\/wp-json\/wp\/v2\/types\/post"}],"author":[{"embeddable":true,"href":"https:\/\/www.africa-press.net\/tchad\/wp-json\/wp\/v2\/users\/82"}],"replies":[{"embeddable":true,"href":"https:\/\/www.africa-press.net\/tchad\/wp-json\/wp\/v2\/comments?post=28917"}],"version-history":[{"count":0,"href":"https:\/\/www.africa-press.net\/tchad\/wp-json\/wp\/v2\/posts\/28917\/revisions"}],"wp:featuredmedia":[{"embeddable":true,"href":"https:\/\/www.africa-press.net\/tchad\/wp-json\/wp\/v2\/media\/28916"}],"wp:attachment":[{"href":"https:\/\/www.africa-press.net\/tchad\/wp-json\/wp\/v2\/media?parent=28917"}],"wp:term":[{"taxonomy":"category","embeddable":true,"href":"https:\/\/www.africa-press.net\/tchad\/wp-json\/wp\/v2\/categories?post=28917"},{"taxonomy":"post_tag","embeddable":true,"href":"https:\/\/www.africa-press.net\/tchad\/wp-json\/wp\/v2\/tags?post=28917"}],"curies":[{"name":"wp","href":"https:\/\/api.w.org\/{rel}","templated":true}]}}