{"id":28958,"date":"2022-07-16T17:03:08","date_gmt":"2022-07-16T17:03:08","guid":{"rendered":"https:\/\/www.africa-press.net\/tchad\/politique\/wakit-tamma-repousse-sine-die-sa-marche-prevue-pour-le-16-juillet"},"modified":"2022-07-16T17:29:34","modified_gmt":"2022-07-16T17:29:34","slug":"wakit-tamma-repousse-sine-die-sa-marche-prevue-pour-le-16-juillet","status":"publish","type":"post","link":"https:\/\/www.africa-press.net\/tchad\/politique\/wakit-tamma-repousse-sine-die-sa-marche-prevue-pour-le-16-juillet","title":{"rendered":"Wakit Tamma repousse sine die sa marche pr\u00e9vue pour le 16 juillet"},"content":{"rendered":"<p><span style=\"color: #ff6600\"><strong>Africa-Press &#8211; Tchad. <\/strong><\/span>Les militants de la plateforme Wakit Tamma ne marcheront pas le 16 juillet. Les responsables de la plateforme ont annul\u00e9 ladite marche. La d\u00e9cision a \u00e9t\u00e9 prise ce 15 juillet au cours d\u2019une assembl\u00e9e g\u00e9n\u00e9rale tenue par la base.<\/p>\n<p><a name=\"tchad-456482519\"><\/a><a href=\"https:\/\/www.ecobank.com\/td\/personal-banking\/countries\"><br \/>\n<\/a><br \/>\nLes mobiles de ce report se situent \u00e0 deux niveaux. Selon l\u2019un des porte-parole, Souma\u00efne Adoum Souma\u00efne, Wakit Tamma a envoy\u00e9 une note d\u2019information au minist\u00e8re de la s\u00e9curit\u00e9 publique et de l\u2019immigration. A 48 heures, le minist\u00e8re en charge de la s\u00e9curit\u00e9 a adress\u00e9 une note aux responsables de Wakit Tamma leur indiquant qu\u2019il faut une demande d\u2019autorisation au pr\u00e9alable. Chose qui n\u2019a pas \u00e9t\u00e9 faite.<\/p>\n<p>La seconde cause est la condition pos\u00e9e par le minist\u00e8re. Selon Souma\u00efne Adoumm Souma\u00efne, le minist\u00e8re de la s\u00e9curit\u00e9 a pos\u00e9 une condition \u00e0 respecter pour la tenue de la marche. \u00ab Le minist\u00e8re demande aux organisateurs d\u2019une marche qu\u2019ils prennent l\u2019engagement de s\u00e9curiser leur marche \u00bb.<\/p>\n<p>Chose qui n\u2019a pas \u00e9t\u00e9 appr\u00e9ci\u00e9e par Wakit Tamma. \u00ab Nous demandons d\u2019utiliser de la voie publique, et c\u2019est pour que la police vienne s\u00e9curiser. (\u2026) nous avons fait une lettre d\u2019information pour dire que nous ne pourrons pas assurer nous-m\u00eames la s\u00e9curit\u00e9, cela devrait \u00eatre la responsabilit\u00e9 du minist\u00e8re en charge de la s\u00e9curit\u00e9 \u00bb. Unanimement, les militants et responsables de Wakit Tamma ont repouss\u00e9 la marche pacifique.<\/p>\n<p>Des pressions de la part du gouvernement<\/p>\n<p>Les responsables de Wakit Tamma ont indiqu\u00e9 qu\u2019ils subissent une r\u00e9elle guerre en particulier de la part du minist\u00e8re de la s\u00e9curit\u00e9 publique, et en g\u00e9n\u00e9ral du gouvernement. Selon leur porte-parole, le minist\u00e8re et la commune de N\u2019Djamena ont d\u00e9cid\u00e9 d\u2019emp\u00eacher toute possibilit\u00e9 de se r\u00e9unir pour r\u00e9fl\u00e9chir. \u00ab Pour r\u00e9fl\u00e9chir, les organisateurs ont besoin d\u2019une salle. Elles sont dans la ville et mises en location. D\u00e9sormais toutes les salles ont re\u00e7u de la pression pour que les membres de Wakit Tamma ne puissent pas se r\u00e9unir. Hier nous avons annul\u00e9 un s\u00e9minaire parce qu\u2019\u00e0 la derni\u00e8re minute, la commune de N\u2019Djamena est pass\u00e9e demander la salle que nous avons r\u00e9serv\u00e9 pour qu\u2019on ne puisse pas tenir notre s\u00e9minaire \u00bb, a accus\u00e9 Souma\u00efne Adoum Souma\u00efne.<\/p>\n<p><strong>Pour plus d&rsquo;informations et d&rsquo;analyses sur la <a href=\"https:\/\/www.africa-press.net\/tchad\">Tchad<\/a>, suivez <a href=\"https:\/\/www.africa-press.net\/\">Africa-Press<\/a><\/strong><\/p>\n","protected":false},"excerpt":{"rendered":"<p>Africa-Press &#8211; Tchad. Les militants de la plateforme Wakit Tamma ne marcheront pas le 16 juillet. Les responsables de la plateforme ont annul\u00e9 ladite marche. La d\u00e9cision a \u00e9t\u00e9 prise ce 15 juillet au cours d\u2019une assembl\u00e9e g\u00e9n\u00e9rale tenue par la base. Les mobiles de ce report se situent \u00e0 deux niveaux. Selon l\u2019un des [&hellip;]<\/p>\n","protected":false},"author":82,"featured_media":28957,"comment_status":"open","ping_status":"closed","sticky":false,"template":"","format":"standard","meta":{"footnotes":""},"categories":[11,2,10],"tags":[37,292,29],"class_list":["post-28958","post","type-post","status-publish","format-standard","has-post-thumbnail","hentry","category-homepage-french","category-politique","category-toutes-les-actualites","tag-africa-press","tag-africa-press-tchad","tag-tchad"],"yoast_head":"<!-- This site is optimized with the Yoast SEO Premium plugin v26.1 (Yoast SEO v27.0) - https:\/\/yoast.com\/product\/yoast-seo-premium-wordpress\/ -->\n<title>Wakit Tamma repousse sine die sa marche pr\u00e9vue pour le 16 juillet - tchad<\/title>\n<meta name=\"description\" content=\"Les militants de la plateforme Wakit Tamma ne marcheront pas le 16 juillet. Les responsables de la plateforme ont annul\u00e9 ...\" \/>\n<meta name=\"robots\" content=\"index, follow, max-snippet:-1, max-image-preview:large, max-video-preview:-1\" \/>\n<link rel=\"canonical\" href=\"https:\/\/www.africa-press.net\/tchad\/politique\/wakit-tamma-repousse-sine-die-sa-marche-prevue-pour-le-16-juillet\" \/>\n<meta property=\"og:locale\" content=\"fr_FR\" \/>\n<meta property=\"og:type\" content=\"article\" \/>\n<meta property=\"og:title\" content=\"Wakit Tamma repousse sine die sa marche pr\u00e9vue pour le 16 juillet\" \/>\n<meta property=\"og:description\" content=\"Les militants de la plateforme Wakit Tamma ne marcheront pas le 16 juillet. Les responsables de la plateforme ont annul\u00e9 ...\" \/>\n<meta property=\"og:url\" content=\"https:\/\/www.africa-press.net\/tchad\/politique\/wakit-tamma-repousse-sine-die-sa-marche-prevue-pour-le-16-juillet\" \/>\n<meta property=\"og:site_name\" content=\"tchad\" \/>\n<meta property=\"article:published_time\" content=\"2022-07-16T17:03:08+00:00\" \/>\n<meta property=\"article:modified_time\" content=\"2022-07-16T17:29:34+00:00\" \/>\n<meta property=\"og:image\" content=\"https:\/\/static.africa-press.net\/tchad\/sites\/41\/2022\/07\/postQueueImg_1-62d2f55c99780.jpg\" \/>\n\t<meta property=\"og:image:width\" content=\"696\" \/>\n\t<meta property=\"og:image:height\" content=\"482\" \/>\n\t<meta property=\"og:image:type\" content=\"image\/jpeg\" \/>\n<meta name=\"author\" content=\"cfeditorfr\" \/>\n<meta name=\"twitter:card\" content=\"summary_large_image\" \/>\n<meta name=\"twitter:label1\" content=\"\u00c9crit par\" \/>\n\t<meta name=\"twitter:data1\" content=\"cfeditorfr\" \/>\n\t<meta name=\"twitter:label2\" content=\"Dur\u00e9e de lecture estim\u00e9e\" \/>\n\t<meta name=\"twitter:data2\" content=\"2 minutes\" \/>\n<script type=\"application\/ld+json\" class=\"yoast-schema-graph\">{\"@context\":\"https:\/\/schema.org\",\"@graph\":[{\"@type\":\"Article\",\"@id\":\"https:\/\/www.africa-press.net\/tchad\/politique\/wakit-tamma-repousse-sine-die-sa-marche-prevue-pour-le-16-juillet#article\",\"isPartOf\":{\"@id\":\"https:\/\/www.africa-press.net\/tchad\/politique\/wakit-tamma-repousse-sine-die-sa-marche-prevue-pour-le-16-juillet\"},\"author\":{\"name\":\"cfeditorfr\",\"@id\":\"https:\/\/www.africa-press.net\/tchad\/#\/schema\/person\/2b1cf3cd81a31e3cd26889ca66d677f1\"},\"headline\":\"Wakit Tamma repousse sine die sa marche pr\u00e9vue pour le 16 juillet\",\"datePublished\":\"2022-07-16T17:03:08+00:00\",\"dateModified\":\"2022-07-16T17:29:34+00:00\",\"mainEntityOfPage\":{\"@id\":\"https:\/\/www.africa-press.net\/tchad\/politique\/wakit-tamma-repousse-sine-die-sa-marche-prevue-pour-le-16-juillet\"},\"wordCount\":438,\"commentCount\":0,\"image\":{\"@id\":\"https:\/\/www.africa-press.net\/tchad\/politique\/wakit-tamma-repousse-sine-die-sa-marche-prevue-pour-le-16-juillet#primaryimage\"},\"thumbnailUrl\":\"https:\/\/static.africa-press.net\/tchad\/sites\/41\/2022\/07\/postQueueImg_1-62d2f55c99780.jpg\",\"keywords\":[\"Africa Press\",\"Africa Press-Tchad\",\"Tchad\"],\"articleSection\":[\"homepage-french\",\"Politique\",\"Toutes les actualit\u00e9s\"],\"inLanguage\":\"fr-FR\",\"potentialAction\":[{\"@type\":\"CommentAction\",\"name\":\"Comment\",\"target\":[\"https:\/\/www.africa-press.net\/tchad\/politique\/wakit-tamma-repousse-sine-die-sa-marche-prevue-pour-le-16-juillet#respond\"]}]},{\"@type\":\"WebPage\",\"@id\":\"https:\/\/www.africa-press.net\/tchad\/politique\/wakit-tamma-repousse-sine-die-sa-marche-prevue-pour-le-16-juillet\",\"url\":\"https:\/\/www.africa-press.net\/tchad\/politique\/wakit-tamma-repousse-sine-die-sa-marche-prevue-pour-le-16-juillet\",\"name\":\"Wakit Tamma repousse sine die sa marche pr\u00e9vue pour le 16 juillet - tchad\",\"isPartOf\":{\"@id\":\"https:\/\/www.africa-press.net\/tchad\/#website\"},\"primaryImageOfPage\":{\"@id\":\"https:\/\/www.africa-press.net\/tchad\/politique\/wakit-tamma-repousse-sine-die-sa-marche-prevue-pour-le-16-juillet#primaryimage\"},\"image\":{\"@id\":\"https:\/\/www.africa-press.net\/tchad\/politique\/wakit-tamma-repousse-sine-die-sa-marche-prevue-pour-le-16-juillet#primaryimage\"},\"thumbnailUrl\":\"https:\/\/static.africa-press.net\/tchad\/sites\/41\/2022\/07\/postQueueImg_1-62d2f55c99780.jpg\",\"datePublished\":\"2022-07-16T17:03:08+00:00\",\"dateModified\":\"2022-07-16T17:29:34+00:00\",\"author\":{\"@id\":\"https:\/\/www.africa-press.net\/tchad\/#\/schema\/person\/2b1cf3cd81a31e3cd26889ca66d677f1\"},\"description\":\"Les militants de la plateforme Wakit Tamma ne marcheront pas le 16 juillet. Les responsables de la plateforme ont annul\u00e9 ...\",\"breadcrumb\":{\"@id\":\"https:\/\/www.africa-press.net\/tchad\/politique\/wakit-tamma-repousse-sine-die-sa-marche-prevue-pour-le-16-juillet#breadcrumb\"},\"inLanguage\":\"fr-FR\",\"potentialAction\":[{\"@type\":\"ReadAction\",\"target\":[\"https:\/\/www.africa-press.net\/tchad\/politique\/wakit-tamma-repousse-sine-die-sa-marche-prevue-pour-le-16-juillet\"]}]},{\"@type\":\"ImageObject\",\"inLanguage\":\"fr-FR\",\"@id\":\"https:\/\/www.africa-press.net\/tchad\/politique\/wakit-tamma-repousse-sine-die-sa-marche-prevue-pour-le-16-juillet#primaryimage\",\"url\":\"https:\/\/static.africa-press.net\/tchad\/sites\/41\/2022\/07\/postQueueImg_1-62d2f55c99780.jpg\",\"contentUrl\":\"https:\/\/static.africa-press.net\/tchad\/sites\/41\/2022\/07\/postQueueImg_1-62d2f55c99780.jpg\",\"width\":696,\"height\":482,\"caption\":\"Wakit Tamma repousse sine die sa marche pr\u00e9vue pour le 16 juillet\"},{\"@type\":\"BreadcrumbList\",\"@id\":\"https:\/\/www.africa-press.net\/tchad\/politique\/wakit-tamma-repousse-sine-die-sa-marche-prevue-pour-le-16-juillet#breadcrumb\",\"itemListElement\":[{\"@type\":\"ListItem\",\"position\":1,\"name\":\"Accueil\",\"item\":\"https:\/\/www.africa-press.net\/tchad\/\"},{\"@type\":\"ListItem\",\"position\":2,\"name\":\"Wakit Tamma repousse sine die sa marche pr\u00e9vue pour le 16 juillet\"}]},{\"@type\":\"WebSite\",\"@id\":\"https:\/\/www.africa-press.net\/tchad\/#website\",\"url\":\"https:\/\/www.africa-press.net\/tchad\/\",\"name\":\"tchad\",\"description\":\"Just another Africa News Agency Sites site\",\"potentialAction\":[{\"@type\":\"SearchAction\",\"target\":{\"@type\":\"EntryPoint\",\"urlTemplate\":\"https:\/\/www.africa-press.net\/tchad\/?s={search_term_string}\"},\"query-input\":{\"@type\":\"PropertyValueSpecification\",\"valueRequired\":true,\"valueName\":\"search_term_string\"}}],\"inLanguage\":\"fr-FR\"},{\"@type\":\"Person\",\"@id\":\"https:\/\/www.africa-press.net\/tchad\/#\/schema\/person\/2b1cf3cd81a31e3cd26889ca66d677f1\",\"name\":\"cfeditorfr\"}]}<\/script>\n<!-- \/ Yoast SEO Premium plugin. -->","yoast_head_json":{"title":"Wakit Tamma repousse sine die sa marche pr\u00e9vue pour le 16 juillet - tchad","description":"Les militants de la plateforme Wakit Tamma ne marcheront pas le 16 juillet. Les responsables de la plateforme ont annul\u00e9 ...","robots":{"index":"index","follow":"follow","max-snippet":"max-snippet:-1","max-image-preview":"max-image-preview:large","max-video-preview":"max-video-preview:-1"},"canonical":"https:\/\/www.africa-press.net\/tchad\/politique\/wakit-tamma-repousse-sine-die-sa-marche-prevue-pour-le-16-juillet","og_locale":"fr_FR","og_type":"article","og_title":"Wakit Tamma repousse sine die sa marche pr\u00e9vue pour le 16 juillet","og_description":"Les militants de la plateforme Wakit Tamma ne marcheront pas le 16 juillet. Les responsables de la plateforme ont annul\u00e9 ...","og_url":"https:\/\/www.africa-press.net\/tchad\/politique\/wakit-tamma-repousse-sine-die-sa-marche-prevue-pour-le-16-juillet","og_site_name":"tchad","article_published_time":"2022-07-16T17:03:08+00:00","article_modified_time":"2022-07-16T17:29:34+00:00","og_image":[{"width":696,"height":482,"url":"https:\/\/static.africa-press.net\/tchad\/sites\/41\/2022\/07\/postQueueImg_1-62d2f55c99780.jpg","type":"image\/jpeg"}],"author":"cfeditorfr","twitter_card":"summary_large_image","twitter_misc":{"\u00c9crit par":"cfeditorfr","Dur\u00e9e de lecture estim\u00e9e":"2 minutes"},"schema":{"@context":"https:\/\/schema.org","@graph":[{"@type":"Article","@id":"https:\/\/www.africa-press.net\/tchad\/politique\/wakit-tamma-repousse-sine-die-sa-marche-prevue-pour-le-16-juillet#article","isPartOf":{"@id":"https:\/\/www.africa-press.net\/tchad\/politique\/wakit-tamma-repousse-sine-die-sa-marche-prevue-pour-le-16-juillet"},"author":{"name":"cfeditorfr","@id":"https:\/\/www.africa-press.net\/tchad\/#\/schema\/person\/2b1cf3cd81a31e3cd26889ca66d677f1"},"headline":"Wakit Tamma repousse sine die sa marche pr\u00e9vue pour le 16 juillet","datePublished":"2022-07-16T17:03:08+00:00","dateModified":"2022-07-16T17:29:34+00:00","mainEntityOfPage":{"@id":"https:\/\/www.africa-press.net\/tchad\/politique\/wakit-tamma-repousse-sine-die-sa-marche-prevue-pour-le-16-juillet"},"wordCount":438,"commentCount":0,"image":{"@id":"https:\/\/www.africa-press.net\/tchad\/politique\/wakit-tamma-repousse-sine-die-sa-marche-prevue-pour-le-16-juillet#primaryimage"},"thumbnailUrl":"https:\/\/static.africa-press.net\/tchad\/sites\/41\/2022\/07\/postQueueImg_1-62d2f55c99780.jpg","keywords":["Africa Press","Africa Press-Tchad","Tchad"],"articleSection":["homepage-french","Politique","Toutes les actualit\u00e9s"],"inLanguage":"fr-FR","potentialAction":[{"@type":"CommentAction","name":"Comment","target":["https:\/\/www.africa-press.net\/tchad\/politique\/wakit-tamma-repousse-sine-die-sa-marche-prevue-pour-le-16-juillet#respond"]}]},{"@type":"WebPage","@id":"https:\/\/www.africa-press.net\/tchad\/politique\/wakit-tamma-repousse-sine-die-sa-marche-prevue-pour-le-16-juillet","url":"https:\/\/www.africa-press.net\/tchad\/politique\/wakit-tamma-repousse-sine-die-sa-marche-prevue-pour-le-16-juillet","name":"Wakit Tamma repousse sine die sa marche pr\u00e9vue pour le 16 juillet - tchad","isPartOf":{"@id":"https:\/\/www.africa-press.net\/tchad\/#website"},"primaryImageOfPage":{"@id":"https:\/\/www.africa-press.net\/tchad\/politique\/wakit-tamma-repousse-sine-die-sa-marche-prevue-pour-le-16-juillet#primaryimage"},"image":{"@id":"https:\/\/www.africa-press.net\/tchad\/politique\/wakit-tamma-repousse-sine-die-sa-marche-prevue-pour-le-16-juillet#primaryimage"},"thumbnailUrl":"https:\/\/static.africa-press.net\/tchad\/sites\/41\/2022\/07\/postQueueImg_1-62d2f55c99780.jpg","datePublished":"2022-07-16T17:03:08+00:00","dateModified":"2022-07-16T17:29:34+00:00","author":{"@id":"https:\/\/www.africa-press.net\/tchad\/#\/schema\/person\/2b1cf3cd81a31e3cd26889ca66d677f1"},"description":"Les militants de la plateforme Wakit Tamma ne marcheront pas le 16 juillet. Les responsables de la plateforme ont annul\u00e9 ...","breadcrumb":{"@id":"https:\/\/www.africa-press.net\/tchad\/politique\/wakit-tamma-repousse-sine-die-sa-marche-prevue-pour-le-16-juillet#breadcrumb"},"inLanguage":"fr-FR","potentialAction":[{"@type":"ReadAction","target":["https:\/\/www.africa-press.net\/tchad\/politique\/wakit-tamma-repousse-sine-die-sa-marche-prevue-pour-le-16-juillet"]}]},{"@type":"ImageObject","inLanguage":"fr-FR","@id":"https:\/\/www.africa-press.net\/tchad\/politique\/wakit-tamma-repousse-sine-die-sa-marche-prevue-pour-le-16-juillet#primaryimage","url":"https:\/\/static.africa-press.net\/tchad\/sites\/41\/2022\/07\/postQueueImg_1-62d2f55c99780.jpg","contentUrl":"https:\/\/static.africa-press.net\/tchad\/sites\/41\/2022\/07\/postQueueImg_1-62d2f55c99780.jpg","width":696,"height":482,"caption":"Wakit Tamma repousse sine die sa marche pr\u00e9vue pour le 16 juillet"},{"@type":"BreadcrumbList","@id":"https:\/\/www.africa-press.net\/tchad\/politique\/wakit-tamma-repousse-sine-die-sa-marche-prevue-pour-le-16-juillet#breadcrumb","itemListElement":[{"@type":"ListItem","position":1,"name":"Accueil","item":"https:\/\/www.africa-press.net\/tchad\/"},{"@type":"ListItem","position":2,"name":"Wakit Tamma repousse sine die sa marche pr\u00e9vue pour le 16 juillet"}]},{"@type":"WebSite","@id":"https:\/\/www.africa-press.net\/tchad\/#website","url":"https:\/\/www.africa-press.net\/tchad\/","name":"tchad","description":"Just another Africa News Agency Sites site","potentialAction":[{"@type":"SearchAction","target":{"@type":"EntryPoint","urlTemplate":"https:\/\/www.africa-press.net\/tchad\/?s={search_term_string}"},"query-input":{"@type":"PropertyValueSpecification","valueRequired":true,"valueName":"search_term_string"}}],"inLanguage":"fr-FR"},{"@type":"Person","@id":"https:\/\/www.africa-press.net\/tchad\/#\/schema\/person\/2b1cf3cd81a31e3cd26889ca66d677f1","name":"cfeditorfr"}]}},"_links":{"self":[{"href":"https:\/\/www.africa-press.net\/tchad\/wp-json\/wp\/v2\/posts\/28958","targetHints":{"allow":["GET"]}}],"collection":[{"href":"https:\/\/www.africa-press.net\/tchad\/wp-json\/wp\/v2\/posts"}],"about":[{"href":"https:\/\/www.africa-press.net\/tchad\/wp-json\/wp\/v2\/types\/post"}],"author":[{"embeddable":true,"href":"https:\/\/www.africa-press.net\/tchad\/wp-json\/wp\/v2\/users\/82"}],"replies":[{"embeddable":true,"href":"https:\/\/www.africa-press.net\/tchad\/wp-json\/wp\/v2\/comments?post=28958"}],"version-history":[{"count":0,"href":"https:\/\/www.africa-press.net\/tchad\/wp-json\/wp\/v2\/posts\/28958\/revisions"}],"wp:featuredmedia":[{"embeddable":true,"href":"https:\/\/www.africa-press.net\/tchad\/wp-json\/wp\/v2\/media\/28957"}],"wp:attachment":[{"href":"https:\/\/www.africa-press.net\/tchad\/wp-json\/wp\/v2\/media?parent=28958"}],"wp:term":[{"taxonomy":"category","embeddable":true,"href":"https:\/\/www.africa-press.net\/tchad\/wp-json\/wp\/v2\/categories?post=28958"},{"taxonomy":"post_tag","embeddable":true,"href":"https:\/\/www.africa-press.net\/tchad\/wp-json\/wp\/v2\/tags?post=28958"}],"curies":[{"name":"wp","href":"https:\/\/api.w.org\/{rel}","templated":true}]}}