{"id":28961,"date":"2022-07-16T17:06:36","date_gmt":"2022-07-16T17:06:36","guid":{"rendered":"https:\/\/www.africa-press.net\/tchad\/politique\/moundou-accueille-le-mini-festival-des-refugies-centrafricains"},"modified":"2022-07-16T17:29:57","modified_gmt":"2022-07-16T17:29:57","slug":"moundou-accueille-le-mini-festival-des-refugies-centrafricains","status":"publish","type":"post","link":"https:\/\/www.africa-press.net\/tchad\/toutes-les-actualites\/moundou-accueille-le-mini-festival-des-refugies-centrafricains","title":{"rendered":"Moundou accueille le mini festival des r\u00e9fugi\u00e9s centrafricains"},"content":{"rendered":"<p><span style=\"color: #ff6600\"><strong>Africa-Press &#8211; Tchad. <\/strong><\/span>Inclusion socio-\u00e9conomique et r\u00e9silience des r\u00e9fugi\u00e9s centrafricains\u201d, tel est le th\u00e8me du festival des r\u00e9fugi\u00e9s organis\u00e9 par le Haut Commissariat des Nations-unies pour les r\u00e9fugi\u00e9s (HCR). \u00c0 cette occasion, le Haut commissaire des Nations-unies pour les r\u00e9fugi\u00e9s, Phlippo Grandi a effectu\u00e9 un d\u00e9placement pour prendre part \u00e0 la foire de coh\u00e9sion sociale qui se tient \u00e0 Moundou.Dans son allocution, le gouverneur de la province du Logone occidental, Bachar Ali Souleymane, a indiqu\u00e9 qu\u2019en d\u00e9pit des r\u00e9alisations de l\u2019UHNCR en faveur des r\u00e9fugi\u00e9s, les d\u00e9fis sont \u00e9normes et augmentent sans cesse. Les difficult\u00e9s les plus substantielles sont l\u2019acc\u00e8s aux de subsistance, \u00e0 l\u2019autonomisation, l\u2019appauvrissement des terres cultivables que se partagent les deux communaut\u00e9s et la forte pression exerc\u00e9e sur les ressources naturelles disponibles, cite-t-il.<\/p>\n<p>Pour sa part, le Haut commissaire des Nations-unies pour les r\u00e9fugi\u00e9s, Philippo Grandi, a reconnu l\u2019effort du Tchad en mati\u00e8re d\u2019attraction des populations \u00e9trang\u00e8res qui vivent dans l\u2019instabilit\u00e9 en leur accordant une zone de refuge. \u201cPar ce geste humaniste, le Tchad reste un exemple dans le monde\u201d, a-t-il d\u00e9clar\u00e9. Philippo Grandi poursuit en informant l\u2019assistance que son institution mettra en \u0153uvre les strat\u00e9gies pour accompagner les r\u00e9fugi\u00e9s \u00e0 plus d\u2019autonomisation en mobilisant les ressources pour le d\u00e9veloppement. Il faut impliquer plus de partenaires pour permettre aux r\u00e9fugi\u00e9s de se prendre en charge, notamment dans le domaine de l\u2019\u00e9levage et de l\u2019agriculture et les activit\u00e9s g\u00e9n\u00e9ratrices de revenus. Une visite guid\u00e9e des expositions et la pr\u00e9sentation de l\u2019enqu\u00eate ont mis terme \u00e0 la c\u00e9r\u00e9monie.<\/p>\n<p><strong>Pour plus d&rsquo;informations et d&rsquo;analyses sur la <a href=\"https:\/\/www.africa-press.net\/tchad\">Tchad<\/a>, suivez <a href=\"https:\/\/www.africa-press.net\/\">Africa-Press<\/a><\/strong><\/p>\n","protected":false},"excerpt":{"rendered":"<p>Africa-Press &#8211; Tchad. Inclusion socio-\u00e9conomique et r\u00e9silience des r\u00e9fugi\u00e9s centrafricains\u201d, tel est le th\u00e8me du festival des r\u00e9fugi\u00e9s organis\u00e9 par le Haut Commissariat des Nations-unies pour les r\u00e9fugi\u00e9s (HCR). \u00c0 cette occasion, le Haut commissaire des Nations-unies pour les r\u00e9fugi\u00e9s, Phlippo Grandi a effectu\u00e9 un d\u00e9placement pour prendre part \u00e0 la foire de coh\u00e9sion sociale [&hellip;]<\/p>\n","protected":false},"author":82,"featured_media":28960,"comment_status":"open","ping_status":"closed","sticky":false,"template":"","format":"standard","meta":{"footnotes":""},"categories":[21,11,10],"tags":[37,292,29],"class_list":["post-28961","post","type-post","status-publish","format-standard","has-post-thumbnail","hentry","category-communaute","category-homepage-french","category-toutes-les-actualites","tag-africa-press","tag-africa-press-tchad","tag-tchad"],"yoast_head":"<!-- This site is optimized with the Yoast SEO Premium plugin v26.1 (Yoast SEO v27.0) - https:\/\/yoast.com\/product\/yoast-seo-premium-wordpress\/ -->\n<title>Moundou accueille le mini festival des r\u00e9fugi\u00e9s centrafricains - tchad<\/title>\n<meta name=\"description\" content=\"Inclusion socio-\u00e9conomique et r\u00e9silience des r\u00e9fugi\u00e9s centrafricains\u201d, tel est le th\u00e8me du festival des r\u00e9fugi\u00e9s organis ...\" \/>\n<meta name=\"robots\" content=\"index, follow, max-snippet:-1, max-image-preview:large, max-video-preview:-1\" \/>\n<link rel=\"canonical\" href=\"https:\/\/www.africa-press.net\/tchad\/toutes-les-actualites\/moundou-accueille-le-mini-festival-des-refugies-centrafricains\" \/>\n<meta property=\"og:locale\" content=\"fr_FR\" \/>\n<meta property=\"og:type\" content=\"article\" \/>\n<meta property=\"og:title\" content=\"Moundou accueille le mini festival des r\u00e9fugi\u00e9s centrafricains\" \/>\n<meta property=\"og:description\" content=\"Inclusion socio-\u00e9conomique et r\u00e9silience des r\u00e9fugi\u00e9s centrafricains\u201d, tel est le th\u00e8me du festival des r\u00e9fugi\u00e9s organis ...\" \/>\n<meta property=\"og:url\" content=\"https:\/\/www.africa-press.net\/tchad\/toutes-les-actualites\/moundou-accueille-le-mini-festival-des-refugies-centrafricains\" \/>\n<meta property=\"og:site_name\" content=\"tchad\" \/>\n<meta property=\"article:published_time\" content=\"2022-07-16T17:06:36+00:00\" \/>\n<meta property=\"article:modified_time\" content=\"2022-07-16T17:29:57+00:00\" \/>\n<meta property=\"og:image\" content=\"https:\/\/static.africa-press.net\/tchad\/sites\/41\/2022\/07\/postQueueImg_2-62d2f583e3323.jpg\" \/>\n\t<meta property=\"og:image:width\" content=\"696\" \/>\n\t<meta property=\"og:image:height\" content=\"522\" \/>\n\t<meta property=\"og:image:type\" content=\"image\/jpeg\" \/>\n<meta name=\"author\" content=\"cfeditorfr\" \/>\n<meta name=\"twitter:card\" content=\"summary_large_image\" \/>\n<meta name=\"twitter:label1\" content=\"\u00c9crit par\" \/>\n\t<meta name=\"twitter:data1\" content=\"cfeditorfr\" \/>\n\t<meta name=\"twitter:label2\" content=\"Dur\u00e9e de lecture estim\u00e9e\" \/>\n\t<meta name=\"twitter:data2\" content=\"2 minutes\" \/>\n<script type=\"application\/ld+json\" class=\"yoast-schema-graph\">{\"@context\":\"https:\/\/schema.org\",\"@graph\":[{\"@type\":\"Article\",\"@id\":\"https:\/\/www.africa-press.net\/tchad\/toutes-les-actualites\/moundou-accueille-le-mini-festival-des-refugies-centrafricains#article\",\"isPartOf\":{\"@id\":\"https:\/\/www.africa-press.net\/tchad\/toutes-les-actualites\/moundou-accueille-le-mini-festival-des-refugies-centrafricains\"},\"author\":{\"name\":\"cfeditorfr\",\"@id\":\"https:\/\/www.africa-press.net\/tchad\/#\/schema\/person\/2b1cf3cd81a31e3cd26889ca66d677f1\"},\"headline\":\"Moundou accueille le mini festival des r\u00e9fugi\u00e9s centrafricains\",\"datePublished\":\"2022-07-16T17:06:36+00:00\",\"dateModified\":\"2022-07-16T17:29:57+00:00\",\"mainEntityOfPage\":{\"@id\":\"https:\/\/www.africa-press.net\/tchad\/toutes-les-actualites\/moundou-accueille-le-mini-festival-des-refugies-centrafricains\"},\"wordCount\":320,\"commentCount\":0,\"image\":{\"@id\":\"https:\/\/www.africa-press.net\/tchad\/toutes-les-actualites\/moundou-accueille-le-mini-festival-des-refugies-centrafricains#primaryimage\"},\"thumbnailUrl\":\"https:\/\/static.africa-press.net\/tchad\/sites\/41\/2022\/07\/postQueueImg_2-62d2f583e3323.jpg\",\"keywords\":[\"Africa Press\",\"Africa Press-Tchad\",\"Tchad\"],\"articleSection\":[\"Communaut\u00e9\",\"homepage-french\",\"Toutes les actualit\u00e9s\"],\"inLanguage\":\"fr-FR\",\"potentialAction\":[{\"@type\":\"CommentAction\",\"name\":\"Comment\",\"target\":[\"https:\/\/www.africa-press.net\/tchad\/toutes-les-actualites\/moundou-accueille-le-mini-festival-des-refugies-centrafricains#respond\"]}]},{\"@type\":\"WebPage\",\"@id\":\"https:\/\/www.africa-press.net\/tchad\/toutes-les-actualites\/moundou-accueille-le-mini-festival-des-refugies-centrafricains\",\"url\":\"https:\/\/www.africa-press.net\/tchad\/toutes-les-actualites\/moundou-accueille-le-mini-festival-des-refugies-centrafricains\",\"name\":\"Moundou accueille le mini festival des r\u00e9fugi\u00e9s centrafricains - tchad\",\"isPartOf\":{\"@id\":\"https:\/\/www.africa-press.net\/tchad\/#website\"},\"primaryImageOfPage\":{\"@id\":\"https:\/\/www.africa-press.net\/tchad\/toutes-les-actualites\/moundou-accueille-le-mini-festival-des-refugies-centrafricains#primaryimage\"},\"image\":{\"@id\":\"https:\/\/www.africa-press.net\/tchad\/toutes-les-actualites\/moundou-accueille-le-mini-festival-des-refugies-centrafricains#primaryimage\"},\"thumbnailUrl\":\"https:\/\/static.africa-press.net\/tchad\/sites\/41\/2022\/07\/postQueueImg_2-62d2f583e3323.jpg\",\"datePublished\":\"2022-07-16T17:06:36+00:00\",\"dateModified\":\"2022-07-16T17:29:57+00:00\",\"author\":{\"@id\":\"https:\/\/www.africa-press.net\/tchad\/#\/schema\/person\/2b1cf3cd81a31e3cd26889ca66d677f1\"},\"description\":\"Inclusion socio-\u00e9conomique et r\u00e9silience des r\u00e9fugi\u00e9s centrafricains\u201d, tel est le th\u00e8me du festival des r\u00e9fugi\u00e9s organis ...\",\"breadcrumb\":{\"@id\":\"https:\/\/www.africa-press.net\/tchad\/toutes-les-actualites\/moundou-accueille-le-mini-festival-des-refugies-centrafricains#breadcrumb\"},\"inLanguage\":\"fr-FR\",\"potentialAction\":[{\"@type\":\"ReadAction\",\"target\":[\"https:\/\/www.africa-press.net\/tchad\/toutes-les-actualites\/moundou-accueille-le-mini-festival-des-refugies-centrafricains\"]}]},{\"@type\":\"ImageObject\",\"inLanguage\":\"fr-FR\",\"@id\":\"https:\/\/www.africa-press.net\/tchad\/toutes-les-actualites\/moundou-accueille-le-mini-festival-des-refugies-centrafricains#primaryimage\",\"url\":\"https:\/\/static.africa-press.net\/tchad\/sites\/41\/2022\/07\/postQueueImg_2-62d2f583e3323.jpg\",\"contentUrl\":\"https:\/\/static.africa-press.net\/tchad\/sites\/41\/2022\/07\/postQueueImg_2-62d2f583e3323.jpg\",\"width\":696,\"height\":522,\"caption\":\"Moundou accueille le mini festival des r\u00e9fugi\u00e9s centrafricains\"},{\"@type\":\"BreadcrumbList\",\"@id\":\"https:\/\/www.africa-press.net\/tchad\/toutes-les-actualites\/moundou-accueille-le-mini-festival-des-refugies-centrafricains#breadcrumb\",\"itemListElement\":[{\"@type\":\"ListItem\",\"position\":1,\"name\":\"Accueil\",\"item\":\"https:\/\/www.africa-press.net\/tchad\/\"},{\"@type\":\"ListItem\",\"position\":2,\"name\":\"Moundou accueille le mini festival des r\u00e9fugi\u00e9s centrafricains\"}]},{\"@type\":\"WebSite\",\"@id\":\"https:\/\/www.africa-press.net\/tchad\/#website\",\"url\":\"https:\/\/www.africa-press.net\/tchad\/\",\"name\":\"tchad\",\"description\":\"Just another Africa News Agency Sites site\",\"potentialAction\":[{\"@type\":\"SearchAction\",\"target\":{\"@type\":\"EntryPoint\",\"urlTemplate\":\"https:\/\/www.africa-press.net\/tchad\/?s={search_term_string}\"},\"query-input\":{\"@type\":\"PropertyValueSpecification\",\"valueRequired\":true,\"valueName\":\"search_term_string\"}}],\"inLanguage\":\"fr-FR\"},{\"@type\":\"Person\",\"@id\":\"https:\/\/www.africa-press.net\/tchad\/#\/schema\/person\/2b1cf3cd81a31e3cd26889ca66d677f1\",\"name\":\"cfeditorfr\"}]}<\/script>\n<!-- \/ Yoast SEO Premium plugin. -->","yoast_head_json":{"title":"Moundou accueille le mini festival des r\u00e9fugi\u00e9s centrafricains - tchad","description":"Inclusion socio-\u00e9conomique et r\u00e9silience des r\u00e9fugi\u00e9s centrafricains\u201d, tel est le th\u00e8me du festival des r\u00e9fugi\u00e9s organis ...","robots":{"index":"index","follow":"follow","max-snippet":"max-snippet:-1","max-image-preview":"max-image-preview:large","max-video-preview":"max-video-preview:-1"},"canonical":"https:\/\/www.africa-press.net\/tchad\/toutes-les-actualites\/moundou-accueille-le-mini-festival-des-refugies-centrafricains","og_locale":"fr_FR","og_type":"article","og_title":"Moundou accueille le mini festival des r\u00e9fugi\u00e9s centrafricains","og_description":"Inclusion socio-\u00e9conomique et r\u00e9silience des r\u00e9fugi\u00e9s centrafricains\u201d, tel est le th\u00e8me du festival des r\u00e9fugi\u00e9s organis ...","og_url":"https:\/\/www.africa-press.net\/tchad\/toutes-les-actualites\/moundou-accueille-le-mini-festival-des-refugies-centrafricains","og_site_name":"tchad","article_published_time":"2022-07-16T17:06:36+00:00","article_modified_time":"2022-07-16T17:29:57+00:00","og_image":[{"width":696,"height":522,"url":"https:\/\/static.africa-press.net\/tchad\/sites\/41\/2022\/07\/postQueueImg_2-62d2f583e3323.jpg","type":"image\/jpeg"}],"author":"cfeditorfr","twitter_card":"summary_large_image","twitter_misc":{"\u00c9crit par":"cfeditorfr","Dur\u00e9e de lecture estim\u00e9e":"2 minutes"},"schema":{"@context":"https:\/\/schema.org","@graph":[{"@type":"Article","@id":"https:\/\/www.africa-press.net\/tchad\/toutes-les-actualites\/moundou-accueille-le-mini-festival-des-refugies-centrafricains#article","isPartOf":{"@id":"https:\/\/www.africa-press.net\/tchad\/toutes-les-actualites\/moundou-accueille-le-mini-festival-des-refugies-centrafricains"},"author":{"name":"cfeditorfr","@id":"https:\/\/www.africa-press.net\/tchad\/#\/schema\/person\/2b1cf3cd81a31e3cd26889ca66d677f1"},"headline":"Moundou accueille le mini festival des r\u00e9fugi\u00e9s centrafricains","datePublished":"2022-07-16T17:06:36+00:00","dateModified":"2022-07-16T17:29:57+00:00","mainEntityOfPage":{"@id":"https:\/\/www.africa-press.net\/tchad\/toutes-les-actualites\/moundou-accueille-le-mini-festival-des-refugies-centrafricains"},"wordCount":320,"commentCount":0,"image":{"@id":"https:\/\/www.africa-press.net\/tchad\/toutes-les-actualites\/moundou-accueille-le-mini-festival-des-refugies-centrafricains#primaryimage"},"thumbnailUrl":"https:\/\/static.africa-press.net\/tchad\/sites\/41\/2022\/07\/postQueueImg_2-62d2f583e3323.jpg","keywords":["Africa Press","Africa Press-Tchad","Tchad"],"articleSection":["Communaut\u00e9","homepage-french","Toutes les actualit\u00e9s"],"inLanguage":"fr-FR","potentialAction":[{"@type":"CommentAction","name":"Comment","target":["https:\/\/www.africa-press.net\/tchad\/toutes-les-actualites\/moundou-accueille-le-mini-festival-des-refugies-centrafricains#respond"]}]},{"@type":"WebPage","@id":"https:\/\/www.africa-press.net\/tchad\/toutes-les-actualites\/moundou-accueille-le-mini-festival-des-refugies-centrafricains","url":"https:\/\/www.africa-press.net\/tchad\/toutes-les-actualites\/moundou-accueille-le-mini-festival-des-refugies-centrafricains","name":"Moundou accueille le mini festival des r\u00e9fugi\u00e9s centrafricains - tchad","isPartOf":{"@id":"https:\/\/www.africa-press.net\/tchad\/#website"},"primaryImageOfPage":{"@id":"https:\/\/www.africa-press.net\/tchad\/toutes-les-actualites\/moundou-accueille-le-mini-festival-des-refugies-centrafricains#primaryimage"},"image":{"@id":"https:\/\/www.africa-press.net\/tchad\/toutes-les-actualites\/moundou-accueille-le-mini-festival-des-refugies-centrafricains#primaryimage"},"thumbnailUrl":"https:\/\/static.africa-press.net\/tchad\/sites\/41\/2022\/07\/postQueueImg_2-62d2f583e3323.jpg","datePublished":"2022-07-16T17:06:36+00:00","dateModified":"2022-07-16T17:29:57+00:00","author":{"@id":"https:\/\/www.africa-press.net\/tchad\/#\/schema\/person\/2b1cf3cd81a31e3cd26889ca66d677f1"},"description":"Inclusion socio-\u00e9conomique et r\u00e9silience des r\u00e9fugi\u00e9s centrafricains\u201d, tel est le th\u00e8me du festival des r\u00e9fugi\u00e9s organis ...","breadcrumb":{"@id":"https:\/\/www.africa-press.net\/tchad\/toutes-les-actualites\/moundou-accueille-le-mini-festival-des-refugies-centrafricains#breadcrumb"},"inLanguage":"fr-FR","potentialAction":[{"@type":"ReadAction","target":["https:\/\/www.africa-press.net\/tchad\/toutes-les-actualites\/moundou-accueille-le-mini-festival-des-refugies-centrafricains"]}]},{"@type":"ImageObject","inLanguage":"fr-FR","@id":"https:\/\/www.africa-press.net\/tchad\/toutes-les-actualites\/moundou-accueille-le-mini-festival-des-refugies-centrafricains#primaryimage","url":"https:\/\/static.africa-press.net\/tchad\/sites\/41\/2022\/07\/postQueueImg_2-62d2f583e3323.jpg","contentUrl":"https:\/\/static.africa-press.net\/tchad\/sites\/41\/2022\/07\/postQueueImg_2-62d2f583e3323.jpg","width":696,"height":522,"caption":"Moundou accueille le mini festival des r\u00e9fugi\u00e9s centrafricains"},{"@type":"BreadcrumbList","@id":"https:\/\/www.africa-press.net\/tchad\/toutes-les-actualites\/moundou-accueille-le-mini-festival-des-refugies-centrafricains#breadcrumb","itemListElement":[{"@type":"ListItem","position":1,"name":"Accueil","item":"https:\/\/www.africa-press.net\/tchad\/"},{"@type":"ListItem","position":2,"name":"Moundou accueille le mini festival des r\u00e9fugi\u00e9s centrafricains"}]},{"@type":"WebSite","@id":"https:\/\/www.africa-press.net\/tchad\/#website","url":"https:\/\/www.africa-press.net\/tchad\/","name":"tchad","description":"Just another Africa News Agency Sites site","potentialAction":[{"@type":"SearchAction","target":{"@type":"EntryPoint","urlTemplate":"https:\/\/www.africa-press.net\/tchad\/?s={search_term_string}"},"query-input":{"@type":"PropertyValueSpecification","valueRequired":true,"valueName":"search_term_string"}}],"inLanguage":"fr-FR"},{"@type":"Person","@id":"https:\/\/www.africa-press.net\/tchad\/#\/schema\/person\/2b1cf3cd81a31e3cd26889ca66d677f1","name":"cfeditorfr"}]}},"_links":{"self":[{"href":"https:\/\/www.africa-press.net\/tchad\/wp-json\/wp\/v2\/posts\/28961","targetHints":{"allow":["GET"]}}],"collection":[{"href":"https:\/\/www.africa-press.net\/tchad\/wp-json\/wp\/v2\/posts"}],"about":[{"href":"https:\/\/www.africa-press.net\/tchad\/wp-json\/wp\/v2\/types\/post"}],"author":[{"embeddable":true,"href":"https:\/\/www.africa-press.net\/tchad\/wp-json\/wp\/v2\/users\/82"}],"replies":[{"embeddable":true,"href":"https:\/\/www.africa-press.net\/tchad\/wp-json\/wp\/v2\/comments?post=28961"}],"version-history":[{"count":0,"href":"https:\/\/www.africa-press.net\/tchad\/wp-json\/wp\/v2\/posts\/28961\/revisions"}],"wp:featuredmedia":[{"embeddable":true,"href":"https:\/\/www.africa-press.net\/tchad\/wp-json\/wp\/v2\/media\/28960"}],"wp:attachment":[{"href":"https:\/\/www.africa-press.net\/tchad\/wp-json\/wp\/v2\/media?parent=28961"}],"wp:term":[{"taxonomy":"category","embeddable":true,"href":"https:\/\/www.africa-press.net\/tchad\/wp-json\/wp\/v2\/categories?post=28961"},{"taxonomy":"post_tag","embeddable":true,"href":"https:\/\/www.africa-press.net\/tchad\/wp-json\/wp\/v2\/tags?post=28961"}],"curies":[{"name":"wp","href":"https:\/\/api.w.org\/{rel}","templated":true}]}}