{"id":28976,"date":"2022-07-16T17:10:45","date_gmt":"2022-07-16T17:10:45","guid":{"rendered":"https:\/\/www.africa-press.net\/tchad\/politique\/le-parti-les-patriotes-met-en-garde-contre-les-ambitions-presidentielles-du-cmt"},"modified":"2022-07-16T17:31:52","modified_gmt":"2022-07-16T17:31:52","slug":"le-parti-les-patriotes-met-en-garde-contre-les-ambitions-presidentielles-du-cmt","status":"publish","type":"post","link":"https:\/\/www.africa-press.net\/tchad\/parties\/le-parti-les-patriotes-met-en-garde-contre-les-ambitions-presidentielles-du-cmt","title":{"rendered":"le parti Les Patriotes met en garde contre les ambitions pr\u00e9sidentielles du CMT"},"content":{"rendered":"<p><span style=\"color: #ff6600\"><strong>Africa-Press &#8211; Tchad. <\/strong><\/span>Dans un communiqu\u00e9 de presse paru le 13 juillet 2022, le pr\u00e9sident du parti politique Les Patriotes, Nassour Ibrahim Koursami, aborde les diff\u00e9rents enjeux qui existent autour de la transition d\u00e9mocratique.<\/p>\n<p>Nassour Ibrahim Koursami apporte son soutien \u00e0 \u00ab la r\u00e9solution d\u00e9pos\u00e9e par le s\u00e9nateur am\u00e9ricain Bob Menendez, pr\u00e9sident de la commission des affaires \u00e9trang\u00e8res au S\u00e9nat am\u00e9ricain \u00bb, qui est en faveur d\u2019une transition d\u00e9mocratique.<\/p>\n<p>Il rel\u00e8ve que le s\u00e9nateur Menendez rappelle les engagements du CMT, qui a pour objectif de remettre le pouvoir aux autorit\u00e9s civiles.<\/p>\n<p>L\u2019homme politique mentionne le fait que la prise de pouvoir par une entit\u00e9, quelle que soit sa nature, appara\u00eet comme ill\u00e9gitime.<\/p>\n<p>De ce fait, elle ne refl\u00e8te pas r\u00e9ellement la volont\u00e9 de la nation tchadienne.<\/p>\n<p>Le CMT, charg\u00e9 de cette transition d\u00e9mocratique, a pour objectif de transf\u00e9rer le pouvoir aux autorit\u00e9s civiles, n\u00e9anmoins pour l\u2019heure, rien ne semble aller en ce sens.<\/p>\n<p>En effet, le pr\u00e9sident du parti politique Les Patriotes souligne dans son communiqu\u00e9 de presse, que le CMT et leurs membres semblent vouloir se pr\u00e9senter aux \u00e9lections \u00ab qu\u2019ils sont eux-m\u00eames charg\u00e9s d\u2019organiser \u00bb.<\/p>\n<p>Cela met donc en p\u00e9ril l\u2019ensemble du processus de la transition d\u00e9mocratique.<\/p>\n<p>Troisi\u00e8mement, la promotion des valeurs d\u00e9mocratiques par des acteurs \u00e9tatiques externes au Tchad, semble aller dans le sens de la transition d\u00e9mocratique.<\/p>\n<p>En effet, Nasour Ibrahim Koursami souligne le r\u00f4le que jouent les \u00c9tats-Unis \u00ab dans le maintien de la s\u00e9curit\u00e9 d\u00e9mocratique et l\u2019am\u00e9lioration de la bonne gouvernance au Tchad \u00bb.<\/p>\n<p>Pour conclure le communiqu\u00e9 de presse, le pr\u00e9sident du parti Les Patriotes r\u00e9affirme son engagement envers la d\u00e9mocratie, tout en invitant les institutions internationales \u00e0 faire de m\u00eame.<\/p>\n<p><strong>Pour plus d&rsquo;informations et d&rsquo;analyses sur la <a href=\"https:\/\/www.africa-press.net\/tchad\">Tchad<\/a>, suivez <a href=\"https:\/\/www.africa-press.net\/\">Africa-Press<\/a><\/strong><\/p>\n","protected":false},"excerpt":{"rendered":"<p>Africa-Press &#8211; Tchad. Dans un communiqu\u00e9 de presse paru le 13 juillet 2022, le pr\u00e9sident du parti politique Les Patriotes, Nassour Ibrahim Koursami, aborde les diff\u00e9rents enjeux qui existent autour de la transition d\u00e9mocratique. Nassour Ibrahim Koursami apporte son soutien \u00e0 \u00ab la r\u00e9solution d\u00e9pos\u00e9e par le s\u00e9nateur am\u00e9ricain Bob Menendez, pr\u00e9sident de la commission [&hellip;]<\/p>\n","protected":false},"author":82,"featured_media":28975,"comment_status":"open","ping_status":"closed","sticky":false,"template":"","format":"standard","meta":{"footnotes":""},"categories":[11,4,10],"tags":[37,292,29],"class_list":["post-28976","post","type-post","status-publish","format-standard","has-post-thumbnail","hentry","category-homepage-french","category-parties","category-toutes-les-actualites","tag-africa-press","tag-africa-press-tchad","tag-tchad"],"yoast_head":"<!-- This site is optimized with the Yoast SEO Premium plugin v26.1 (Yoast SEO v27.0) - https:\/\/yoast.com\/product\/yoast-seo-premium-wordpress\/ -->\n<title>le parti Les Patriotes met en garde contre les ambitions pr\u00e9sidentielles du CMT - tchad<\/title>\n<meta name=\"description\" content=\"Dans un communiqu\u00e9 de presse paru le 13 juillet 2022, le pr\u00e9sident du parti politique Les Patriotes, Nassour Ibrahim Kou ...\" \/>\n<meta name=\"robots\" content=\"index, follow, max-snippet:-1, max-image-preview:large, max-video-preview:-1\" \/>\n<link rel=\"canonical\" href=\"https:\/\/www.africa-press.net\/tchad\/parties\/le-parti-les-patriotes-met-en-garde-contre-les-ambitions-presidentielles-du-cmt\" \/>\n<meta property=\"og:locale\" content=\"fr_FR\" \/>\n<meta property=\"og:type\" content=\"article\" \/>\n<meta property=\"og:title\" content=\"le parti Les Patriotes met en garde contre les ambitions pr\u00e9sidentielles du CMT\" \/>\n<meta property=\"og:description\" content=\"Dans un communiqu\u00e9 de presse paru le 13 juillet 2022, le pr\u00e9sident du parti politique Les Patriotes, Nassour Ibrahim Kou ...\" \/>\n<meta property=\"og:url\" content=\"https:\/\/www.africa-press.net\/tchad\/parties\/le-parti-les-patriotes-met-en-garde-contre-les-ambitions-presidentielles-du-cmt\" \/>\n<meta property=\"og:site_name\" content=\"tchad\" \/>\n<meta property=\"article:published_time\" content=\"2022-07-16T17:10:45+00:00\" \/>\n<meta property=\"article:modified_time\" content=\"2022-07-16T17:31:52+00:00\" \/>\n<meta property=\"og:image\" content=\"https:\/\/static.africa-press.net\/tchad\/sites\/41\/2022\/07\/postQueueImg_6-62d2f5f70266c.jpg\" \/>\n\t<meta property=\"og:image:width\" content=\"869\" \/>\n\t<meta property=\"og:image:height\" content=\"580\" \/>\n\t<meta property=\"og:image:type\" content=\"image\/jpeg\" \/>\n<meta name=\"author\" content=\"cfeditorfr\" \/>\n<meta name=\"twitter:card\" content=\"summary_large_image\" \/>\n<meta name=\"twitter:label1\" content=\"\u00c9crit par\" \/>\n\t<meta name=\"twitter:data1\" content=\"cfeditorfr\" \/>\n\t<meta name=\"twitter:label2\" content=\"Dur\u00e9e de lecture estim\u00e9e\" \/>\n\t<meta name=\"twitter:data2\" content=\"2 minutes\" \/>\n<script type=\"application\/ld+json\" class=\"yoast-schema-graph\">{\"@context\":\"https:\/\/schema.org\",\"@graph\":[{\"@type\":\"Article\",\"@id\":\"https:\/\/www.africa-press.net\/tchad\/parties\/le-parti-les-patriotes-met-en-garde-contre-les-ambitions-presidentielles-du-cmt#article\",\"isPartOf\":{\"@id\":\"https:\/\/www.africa-press.net\/tchad\/parties\/le-parti-les-patriotes-met-en-garde-contre-les-ambitions-presidentielles-du-cmt\"},\"author\":{\"name\":\"cfeditorfr\",\"@id\":\"https:\/\/www.africa-press.net\/tchad\/#\/schema\/person\/2b1cf3cd81a31e3cd26889ca66d677f1\"},\"headline\":\"le parti Les Patriotes met en garde contre les ambitions pr\u00e9sidentielles du CMT\",\"datePublished\":\"2022-07-16T17:10:45+00:00\",\"dateModified\":\"2022-07-16T17:31:52+00:00\",\"mainEntityOfPage\":{\"@id\":\"https:\/\/www.africa-press.net\/tchad\/parties\/le-parti-les-patriotes-met-en-garde-contre-les-ambitions-presidentielles-du-cmt\"},\"wordCount\":342,\"commentCount\":0,\"image\":{\"@id\":\"https:\/\/www.africa-press.net\/tchad\/parties\/le-parti-les-patriotes-met-en-garde-contre-les-ambitions-presidentielles-du-cmt#primaryimage\"},\"thumbnailUrl\":\"https:\/\/static.africa-press.net\/tchad\/sites\/41\/2022\/07\/postQueueImg_6-62d2f5f70266c.jpg\",\"keywords\":[\"Africa Press\",\"Africa Press-Tchad\",\"Tchad\"],\"articleSection\":[\"homepage-french\",\"Parties\",\"Toutes les actualit\u00e9s\"],\"inLanguage\":\"fr-FR\",\"potentialAction\":[{\"@type\":\"CommentAction\",\"name\":\"Comment\",\"target\":[\"https:\/\/www.africa-press.net\/tchad\/parties\/le-parti-les-patriotes-met-en-garde-contre-les-ambitions-presidentielles-du-cmt#respond\"]}]},{\"@type\":\"WebPage\",\"@id\":\"https:\/\/www.africa-press.net\/tchad\/parties\/le-parti-les-patriotes-met-en-garde-contre-les-ambitions-presidentielles-du-cmt\",\"url\":\"https:\/\/www.africa-press.net\/tchad\/parties\/le-parti-les-patriotes-met-en-garde-contre-les-ambitions-presidentielles-du-cmt\",\"name\":\"le parti Les Patriotes met en garde contre les ambitions pr\u00e9sidentielles du CMT - tchad\",\"isPartOf\":{\"@id\":\"https:\/\/www.africa-press.net\/tchad\/#website\"},\"primaryImageOfPage\":{\"@id\":\"https:\/\/www.africa-press.net\/tchad\/parties\/le-parti-les-patriotes-met-en-garde-contre-les-ambitions-presidentielles-du-cmt#primaryimage\"},\"image\":{\"@id\":\"https:\/\/www.africa-press.net\/tchad\/parties\/le-parti-les-patriotes-met-en-garde-contre-les-ambitions-presidentielles-du-cmt#primaryimage\"},\"thumbnailUrl\":\"https:\/\/static.africa-press.net\/tchad\/sites\/41\/2022\/07\/postQueueImg_6-62d2f5f70266c.jpg\",\"datePublished\":\"2022-07-16T17:10:45+00:00\",\"dateModified\":\"2022-07-16T17:31:52+00:00\",\"author\":{\"@id\":\"https:\/\/www.africa-press.net\/tchad\/#\/schema\/person\/2b1cf3cd81a31e3cd26889ca66d677f1\"},\"description\":\"Dans un communiqu\u00e9 de presse paru le 13 juillet 2022, le pr\u00e9sident du parti politique Les Patriotes, Nassour Ibrahim Kou ...\",\"breadcrumb\":{\"@id\":\"https:\/\/www.africa-press.net\/tchad\/parties\/le-parti-les-patriotes-met-en-garde-contre-les-ambitions-presidentielles-du-cmt#breadcrumb\"},\"inLanguage\":\"fr-FR\",\"potentialAction\":[{\"@type\":\"ReadAction\",\"target\":[\"https:\/\/www.africa-press.net\/tchad\/parties\/le-parti-les-patriotes-met-en-garde-contre-les-ambitions-presidentielles-du-cmt\"]}]},{\"@type\":\"ImageObject\",\"inLanguage\":\"fr-FR\",\"@id\":\"https:\/\/www.africa-press.net\/tchad\/parties\/le-parti-les-patriotes-met-en-garde-contre-les-ambitions-presidentielles-du-cmt#primaryimage\",\"url\":\"https:\/\/static.africa-press.net\/tchad\/sites\/41\/2022\/07\/postQueueImg_6-62d2f5f70266c.jpg\",\"contentUrl\":\"https:\/\/static.africa-press.net\/tchad\/sites\/41\/2022\/07\/postQueueImg_6-62d2f5f70266c.jpg\",\"width\":869,\"height\":580,\"caption\":\"le parti Les Patriotes met en garde contre les ambitions pr\u00e9sidentielles du CMT\"},{\"@type\":\"BreadcrumbList\",\"@id\":\"https:\/\/www.africa-press.net\/tchad\/parties\/le-parti-les-patriotes-met-en-garde-contre-les-ambitions-presidentielles-du-cmt#breadcrumb\",\"itemListElement\":[{\"@type\":\"ListItem\",\"position\":1,\"name\":\"Accueil\",\"item\":\"https:\/\/www.africa-press.net\/tchad\/\"},{\"@type\":\"ListItem\",\"position\":2,\"name\":\"le parti Les Patriotes met en garde contre les ambitions pr\u00e9sidentielles du CMT\"}]},{\"@type\":\"WebSite\",\"@id\":\"https:\/\/www.africa-press.net\/tchad\/#website\",\"url\":\"https:\/\/www.africa-press.net\/tchad\/\",\"name\":\"tchad\",\"description\":\"Just another Africa News Agency Sites site\",\"potentialAction\":[{\"@type\":\"SearchAction\",\"target\":{\"@type\":\"EntryPoint\",\"urlTemplate\":\"https:\/\/www.africa-press.net\/tchad\/?s={search_term_string}\"},\"query-input\":{\"@type\":\"PropertyValueSpecification\",\"valueRequired\":true,\"valueName\":\"search_term_string\"}}],\"inLanguage\":\"fr-FR\"},{\"@type\":\"Person\",\"@id\":\"https:\/\/www.africa-press.net\/tchad\/#\/schema\/person\/2b1cf3cd81a31e3cd26889ca66d677f1\",\"name\":\"cfeditorfr\"}]}<\/script>\n<!-- \/ Yoast SEO Premium plugin. -->","yoast_head_json":{"title":"le parti Les Patriotes met en garde contre les ambitions pr\u00e9sidentielles du CMT - tchad","description":"Dans un communiqu\u00e9 de presse paru le 13 juillet 2022, le pr\u00e9sident du parti politique Les Patriotes, Nassour Ibrahim Kou ...","robots":{"index":"index","follow":"follow","max-snippet":"max-snippet:-1","max-image-preview":"max-image-preview:large","max-video-preview":"max-video-preview:-1"},"canonical":"https:\/\/www.africa-press.net\/tchad\/parties\/le-parti-les-patriotes-met-en-garde-contre-les-ambitions-presidentielles-du-cmt","og_locale":"fr_FR","og_type":"article","og_title":"le parti Les Patriotes met en garde contre les ambitions pr\u00e9sidentielles du CMT","og_description":"Dans un communiqu\u00e9 de presse paru le 13 juillet 2022, le pr\u00e9sident du parti politique Les Patriotes, Nassour Ibrahim Kou ...","og_url":"https:\/\/www.africa-press.net\/tchad\/parties\/le-parti-les-patriotes-met-en-garde-contre-les-ambitions-presidentielles-du-cmt","og_site_name":"tchad","article_published_time":"2022-07-16T17:10:45+00:00","article_modified_time":"2022-07-16T17:31:52+00:00","og_image":[{"width":869,"height":580,"url":"https:\/\/static.africa-press.net\/tchad\/sites\/41\/2022\/07\/postQueueImg_6-62d2f5f70266c.jpg","type":"image\/jpeg"}],"author":"cfeditorfr","twitter_card":"summary_large_image","twitter_misc":{"\u00c9crit par":"cfeditorfr","Dur\u00e9e de lecture estim\u00e9e":"2 minutes"},"schema":{"@context":"https:\/\/schema.org","@graph":[{"@type":"Article","@id":"https:\/\/www.africa-press.net\/tchad\/parties\/le-parti-les-patriotes-met-en-garde-contre-les-ambitions-presidentielles-du-cmt#article","isPartOf":{"@id":"https:\/\/www.africa-press.net\/tchad\/parties\/le-parti-les-patriotes-met-en-garde-contre-les-ambitions-presidentielles-du-cmt"},"author":{"name":"cfeditorfr","@id":"https:\/\/www.africa-press.net\/tchad\/#\/schema\/person\/2b1cf3cd81a31e3cd26889ca66d677f1"},"headline":"le parti Les Patriotes met en garde contre les ambitions pr\u00e9sidentielles du CMT","datePublished":"2022-07-16T17:10:45+00:00","dateModified":"2022-07-16T17:31:52+00:00","mainEntityOfPage":{"@id":"https:\/\/www.africa-press.net\/tchad\/parties\/le-parti-les-patriotes-met-en-garde-contre-les-ambitions-presidentielles-du-cmt"},"wordCount":342,"commentCount":0,"image":{"@id":"https:\/\/www.africa-press.net\/tchad\/parties\/le-parti-les-patriotes-met-en-garde-contre-les-ambitions-presidentielles-du-cmt#primaryimage"},"thumbnailUrl":"https:\/\/static.africa-press.net\/tchad\/sites\/41\/2022\/07\/postQueueImg_6-62d2f5f70266c.jpg","keywords":["Africa Press","Africa Press-Tchad","Tchad"],"articleSection":["homepage-french","Parties","Toutes les actualit\u00e9s"],"inLanguage":"fr-FR","potentialAction":[{"@type":"CommentAction","name":"Comment","target":["https:\/\/www.africa-press.net\/tchad\/parties\/le-parti-les-patriotes-met-en-garde-contre-les-ambitions-presidentielles-du-cmt#respond"]}]},{"@type":"WebPage","@id":"https:\/\/www.africa-press.net\/tchad\/parties\/le-parti-les-patriotes-met-en-garde-contre-les-ambitions-presidentielles-du-cmt","url":"https:\/\/www.africa-press.net\/tchad\/parties\/le-parti-les-patriotes-met-en-garde-contre-les-ambitions-presidentielles-du-cmt","name":"le parti Les Patriotes met en garde contre les ambitions pr\u00e9sidentielles du CMT - tchad","isPartOf":{"@id":"https:\/\/www.africa-press.net\/tchad\/#website"},"primaryImageOfPage":{"@id":"https:\/\/www.africa-press.net\/tchad\/parties\/le-parti-les-patriotes-met-en-garde-contre-les-ambitions-presidentielles-du-cmt#primaryimage"},"image":{"@id":"https:\/\/www.africa-press.net\/tchad\/parties\/le-parti-les-patriotes-met-en-garde-contre-les-ambitions-presidentielles-du-cmt#primaryimage"},"thumbnailUrl":"https:\/\/static.africa-press.net\/tchad\/sites\/41\/2022\/07\/postQueueImg_6-62d2f5f70266c.jpg","datePublished":"2022-07-16T17:10:45+00:00","dateModified":"2022-07-16T17:31:52+00:00","author":{"@id":"https:\/\/www.africa-press.net\/tchad\/#\/schema\/person\/2b1cf3cd81a31e3cd26889ca66d677f1"},"description":"Dans un communiqu\u00e9 de presse paru le 13 juillet 2022, le pr\u00e9sident du parti politique Les Patriotes, Nassour Ibrahim Kou ...","breadcrumb":{"@id":"https:\/\/www.africa-press.net\/tchad\/parties\/le-parti-les-patriotes-met-en-garde-contre-les-ambitions-presidentielles-du-cmt#breadcrumb"},"inLanguage":"fr-FR","potentialAction":[{"@type":"ReadAction","target":["https:\/\/www.africa-press.net\/tchad\/parties\/le-parti-les-patriotes-met-en-garde-contre-les-ambitions-presidentielles-du-cmt"]}]},{"@type":"ImageObject","inLanguage":"fr-FR","@id":"https:\/\/www.africa-press.net\/tchad\/parties\/le-parti-les-patriotes-met-en-garde-contre-les-ambitions-presidentielles-du-cmt#primaryimage","url":"https:\/\/static.africa-press.net\/tchad\/sites\/41\/2022\/07\/postQueueImg_6-62d2f5f70266c.jpg","contentUrl":"https:\/\/static.africa-press.net\/tchad\/sites\/41\/2022\/07\/postQueueImg_6-62d2f5f70266c.jpg","width":869,"height":580,"caption":"le parti Les Patriotes met en garde contre les ambitions pr\u00e9sidentielles du CMT"},{"@type":"BreadcrumbList","@id":"https:\/\/www.africa-press.net\/tchad\/parties\/le-parti-les-patriotes-met-en-garde-contre-les-ambitions-presidentielles-du-cmt#breadcrumb","itemListElement":[{"@type":"ListItem","position":1,"name":"Accueil","item":"https:\/\/www.africa-press.net\/tchad\/"},{"@type":"ListItem","position":2,"name":"le parti Les Patriotes met en garde contre les ambitions pr\u00e9sidentielles du CMT"}]},{"@type":"WebSite","@id":"https:\/\/www.africa-press.net\/tchad\/#website","url":"https:\/\/www.africa-press.net\/tchad\/","name":"tchad","description":"Just another Africa News Agency Sites site","potentialAction":[{"@type":"SearchAction","target":{"@type":"EntryPoint","urlTemplate":"https:\/\/www.africa-press.net\/tchad\/?s={search_term_string}"},"query-input":{"@type":"PropertyValueSpecification","valueRequired":true,"valueName":"search_term_string"}}],"inLanguage":"fr-FR"},{"@type":"Person","@id":"https:\/\/www.africa-press.net\/tchad\/#\/schema\/person\/2b1cf3cd81a31e3cd26889ca66d677f1","name":"cfeditorfr"}]}},"_links":{"self":[{"href":"https:\/\/www.africa-press.net\/tchad\/wp-json\/wp\/v2\/posts\/28976","targetHints":{"allow":["GET"]}}],"collection":[{"href":"https:\/\/www.africa-press.net\/tchad\/wp-json\/wp\/v2\/posts"}],"about":[{"href":"https:\/\/www.africa-press.net\/tchad\/wp-json\/wp\/v2\/types\/post"}],"author":[{"embeddable":true,"href":"https:\/\/www.africa-press.net\/tchad\/wp-json\/wp\/v2\/users\/82"}],"replies":[{"embeddable":true,"href":"https:\/\/www.africa-press.net\/tchad\/wp-json\/wp\/v2\/comments?post=28976"}],"version-history":[{"count":0,"href":"https:\/\/www.africa-press.net\/tchad\/wp-json\/wp\/v2\/posts\/28976\/revisions"}],"wp:featuredmedia":[{"embeddable":true,"href":"https:\/\/www.africa-press.net\/tchad\/wp-json\/wp\/v2\/media\/28975"}],"wp:attachment":[{"href":"https:\/\/www.africa-press.net\/tchad\/wp-json\/wp\/v2\/media?parent=28976"}],"wp:term":[{"taxonomy":"category","embeddable":true,"href":"https:\/\/www.africa-press.net\/tchad\/wp-json\/wp\/v2\/categories?post=28976"},{"taxonomy":"post_tag","embeddable":true,"href":"https:\/\/www.africa-press.net\/tchad\/wp-json\/wp\/v2\/tags?post=28976"}],"curies":[{"name":"wp","href":"https:\/\/api.w.org\/{rel}","templated":true}]}}