{"id":28999,"date":"2022-07-16T17:21:37","date_gmt":"2022-07-16T17:21:37","guid":{"rendered":"https:\/\/www.africa-press.net\/tchad\/politique\/une-nouvelle-dynamique-de-cooperation-et-de-solidarite-entre-le-niger-et-le-tchad"},"modified":"2022-07-16T17:38:30","modified_gmt":"2022-07-16T17:38:30","slug":"une-nouvelle-dynamique-de-cooperation-et-de-solidarite-entre-le-niger-et-le-tchad","status":"publish","type":"post","link":"https:\/\/www.africa-press.net\/tchad\/politique\/une-nouvelle-dynamique-de-cooperation-et-de-solidarite-entre-le-niger-et-le-tchad","title":{"rendered":"Une nouvelle dynamique de coop\u00e9ration et de solidarit\u00e9 entre le Niger et le Tchad"},"content":{"rendered":"<p><span style=\"color: #ff6600\"><strong>Africa-Press &#8211; Tchad. <\/strong><\/span>Le Pr\u00e9sident de la R\u00e9publique, M. Mohamed Bazoum, a effectu\u00e9, du 13 au 14 juillet 2022, une visite de travail de 48 heures, \u00e0 N\u2019Djam\u00e9na, au Tchad. Le renforcement des liens de coop\u00e9ration existant entre les deux pays amis et les deux peuples li\u00e9s par le sang, l\u2019histoire et la g\u00e9ographie \u00e9tait au centre de cette visite.<\/p>\n<p>A cette occasion, SEM. Mohamed Bazoum a \u00e9t\u00e9 \u00e9lev\u00e9, par le Pr\u00e9sident du Conseil Militaire de Transition (CMT), le G\u00e9n\u00e9ral Mahamat Idriss Deby, \u00e0 la Dignit\u00e9 de Grand-Croix dans l\u2019Ordre National du Tchad. Ce fut aussi une occasion pour les deux pays de proc\u00e9der \u00e0 la signature d\u2019un nouvel accord dans le domaine de la s\u00e9curit\u00e9.<\/p>\n<p>Au cours d\u2019une conf\u00e9rence de presse conjointe qu\u2019ils ont anim\u00e9e, les deux Chefs d\u2019Etat ont tout naturellement abord\u00e9 la question s\u00e9curitaire, dans le contexte marqu\u00e9 par le retrait du Mali de la force conjointe du G5 Sahel. Sur cette question, les Pr\u00e9sidents Mohamed Bazoum et Mahamat Idriss D\u00e9by ont \u00e9mis une convergence de vues. En effet, a indiqu\u00e9 le Pr\u00e9sident Bazoum, \u2018\u2019la d\u00e9cision du retrait du Mali du G5 Sahel est un \u00e9pisode qui sera d\u00e9pass\u00e9, il y aura bient\u00f4t une r\u00e9union\u2019\u2019 entre les quatre autres alli\u00e9s dans le G5 sahel (Tchad, Niger, Burkina Faso et Mauritanie) \u2018\u2019pour faire en sorte que le G5 Sahel soit viable\u2019\u2019, a confi\u00e9 le Pr\u00e9sident Mohamed Bazoum. \u2018\u2019Nous n\u2019avons pas consid\u00e9r\u00e9 que c\u2019est termin\u00e9 pour le G5 Sahel, nous allons nous battre\u2019\u2019, a-t-il dit.<\/p>\n<p>Pour sa part, le Pr\u00e9sident tchadien, apr\u00e8s avoir rappel\u00e9 que le G5 Sahel a \u00e9t\u00e9 cr\u00e9\u00e9 au Mali, a exprim\u00e9 son regret pour le d\u00e9part de ce pays de la force conjointe tr\u00e8s active dans la lutte contre le terrorisme dans la zone des trois fronti\u00e8res. \u2018\u2019Nous restons optimiste et esp\u00e9rons qu\u2019il revienne sur sa d\u00e9cision\u2019\u2019, a-t-il soulign\u00e9.<\/p>\n<p>Toujours, au sujet de la lutte contre le terrorisme, le Pr\u00e9sident Mohamed Bazoum a soulign\u00e9 toute l\u2019importance de cr\u00e9er le cadre et les conditions d\u2019une synergie d\u2019actions \u2018\u2019pour \u00e9viter que l\u2019on soit d\u00e9stabilis\u00e9\u2019\u2019.<\/p>\n<p>Dans cette m\u00eame optique, le G\u00e9n\u00e9ral Mahamat Idriss Deby Itno a d\u00e9clar\u00e9 qu\u2019\u00e0 l\u2019issue de la rencontre \u00e9largie, le Tchad et le Niger ont sign\u00e9 un accord de coop\u00e9ration s\u00e9curitaire. \u201cC\u2019est un instrument de taille qui vient porter au firmament les excellents rapports entre les deux pays\u201d, a-t-il dit.<\/p>\n<p>\u00ab Nous nous f\u00e9licitons de cette visite qui nous a globalement donn\u00e9 l\u2019occasion de regarder dans le r\u00e9troviseur et de donner un nouvel \u00e9lan \u00e0 l\u2019axe N\u2019Djam\u00e9na-Niamey en diversifiant nos domaines de coop\u00e9ration avec pour objectif de les porter \u00e0 leur plus haut niveau possible \u00bb, a conclu, le Chef de l\u2019Etat Tchadien.<\/p>\n\r\n                <style type=\"text\/css\">\r\n                    \r\n                    #td_uid_1_69f012aa4568d  .td-doubleSlider-2 .td-item1 {\r\n                        background: url(https:\/\/static.africa-press.net\/tchad\/sites\/41\/2022\/07\/postMediaimg_18_1-62d2f74a526ad-80x60.jpg) 0 0 no-repeat;\r\n                    }\r\n                    #td_uid_1_69f012aa4568d  .td-doubleSlider-2 .td-item2 {\r\n                        background: url(https:\/\/static.africa-press.net\/tchad\/sites\/41\/2022\/07\/postMediaimg_18_2-62d2f755b3300-80x60.jpg) 0 0 no-repeat;\r\n                    }\r\n                    #td_uid_1_69f012aa4568d  .td-doubleSlider-2 .td-item3 {\r\n                        background: url(https:\/\/static.africa-press.net\/tchad\/sites\/41\/2022\/07\/postMediaimg_18_3-80x60.jpg) 0 0 no-repeat;\r\n                    }\r\n                    #td_uid_1_69f012aa4568d  .td-doubleSlider-2 .td-item4 {\r\n                        background: url(https:\/\/static.africa-press.net\/tchad\/sites\/41\/2022\/07\/postMediaimg_18_4-80x60.jpg) 0 0 no-repeat;\r\n                    }\r\n                    #td_uid_1_69f012aa4568d  .td-doubleSlider-2 .td-item5 {\r\n                        background: url(https:\/\/static.africa-press.net\/tchad\/sites\/41\/2022\/07\/postMediaimg_18_5-80x60.jpg) 0 0 no-repeat;\r\n                    }\r\n                <\/style>\r\n\r\n                <div id=\"td_uid_1_69f012aa4568d\" class=\"td-gallery td-slide-on-2-columns\">\r\n                    <div class=\"post_td_gallery\">\r\n                        <div class=\"td-gallery-slide-top\">\r\n                           <div class=\"td-gallery-title\"><\/div>\r\n\r\n                            <div class=\"td-gallery-controls-wrapper\">\r\n                                <div class=\"td-gallery-slide-count\"><span class=\"td-gallery-slide-item-focus\">1<\/span> de 5<\/div>\r\n                                <div class=\"td-gallery-slide-prev-next-but\">\r\n                                    <i class = \"td-icon-left doubleSliderPrevButton\"><\/i>\r\n                                    <i class = \"td-icon-right doubleSliderNextButton\"><\/i>\r\n                                <\/div>\r\n                            <\/div>\r\n                        <\/div>\r\n\r\n                        <div class = \"td-doubleSlider-1 \">\r\n                            <div class = \"td-slider\">\r\n                                \r\n                    <div class = \"td-slide-item td-item1\">\r\n                        <figure class=\"td-slide-galery-figure td-slide-popup-gallery\">\r\n                            <a class=\"slide-gallery-image-link\" href=\"https:\/\/static.africa-press.net\/tchad\/sites\/41\/2022\/07\/postMediaimg_18_1-62d2f74a526ad.jpg\" title=\"postMediaimg_18_1-62d2f74a526ad\"  data-caption=\"\"  data-description=\"\">\r\n                                <img decoding=\"async\" src=\"https:\/\/static.africa-press.net\/tchad\/sites\/41\/2022\/07\/postMediaimg_18_1-62d2f74a526ad.jpg\" srcset=\"https:\/\/static.africa-press.net\/tchad\/sites\/41\/2022\/07\/postMediaimg_18_1-62d2f74a526ad.jpg 696w, https:\/\/static.africa-press.net\/tchad\/sites\/41\/2022\/07\/postMediaimg_18_1-62d2f74a526ad-300x225.jpg 300w, https:\/\/static.africa-press.net\/tchad\/sites\/41\/2022\/07\/postMediaimg_18_1-62d2f74a526ad-80x60.jpg 80w\" sizes=\"(max-width: 696px) 100vw, 696px\" alt=\"\">\r\n                            <\/a>\r\n                            \r\n                        <\/figure>\r\n                    <\/div>\r\n                    <div class = \"td-slide-item td-item2\">\r\n                        <figure class=\"td-slide-galery-figure td-slide-popup-gallery\">\r\n                            <a class=\"slide-gallery-image-link\" href=\"https:\/\/static.africa-press.net\/tchad\/sites\/41\/2022\/07\/postMediaimg_18_2-62d2f755b3300.jpg\" title=\"postMediaimg_18_2-62d2f755b3300\"  data-caption=\"\"  data-description=\"\">\r\n                                <img decoding=\"async\" src=\"https:\/\/static.africa-press.net\/tchad\/sites\/41\/2022\/07\/postMediaimg_18_2-62d2f755b3300.jpg\" srcset=\"https:\/\/static.africa-press.net\/tchad\/sites\/41\/2022\/07\/postMediaimg_18_2-62d2f755b3300.jpg 768w, https:\/\/static.africa-press.net\/tchad\/sites\/41\/2022\/07\/postMediaimg_18_2-62d2f755b3300-300x200.jpg 300w\" sizes=\"(max-width: 768px) 100vw, 768px\" alt=\"\">\r\n                            <\/a>\r\n                            \r\n                        <\/figure>\r\n                    <\/div>\r\n                    <div class = \"td-slide-item td-item3\">\r\n                        <figure class=\"td-slide-galery-figure td-slide-popup-gallery\">\r\n                            <a class=\"slide-gallery-image-link\" href=\"https:\/\/static.africa-press.net\/tchad\/sites\/41\/2022\/07\/postMediaimg_18_3.jpg\" title=\"postMediaimg_18_3\"  data-caption=\"\"  data-description=\"\">\r\n                                <img decoding=\"async\" src=\"https:\/\/static.africa-press.net\/tchad\/sites\/41\/2022\/07\/postMediaimg_18_3.jpg\" srcset=\"https:\/\/static.africa-press.net\/tchad\/sites\/41\/2022\/07\/postMediaimg_18_3.jpg 768w, https:\/\/static.africa-press.net\/tchad\/sites\/41\/2022\/07\/postMediaimg_18_3-300x225.jpg 300w, https:\/\/static.africa-press.net\/tchad\/sites\/41\/2022\/07\/postMediaimg_18_3-80x60.jpg 80w\" sizes=\"(max-width: 768px) 100vw, 768px\" alt=\"\">\r\n                            <\/a>\r\n                            \r\n                        <\/figure>\r\n                    <\/div>\r\n                    <div class = \"td-slide-item td-item4\">\r\n                        <figure class=\"td-slide-galery-figure td-slide-popup-gallery\">\r\n                            <a class=\"slide-gallery-image-link\" href=\"https:\/\/static.africa-press.net\/tchad\/sites\/41\/2022\/07\/postMediaimg_18_4.jpg\" title=\"postMediaimg_18_4\"  data-caption=\"\"  data-description=\"\">\r\n                                <img decoding=\"async\" src=\"https:\/\/static.africa-press.net\/tchad\/sites\/41\/2022\/07\/postMediaimg_18_4.jpg\" srcset=\"https:\/\/static.africa-press.net\/tchad\/sites\/41\/2022\/07\/postMediaimg_18_4.jpg 768w, https:\/\/static.africa-press.net\/tchad\/sites\/41\/2022\/07\/postMediaimg_18_4-300x225.jpg 300w, https:\/\/static.africa-press.net\/tchad\/sites\/41\/2022\/07\/postMediaimg_18_4-80x60.jpg 80w\" sizes=\"(max-width: 768px) 100vw, 768px\" alt=\"\">\r\n                            <\/a>\r\n                            \r\n                        <\/figure>\r\n                    <\/div>\r\n                    <div class = \"td-slide-item td-item5\">\r\n                        <figure class=\"td-slide-galery-figure td-slide-popup-gallery\">\r\n                            <a class=\"slide-gallery-image-link\" href=\"https:\/\/static.africa-press.net\/tchad\/sites\/41\/2022\/07\/postMediaimg_18_5.jpg\" title=\"postMediaimg_18_5\"  data-caption=\"\"  data-description=\"\">\r\n                                <img decoding=\"async\" src=\"https:\/\/static.africa-press.net\/tchad\/sites\/41\/2022\/07\/postMediaimg_18_5.jpg\" srcset=\"https:\/\/static.africa-press.net\/tchad\/sites\/41\/2022\/07\/postMediaimg_18_5.jpg 768w, https:\/\/static.africa-press.net\/tchad\/sites\/41\/2022\/07\/postMediaimg_18_5-300x200.jpg 300w\" sizes=\"(max-width: 768px) 100vw, 768px\" alt=\"\">\r\n                            <\/a>\r\n                            \r\n                        <\/figure>\r\n                    <\/div>\r\n                            <\/div>\r\n                        <\/div>\r\n\r\n                        <div class = \"td-doubleSlider-2\">\r\n                            <div class = \"td-slider\">\r\n                                \r\n                    <div class = \"td-button td-item1\">\r\n                        <div class = \"td-border\"><\/div>\r\n                    <\/div>\r\n                    <div class = \"td-button td-item2\">\r\n                        <div class = \"td-border\"><\/div>\r\n                    <\/div>\r\n                    <div class = \"td-button td-item3\">\r\n                        <div class = \"td-border\"><\/div>\r\n                    <\/div>\r\n                    <div class = \"td-button td-item4\">\r\n                        <div class = \"td-border\"><\/div>\r\n                    <\/div>\r\n                    <div class = \"td-button td-item5\">\r\n                        <div class = \"td-border\"><\/div>\r\n                    <\/div>\r\n                            <\/div>\r\n                        <\/div>\r\n\r\n                    <\/div>\r\n\r\n                <\/div>\r\n                \n<p><strong>Pour plus d&rsquo;informations et d&rsquo;analyses sur la <a href=\"https:\/\/www.africa-press.net\/tchad\">Tchad<\/a>, suivez <a href=\"https:\/\/www.africa-press.net\/\">Africa-Press<\/a><\/strong><\/p>\n","protected":false},"excerpt":{"rendered":"<p>Africa-Press &#8211; Tchad. Le Pr\u00e9sident de la R\u00e9publique, M. Mohamed Bazoum, a effectu\u00e9, du 13 au 14 juillet 2022, une visite de travail de 48 heures, \u00e0 N\u2019Djam\u00e9na, au Tchad. Le renforcement des liens de coop\u00e9ration existant entre les deux pays amis et les deux peuples li\u00e9s par le sang, l\u2019histoire et la g\u00e9ographie \u00e9tait [&hellip;]<\/p>\n","protected":false},"author":82,"featured_media":28998,"comment_status":"open","ping_status":"closed","sticky":false,"template":"","format":"standard","meta":{"footnotes":""},"categories":[11,8,2,20,10],"tags":[37,292,29],"class_list":["post-28999","post","type-post","status-publish","format-standard","has-post-thumbnail","hentry","category-homepage-french","category-photo","category-politique","category-top-nouvelles","category-toutes-les-actualites","tag-africa-press","tag-africa-press-tchad","tag-tchad"],"yoast_head":"<!-- This site is optimized with the Yoast SEO Premium plugin v26.1 (Yoast SEO v27.0) - https:\/\/yoast.com\/product\/yoast-seo-premium-wordpress\/ -->\n<title>Une nouvelle dynamique de coop\u00e9ration et de solidarit\u00e9 entre le Niger et le Tchad - tchad<\/title>\n<meta name=\"description\" content=\"Le Pr\u00e9sident de la R\u00e9publique, M. Mohamed Bazoum, a effectu\u00e9, du 13 au 14 juillet 2022, une visite de travail de 48 heur ...\" \/>\n<meta name=\"robots\" content=\"index, follow, max-snippet:-1, max-image-preview:large, max-video-preview:-1\" \/>\n<link rel=\"canonical\" href=\"https:\/\/www.africa-press.net\/tchad\/politique\/une-nouvelle-dynamique-de-cooperation-et-de-solidarite-entre-le-niger-et-le-tchad\" \/>\n<meta property=\"og:locale\" content=\"fr_FR\" \/>\n<meta property=\"og:type\" content=\"article\" \/>\n<meta property=\"og:title\" content=\"Une nouvelle dynamique de coop\u00e9ration et de solidarit\u00e9 entre le Niger et le Tchad\" \/>\n<meta property=\"og:description\" content=\"Le Pr\u00e9sident de la R\u00e9publique, M. Mohamed Bazoum, a effectu\u00e9, du 13 au 14 juillet 2022, une visite de travail de 48 heur ...\" \/>\n<meta property=\"og:url\" content=\"https:\/\/www.africa-press.net\/tchad\/politique\/une-nouvelle-dynamique-de-cooperation-et-de-solidarite-entre-le-niger-et-le-tchad\" \/>\n<meta property=\"og:site_name\" content=\"tchad\" \/>\n<meta property=\"article:published_time\" content=\"2022-07-16T17:21:37+00:00\" \/>\n<meta property=\"article:modified_time\" content=\"2022-07-16T17:38:30+00:00\" \/>\n<meta property=\"og:image\" content=\"https:\/\/static.africa-press.net\/tchad\/sites\/41\/2022\/07\/postQueueImg_17-62d2f782eed56.jpg\" \/>\n\t<meta property=\"og:image:width\" content=\"696\" \/>\n\t<meta property=\"og:image:height\" content=\"522\" \/>\n\t<meta property=\"og:image:type\" content=\"image\/jpeg\" \/>\n<meta name=\"author\" content=\"cfeditorfr\" \/>\n<meta name=\"twitter:card\" content=\"summary_large_image\" \/>\n<meta name=\"twitter:label1\" content=\"\u00c9crit par\" \/>\n\t<meta name=\"twitter:data1\" content=\"cfeditorfr\" \/>\n\t<meta name=\"twitter:label2\" content=\"Dur\u00e9e de lecture estim\u00e9e\" \/>\n\t<meta name=\"twitter:data2\" content=\"3 minutes\" \/>\n<script type=\"application\/ld+json\" class=\"yoast-schema-graph\">{\"@context\":\"https:\/\/schema.org\",\"@graph\":[{\"@type\":\"Article\",\"@id\":\"https:\/\/www.africa-press.net\/tchad\/politique\/une-nouvelle-dynamique-de-cooperation-et-de-solidarite-entre-le-niger-et-le-tchad#article\",\"isPartOf\":{\"@id\":\"https:\/\/www.africa-press.net\/tchad\/politique\/une-nouvelle-dynamique-de-cooperation-et-de-solidarite-entre-le-niger-et-le-tchad\"},\"author\":{\"name\":\"cfeditorfr\",\"@id\":\"https:\/\/www.africa-press.net\/tchad\/#\/schema\/person\/2b1cf3cd81a31e3cd26889ca66d677f1\"},\"headline\":\"Une nouvelle dynamique de coop\u00e9ration et de solidarit\u00e9 entre le Niger et le Tchad\",\"datePublished\":\"2022-07-16T17:21:37+00:00\",\"dateModified\":\"2022-07-16T17:38:30+00:00\",\"mainEntityOfPage\":{\"@id\":\"https:\/\/www.africa-press.net\/tchad\/politique\/une-nouvelle-dynamique-de-cooperation-et-de-solidarite-entre-le-niger-et-le-tchad\"},\"wordCount\":529,\"commentCount\":0,\"image\":{\"@id\":\"https:\/\/www.africa-press.net\/tchad\/politique\/une-nouvelle-dynamique-de-cooperation-et-de-solidarite-entre-le-niger-et-le-tchad#primaryimage\"},\"thumbnailUrl\":\"https:\/\/static.africa-press.net\/tchad\/sites\/41\/2022\/07\/postQueueImg_17-62d2f782eed56.jpg\",\"keywords\":[\"Africa Press\",\"Africa Press-Tchad\",\"Tchad\"],\"articleSection\":[\"homepage-french\",\"Photo\",\"Politique\",\"Top Nouvelles\",\"Toutes les actualit\u00e9s\"],\"inLanguage\":\"fr-FR\",\"potentialAction\":[{\"@type\":\"CommentAction\",\"name\":\"Comment\",\"target\":[\"https:\/\/www.africa-press.net\/tchad\/politique\/une-nouvelle-dynamique-de-cooperation-et-de-solidarite-entre-le-niger-et-le-tchad#respond\"]}]},{\"@type\":\"WebPage\",\"@id\":\"https:\/\/www.africa-press.net\/tchad\/politique\/une-nouvelle-dynamique-de-cooperation-et-de-solidarite-entre-le-niger-et-le-tchad\",\"url\":\"https:\/\/www.africa-press.net\/tchad\/politique\/une-nouvelle-dynamique-de-cooperation-et-de-solidarite-entre-le-niger-et-le-tchad\",\"name\":\"Une nouvelle dynamique de coop\u00e9ration et de solidarit\u00e9 entre le Niger et le Tchad - tchad\",\"isPartOf\":{\"@id\":\"https:\/\/www.africa-press.net\/tchad\/#website\"},\"primaryImageOfPage\":{\"@id\":\"https:\/\/www.africa-press.net\/tchad\/politique\/une-nouvelle-dynamique-de-cooperation-et-de-solidarite-entre-le-niger-et-le-tchad#primaryimage\"},\"image\":{\"@id\":\"https:\/\/www.africa-press.net\/tchad\/politique\/une-nouvelle-dynamique-de-cooperation-et-de-solidarite-entre-le-niger-et-le-tchad#primaryimage\"},\"thumbnailUrl\":\"https:\/\/static.africa-press.net\/tchad\/sites\/41\/2022\/07\/postQueueImg_17-62d2f782eed56.jpg\",\"datePublished\":\"2022-07-16T17:21:37+00:00\",\"dateModified\":\"2022-07-16T17:38:30+00:00\",\"author\":{\"@id\":\"https:\/\/www.africa-press.net\/tchad\/#\/schema\/person\/2b1cf3cd81a31e3cd26889ca66d677f1\"},\"description\":\"Le Pr\u00e9sident de la R\u00e9publique, M. Mohamed Bazoum, a effectu\u00e9, du 13 au 14 juillet 2022, une visite de travail de 48 heur ...\",\"breadcrumb\":{\"@id\":\"https:\/\/www.africa-press.net\/tchad\/politique\/une-nouvelle-dynamique-de-cooperation-et-de-solidarite-entre-le-niger-et-le-tchad#breadcrumb\"},\"inLanguage\":\"fr-FR\",\"potentialAction\":[{\"@type\":\"ReadAction\",\"target\":[\"https:\/\/www.africa-press.net\/tchad\/politique\/une-nouvelle-dynamique-de-cooperation-et-de-solidarite-entre-le-niger-et-le-tchad\"]}]},{\"@type\":\"ImageObject\",\"inLanguage\":\"fr-FR\",\"@id\":\"https:\/\/www.africa-press.net\/tchad\/politique\/une-nouvelle-dynamique-de-cooperation-et-de-solidarite-entre-le-niger-et-le-tchad#primaryimage\",\"url\":\"https:\/\/static.africa-press.net\/tchad\/sites\/41\/2022\/07\/postQueueImg_17-62d2f782eed56.jpg\",\"contentUrl\":\"https:\/\/static.africa-press.net\/tchad\/sites\/41\/2022\/07\/postQueueImg_17-62d2f782eed56.jpg\",\"width\":696,\"height\":522,\"caption\":\"Une nouvelle dynamique de coop\u00e9ration et de solidarit\u00e9 entre le Niger et le Tchad\"},{\"@type\":\"BreadcrumbList\",\"@id\":\"https:\/\/www.africa-press.net\/tchad\/politique\/une-nouvelle-dynamique-de-cooperation-et-de-solidarite-entre-le-niger-et-le-tchad#breadcrumb\",\"itemListElement\":[{\"@type\":\"ListItem\",\"position\":1,\"name\":\"Accueil\",\"item\":\"https:\/\/www.africa-press.net\/tchad\/\"},{\"@type\":\"ListItem\",\"position\":2,\"name\":\"Une nouvelle dynamique de coop\u00e9ration et de solidarit\u00e9 entre le Niger et le Tchad\"}]},{\"@type\":\"WebSite\",\"@id\":\"https:\/\/www.africa-press.net\/tchad\/#website\",\"url\":\"https:\/\/www.africa-press.net\/tchad\/\",\"name\":\"tchad\",\"description\":\"Just another Africa News Agency Sites site\",\"potentialAction\":[{\"@type\":\"SearchAction\",\"target\":{\"@type\":\"EntryPoint\",\"urlTemplate\":\"https:\/\/www.africa-press.net\/tchad\/?s={search_term_string}\"},\"query-input\":{\"@type\":\"PropertyValueSpecification\",\"valueRequired\":true,\"valueName\":\"search_term_string\"}}],\"inLanguage\":\"fr-FR\"},{\"@type\":\"Person\",\"@id\":\"https:\/\/www.africa-press.net\/tchad\/#\/schema\/person\/2b1cf3cd81a31e3cd26889ca66d677f1\",\"name\":\"cfeditorfr\"}]}<\/script>\n<!-- \/ Yoast SEO Premium plugin. -->","yoast_head_json":{"title":"Une nouvelle dynamique de coop\u00e9ration et de solidarit\u00e9 entre le Niger et le Tchad - tchad","description":"Le Pr\u00e9sident de la R\u00e9publique, M. Mohamed Bazoum, a effectu\u00e9, du 13 au 14 juillet 2022, une visite de travail de 48 heur ...","robots":{"index":"index","follow":"follow","max-snippet":"max-snippet:-1","max-image-preview":"max-image-preview:large","max-video-preview":"max-video-preview:-1"},"canonical":"https:\/\/www.africa-press.net\/tchad\/politique\/une-nouvelle-dynamique-de-cooperation-et-de-solidarite-entre-le-niger-et-le-tchad","og_locale":"fr_FR","og_type":"article","og_title":"Une nouvelle dynamique de coop\u00e9ration et de solidarit\u00e9 entre le Niger et le Tchad","og_description":"Le Pr\u00e9sident de la R\u00e9publique, M. Mohamed Bazoum, a effectu\u00e9, du 13 au 14 juillet 2022, une visite de travail de 48 heur ...","og_url":"https:\/\/www.africa-press.net\/tchad\/politique\/une-nouvelle-dynamique-de-cooperation-et-de-solidarite-entre-le-niger-et-le-tchad","og_site_name":"tchad","article_published_time":"2022-07-16T17:21:37+00:00","article_modified_time":"2022-07-16T17:38:30+00:00","og_image":[{"width":696,"height":522,"url":"https:\/\/static.africa-press.net\/tchad\/sites\/41\/2022\/07\/postQueueImg_17-62d2f782eed56.jpg","type":"image\/jpeg"}],"author":"cfeditorfr","twitter_card":"summary_large_image","twitter_misc":{"\u00c9crit par":"cfeditorfr","Dur\u00e9e de lecture estim\u00e9e":"3 minutes"},"schema":{"@context":"https:\/\/schema.org","@graph":[{"@type":"Article","@id":"https:\/\/www.africa-press.net\/tchad\/politique\/une-nouvelle-dynamique-de-cooperation-et-de-solidarite-entre-le-niger-et-le-tchad#article","isPartOf":{"@id":"https:\/\/www.africa-press.net\/tchad\/politique\/une-nouvelle-dynamique-de-cooperation-et-de-solidarite-entre-le-niger-et-le-tchad"},"author":{"name":"cfeditorfr","@id":"https:\/\/www.africa-press.net\/tchad\/#\/schema\/person\/2b1cf3cd81a31e3cd26889ca66d677f1"},"headline":"Une nouvelle dynamique de coop\u00e9ration et de solidarit\u00e9 entre le Niger et le Tchad","datePublished":"2022-07-16T17:21:37+00:00","dateModified":"2022-07-16T17:38:30+00:00","mainEntityOfPage":{"@id":"https:\/\/www.africa-press.net\/tchad\/politique\/une-nouvelle-dynamique-de-cooperation-et-de-solidarite-entre-le-niger-et-le-tchad"},"wordCount":529,"commentCount":0,"image":{"@id":"https:\/\/www.africa-press.net\/tchad\/politique\/une-nouvelle-dynamique-de-cooperation-et-de-solidarite-entre-le-niger-et-le-tchad#primaryimage"},"thumbnailUrl":"https:\/\/static.africa-press.net\/tchad\/sites\/41\/2022\/07\/postQueueImg_17-62d2f782eed56.jpg","keywords":["Africa Press","Africa Press-Tchad","Tchad"],"articleSection":["homepage-french","Photo","Politique","Top Nouvelles","Toutes les actualit\u00e9s"],"inLanguage":"fr-FR","potentialAction":[{"@type":"CommentAction","name":"Comment","target":["https:\/\/www.africa-press.net\/tchad\/politique\/une-nouvelle-dynamique-de-cooperation-et-de-solidarite-entre-le-niger-et-le-tchad#respond"]}]},{"@type":"WebPage","@id":"https:\/\/www.africa-press.net\/tchad\/politique\/une-nouvelle-dynamique-de-cooperation-et-de-solidarite-entre-le-niger-et-le-tchad","url":"https:\/\/www.africa-press.net\/tchad\/politique\/une-nouvelle-dynamique-de-cooperation-et-de-solidarite-entre-le-niger-et-le-tchad","name":"Une nouvelle dynamique de coop\u00e9ration et de solidarit\u00e9 entre le Niger et le Tchad - tchad","isPartOf":{"@id":"https:\/\/www.africa-press.net\/tchad\/#website"},"primaryImageOfPage":{"@id":"https:\/\/www.africa-press.net\/tchad\/politique\/une-nouvelle-dynamique-de-cooperation-et-de-solidarite-entre-le-niger-et-le-tchad#primaryimage"},"image":{"@id":"https:\/\/www.africa-press.net\/tchad\/politique\/une-nouvelle-dynamique-de-cooperation-et-de-solidarite-entre-le-niger-et-le-tchad#primaryimage"},"thumbnailUrl":"https:\/\/static.africa-press.net\/tchad\/sites\/41\/2022\/07\/postQueueImg_17-62d2f782eed56.jpg","datePublished":"2022-07-16T17:21:37+00:00","dateModified":"2022-07-16T17:38:30+00:00","author":{"@id":"https:\/\/www.africa-press.net\/tchad\/#\/schema\/person\/2b1cf3cd81a31e3cd26889ca66d677f1"},"description":"Le Pr\u00e9sident de la R\u00e9publique, M. Mohamed Bazoum, a effectu\u00e9, du 13 au 14 juillet 2022, une visite de travail de 48 heur ...","breadcrumb":{"@id":"https:\/\/www.africa-press.net\/tchad\/politique\/une-nouvelle-dynamique-de-cooperation-et-de-solidarite-entre-le-niger-et-le-tchad#breadcrumb"},"inLanguage":"fr-FR","potentialAction":[{"@type":"ReadAction","target":["https:\/\/www.africa-press.net\/tchad\/politique\/une-nouvelle-dynamique-de-cooperation-et-de-solidarite-entre-le-niger-et-le-tchad"]}]},{"@type":"ImageObject","inLanguage":"fr-FR","@id":"https:\/\/www.africa-press.net\/tchad\/politique\/une-nouvelle-dynamique-de-cooperation-et-de-solidarite-entre-le-niger-et-le-tchad#primaryimage","url":"https:\/\/static.africa-press.net\/tchad\/sites\/41\/2022\/07\/postQueueImg_17-62d2f782eed56.jpg","contentUrl":"https:\/\/static.africa-press.net\/tchad\/sites\/41\/2022\/07\/postQueueImg_17-62d2f782eed56.jpg","width":696,"height":522,"caption":"Une nouvelle dynamique de coop\u00e9ration et de solidarit\u00e9 entre le Niger et le Tchad"},{"@type":"BreadcrumbList","@id":"https:\/\/www.africa-press.net\/tchad\/politique\/une-nouvelle-dynamique-de-cooperation-et-de-solidarite-entre-le-niger-et-le-tchad#breadcrumb","itemListElement":[{"@type":"ListItem","position":1,"name":"Accueil","item":"https:\/\/www.africa-press.net\/tchad\/"},{"@type":"ListItem","position":2,"name":"Une nouvelle dynamique de coop\u00e9ration et de solidarit\u00e9 entre le Niger et le Tchad"}]},{"@type":"WebSite","@id":"https:\/\/www.africa-press.net\/tchad\/#website","url":"https:\/\/www.africa-press.net\/tchad\/","name":"tchad","description":"Just another Africa News Agency Sites site","potentialAction":[{"@type":"SearchAction","target":{"@type":"EntryPoint","urlTemplate":"https:\/\/www.africa-press.net\/tchad\/?s={search_term_string}"},"query-input":{"@type":"PropertyValueSpecification","valueRequired":true,"valueName":"search_term_string"}}],"inLanguage":"fr-FR"},{"@type":"Person","@id":"https:\/\/www.africa-press.net\/tchad\/#\/schema\/person\/2b1cf3cd81a31e3cd26889ca66d677f1","name":"cfeditorfr"}]}},"_links":{"self":[{"href":"https:\/\/www.africa-press.net\/tchad\/wp-json\/wp\/v2\/posts\/28999","targetHints":{"allow":["GET"]}}],"collection":[{"href":"https:\/\/www.africa-press.net\/tchad\/wp-json\/wp\/v2\/posts"}],"about":[{"href":"https:\/\/www.africa-press.net\/tchad\/wp-json\/wp\/v2\/types\/post"}],"author":[{"embeddable":true,"href":"https:\/\/www.africa-press.net\/tchad\/wp-json\/wp\/v2\/users\/82"}],"replies":[{"embeddable":true,"href":"https:\/\/www.africa-press.net\/tchad\/wp-json\/wp\/v2\/comments?post=28999"}],"version-history":[{"count":0,"href":"https:\/\/www.africa-press.net\/tchad\/wp-json\/wp\/v2\/posts\/28999\/revisions"}],"wp:featuredmedia":[{"embeddable":true,"href":"https:\/\/www.africa-press.net\/tchad\/wp-json\/wp\/v2\/media\/28998"}],"wp:attachment":[{"href":"https:\/\/www.africa-press.net\/tchad\/wp-json\/wp\/v2\/media?parent=28999"}],"wp:term":[{"taxonomy":"category","embeddable":true,"href":"https:\/\/www.africa-press.net\/tchad\/wp-json\/wp\/v2\/categories?post=28999"},{"taxonomy":"post_tag","embeddable":true,"href":"https:\/\/www.africa-press.net\/tchad\/wp-json\/wp\/v2\/tags?post=28999"}],"curies":[{"name":"wp","href":"https:\/\/api.w.org\/{rel}","templated":true}]}}