{"id":29002,"date":"2022-07-16T17:27:46","date_gmt":"2022-07-16T17:27:46","guid":{"rendered":"https:\/\/www.africa-press.net\/tchad\/politique\/le-dialogue-national-inclusif-finalement-reporte-au-20-aout"},"modified":"2022-07-16T17:40:20","modified_gmt":"2022-07-16T17:40:20","slug":"le-dialogue-national-inclusif-finalement-reporte-au-20-aout","status":"publish","type":"post","link":"https:\/\/www.africa-press.net\/tchad\/politique\/le-dialogue-national-inclusif-finalement-reporte-au-20-aout","title":{"rendered":"le dialogue national inclusif finalement report\u00e9 au 20 ao\u00fbt"},"content":{"rendered":"<p><span style=\"color: #ff6600\"><strong>Africa-Press &#8211; Tchad. <\/strong><\/span>Aura-t-il cette fois bien lieu ? La junte militaire au Tchad a fix\u00e9 une nouvelle date pour le dialogue de r\u00e9conciliation nationale, plusieurs fois repouss\u00e9 depuis qu\u2019elle a pris le pouvoir il y a quinze mois. \u00ab Le dialogue national inclusif est convoqu\u00e9 \u00e0 compter du 20 ao\u00fbt \u00bb, lit-on dans un d\u00e9cret du Conseil militaire de transition sign\u00e9 le 14 juillet par le Premier ministre nomm\u00e9 par la junte, Albert Pahimi Padack\u00e9.<\/p>\n<p>Les autorit\u00e9s ne pr\u00e9cisent \u00e0 aucun moment comment entamer ce dialogue si la cinquantaine de groupes arm\u00e9s rebelles n\u00e9gociant avec elles dans la capitale du Qatar depuis le 13 mars ne parviennent pas \u00e0 s\u2019entendre et si la principale plateforme de l\u2019opposition non arm\u00e9e, Wakit Tama, ne r\u00e9int\u00e8gre pas les pourparlers qu\u2019elle a suspendus le 6 avril avec la junte dont elle refuse de reconna\u00eetre le pouvoir.<\/p>\n<p>Ce dialogue a \u00e9t\u00e9 promis par le g\u00e9n\u00e9ral Mahamat Idriss D\u00e9by Iton la communaut\u00e9 internationale pour remettre le pouvoir aux civils dans un d\u00e9lai de 18 mois, \u00e9ventuellement renouvelable une fois.<\/p>\n<p><b>D\u00e9j\u00e0 report\u00e9 deux fois<\/b><\/p>\n<p>Au lendemain de la mort du pr\u00e9sident Idriss D\u00e9by Itno, tu\u00e9 au front contre des rebelles en avril 2021, son fils, le jeune g\u00e9n\u00e9ral Mahamat Idriss D\u00e9by Itno, avait \u00e9t\u00e9 proclam\u00e9 pr\u00e9sident \u00e0 la t\u00eate d\u2019un Conseil militaire de transition de 15 g\u00e9n\u00e9raux. Il avait aussit\u00f4t promis des \u00e9lections libres et d\u00e9mocratiques dans un d\u00e9lai de 18 mois, apr\u00e8s un \u00ab Dialogue national inclusif \u00bb avec toute l\u2019opposition politique et tous les innombrables groupes rebelles.<\/p>\n<p>Mais, apr\u00e8s trente ann\u00e9es d\u2019exercice du pouvoir tr\u00e8s autoritaire par Idriss D\u00e9by, ce forum de r\u00e9conciliation nationale, initialement pr\u00e9vu pour le 15 f\u00e9vrier, puis le 10 mai, avait \u00e9t\u00e9 report\u00e9, principalement parce qu\u2019un pr\u00e9-dialogue \u00e0 Doha pour un accord de paix entre la junte et une cinquantaine de groupes rebelles pi\u00e9tine depuis quatre mois.<\/p>\n<p><b>Une \u00e9ch\u00e9ance trop courte pour des \u00e9lections<\/b><\/p>\n<p>D\u00e8s les premiers jours, le nouvel homme fort tchadien avait \u00e9t\u00e9 adoub\u00e9 par la communaut\u00e9 internationale \u2013 la France, l\u2019Union europ\u00e9enne (UE) et l\u2019Union africaine (UA) en t\u00eate \u2013, son arm\u00e9e \u00e9tant l\u2019un des piliers de la guerre contre les jihadistes dans le Sahel au c\u00f4t\u00e9 des troupes fran\u00e7aises de l\u2019op\u00e9ration Barkhane. Toutefois, Paris, l\u2019UE et l\u2019UA avaient demand\u00e9 que le premier d\u00e9lai de 18 mois ne soit pas prolong\u00e9.<\/p>\n<p>Les 18 mois sont cens\u00e9s s\u2019achever en octobre 2022, mais des \u00e9lections pr\u00e9sidentielle et l\u00e9gislatives paraissent difficiles \u00e0 organiser dans un d\u00e9lai aussi court. Et l\u2019hypoth\u00e8se d\u2019un dialogue \u00ab inclusif \u00bb cens\u00e9 les pr\u00e9parer sans une majeure partie des oppositions arm\u00e9e et non-arm\u00e9e en ao\u00fbt semble repousser \u00e0 un futur incertain la remise du pouvoir aux civils.<\/p>\n<p>&nbsp;<\/p>\n<p><strong>Pour plus d&rsquo;informations et d&rsquo;analyses sur la <a href=\"https:\/\/www.africa-press.net\/tchad\">Tchad<\/a>, suivez <a href=\"https:\/\/www.africa-press.net\/\">Africa-Press<\/a><\/strong><\/p>\n","protected":false},"excerpt":{"rendered":"<p>Africa-Press &#8211; Tchad. Aura-t-il cette fois bien lieu ? La junte militaire au Tchad a fix\u00e9 une nouvelle date pour le dialogue de r\u00e9conciliation nationale, plusieurs fois repouss\u00e9 depuis qu\u2019elle a pris le pouvoir il y a quinze mois. \u00ab Le dialogue national inclusif est convoqu\u00e9 \u00e0 compter du 20 ao\u00fbt \u00bb, lit-on dans un [&hellip;]<\/p>\n","protected":false},"author":82,"featured_media":29001,"comment_status":"open","ping_status":"closed","sticky":false,"template":"","format":"standard","meta":{"footnotes":""},"categories":[11,2,20,10],"tags":[37,292,29],"class_list":["post-29002","post","type-post","status-publish","format-standard","has-post-thumbnail","hentry","category-homepage-french","category-politique","category-top-nouvelles","category-toutes-les-actualites","tag-africa-press","tag-africa-press-tchad","tag-tchad"],"yoast_head":"<!-- This site is optimized with the Yoast SEO Premium plugin v26.1 (Yoast SEO v27.0) - https:\/\/yoast.com\/product\/yoast-seo-premium-wordpress\/ -->\n<title>le dialogue national inclusif finalement report\u00e9 au 20 ao\u00fbt - tchad<\/title>\n<meta name=\"description\" content=\"Aura-t-il cette fois bien lieu ? La junte militaire au Tchad a fix\u00e9 une nouvelle date pour le dialogue de r\u00e9conciliation ...\" \/>\n<meta name=\"robots\" content=\"index, follow, max-snippet:-1, max-image-preview:large, max-video-preview:-1\" \/>\n<link rel=\"canonical\" href=\"https:\/\/www.africa-press.net\/tchad\/politique\/le-dialogue-national-inclusif-finalement-reporte-au-20-aout\" \/>\n<meta property=\"og:locale\" content=\"fr_FR\" \/>\n<meta property=\"og:type\" content=\"article\" \/>\n<meta property=\"og:title\" content=\"le dialogue national inclusif finalement report\u00e9 au 20 ao\u00fbt\" \/>\n<meta property=\"og:description\" content=\"Aura-t-il cette fois bien lieu ? La junte militaire au Tchad a fix\u00e9 une nouvelle date pour le dialogue de r\u00e9conciliation ...\" \/>\n<meta property=\"og:url\" content=\"https:\/\/www.africa-press.net\/tchad\/politique\/le-dialogue-national-inclusif-finalement-reporte-au-20-aout\" \/>\n<meta property=\"og:site_name\" content=\"tchad\" \/>\n<meta property=\"article:published_time\" content=\"2022-07-16T17:27:46+00:00\" \/>\n<meta property=\"article:modified_time\" content=\"2022-07-16T17:40:20+00:00\" \/>\n<meta property=\"og:image\" content=\"https:\/\/static.africa-press.net\/tchad\/sites\/41\/2022\/07\/postQueueImg_19-62d2f7eca65f9.jpg\" \/>\n\t<meta property=\"og:image:width\" content=\"1256\" \/>\n\t<meta property=\"og:image:height\" content=\"628\" \/>\n\t<meta property=\"og:image:type\" content=\"image\/jpeg\" \/>\n<meta name=\"author\" content=\"cfeditorfr\" \/>\n<meta name=\"twitter:card\" content=\"summary_large_image\" \/>\n<meta name=\"twitter:label1\" content=\"\u00c9crit par\" \/>\n\t<meta name=\"twitter:data1\" content=\"cfeditorfr\" \/>\n\t<meta name=\"twitter:label2\" content=\"Dur\u00e9e de lecture estim\u00e9e\" \/>\n\t<meta name=\"twitter:data2\" content=\"2 minutes\" \/>\n<script type=\"application\/ld+json\" class=\"yoast-schema-graph\">{\"@context\":\"https:\/\/schema.org\",\"@graph\":[{\"@type\":\"Article\",\"@id\":\"https:\/\/www.africa-press.net\/tchad\/politique\/le-dialogue-national-inclusif-finalement-reporte-au-20-aout#article\",\"isPartOf\":{\"@id\":\"https:\/\/www.africa-press.net\/tchad\/politique\/le-dialogue-national-inclusif-finalement-reporte-au-20-aout\"},\"author\":{\"name\":\"cfeditorfr\",\"@id\":\"https:\/\/www.africa-press.net\/tchad\/#\/schema\/person\/2b1cf3cd81a31e3cd26889ca66d677f1\"},\"headline\":\"le dialogue national inclusif finalement report\u00e9 au 20 ao\u00fbt\",\"datePublished\":\"2022-07-16T17:27:46+00:00\",\"dateModified\":\"2022-07-16T17:40:20+00:00\",\"mainEntityOfPage\":{\"@id\":\"https:\/\/www.africa-press.net\/tchad\/politique\/le-dialogue-national-inclusif-finalement-reporte-au-20-aout\"},\"wordCount\":507,\"commentCount\":0,\"image\":{\"@id\":\"https:\/\/www.africa-press.net\/tchad\/politique\/le-dialogue-national-inclusif-finalement-reporte-au-20-aout#primaryimage\"},\"thumbnailUrl\":\"https:\/\/static.africa-press.net\/tchad\/sites\/41\/2022\/07\/postQueueImg_19-62d2f7eca65f9.jpg\",\"keywords\":[\"Africa Press\",\"Africa Press-Tchad\",\"Tchad\"],\"articleSection\":[\"homepage-french\",\"Politique\",\"Top Nouvelles\",\"Toutes les actualit\u00e9s\"],\"inLanguage\":\"fr-FR\",\"potentialAction\":[{\"@type\":\"CommentAction\",\"name\":\"Comment\",\"target\":[\"https:\/\/www.africa-press.net\/tchad\/politique\/le-dialogue-national-inclusif-finalement-reporte-au-20-aout#respond\"]}]},{\"@type\":\"WebPage\",\"@id\":\"https:\/\/www.africa-press.net\/tchad\/politique\/le-dialogue-national-inclusif-finalement-reporte-au-20-aout\",\"url\":\"https:\/\/www.africa-press.net\/tchad\/politique\/le-dialogue-national-inclusif-finalement-reporte-au-20-aout\",\"name\":\"le dialogue national inclusif finalement report\u00e9 au 20 ao\u00fbt - tchad\",\"isPartOf\":{\"@id\":\"https:\/\/www.africa-press.net\/tchad\/#website\"},\"primaryImageOfPage\":{\"@id\":\"https:\/\/www.africa-press.net\/tchad\/politique\/le-dialogue-national-inclusif-finalement-reporte-au-20-aout#primaryimage\"},\"image\":{\"@id\":\"https:\/\/www.africa-press.net\/tchad\/politique\/le-dialogue-national-inclusif-finalement-reporte-au-20-aout#primaryimage\"},\"thumbnailUrl\":\"https:\/\/static.africa-press.net\/tchad\/sites\/41\/2022\/07\/postQueueImg_19-62d2f7eca65f9.jpg\",\"datePublished\":\"2022-07-16T17:27:46+00:00\",\"dateModified\":\"2022-07-16T17:40:20+00:00\",\"author\":{\"@id\":\"https:\/\/www.africa-press.net\/tchad\/#\/schema\/person\/2b1cf3cd81a31e3cd26889ca66d677f1\"},\"description\":\"Aura-t-il cette fois bien lieu ? La junte militaire au Tchad a fix\u00e9 une nouvelle date pour le dialogue de r\u00e9conciliation ...\",\"breadcrumb\":{\"@id\":\"https:\/\/www.africa-press.net\/tchad\/politique\/le-dialogue-national-inclusif-finalement-reporte-au-20-aout#breadcrumb\"},\"inLanguage\":\"fr-FR\",\"potentialAction\":[{\"@type\":\"ReadAction\",\"target\":[\"https:\/\/www.africa-press.net\/tchad\/politique\/le-dialogue-national-inclusif-finalement-reporte-au-20-aout\"]}]},{\"@type\":\"ImageObject\",\"inLanguage\":\"fr-FR\",\"@id\":\"https:\/\/www.africa-press.net\/tchad\/politique\/le-dialogue-national-inclusif-finalement-reporte-au-20-aout#primaryimage\",\"url\":\"https:\/\/static.africa-press.net\/tchad\/sites\/41\/2022\/07\/postQueueImg_19-62d2f7eca65f9.jpg\",\"contentUrl\":\"https:\/\/static.africa-press.net\/tchad\/sites\/41\/2022\/07\/postQueueImg_19-62d2f7eca65f9.jpg\",\"width\":1256,\"height\":628,\"caption\":\"le dialogue national inclusif finalement report\u00e9 au 20 ao\u00fbt\"},{\"@type\":\"BreadcrumbList\",\"@id\":\"https:\/\/www.africa-press.net\/tchad\/politique\/le-dialogue-national-inclusif-finalement-reporte-au-20-aout#breadcrumb\",\"itemListElement\":[{\"@type\":\"ListItem\",\"position\":1,\"name\":\"Accueil\",\"item\":\"https:\/\/www.africa-press.net\/tchad\/\"},{\"@type\":\"ListItem\",\"position\":2,\"name\":\"le dialogue national inclusif finalement report\u00e9 au 20 ao\u00fbt\"}]},{\"@type\":\"WebSite\",\"@id\":\"https:\/\/www.africa-press.net\/tchad\/#website\",\"url\":\"https:\/\/www.africa-press.net\/tchad\/\",\"name\":\"tchad\",\"description\":\"Just another Africa News Agency Sites site\",\"potentialAction\":[{\"@type\":\"SearchAction\",\"target\":{\"@type\":\"EntryPoint\",\"urlTemplate\":\"https:\/\/www.africa-press.net\/tchad\/?s={search_term_string}\"},\"query-input\":{\"@type\":\"PropertyValueSpecification\",\"valueRequired\":true,\"valueName\":\"search_term_string\"}}],\"inLanguage\":\"fr-FR\"},{\"@type\":\"Person\",\"@id\":\"https:\/\/www.africa-press.net\/tchad\/#\/schema\/person\/2b1cf3cd81a31e3cd26889ca66d677f1\",\"name\":\"cfeditorfr\"}]}<\/script>\n<!-- \/ Yoast SEO Premium plugin. -->","yoast_head_json":{"title":"le dialogue national inclusif finalement report\u00e9 au 20 ao\u00fbt - tchad","description":"Aura-t-il cette fois bien lieu ? La junte militaire au Tchad a fix\u00e9 une nouvelle date pour le dialogue de r\u00e9conciliation ...","robots":{"index":"index","follow":"follow","max-snippet":"max-snippet:-1","max-image-preview":"max-image-preview:large","max-video-preview":"max-video-preview:-1"},"canonical":"https:\/\/www.africa-press.net\/tchad\/politique\/le-dialogue-national-inclusif-finalement-reporte-au-20-aout","og_locale":"fr_FR","og_type":"article","og_title":"le dialogue national inclusif finalement report\u00e9 au 20 ao\u00fbt","og_description":"Aura-t-il cette fois bien lieu ? La junte militaire au Tchad a fix\u00e9 une nouvelle date pour le dialogue de r\u00e9conciliation ...","og_url":"https:\/\/www.africa-press.net\/tchad\/politique\/le-dialogue-national-inclusif-finalement-reporte-au-20-aout","og_site_name":"tchad","article_published_time":"2022-07-16T17:27:46+00:00","article_modified_time":"2022-07-16T17:40:20+00:00","og_image":[{"width":1256,"height":628,"url":"https:\/\/static.africa-press.net\/tchad\/sites\/41\/2022\/07\/postQueueImg_19-62d2f7eca65f9.jpg","type":"image\/jpeg"}],"author":"cfeditorfr","twitter_card":"summary_large_image","twitter_misc":{"\u00c9crit par":"cfeditorfr","Dur\u00e9e de lecture estim\u00e9e":"2 minutes"},"schema":{"@context":"https:\/\/schema.org","@graph":[{"@type":"Article","@id":"https:\/\/www.africa-press.net\/tchad\/politique\/le-dialogue-national-inclusif-finalement-reporte-au-20-aout#article","isPartOf":{"@id":"https:\/\/www.africa-press.net\/tchad\/politique\/le-dialogue-national-inclusif-finalement-reporte-au-20-aout"},"author":{"name":"cfeditorfr","@id":"https:\/\/www.africa-press.net\/tchad\/#\/schema\/person\/2b1cf3cd81a31e3cd26889ca66d677f1"},"headline":"le dialogue national inclusif finalement report\u00e9 au 20 ao\u00fbt","datePublished":"2022-07-16T17:27:46+00:00","dateModified":"2022-07-16T17:40:20+00:00","mainEntityOfPage":{"@id":"https:\/\/www.africa-press.net\/tchad\/politique\/le-dialogue-national-inclusif-finalement-reporte-au-20-aout"},"wordCount":507,"commentCount":0,"image":{"@id":"https:\/\/www.africa-press.net\/tchad\/politique\/le-dialogue-national-inclusif-finalement-reporte-au-20-aout#primaryimage"},"thumbnailUrl":"https:\/\/static.africa-press.net\/tchad\/sites\/41\/2022\/07\/postQueueImg_19-62d2f7eca65f9.jpg","keywords":["Africa Press","Africa Press-Tchad","Tchad"],"articleSection":["homepage-french","Politique","Top Nouvelles","Toutes les actualit\u00e9s"],"inLanguage":"fr-FR","potentialAction":[{"@type":"CommentAction","name":"Comment","target":["https:\/\/www.africa-press.net\/tchad\/politique\/le-dialogue-national-inclusif-finalement-reporte-au-20-aout#respond"]}]},{"@type":"WebPage","@id":"https:\/\/www.africa-press.net\/tchad\/politique\/le-dialogue-national-inclusif-finalement-reporte-au-20-aout","url":"https:\/\/www.africa-press.net\/tchad\/politique\/le-dialogue-national-inclusif-finalement-reporte-au-20-aout","name":"le dialogue national inclusif finalement report\u00e9 au 20 ao\u00fbt - tchad","isPartOf":{"@id":"https:\/\/www.africa-press.net\/tchad\/#website"},"primaryImageOfPage":{"@id":"https:\/\/www.africa-press.net\/tchad\/politique\/le-dialogue-national-inclusif-finalement-reporte-au-20-aout#primaryimage"},"image":{"@id":"https:\/\/www.africa-press.net\/tchad\/politique\/le-dialogue-national-inclusif-finalement-reporte-au-20-aout#primaryimage"},"thumbnailUrl":"https:\/\/static.africa-press.net\/tchad\/sites\/41\/2022\/07\/postQueueImg_19-62d2f7eca65f9.jpg","datePublished":"2022-07-16T17:27:46+00:00","dateModified":"2022-07-16T17:40:20+00:00","author":{"@id":"https:\/\/www.africa-press.net\/tchad\/#\/schema\/person\/2b1cf3cd81a31e3cd26889ca66d677f1"},"description":"Aura-t-il cette fois bien lieu ? La junte militaire au Tchad a fix\u00e9 une nouvelle date pour le dialogue de r\u00e9conciliation ...","breadcrumb":{"@id":"https:\/\/www.africa-press.net\/tchad\/politique\/le-dialogue-national-inclusif-finalement-reporte-au-20-aout#breadcrumb"},"inLanguage":"fr-FR","potentialAction":[{"@type":"ReadAction","target":["https:\/\/www.africa-press.net\/tchad\/politique\/le-dialogue-national-inclusif-finalement-reporte-au-20-aout"]}]},{"@type":"ImageObject","inLanguage":"fr-FR","@id":"https:\/\/www.africa-press.net\/tchad\/politique\/le-dialogue-national-inclusif-finalement-reporte-au-20-aout#primaryimage","url":"https:\/\/static.africa-press.net\/tchad\/sites\/41\/2022\/07\/postQueueImg_19-62d2f7eca65f9.jpg","contentUrl":"https:\/\/static.africa-press.net\/tchad\/sites\/41\/2022\/07\/postQueueImg_19-62d2f7eca65f9.jpg","width":1256,"height":628,"caption":"le dialogue national inclusif finalement report\u00e9 au 20 ao\u00fbt"},{"@type":"BreadcrumbList","@id":"https:\/\/www.africa-press.net\/tchad\/politique\/le-dialogue-national-inclusif-finalement-reporte-au-20-aout#breadcrumb","itemListElement":[{"@type":"ListItem","position":1,"name":"Accueil","item":"https:\/\/www.africa-press.net\/tchad\/"},{"@type":"ListItem","position":2,"name":"le dialogue national inclusif finalement report\u00e9 au 20 ao\u00fbt"}]},{"@type":"WebSite","@id":"https:\/\/www.africa-press.net\/tchad\/#website","url":"https:\/\/www.africa-press.net\/tchad\/","name":"tchad","description":"Just another Africa News Agency Sites site","potentialAction":[{"@type":"SearchAction","target":{"@type":"EntryPoint","urlTemplate":"https:\/\/www.africa-press.net\/tchad\/?s={search_term_string}"},"query-input":{"@type":"PropertyValueSpecification","valueRequired":true,"valueName":"search_term_string"}}],"inLanguage":"fr-FR"},{"@type":"Person","@id":"https:\/\/www.africa-press.net\/tchad\/#\/schema\/person\/2b1cf3cd81a31e3cd26889ca66d677f1","name":"cfeditorfr"}]}},"_links":{"self":[{"href":"https:\/\/www.africa-press.net\/tchad\/wp-json\/wp\/v2\/posts\/29002","targetHints":{"allow":["GET"]}}],"collection":[{"href":"https:\/\/www.africa-press.net\/tchad\/wp-json\/wp\/v2\/posts"}],"about":[{"href":"https:\/\/www.africa-press.net\/tchad\/wp-json\/wp\/v2\/types\/post"}],"author":[{"embeddable":true,"href":"https:\/\/www.africa-press.net\/tchad\/wp-json\/wp\/v2\/users\/82"}],"replies":[{"embeddable":true,"href":"https:\/\/www.africa-press.net\/tchad\/wp-json\/wp\/v2\/comments?post=29002"}],"version-history":[{"count":0,"href":"https:\/\/www.africa-press.net\/tchad\/wp-json\/wp\/v2\/posts\/29002\/revisions"}],"wp:featuredmedia":[{"embeddable":true,"href":"https:\/\/www.africa-press.net\/tchad\/wp-json\/wp\/v2\/media\/29001"}],"wp:attachment":[{"href":"https:\/\/www.africa-press.net\/tchad\/wp-json\/wp\/v2\/media?parent=29002"}],"wp:term":[{"taxonomy":"category","embeddable":true,"href":"https:\/\/www.africa-press.net\/tchad\/wp-json\/wp\/v2\/categories?post=29002"},{"taxonomy":"post_tag","embeddable":true,"href":"https:\/\/www.africa-press.net\/tchad\/wp-json\/wp\/v2\/tags?post=29002"}],"curies":[{"name":"wp","href":"https:\/\/api.w.org\/{rel}","templated":true}]}}