{"id":29005,"date":"2022-07-17T13:12:06","date_gmt":"2022-07-17T13:12:06","guid":{"rendered":"https:\/\/www.africa-press.net\/tchad\/politique\/une-journee-de-reflexion-organisee-sur-les-5-de-revenus-petroliers-accordes-a-moundou"},"modified":"2022-07-17T13:32:00","modified_gmt":"2022-07-17T13:32:00","slug":"une-journee-de-reflexion-organisee-sur-les-5-de-revenus-petroliers-accordes-a-moundou","status":"publish","type":"post","link":"https:\/\/www.africa-press.net\/tchad\/politique\/une-journee-de-reflexion-organisee-sur-les-5-de-revenus-petroliers-accordes-a-moundou","title":{"rendered":"Une journ\u00e9e de r\u00e9flexion organis\u00e9e sur les 5% de revenus p\u00e9troliers accord\u00e9s \u00e0 Moundou"},"content":{"rendered":"<p><span style=\"color: #ff6600\"><strong>Africa-Press &#8211; Tchad. <\/strong><\/span>La plate-forme de la soci\u00e9t\u00e9 civile organise une journ\u00e9e de r\u00e9flexion sur les 5% de revenus p\u00e9troliers de la province du Logone occidental ce 16 juillet 2022 \u00e0 la mairie de Moundou.<\/p>\n<p>Pr\u00e9sentant le projet aux participants, le secr\u00e9taire g\u00e9n\u00e9ral de la plateforme de la soci\u00e9t\u00e9 civile du Logone occidental, Maitre Ndilhornom Bahoudel Os\u00e9e a d\u00e9fini les objectifs de la journ\u00e9e de r\u00e9flexion qui vise, selon lui, \u00e0 provoquer dans l\u2019esprit des participants un choc, \u00e0 les rendre aptes \u00e0 mobiliser les \u00e9quipes et affronter le d\u00e9fi du d\u00e9veloppement communautaire, la structuration coop\u00e9rative, et \u00e0 relever les d\u00e9fis auxquels leurs propres organisations font face.<\/p>\n<p>Dans son mot de circonstance, le maire de la ville de Moundou, Laoukein Kourayo Medard, a d\u00e9clar\u00e9 que c\u2019est une occasion pour les filles et fils du Logone de prendre conscience des difficult\u00e9s qu\u2019ils ont rencontr\u00e9es. \u201d La province a connu tant de divisions qui ont s\u00e9par\u00e9 nos communaut\u00e9s pour des int\u00e9r\u00eats \u00e9go\u00efstes. Mettons de c\u00f4t\u00e9s nos querelles intestines, associons-nous pour des opportunit\u00e9s de d\u00e9veloppement et b\u00e2tir notre province dans laquelle tous les droits fondamentaux seront respect\u00e9s\u201d, appelle Laoukein Kourayo M\u00e9dard.<\/p>\n<p>A l\u2019issue de cette journ\u00e9e de r\u00e9flexion, les recommandations et r\u00e9solutions seront transmises \u00e0 qui de droit pour la mise en \u0153uvre des revenus ainsi que l\u2019ex\u00e9cution des chantiers pr\u00e9sidentiels entam\u00e9s dans la ville de Moundou.<\/p>\n<p>En rappel, lors de son passage \u00e0 Moundou, le pr\u00e9sident de la junte militaire, Mahamat Idriss Deby Itno, a fait des promesses parmi lesquelles, les 5% des revenus p\u00e9troliers qui devraient revenir \u00e0 la province productrice. Ainsi, il a sign\u00e9 un d\u00e9cret d\u2019application portant composition et fonctionnement du comit\u00e9 de gestion. Le d\u00e9cret 1911 stipule que le revenu p\u00e9trolier doit \u00eatre affect\u00e9 aux provinces productrices. C\u2019est un outil de d\u00e9veloppement pour la promotion des provinces.<\/p>\n<p><strong>Pour plus d&rsquo;informations et d&rsquo;analyses sur la <a href=\"https:\/\/www.africa-press.net\/tchad\">Tchad<\/a>, suivez <a href=\"https:\/\/www.africa-press.net\/\">Africa-Press<\/a><\/strong><\/p>\n","protected":false},"excerpt":{"rendered":"<p>Africa-Press &#8211; Tchad. La plate-forme de la soci\u00e9t\u00e9 civile organise une journ\u00e9e de r\u00e9flexion sur les 5% de revenus p\u00e9troliers de la province du Logone occidental ce 16 juillet 2022 \u00e0 la mairie de Moundou. Pr\u00e9sentant le projet aux participants, le secr\u00e9taire g\u00e9n\u00e9ral de la plateforme de la soci\u00e9t\u00e9 civile du Logone occidental, Maitre Ndilhornom [&hellip;]<\/p>\n","protected":false},"author":82,"featured_media":29004,"comment_status":"open","ping_status":"closed","sticky":false,"template":"","format":"standard","meta":{"footnotes":""},"categories":[11,2,10],"tags":[37,292,29],"class_list":["post-29005","post","type-post","status-publish","format-standard","has-post-thumbnail","hentry","category-homepage-french","category-politique","category-toutes-les-actualites","tag-africa-press","tag-africa-press-tchad","tag-tchad"],"yoast_head":"<!-- This site is optimized with the Yoast SEO Premium plugin v26.1 (Yoast SEO v27.0) - https:\/\/yoast.com\/product\/yoast-seo-premium-wordpress\/ -->\n<title>Une journ\u00e9e de r\u00e9flexion organis\u00e9e sur les 5% de revenus p\u00e9troliers accord\u00e9s \u00e0 Moundou - tchad<\/title>\n<meta name=\"description\" content=\"La plate-forme de la soci\u00e9t\u00e9 civile organise une journ\u00e9e de r\u00e9flexion sur les 5% de revenus p\u00e9troliers de la province du ...\" \/>\n<meta name=\"robots\" content=\"index, follow, max-snippet:-1, max-image-preview:large, max-video-preview:-1\" \/>\n<link rel=\"canonical\" href=\"https:\/\/www.africa-press.net\/tchad\/politique\/une-journee-de-reflexion-organisee-sur-les-5-de-revenus-petroliers-accordes-a-moundou\" \/>\n<meta property=\"og:locale\" content=\"fr_FR\" \/>\n<meta property=\"og:type\" content=\"article\" \/>\n<meta property=\"og:title\" content=\"Une journ\u00e9e de r\u00e9flexion organis\u00e9e sur les 5% de revenus p\u00e9troliers accord\u00e9s \u00e0 Moundou\" \/>\n<meta property=\"og:description\" content=\"La plate-forme de la soci\u00e9t\u00e9 civile organise une journ\u00e9e de r\u00e9flexion sur les 5% de revenus p\u00e9troliers de la province du ...\" \/>\n<meta property=\"og:url\" content=\"https:\/\/www.africa-press.net\/tchad\/politique\/une-journee-de-reflexion-organisee-sur-les-5-de-revenus-petroliers-accordes-a-moundou\" \/>\n<meta property=\"og:site_name\" content=\"tchad\" \/>\n<meta property=\"article:published_time\" content=\"2022-07-17T13:12:06+00:00\" \/>\n<meta property=\"article:modified_time\" content=\"2022-07-17T13:32:00+00:00\" \/>\n<meta property=\"og:image\" content=\"https:\/\/static.africa-press.net\/tchad\/sites\/41\/2022\/07\/postQueueImg_2-62d40f346ff9e.jpg\" \/>\n\t<meta property=\"og:image:width\" content=\"696\" \/>\n\t<meta property=\"og:image:height\" content=\"522\" \/>\n\t<meta property=\"og:image:type\" content=\"image\/jpeg\" \/>\n<meta name=\"author\" content=\"cfeditorfr\" \/>\n<meta name=\"twitter:card\" content=\"summary_large_image\" \/>\n<meta name=\"twitter:label1\" content=\"\u00c9crit par\" \/>\n\t<meta name=\"twitter:data1\" content=\"cfeditorfr\" \/>\n\t<meta name=\"twitter:label2\" content=\"Dur\u00e9e de lecture estim\u00e9e\" \/>\n\t<meta name=\"twitter:data2\" content=\"2 minutes\" \/>\n<script type=\"application\/ld+json\" class=\"yoast-schema-graph\">{\"@context\":\"https:\/\/schema.org\",\"@graph\":[{\"@type\":\"Article\",\"@id\":\"https:\/\/www.africa-press.net\/tchad\/politique\/une-journee-de-reflexion-organisee-sur-les-5-de-revenus-petroliers-accordes-a-moundou#article\",\"isPartOf\":{\"@id\":\"https:\/\/www.africa-press.net\/tchad\/politique\/une-journee-de-reflexion-organisee-sur-les-5-de-revenus-petroliers-accordes-a-moundou\"},\"author\":{\"name\":\"cfeditorfr\",\"@id\":\"https:\/\/www.africa-press.net\/tchad\/#\/schema\/person\/2b1cf3cd81a31e3cd26889ca66d677f1\"},\"headline\":\"Une journ\u00e9e de r\u00e9flexion organis\u00e9e sur les 5% de revenus p\u00e9troliers accord\u00e9s \u00e0 Moundou\",\"datePublished\":\"2022-07-17T13:12:06+00:00\",\"dateModified\":\"2022-07-17T13:32:00+00:00\",\"mainEntityOfPage\":{\"@id\":\"https:\/\/www.africa-press.net\/tchad\/politique\/une-journee-de-reflexion-organisee-sur-les-5-de-revenus-petroliers-accordes-a-moundou\"},\"wordCount\":365,\"commentCount\":0,\"image\":{\"@id\":\"https:\/\/www.africa-press.net\/tchad\/politique\/une-journee-de-reflexion-organisee-sur-les-5-de-revenus-petroliers-accordes-a-moundou#primaryimage\"},\"thumbnailUrl\":\"https:\/\/static.africa-press.net\/tchad\/sites\/41\/2022\/07\/postQueueImg_2-62d40f346ff9e.jpg\",\"keywords\":[\"Africa Press\",\"Africa Press-Tchad\",\"Tchad\"],\"articleSection\":[\"homepage-french\",\"Politique\",\"Toutes les actualit\u00e9s\"],\"inLanguage\":\"fr-FR\",\"potentialAction\":[{\"@type\":\"CommentAction\",\"name\":\"Comment\",\"target\":[\"https:\/\/www.africa-press.net\/tchad\/politique\/une-journee-de-reflexion-organisee-sur-les-5-de-revenus-petroliers-accordes-a-moundou#respond\"]}]},{\"@type\":\"WebPage\",\"@id\":\"https:\/\/www.africa-press.net\/tchad\/politique\/une-journee-de-reflexion-organisee-sur-les-5-de-revenus-petroliers-accordes-a-moundou\",\"url\":\"https:\/\/www.africa-press.net\/tchad\/politique\/une-journee-de-reflexion-organisee-sur-les-5-de-revenus-petroliers-accordes-a-moundou\",\"name\":\"Une journ\u00e9e de r\u00e9flexion organis\u00e9e sur les 5% de revenus p\u00e9troliers accord\u00e9s \u00e0 Moundou - tchad\",\"isPartOf\":{\"@id\":\"https:\/\/www.africa-press.net\/tchad\/#website\"},\"primaryImageOfPage\":{\"@id\":\"https:\/\/www.africa-press.net\/tchad\/politique\/une-journee-de-reflexion-organisee-sur-les-5-de-revenus-petroliers-accordes-a-moundou#primaryimage\"},\"image\":{\"@id\":\"https:\/\/www.africa-press.net\/tchad\/politique\/une-journee-de-reflexion-organisee-sur-les-5-de-revenus-petroliers-accordes-a-moundou#primaryimage\"},\"thumbnailUrl\":\"https:\/\/static.africa-press.net\/tchad\/sites\/41\/2022\/07\/postQueueImg_2-62d40f346ff9e.jpg\",\"datePublished\":\"2022-07-17T13:12:06+00:00\",\"dateModified\":\"2022-07-17T13:32:00+00:00\",\"author\":{\"@id\":\"https:\/\/www.africa-press.net\/tchad\/#\/schema\/person\/2b1cf3cd81a31e3cd26889ca66d677f1\"},\"description\":\"La plate-forme de la soci\u00e9t\u00e9 civile organise une journ\u00e9e de r\u00e9flexion sur les 5% de revenus p\u00e9troliers de la province du ...\",\"breadcrumb\":{\"@id\":\"https:\/\/www.africa-press.net\/tchad\/politique\/une-journee-de-reflexion-organisee-sur-les-5-de-revenus-petroliers-accordes-a-moundou#breadcrumb\"},\"inLanguage\":\"fr-FR\",\"potentialAction\":[{\"@type\":\"ReadAction\",\"target\":[\"https:\/\/www.africa-press.net\/tchad\/politique\/une-journee-de-reflexion-organisee-sur-les-5-de-revenus-petroliers-accordes-a-moundou\"]}]},{\"@type\":\"ImageObject\",\"inLanguage\":\"fr-FR\",\"@id\":\"https:\/\/www.africa-press.net\/tchad\/politique\/une-journee-de-reflexion-organisee-sur-les-5-de-revenus-petroliers-accordes-a-moundou#primaryimage\",\"url\":\"https:\/\/static.africa-press.net\/tchad\/sites\/41\/2022\/07\/postQueueImg_2-62d40f346ff9e.jpg\",\"contentUrl\":\"https:\/\/static.africa-press.net\/tchad\/sites\/41\/2022\/07\/postQueueImg_2-62d40f346ff9e.jpg\",\"width\":696,\"height\":522,\"caption\":\"Une journ\u00e9e de r\u00e9flexion organis\u00e9e sur les 5% de revenus p\u00e9troliers accord\u00e9s \u00e0 Moundou\"},{\"@type\":\"BreadcrumbList\",\"@id\":\"https:\/\/www.africa-press.net\/tchad\/politique\/une-journee-de-reflexion-organisee-sur-les-5-de-revenus-petroliers-accordes-a-moundou#breadcrumb\",\"itemListElement\":[{\"@type\":\"ListItem\",\"position\":1,\"name\":\"Accueil\",\"item\":\"https:\/\/www.africa-press.net\/tchad\/\"},{\"@type\":\"ListItem\",\"position\":2,\"name\":\"Une journ\u00e9e de r\u00e9flexion organis\u00e9e sur les 5% de revenus p\u00e9troliers accord\u00e9s \u00e0 Moundou\"}]},{\"@type\":\"WebSite\",\"@id\":\"https:\/\/www.africa-press.net\/tchad\/#website\",\"url\":\"https:\/\/www.africa-press.net\/tchad\/\",\"name\":\"tchad\",\"description\":\"Just another Africa News Agency Sites site\",\"potentialAction\":[{\"@type\":\"SearchAction\",\"target\":{\"@type\":\"EntryPoint\",\"urlTemplate\":\"https:\/\/www.africa-press.net\/tchad\/?s={search_term_string}\"},\"query-input\":{\"@type\":\"PropertyValueSpecification\",\"valueRequired\":true,\"valueName\":\"search_term_string\"}}],\"inLanguage\":\"fr-FR\"},{\"@type\":\"Person\",\"@id\":\"https:\/\/www.africa-press.net\/tchad\/#\/schema\/person\/2b1cf3cd81a31e3cd26889ca66d677f1\",\"name\":\"cfeditorfr\"}]}<\/script>\n<!-- \/ Yoast SEO Premium plugin. -->","yoast_head_json":{"title":"Une journ\u00e9e de r\u00e9flexion organis\u00e9e sur les 5% de revenus p\u00e9troliers accord\u00e9s \u00e0 Moundou - tchad","description":"La plate-forme de la soci\u00e9t\u00e9 civile organise une journ\u00e9e de r\u00e9flexion sur les 5% de revenus p\u00e9troliers de la province du ...","robots":{"index":"index","follow":"follow","max-snippet":"max-snippet:-1","max-image-preview":"max-image-preview:large","max-video-preview":"max-video-preview:-1"},"canonical":"https:\/\/www.africa-press.net\/tchad\/politique\/une-journee-de-reflexion-organisee-sur-les-5-de-revenus-petroliers-accordes-a-moundou","og_locale":"fr_FR","og_type":"article","og_title":"Une journ\u00e9e de r\u00e9flexion organis\u00e9e sur les 5% de revenus p\u00e9troliers accord\u00e9s \u00e0 Moundou","og_description":"La plate-forme de la soci\u00e9t\u00e9 civile organise une journ\u00e9e de r\u00e9flexion sur les 5% de revenus p\u00e9troliers de la province du ...","og_url":"https:\/\/www.africa-press.net\/tchad\/politique\/une-journee-de-reflexion-organisee-sur-les-5-de-revenus-petroliers-accordes-a-moundou","og_site_name":"tchad","article_published_time":"2022-07-17T13:12:06+00:00","article_modified_time":"2022-07-17T13:32:00+00:00","og_image":[{"width":696,"height":522,"url":"https:\/\/static.africa-press.net\/tchad\/sites\/41\/2022\/07\/postQueueImg_2-62d40f346ff9e.jpg","type":"image\/jpeg"}],"author":"cfeditorfr","twitter_card":"summary_large_image","twitter_misc":{"\u00c9crit par":"cfeditorfr","Dur\u00e9e de lecture estim\u00e9e":"2 minutes"},"schema":{"@context":"https:\/\/schema.org","@graph":[{"@type":"Article","@id":"https:\/\/www.africa-press.net\/tchad\/politique\/une-journee-de-reflexion-organisee-sur-les-5-de-revenus-petroliers-accordes-a-moundou#article","isPartOf":{"@id":"https:\/\/www.africa-press.net\/tchad\/politique\/une-journee-de-reflexion-organisee-sur-les-5-de-revenus-petroliers-accordes-a-moundou"},"author":{"name":"cfeditorfr","@id":"https:\/\/www.africa-press.net\/tchad\/#\/schema\/person\/2b1cf3cd81a31e3cd26889ca66d677f1"},"headline":"Une journ\u00e9e de r\u00e9flexion organis\u00e9e sur les 5% de revenus p\u00e9troliers accord\u00e9s \u00e0 Moundou","datePublished":"2022-07-17T13:12:06+00:00","dateModified":"2022-07-17T13:32:00+00:00","mainEntityOfPage":{"@id":"https:\/\/www.africa-press.net\/tchad\/politique\/une-journee-de-reflexion-organisee-sur-les-5-de-revenus-petroliers-accordes-a-moundou"},"wordCount":365,"commentCount":0,"image":{"@id":"https:\/\/www.africa-press.net\/tchad\/politique\/une-journee-de-reflexion-organisee-sur-les-5-de-revenus-petroliers-accordes-a-moundou#primaryimage"},"thumbnailUrl":"https:\/\/static.africa-press.net\/tchad\/sites\/41\/2022\/07\/postQueueImg_2-62d40f346ff9e.jpg","keywords":["Africa Press","Africa Press-Tchad","Tchad"],"articleSection":["homepage-french","Politique","Toutes les actualit\u00e9s"],"inLanguage":"fr-FR","potentialAction":[{"@type":"CommentAction","name":"Comment","target":["https:\/\/www.africa-press.net\/tchad\/politique\/une-journee-de-reflexion-organisee-sur-les-5-de-revenus-petroliers-accordes-a-moundou#respond"]}]},{"@type":"WebPage","@id":"https:\/\/www.africa-press.net\/tchad\/politique\/une-journee-de-reflexion-organisee-sur-les-5-de-revenus-petroliers-accordes-a-moundou","url":"https:\/\/www.africa-press.net\/tchad\/politique\/une-journee-de-reflexion-organisee-sur-les-5-de-revenus-petroliers-accordes-a-moundou","name":"Une journ\u00e9e de r\u00e9flexion organis\u00e9e sur les 5% de revenus p\u00e9troliers accord\u00e9s \u00e0 Moundou - tchad","isPartOf":{"@id":"https:\/\/www.africa-press.net\/tchad\/#website"},"primaryImageOfPage":{"@id":"https:\/\/www.africa-press.net\/tchad\/politique\/une-journee-de-reflexion-organisee-sur-les-5-de-revenus-petroliers-accordes-a-moundou#primaryimage"},"image":{"@id":"https:\/\/www.africa-press.net\/tchad\/politique\/une-journee-de-reflexion-organisee-sur-les-5-de-revenus-petroliers-accordes-a-moundou#primaryimage"},"thumbnailUrl":"https:\/\/static.africa-press.net\/tchad\/sites\/41\/2022\/07\/postQueueImg_2-62d40f346ff9e.jpg","datePublished":"2022-07-17T13:12:06+00:00","dateModified":"2022-07-17T13:32:00+00:00","author":{"@id":"https:\/\/www.africa-press.net\/tchad\/#\/schema\/person\/2b1cf3cd81a31e3cd26889ca66d677f1"},"description":"La plate-forme de la soci\u00e9t\u00e9 civile organise une journ\u00e9e de r\u00e9flexion sur les 5% de revenus p\u00e9troliers de la province du ...","breadcrumb":{"@id":"https:\/\/www.africa-press.net\/tchad\/politique\/une-journee-de-reflexion-organisee-sur-les-5-de-revenus-petroliers-accordes-a-moundou#breadcrumb"},"inLanguage":"fr-FR","potentialAction":[{"@type":"ReadAction","target":["https:\/\/www.africa-press.net\/tchad\/politique\/une-journee-de-reflexion-organisee-sur-les-5-de-revenus-petroliers-accordes-a-moundou"]}]},{"@type":"ImageObject","inLanguage":"fr-FR","@id":"https:\/\/www.africa-press.net\/tchad\/politique\/une-journee-de-reflexion-organisee-sur-les-5-de-revenus-petroliers-accordes-a-moundou#primaryimage","url":"https:\/\/static.africa-press.net\/tchad\/sites\/41\/2022\/07\/postQueueImg_2-62d40f346ff9e.jpg","contentUrl":"https:\/\/static.africa-press.net\/tchad\/sites\/41\/2022\/07\/postQueueImg_2-62d40f346ff9e.jpg","width":696,"height":522,"caption":"Une journ\u00e9e de r\u00e9flexion organis\u00e9e sur les 5% de revenus p\u00e9troliers accord\u00e9s \u00e0 Moundou"},{"@type":"BreadcrumbList","@id":"https:\/\/www.africa-press.net\/tchad\/politique\/une-journee-de-reflexion-organisee-sur-les-5-de-revenus-petroliers-accordes-a-moundou#breadcrumb","itemListElement":[{"@type":"ListItem","position":1,"name":"Accueil","item":"https:\/\/www.africa-press.net\/tchad\/"},{"@type":"ListItem","position":2,"name":"Une journ\u00e9e de r\u00e9flexion organis\u00e9e sur les 5% de revenus p\u00e9troliers accord\u00e9s \u00e0 Moundou"}]},{"@type":"WebSite","@id":"https:\/\/www.africa-press.net\/tchad\/#website","url":"https:\/\/www.africa-press.net\/tchad\/","name":"tchad","description":"Just another Africa News Agency Sites site","potentialAction":[{"@type":"SearchAction","target":{"@type":"EntryPoint","urlTemplate":"https:\/\/www.africa-press.net\/tchad\/?s={search_term_string}"},"query-input":{"@type":"PropertyValueSpecification","valueRequired":true,"valueName":"search_term_string"}}],"inLanguage":"fr-FR"},{"@type":"Person","@id":"https:\/\/www.africa-press.net\/tchad\/#\/schema\/person\/2b1cf3cd81a31e3cd26889ca66d677f1","name":"cfeditorfr"}]}},"_links":{"self":[{"href":"https:\/\/www.africa-press.net\/tchad\/wp-json\/wp\/v2\/posts\/29005","targetHints":{"allow":["GET"]}}],"collection":[{"href":"https:\/\/www.africa-press.net\/tchad\/wp-json\/wp\/v2\/posts"}],"about":[{"href":"https:\/\/www.africa-press.net\/tchad\/wp-json\/wp\/v2\/types\/post"}],"author":[{"embeddable":true,"href":"https:\/\/www.africa-press.net\/tchad\/wp-json\/wp\/v2\/users\/82"}],"replies":[{"embeddable":true,"href":"https:\/\/www.africa-press.net\/tchad\/wp-json\/wp\/v2\/comments?post=29005"}],"version-history":[{"count":0,"href":"https:\/\/www.africa-press.net\/tchad\/wp-json\/wp\/v2\/posts\/29005\/revisions"}],"wp:featuredmedia":[{"embeddable":true,"href":"https:\/\/www.africa-press.net\/tchad\/wp-json\/wp\/v2\/media\/29004"}],"wp:attachment":[{"href":"https:\/\/www.africa-press.net\/tchad\/wp-json\/wp\/v2\/media?parent=29005"}],"wp:term":[{"taxonomy":"category","embeddable":true,"href":"https:\/\/www.africa-press.net\/tchad\/wp-json\/wp\/v2\/categories?post=29005"},{"taxonomy":"post_tag","embeddable":true,"href":"https:\/\/www.africa-press.net\/tchad\/wp-json\/wp\/v2\/tags?post=29005"}],"curies":[{"name":"wp","href":"https:\/\/api.w.org\/{rel}","templated":true}]}}