{"id":29011,"date":"2022-07-17T13:13:25","date_gmt":"2022-07-17T13:13:25","guid":{"rendered":"https:\/\/www.africa-press.net\/tchad\/politique\/union-africaine-arrivee-du-pcmt-president-en-exercice-de-la-cen-sad-a-lusaka"},"modified":"2022-07-17T13:33:08","modified_gmt":"2022-07-17T13:33:08","slug":"union-africaine-arrivee-du-pcmt-president-en-exercice-de-la-cen-sad-a-lusaka","status":"publish","type":"post","link":"https:\/\/www.africa-press.net\/tchad\/politique\/union-africaine-arrivee-du-pcmt-president-en-exercice-de-la-cen-sad-a-lusaka","title":{"rendered":"UNION AFRICAINE : arriv\u00e9e du PCMT ,Pr\u00e9sident en exercice de la CEN-SAD \u00e0 Lusaka"},"content":{"rendered":"<p><span style=\"color: #ff6600\"><strong>Africa-Press &#8211; Tchad. <\/strong><\/span>Le Pr\u00e9sident du Conseil Militaire de Transition, G\u00e9n\u00e9ral MAHAMAT IDRISS DEBY se trouve depuis cet apr\u00e8s-midi \u00e0 Lusaka en Zambie. En sa qualit\u00e9 de Pr\u00e9sident en exercice de la Communaut\u00e9 des Etats Sah\u00e9lo-Sahariens (CEN-SAD), le Chef de l\u2019Etat prendra part demain, aux travaux du 4\u00e8me Sommet de Coordination semestrielle de l\u2019Union Africaine avec les Communaut\u00e9s Economiques R\u00e9gionales (CER) et les m\u00e9canismes r\u00e9gionaux.<\/p>\n<p>C\u2018est en fin d\u2019apr\u00e8s midi que l\u2019appareil ayant \u00e0 bord le Chef de l\u2019Etat, G\u00e9n\u00e9ral, MAHAMAT IDRISS DEBY ITNO, Pr\u00e9sident en exercice de Communaut\u00e9 des Etats Sah\u00e9lo-Sahariens (CEN-SAD) s\u2019est immobilis\u00e9 \u00e0 l\u2019A\u00e9roport international de Lusaka o\u00f9 le dispositif protocolaire d\u2019accueil est deploy\u00e9. Le Pr\u00e9sident du Conseil Militaire de Transition est accueilli au bas de la passerelle par la Ministre zambienne du Travail,Mme TAMBA TAMBA, l\u2019Ambassadeur du Tchad aupr\u00e8s de la R\u00e9publique F\u00e9d\u00e9rale d\u2019Ethiopie et Repr\u00e9sentant Permanent du Tchad aupr\u00e8s de l\u2019Union Africaine, M. MAHAMAT ALI HASSAN et MOUSTAPHA AHMAT ISSAKA, Conseiller Economique \u00e0 la Repr\u00e9sentation tchadienne en terre \u00e9thiopienne.<\/p>\n<p>C\u2019est au nom de la CEN-SAD dont il assure la Pr\u00e9sidence en exercice que le Pr\u00e9sident de la R\u00e9publique, le G\u00e9n\u00e9ral MAHAMAT IDRISS DEBY ITNO a fait le d\u00e9placement de Lusaka pour participer aux c\u00f4t\u00e9s de ses pairs, des Communaut\u00e9s Economiques R\u00e9gionales et des m\u00e9canismes r\u00e9gionaux \u00e0 cette 4\u00e8me rencontre au Sommet \u00e0 l\u2019initiative de l\u2019Union Africaine.<\/p>\n<p>Apr\u00e8s un \u00e9change d\u2019un quart d\u2019heure au salon d\u2019honneur, la d\u00e9l\u00e9gation pr\u00e9sidentielle prend la direction du centre ville situ\u00e9 \u00e0 une vingtaine de kilom\u00e8tres de l\u2019a\u00e9roport international KENNETH KAUNDA de Lusaka.<\/p>\n<p>Le Chef de l\u2018Etat est accompagn\u00e9 dans son d\u00e9placement en terre zambienne, du Ministre des Affaires Etrang\u00e8res, l\u2018Ambassadeur CH\u00c9RIF MAHAMAT Z\u00c8NE, du Ministre des Finances, M. TAHIR HAMID NGUILIN,de son Directeur de Cabinet Civil, M. MAHAMAT HAMID KOUA et de son Secr\u00e9taire Particulier, ISMA\u00cbL SOULEYMANE LONY.<\/p>\n<p><strong>Pour plus d&rsquo;informations et d&rsquo;analyses sur la <a href=\"https:\/\/www.africa-press.net\/tchad\">Tchad<\/a>, suivez <a href=\"https:\/\/www.africa-press.net\/\">Africa-Press<\/a><\/strong><\/p>\n","protected":false},"excerpt":{"rendered":"<p>Africa-Press &#8211; Tchad. Le Pr\u00e9sident du Conseil Militaire de Transition, G\u00e9n\u00e9ral MAHAMAT IDRISS DEBY se trouve depuis cet apr\u00e8s-midi \u00e0 Lusaka en Zambie. En sa qualit\u00e9 de Pr\u00e9sident en exercice de la Communaut\u00e9 des Etats Sah\u00e9lo-Sahariens (CEN-SAD), le Chef de l\u2019Etat prendra part demain, aux travaux du 4\u00e8me Sommet de Coordination semestrielle de l\u2019Union Africaine [&hellip;]<\/p>\n","protected":false},"author":82,"featured_media":29010,"comment_status":"open","ping_status":"closed","sticky":false,"template":"","format":"standard","meta":{"footnotes":""},"categories":[11,2,20,10],"tags":[37,292,29],"class_list":["post-29011","post","type-post","status-publish","format-standard","has-post-thumbnail","hentry","category-homepage-french","category-politique","category-top-nouvelles","category-toutes-les-actualites","tag-africa-press","tag-africa-press-tchad","tag-tchad"],"yoast_head":"<!-- This site is optimized with the Yoast SEO Premium plugin v26.1 (Yoast SEO v27.0) - https:\/\/yoast.com\/product\/yoast-seo-premium-wordpress\/ -->\n<title>UNION AFRICAINE : arriv\u00e9e du PCMT ,Pr\u00e9sident en exercice de la CEN-SAD \u00e0 Lusaka - tchad<\/title>\n<meta name=\"description\" content=\"Le Pr\u00e9sident du Conseil Militaire de Transition, G\u00e9n\u00e9ral MAHAMAT IDRISS DEBY se trouve depuis cet apr\u00e8s-midi \u00e0 Lusaka en ...\" \/>\n<meta name=\"robots\" content=\"index, follow, max-snippet:-1, max-image-preview:large, max-video-preview:-1\" \/>\n<link rel=\"canonical\" href=\"https:\/\/www.africa-press.net\/tchad\/politique\/union-africaine-arrivee-du-pcmt-president-en-exercice-de-la-cen-sad-a-lusaka\" \/>\n<meta property=\"og:locale\" content=\"fr_FR\" \/>\n<meta property=\"og:type\" content=\"article\" \/>\n<meta property=\"og:title\" content=\"UNION AFRICAINE : arriv\u00e9e du PCMT ,Pr\u00e9sident en exercice de la CEN-SAD \u00e0 Lusaka\" \/>\n<meta property=\"og:description\" content=\"Le Pr\u00e9sident du Conseil Militaire de Transition, G\u00e9n\u00e9ral MAHAMAT IDRISS DEBY se trouve depuis cet apr\u00e8s-midi \u00e0 Lusaka en ...\" \/>\n<meta property=\"og:url\" content=\"https:\/\/www.africa-press.net\/tchad\/politique\/union-africaine-arrivee-du-pcmt-president-en-exercice-de-la-cen-sad-a-lusaka\" \/>\n<meta property=\"og:site_name\" content=\"tchad\" \/>\n<meta property=\"article:published_time\" content=\"2022-07-17T13:13:25+00:00\" \/>\n<meta property=\"article:modified_time\" content=\"2022-07-17T13:33:08+00:00\" \/>\n<meta property=\"og:image\" content=\"https:\/\/static.africa-press.net\/tchad\/sites\/41\/2022\/07\/postQueueImg_4-62d40f7309646.jpg\" \/>\n\t<meta property=\"og:image:width\" content=\"1024\" \/>\n\t<meta property=\"og:image:height\" content=\"626\" \/>\n\t<meta property=\"og:image:type\" content=\"image\/jpeg\" \/>\n<meta name=\"author\" content=\"cfeditorfr\" \/>\n<meta name=\"twitter:card\" content=\"summary_large_image\" \/>\n<meta name=\"twitter:label1\" content=\"\u00c9crit par\" \/>\n\t<meta name=\"twitter:data1\" content=\"cfeditorfr\" \/>\n\t<meta name=\"twitter:label2\" content=\"Dur\u00e9e de lecture estim\u00e9e\" \/>\n\t<meta name=\"twitter:data2\" content=\"2 minutes\" \/>\n<script type=\"application\/ld+json\" class=\"yoast-schema-graph\">{\"@context\":\"https:\/\/schema.org\",\"@graph\":[{\"@type\":\"Article\",\"@id\":\"https:\/\/www.africa-press.net\/tchad\/politique\/union-africaine-arrivee-du-pcmt-president-en-exercice-de-la-cen-sad-a-lusaka#article\",\"isPartOf\":{\"@id\":\"https:\/\/www.africa-press.net\/tchad\/politique\/union-africaine-arrivee-du-pcmt-president-en-exercice-de-la-cen-sad-a-lusaka\"},\"author\":{\"name\":\"cfeditorfr\",\"@id\":\"https:\/\/www.africa-press.net\/tchad\/#\/schema\/person\/2b1cf3cd81a31e3cd26889ca66d677f1\"},\"headline\":\"UNION AFRICAINE : arriv\u00e9e du PCMT ,Pr\u00e9sident en exercice de la CEN-SAD \u00e0 Lusaka\",\"datePublished\":\"2022-07-17T13:13:25+00:00\",\"dateModified\":\"2022-07-17T13:33:08+00:00\",\"mainEntityOfPage\":{\"@id\":\"https:\/\/www.africa-press.net\/tchad\/politique\/union-africaine-arrivee-du-pcmt-president-en-exercice-de-la-cen-sad-a-lusaka\"},\"wordCount\":388,\"commentCount\":0,\"image\":{\"@id\":\"https:\/\/www.africa-press.net\/tchad\/politique\/union-africaine-arrivee-du-pcmt-president-en-exercice-de-la-cen-sad-a-lusaka#primaryimage\"},\"thumbnailUrl\":\"https:\/\/static.africa-press.net\/tchad\/sites\/41\/2022\/07\/postQueueImg_4-62d40f7309646.jpg\",\"keywords\":[\"Africa Press\",\"Africa Press-Tchad\",\"Tchad\"],\"articleSection\":[\"homepage-french\",\"Politique\",\"Top Nouvelles\",\"Toutes les actualit\u00e9s\"],\"inLanguage\":\"fr-FR\",\"potentialAction\":[{\"@type\":\"CommentAction\",\"name\":\"Comment\",\"target\":[\"https:\/\/www.africa-press.net\/tchad\/politique\/union-africaine-arrivee-du-pcmt-president-en-exercice-de-la-cen-sad-a-lusaka#respond\"]}]},{\"@type\":\"WebPage\",\"@id\":\"https:\/\/www.africa-press.net\/tchad\/politique\/union-africaine-arrivee-du-pcmt-president-en-exercice-de-la-cen-sad-a-lusaka\",\"url\":\"https:\/\/www.africa-press.net\/tchad\/politique\/union-africaine-arrivee-du-pcmt-president-en-exercice-de-la-cen-sad-a-lusaka\",\"name\":\"UNION AFRICAINE : arriv\u00e9e du PCMT ,Pr\u00e9sident en exercice de la CEN-SAD \u00e0 Lusaka - tchad\",\"isPartOf\":{\"@id\":\"https:\/\/www.africa-press.net\/tchad\/#website\"},\"primaryImageOfPage\":{\"@id\":\"https:\/\/www.africa-press.net\/tchad\/politique\/union-africaine-arrivee-du-pcmt-president-en-exercice-de-la-cen-sad-a-lusaka#primaryimage\"},\"image\":{\"@id\":\"https:\/\/www.africa-press.net\/tchad\/politique\/union-africaine-arrivee-du-pcmt-president-en-exercice-de-la-cen-sad-a-lusaka#primaryimage\"},\"thumbnailUrl\":\"https:\/\/static.africa-press.net\/tchad\/sites\/41\/2022\/07\/postQueueImg_4-62d40f7309646.jpg\",\"datePublished\":\"2022-07-17T13:13:25+00:00\",\"dateModified\":\"2022-07-17T13:33:08+00:00\",\"author\":{\"@id\":\"https:\/\/www.africa-press.net\/tchad\/#\/schema\/person\/2b1cf3cd81a31e3cd26889ca66d677f1\"},\"description\":\"Le Pr\u00e9sident du Conseil Militaire de Transition, G\u00e9n\u00e9ral MAHAMAT IDRISS DEBY se trouve depuis cet apr\u00e8s-midi \u00e0 Lusaka en ...\",\"breadcrumb\":{\"@id\":\"https:\/\/www.africa-press.net\/tchad\/politique\/union-africaine-arrivee-du-pcmt-president-en-exercice-de-la-cen-sad-a-lusaka#breadcrumb\"},\"inLanguage\":\"fr-FR\",\"potentialAction\":[{\"@type\":\"ReadAction\",\"target\":[\"https:\/\/www.africa-press.net\/tchad\/politique\/union-africaine-arrivee-du-pcmt-president-en-exercice-de-la-cen-sad-a-lusaka\"]}]},{\"@type\":\"ImageObject\",\"inLanguage\":\"fr-FR\",\"@id\":\"https:\/\/www.africa-press.net\/tchad\/politique\/union-africaine-arrivee-du-pcmt-president-en-exercice-de-la-cen-sad-a-lusaka#primaryimage\",\"url\":\"https:\/\/static.africa-press.net\/tchad\/sites\/41\/2022\/07\/postQueueImg_4-62d40f7309646.jpg\",\"contentUrl\":\"https:\/\/static.africa-press.net\/tchad\/sites\/41\/2022\/07\/postQueueImg_4-62d40f7309646.jpg\",\"width\":1024,\"height\":626,\"caption\":\"UNION AFRICAINE : arriv\u00e9e du PCMT ,Pr\u00e9sident en exercice de la CEN-SAD \u00e0 Lusaka\"},{\"@type\":\"BreadcrumbList\",\"@id\":\"https:\/\/www.africa-press.net\/tchad\/politique\/union-africaine-arrivee-du-pcmt-president-en-exercice-de-la-cen-sad-a-lusaka#breadcrumb\",\"itemListElement\":[{\"@type\":\"ListItem\",\"position\":1,\"name\":\"Accueil\",\"item\":\"https:\/\/www.africa-press.net\/tchad\/\"},{\"@type\":\"ListItem\",\"position\":2,\"name\":\"UNION AFRICAINE : arriv\u00e9e du PCMT ,Pr\u00e9sident en exercice de la CEN-SAD \u00e0 Lusaka\"}]},{\"@type\":\"WebSite\",\"@id\":\"https:\/\/www.africa-press.net\/tchad\/#website\",\"url\":\"https:\/\/www.africa-press.net\/tchad\/\",\"name\":\"tchad\",\"description\":\"Just another Africa News Agency Sites site\",\"potentialAction\":[{\"@type\":\"SearchAction\",\"target\":{\"@type\":\"EntryPoint\",\"urlTemplate\":\"https:\/\/www.africa-press.net\/tchad\/?s={search_term_string}\"},\"query-input\":{\"@type\":\"PropertyValueSpecification\",\"valueRequired\":true,\"valueName\":\"search_term_string\"}}],\"inLanguage\":\"fr-FR\"},{\"@type\":\"Person\",\"@id\":\"https:\/\/www.africa-press.net\/tchad\/#\/schema\/person\/2b1cf3cd81a31e3cd26889ca66d677f1\",\"name\":\"cfeditorfr\"}]}<\/script>\n<!-- \/ Yoast SEO Premium plugin. -->","yoast_head_json":{"title":"UNION AFRICAINE : arriv\u00e9e du PCMT ,Pr\u00e9sident en exercice de la CEN-SAD \u00e0 Lusaka - tchad","description":"Le Pr\u00e9sident du Conseil Militaire de Transition, G\u00e9n\u00e9ral MAHAMAT IDRISS DEBY se trouve depuis cet apr\u00e8s-midi \u00e0 Lusaka en ...","robots":{"index":"index","follow":"follow","max-snippet":"max-snippet:-1","max-image-preview":"max-image-preview:large","max-video-preview":"max-video-preview:-1"},"canonical":"https:\/\/www.africa-press.net\/tchad\/politique\/union-africaine-arrivee-du-pcmt-president-en-exercice-de-la-cen-sad-a-lusaka","og_locale":"fr_FR","og_type":"article","og_title":"UNION AFRICAINE : arriv\u00e9e du PCMT ,Pr\u00e9sident en exercice de la CEN-SAD \u00e0 Lusaka","og_description":"Le Pr\u00e9sident du Conseil Militaire de Transition, G\u00e9n\u00e9ral MAHAMAT IDRISS DEBY se trouve depuis cet apr\u00e8s-midi \u00e0 Lusaka en ...","og_url":"https:\/\/www.africa-press.net\/tchad\/politique\/union-africaine-arrivee-du-pcmt-president-en-exercice-de-la-cen-sad-a-lusaka","og_site_name":"tchad","article_published_time":"2022-07-17T13:13:25+00:00","article_modified_time":"2022-07-17T13:33:08+00:00","og_image":[{"width":1024,"height":626,"url":"https:\/\/static.africa-press.net\/tchad\/sites\/41\/2022\/07\/postQueueImg_4-62d40f7309646.jpg","type":"image\/jpeg"}],"author":"cfeditorfr","twitter_card":"summary_large_image","twitter_misc":{"\u00c9crit par":"cfeditorfr","Dur\u00e9e de lecture estim\u00e9e":"2 minutes"},"schema":{"@context":"https:\/\/schema.org","@graph":[{"@type":"Article","@id":"https:\/\/www.africa-press.net\/tchad\/politique\/union-africaine-arrivee-du-pcmt-president-en-exercice-de-la-cen-sad-a-lusaka#article","isPartOf":{"@id":"https:\/\/www.africa-press.net\/tchad\/politique\/union-africaine-arrivee-du-pcmt-president-en-exercice-de-la-cen-sad-a-lusaka"},"author":{"name":"cfeditorfr","@id":"https:\/\/www.africa-press.net\/tchad\/#\/schema\/person\/2b1cf3cd81a31e3cd26889ca66d677f1"},"headline":"UNION AFRICAINE : arriv\u00e9e du PCMT ,Pr\u00e9sident en exercice de la CEN-SAD \u00e0 Lusaka","datePublished":"2022-07-17T13:13:25+00:00","dateModified":"2022-07-17T13:33:08+00:00","mainEntityOfPage":{"@id":"https:\/\/www.africa-press.net\/tchad\/politique\/union-africaine-arrivee-du-pcmt-president-en-exercice-de-la-cen-sad-a-lusaka"},"wordCount":388,"commentCount":0,"image":{"@id":"https:\/\/www.africa-press.net\/tchad\/politique\/union-africaine-arrivee-du-pcmt-president-en-exercice-de-la-cen-sad-a-lusaka#primaryimage"},"thumbnailUrl":"https:\/\/static.africa-press.net\/tchad\/sites\/41\/2022\/07\/postQueueImg_4-62d40f7309646.jpg","keywords":["Africa Press","Africa Press-Tchad","Tchad"],"articleSection":["homepage-french","Politique","Top Nouvelles","Toutes les actualit\u00e9s"],"inLanguage":"fr-FR","potentialAction":[{"@type":"CommentAction","name":"Comment","target":["https:\/\/www.africa-press.net\/tchad\/politique\/union-africaine-arrivee-du-pcmt-president-en-exercice-de-la-cen-sad-a-lusaka#respond"]}]},{"@type":"WebPage","@id":"https:\/\/www.africa-press.net\/tchad\/politique\/union-africaine-arrivee-du-pcmt-president-en-exercice-de-la-cen-sad-a-lusaka","url":"https:\/\/www.africa-press.net\/tchad\/politique\/union-africaine-arrivee-du-pcmt-president-en-exercice-de-la-cen-sad-a-lusaka","name":"UNION AFRICAINE : arriv\u00e9e du PCMT ,Pr\u00e9sident en exercice de la CEN-SAD \u00e0 Lusaka - tchad","isPartOf":{"@id":"https:\/\/www.africa-press.net\/tchad\/#website"},"primaryImageOfPage":{"@id":"https:\/\/www.africa-press.net\/tchad\/politique\/union-africaine-arrivee-du-pcmt-president-en-exercice-de-la-cen-sad-a-lusaka#primaryimage"},"image":{"@id":"https:\/\/www.africa-press.net\/tchad\/politique\/union-africaine-arrivee-du-pcmt-president-en-exercice-de-la-cen-sad-a-lusaka#primaryimage"},"thumbnailUrl":"https:\/\/static.africa-press.net\/tchad\/sites\/41\/2022\/07\/postQueueImg_4-62d40f7309646.jpg","datePublished":"2022-07-17T13:13:25+00:00","dateModified":"2022-07-17T13:33:08+00:00","author":{"@id":"https:\/\/www.africa-press.net\/tchad\/#\/schema\/person\/2b1cf3cd81a31e3cd26889ca66d677f1"},"description":"Le Pr\u00e9sident du Conseil Militaire de Transition, G\u00e9n\u00e9ral MAHAMAT IDRISS DEBY se trouve depuis cet apr\u00e8s-midi \u00e0 Lusaka en ...","breadcrumb":{"@id":"https:\/\/www.africa-press.net\/tchad\/politique\/union-africaine-arrivee-du-pcmt-president-en-exercice-de-la-cen-sad-a-lusaka#breadcrumb"},"inLanguage":"fr-FR","potentialAction":[{"@type":"ReadAction","target":["https:\/\/www.africa-press.net\/tchad\/politique\/union-africaine-arrivee-du-pcmt-president-en-exercice-de-la-cen-sad-a-lusaka"]}]},{"@type":"ImageObject","inLanguage":"fr-FR","@id":"https:\/\/www.africa-press.net\/tchad\/politique\/union-africaine-arrivee-du-pcmt-president-en-exercice-de-la-cen-sad-a-lusaka#primaryimage","url":"https:\/\/static.africa-press.net\/tchad\/sites\/41\/2022\/07\/postQueueImg_4-62d40f7309646.jpg","contentUrl":"https:\/\/static.africa-press.net\/tchad\/sites\/41\/2022\/07\/postQueueImg_4-62d40f7309646.jpg","width":1024,"height":626,"caption":"UNION AFRICAINE : arriv\u00e9e du PCMT ,Pr\u00e9sident en exercice de la CEN-SAD \u00e0 Lusaka"},{"@type":"BreadcrumbList","@id":"https:\/\/www.africa-press.net\/tchad\/politique\/union-africaine-arrivee-du-pcmt-president-en-exercice-de-la-cen-sad-a-lusaka#breadcrumb","itemListElement":[{"@type":"ListItem","position":1,"name":"Accueil","item":"https:\/\/www.africa-press.net\/tchad\/"},{"@type":"ListItem","position":2,"name":"UNION AFRICAINE : arriv\u00e9e du PCMT ,Pr\u00e9sident en exercice de la CEN-SAD \u00e0 Lusaka"}]},{"@type":"WebSite","@id":"https:\/\/www.africa-press.net\/tchad\/#website","url":"https:\/\/www.africa-press.net\/tchad\/","name":"tchad","description":"Just another Africa News Agency Sites site","potentialAction":[{"@type":"SearchAction","target":{"@type":"EntryPoint","urlTemplate":"https:\/\/www.africa-press.net\/tchad\/?s={search_term_string}"},"query-input":{"@type":"PropertyValueSpecification","valueRequired":true,"valueName":"search_term_string"}}],"inLanguage":"fr-FR"},{"@type":"Person","@id":"https:\/\/www.africa-press.net\/tchad\/#\/schema\/person\/2b1cf3cd81a31e3cd26889ca66d677f1","name":"cfeditorfr"}]}},"_links":{"self":[{"href":"https:\/\/www.africa-press.net\/tchad\/wp-json\/wp\/v2\/posts\/29011","targetHints":{"allow":["GET"]}}],"collection":[{"href":"https:\/\/www.africa-press.net\/tchad\/wp-json\/wp\/v2\/posts"}],"about":[{"href":"https:\/\/www.africa-press.net\/tchad\/wp-json\/wp\/v2\/types\/post"}],"author":[{"embeddable":true,"href":"https:\/\/www.africa-press.net\/tchad\/wp-json\/wp\/v2\/users\/82"}],"replies":[{"embeddable":true,"href":"https:\/\/www.africa-press.net\/tchad\/wp-json\/wp\/v2\/comments?post=29011"}],"version-history":[{"count":0,"href":"https:\/\/www.africa-press.net\/tchad\/wp-json\/wp\/v2\/posts\/29011\/revisions"}],"wp:featuredmedia":[{"embeddable":true,"href":"https:\/\/www.africa-press.net\/tchad\/wp-json\/wp\/v2\/media\/29010"}],"wp:attachment":[{"href":"https:\/\/www.africa-press.net\/tchad\/wp-json\/wp\/v2\/media?parent=29011"}],"wp:term":[{"taxonomy":"category","embeddable":true,"href":"https:\/\/www.africa-press.net\/tchad\/wp-json\/wp\/v2\/categories?post=29011"},{"taxonomy":"post_tag","embeddable":true,"href":"https:\/\/www.africa-press.net\/tchad\/wp-json\/wp\/v2\/tags?post=29011"}],"curies":[{"name":"wp","href":"https:\/\/api.w.org\/{rel}","templated":true}]}}