{"id":29026,"date":"2022-07-17T13:16:22","date_gmt":"2022-07-17T13:16:22","guid":{"rendered":"https:\/\/www.africa-press.net\/tchad\/politique\/la-societe-civile-sactive-pour-une-mobilisation-citoyenne-en-vue-du-dialogue"},"modified":"2022-07-17T13:35:21","modified_gmt":"2022-07-17T13:35:21","slug":"la-societe-civile-sactive-pour-une-mobilisation-citoyenne-en-vue-du-dialogue","status":"publish","type":"post","link":"https:\/\/www.africa-press.net\/tchad\/toutes-les-actualites\/la-societe-civile-sactive-pour-une-mobilisation-citoyenne-en-vue-du-dialogue","title":{"rendered":"la soci\u00e9t\u00e9 civile s&rsquo;active pour une mobilisation citoyenne en vue du dialogue"},"content":{"rendered":"<p><span style=\"color: #ff6600\"><strong>Africa-Press &#8211; Tchad. <\/strong><\/span><a name=\"para_1\"><\/a>18 organisations de la soci\u00e9t\u00e9 civile sont retenues apr\u00e8s une s\u00e9lection rigoureuse par le PNUD. Ces organisations doivent d\u00e9signer 3 repr\u00e9sentants pour livrer leur message de paix, d&rsquo;unit\u00e9, de vivre ensemble et de cohabitation pacifique.<\/p>\n<p>L&rsquo;objectif est de susciter la participation citoyenne de toutes les couches de la soci\u00e9t\u00e9 au processus en cours \u00e0 travers une mobilisation citoyenne \u00e0 la base, tant urbaine que rurale.<\/p>\n<p>Le repr\u00e9sentant des personnes handicap\u00e9es, Galma\u00ef Moussa Abdramane, invite les tchadiens \u00e0 se tenir debout comme un seul Homme pour contribuer au dialogue national inclusif. Pour lui, c&rsquo;est un rendez-vous important et la seule chance de faire la paix d\u00e9finitive au Tchad.<\/p>\n<p>Ngarti Ngarhingar D\u00e9sir\u00e9, repr\u00e9sentant de la jeunesse tchadienne, consid\u00e8re que les partis politiques de tous bords et les organisations de la soci\u00e9t\u00e9 civile doivent continuer \u00e0 mutualiser leurs efforts et \u00e0 faire des propositions pertinentes pour la r\u00e9ussite de cette transition, ce qui permettra au Tchad d&rsquo;asseoir d\u00e9finitivement des institutions solides pour un Tchad nouveau post-transition. Acheikh Ibni Oumar, ministre d&rsquo;\u00c9tat \u00e0 la R\u00e9conciliation nationale et au Dialogue, a lanc\u00e9 la campagne de mobilisation citoyenne.<\/p>\n<p><strong>Pour plus d&rsquo;informations et d&rsquo;analyses sur la <a href=\"https:\/\/www.africa-press.net\/tchad\">Tchad<\/a>, suivez <a href=\"https:\/\/www.africa-press.net\/\">Africa-Press<\/a><\/strong><\/p>\n","protected":false},"excerpt":{"rendered":"<p>Africa-Press &#8211; Tchad. 18 organisations de la soci\u00e9t\u00e9 civile sont retenues apr\u00e8s une s\u00e9lection rigoureuse par le PNUD. Ces organisations doivent d\u00e9signer 3 repr\u00e9sentants pour livrer leur message de paix, d&rsquo;unit\u00e9, de vivre ensemble et de cohabitation pacifique. L&rsquo;objectif est de susciter la participation citoyenne de toutes les couches de la soci\u00e9t\u00e9 au processus en [&hellip;]<\/p>\n","protected":false},"author":82,"featured_media":29025,"comment_status":"open","ping_status":"closed","sticky":false,"template":"","format":"standard","meta":{"footnotes":""},"categories":[21,11,10],"tags":[37,292,29],"class_list":["post-29026","post","type-post","status-publish","format-standard","has-post-thumbnail","hentry","category-communaute","category-homepage-french","category-toutes-les-actualites","tag-africa-press","tag-africa-press-tchad","tag-tchad"],"yoast_head":"<!-- This site is optimized with the Yoast SEO Premium plugin v26.1 (Yoast SEO v27.0) - https:\/\/yoast.com\/product\/yoast-seo-premium-wordpress\/ -->\n<title>la soci\u00e9t\u00e9 civile s&#039;active pour une mobilisation citoyenne en vue du dialogue - tchad<\/title>\n<meta name=\"description\" content=\"18 organisations de la soci\u00e9t\u00e9 civile sont retenues apr\u00e8s une s\u00e9lection rigoureuse par le PNUD. Ces ...\" \/>\n<meta name=\"robots\" content=\"index, follow, max-snippet:-1, max-image-preview:large, max-video-preview:-1\" \/>\n<link rel=\"canonical\" href=\"https:\/\/www.africa-press.net\/tchad\/toutes-les-actualites\/la-societe-civile-sactive-pour-une-mobilisation-citoyenne-en-vue-du-dialogue\" \/>\n<meta property=\"og:locale\" content=\"fr_FR\" \/>\n<meta property=\"og:type\" content=\"article\" \/>\n<meta property=\"og:title\" content=\"la soci\u00e9t\u00e9 civile s&#039;active pour une mobilisation citoyenne en vue du dialogue\" \/>\n<meta property=\"og:description\" content=\"18 organisations de la soci\u00e9t\u00e9 civile sont retenues apr\u00e8s une s\u00e9lection rigoureuse par le PNUD. Ces ...\" \/>\n<meta property=\"og:url\" content=\"https:\/\/www.africa-press.net\/tchad\/toutes-les-actualites\/la-societe-civile-sactive-pour-une-mobilisation-citoyenne-en-vue-du-dialogue\" \/>\n<meta property=\"og:site_name\" content=\"tchad\" \/>\n<meta property=\"article:published_time\" content=\"2022-07-17T13:16:22+00:00\" \/>\n<meta property=\"article:modified_time\" content=\"2022-07-17T13:35:21+00:00\" \/>\n<meta property=\"og:image\" content=\"https:\/\/static.africa-press.net\/tchad\/sites\/41\/2022\/07\/postQueueImg_9-62d410074128b.jpg\" \/>\n\t<meta property=\"og:image:width\" content=\"822\" \/>\n\t<meta property=\"og:image:height\" content=\"520\" \/>\n\t<meta property=\"og:image:type\" content=\"image\/jpeg\" \/>\n<meta name=\"author\" content=\"cfeditorfr\" \/>\n<meta name=\"twitter:card\" content=\"summary_large_image\" \/>\n<meta name=\"twitter:label1\" content=\"\u00c9crit par\" \/>\n\t<meta name=\"twitter:data1\" content=\"cfeditorfr\" \/>\n\t<meta name=\"twitter:label2\" content=\"Dur\u00e9e de lecture estim\u00e9e\" \/>\n\t<meta name=\"twitter:data2\" content=\"1 minute\" \/>\n<script type=\"application\/ld+json\" class=\"yoast-schema-graph\">{\"@context\":\"https:\/\/schema.org\",\"@graph\":[{\"@type\":\"Article\",\"@id\":\"https:\/\/www.africa-press.net\/tchad\/toutes-les-actualites\/la-societe-civile-sactive-pour-une-mobilisation-citoyenne-en-vue-du-dialogue#article\",\"isPartOf\":{\"@id\":\"https:\/\/www.africa-press.net\/tchad\/toutes-les-actualites\/la-societe-civile-sactive-pour-une-mobilisation-citoyenne-en-vue-du-dialogue\"},\"author\":{\"name\":\"cfeditorfr\",\"@id\":\"https:\/\/www.africa-press.net\/tchad\/#\/schema\/person\/2b1cf3cd81a31e3cd26889ca66d677f1\"},\"headline\":\"la soci\u00e9t\u00e9 civile s&rsquo;active pour une mobilisation citoyenne en vue du dialogue\",\"datePublished\":\"2022-07-17T13:16:22+00:00\",\"dateModified\":\"2022-07-17T13:35:21+00:00\",\"mainEntityOfPage\":{\"@id\":\"https:\/\/www.africa-press.net\/tchad\/toutes-les-actualites\/la-societe-civile-sactive-pour-une-mobilisation-citoyenne-en-vue-du-dialogue\"},\"wordCount\":224,\"commentCount\":0,\"image\":{\"@id\":\"https:\/\/www.africa-press.net\/tchad\/toutes-les-actualites\/la-societe-civile-sactive-pour-une-mobilisation-citoyenne-en-vue-du-dialogue#primaryimage\"},\"thumbnailUrl\":\"https:\/\/static.africa-press.net\/tchad\/sites\/41\/2022\/07\/postQueueImg_9-62d410074128b.jpg\",\"keywords\":[\"Africa Press\",\"Africa Press-Tchad\",\"Tchad\"],\"articleSection\":[\"Communaut\u00e9\",\"homepage-french\",\"Toutes les actualit\u00e9s\"],\"inLanguage\":\"fr-FR\",\"potentialAction\":[{\"@type\":\"CommentAction\",\"name\":\"Comment\",\"target\":[\"https:\/\/www.africa-press.net\/tchad\/toutes-les-actualites\/la-societe-civile-sactive-pour-une-mobilisation-citoyenne-en-vue-du-dialogue#respond\"]}]},{\"@type\":\"WebPage\",\"@id\":\"https:\/\/www.africa-press.net\/tchad\/toutes-les-actualites\/la-societe-civile-sactive-pour-une-mobilisation-citoyenne-en-vue-du-dialogue\",\"url\":\"https:\/\/www.africa-press.net\/tchad\/toutes-les-actualites\/la-societe-civile-sactive-pour-une-mobilisation-citoyenne-en-vue-du-dialogue\",\"name\":\"la soci\u00e9t\u00e9 civile s'active pour une mobilisation citoyenne en vue du dialogue - tchad\",\"isPartOf\":{\"@id\":\"https:\/\/www.africa-press.net\/tchad\/#website\"},\"primaryImageOfPage\":{\"@id\":\"https:\/\/www.africa-press.net\/tchad\/toutes-les-actualites\/la-societe-civile-sactive-pour-une-mobilisation-citoyenne-en-vue-du-dialogue#primaryimage\"},\"image\":{\"@id\":\"https:\/\/www.africa-press.net\/tchad\/toutes-les-actualites\/la-societe-civile-sactive-pour-une-mobilisation-citoyenne-en-vue-du-dialogue#primaryimage\"},\"thumbnailUrl\":\"https:\/\/static.africa-press.net\/tchad\/sites\/41\/2022\/07\/postQueueImg_9-62d410074128b.jpg\",\"datePublished\":\"2022-07-17T13:16:22+00:00\",\"dateModified\":\"2022-07-17T13:35:21+00:00\",\"author\":{\"@id\":\"https:\/\/www.africa-press.net\/tchad\/#\/schema\/person\/2b1cf3cd81a31e3cd26889ca66d677f1\"},\"description\":\"18 organisations de la soci\u00e9t\u00e9 civile sont retenues apr\u00e8s une s\u00e9lection rigoureuse par le PNUD. Ces ...\",\"breadcrumb\":{\"@id\":\"https:\/\/www.africa-press.net\/tchad\/toutes-les-actualites\/la-societe-civile-sactive-pour-une-mobilisation-citoyenne-en-vue-du-dialogue#breadcrumb\"},\"inLanguage\":\"fr-FR\",\"potentialAction\":[{\"@type\":\"ReadAction\",\"target\":[\"https:\/\/www.africa-press.net\/tchad\/toutes-les-actualites\/la-societe-civile-sactive-pour-une-mobilisation-citoyenne-en-vue-du-dialogue\"]}]},{\"@type\":\"ImageObject\",\"inLanguage\":\"fr-FR\",\"@id\":\"https:\/\/www.africa-press.net\/tchad\/toutes-les-actualites\/la-societe-civile-sactive-pour-une-mobilisation-citoyenne-en-vue-du-dialogue#primaryimage\",\"url\":\"https:\/\/static.africa-press.net\/tchad\/sites\/41\/2022\/07\/postQueueImg_9-62d410074128b.jpg\",\"contentUrl\":\"https:\/\/static.africa-press.net\/tchad\/sites\/41\/2022\/07\/postQueueImg_9-62d410074128b.jpg\",\"width\":822,\"height\":520,\"caption\":\"la soci\u00e9t\u00e9 civile s'active pour une mobilisation citoyenne en vue du dialogue\"},{\"@type\":\"BreadcrumbList\",\"@id\":\"https:\/\/www.africa-press.net\/tchad\/toutes-les-actualites\/la-societe-civile-sactive-pour-une-mobilisation-citoyenne-en-vue-du-dialogue#breadcrumb\",\"itemListElement\":[{\"@type\":\"ListItem\",\"position\":1,\"name\":\"Accueil\",\"item\":\"https:\/\/www.africa-press.net\/tchad\/\"},{\"@type\":\"ListItem\",\"position\":2,\"name\":\"la soci\u00e9t\u00e9 civile s&#8217;active pour une mobilisation citoyenne en vue du dialogue\"}]},{\"@type\":\"WebSite\",\"@id\":\"https:\/\/www.africa-press.net\/tchad\/#website\",\"url\":\"https:\/\/www.africa-press.net\/tchad\/\",\"name\":\"tchad\",\"description\":\"Just another Africa News Agency Sites site\",\"potentialAction\":[{\"@type\":\"SearchAction\",\"target\":{\"@type\":\"EntryPoint\",\"urlTemplate\":\"https:\/\/www.africa-press.net\/tchad\/?s={search_term_string}\"},\"query-input\":{\"@type\":\"PropertyValueSpecification\",\"valueRequired\":true,\"valueName\":\"search_term_string\"}}],\"inLanguage\":\"fr-FR\"},{\"@type\":\"Person\",\"@id\":\"https:\/\/www.africa-press.net\/tchad\/#\/schema\/person\/2b1cf3cd81a31e3cd26889ca66d677f1\",\"name\":\"cfeditorfr\"}]}<\/script>\n<!-- \/ Yoast SEO Premium plugin. -->","yoast_head_json":{"title":"la soci\u00e9t\u00e9 civile s'active pour une mobilisation citoyenne en vue du dialogue - tchad","description":"18 organisations de la soci\u00e9t\u00e9 civile sont retenues apr\u00e8s une s\u00e9lection rigoureuse par le PNUD. Ces ...","robots":{"index":"index","follow":"follow","max-snippet":"max-snippet:-1","max-image-preview":"max-image-preview:large","max-video-preview":"max-video-preview:-1"},"canonical":"https:\/\/www.africa-press.net\/tchad\/toutes-les-actualites\/la-societe-civile-sactive-pour-une-mobilisation-citoyenne-en-vue-du-dialogue","og_locale":"fr_FR","og_type":"article","og_title":"la soci\u00e9t\u00e9 civile s'active pour une mobilisation citoyenne en vue du dialogue","og_description":"18 organisations de la soci\u00e9t\u00e9 civile sont retenues apr\u00e8s une s\u00e9lection rigoureuse par le PNUD. Ces ...","og_url":"https:\/\/www.africa-press.net\/tchad\/toutes-les-actualites\/la-societe-civile-sactive-pour-une-mobilisation-citoyenne-en-vue-du-dialogue","og_site_name":"tchad","article_published_time":"2022-07-17T13:16:22+00:00","article_modified_time":"2022-07-17T13:35:21+00:00","og_image":[{"width":822,"height":520,"url":"https:\/\/static.africa-press.net\/tchad\/sites\/41\/2022\/07\/postQueueImg_9-62d410074128b.jpg","type":"image\/jpeg"}],"author":"cfeditorfr","twitter_card":"summary_large_image","twitter_misc":{"\u00c9crit par":"cfeditorfr","Dur\u00e9e de lecture estim\u00e9e":"1 minute"},"schema":{"@context":"https:\/\/schema.org","@graph":[{"@type":"Article","@id":"https:\/\/www.africa-press.net\/tchad\/toutes-les-actualites\/la-societe-civile-sactive-pour-une-mobilisation-citoyenne-en-vue-du-dialogue#article","isPartOf":{"@id":"https:\/\/www.africa-press.net\/tchad\/toutes-les-actualites\/la-societe-civile-sactive-pour-une-mobilisation-citoyenne-en-vue-du-dialogue"},"author":{"name":"cfeditorfr","@id":"https:\/\/www.africa-press.net\/tchad\/#\/schema\/person\/2b1cf3cd81a31e3cd26889ca66d677f1"},"headline":"la soci\u00e9t\u00e9 civile s&rsquo;active pour une mobilisation citoyenne en vue du dialogue","datePublished":"2022-07-17T13:16:22+00:00","dateModified":"2022-07-17T13:35:21+00:00","mainEntityOfPage":{"@id":"https:\/\/www.africa-press.net\/tchad\/toutes-les-actualites\/la-societe-civile-sactive-pour-une-mobilisation-citoyenne-en-vue-du-dialogue"},"wordCount":224,"commentCount":0,"image":{"@id":"https:\/\/www.africa-press.net\/tchad\/toutes-les-actualites\/la-societe-civile-sactive-pour-une-mobilisation-citoyenne-en-vue-du-dialogue#primaryimage"},"thumbnailUrl":"https:\/\/static.africa-press.net\/tchad\/sites\/41\/2022\/07\/postQueueImg_9-62d410074128b.jpg","keywords":["Africa Press","Africa Press-Tchad","Tchad"],"articleSection":["Communaut\u00e9","homepage-french","Toutes les actualit\u00e9s"],"inLanguage":"fr-FR","potentialAction":[{"@type":"CommentAction","name":"Comment","target":["https:\/\/www.africa-press.net\/tchad\/toutes-les-actualites\/la-societe-civile-sactive-pour-une-mobilisation-citoyenne-en-vue-du-dialogue#respond"]}]},{"@type":"WebPage","@id":"https:\/\/www.africa-press.net\/tchad\/toutes-les-actualites\/la-societe-civile-sactive-pour-une-mobilisation-citoyenne-en-vue-du-dialogue","url":"https:\/\/www.africa-press.net\/tchad\/toutes-les-actualites\/la-societe-civile-sactive-pour-une-mobilisation-citoyenne-en-vue-du-dialogue","name":"la soci\u00e9t\u00e9 civile s'active pour une mobilisation citoyenne en vue du dialogue - tchad","isPartOf":{"@id":"https:\/\/www.africa-press.net\/tchad\/#website"},"primaryImageOfPage":{"@id":"https:\/\/www.africa-press.net\/tchad\/toutes-les-actualites\/la-societe-civile-sactive-pour-une-mobilisation-citoyenne-en-vue-du-dialogue#primaryimage"},"image":{"@id":"https:\/\/www.africa-press.net\/tchad\/toutes-les-actualites\/la-societe-civile-sactive-pour-une-mobilisation-citoyenne-en-vue-du-dialogue#primaryimage"},"thumbnailUrl":"https:\/\/static.africa-press.net\/tchad\/sites\/41\/2022\/07\/postQueueImg_9-62d410074128b.jpg","datePublished":"2022-07-17T13:16:22+00:00","dateModified":"2022-07-17T13:35:21+00:00","author":{"@id":"https:\/\/www.africa-press.net\/tchad\/#\/schema\/person\/2b1cf3cd81a31e3cd26889ca66d677f1"},"description":"18 organisations de la soci\u00e9t\u00e9 civile sont retenues apr\u00e8s une s\u00e9lection rigoureuse par le PNUD. Ces ...","breadcrumb":{"@id":"https:\/\/www.africa-press.net\/tchad\/toutes-les-actualites\/la-societe-civile-sactive-pour-une-mobilisation-citoyenne-en-vue-du-dialogue#breadcrumb"},"inLanguage":"fr-FR","potentialAction":[{"@type":"ReadAction","target":["https:\/\/www.africa-press.net\/tchad\/toutes-les-actualites\/la-societe-civile-sactive-pour-une-mobilisation-citoyenne-en-vue-du-dialogue"]}]},{"@type":"ImageObject","inLanguage":"fr-FR","@id":"https:\/\/www.africa-press.net\/tchad\/toutes-les-actualites\/la-societe-civile-sactive-pour-une-mobilisation-citoyenne-en-vue-du-dialogue#primaryimage","url":"https:\/\/static.africa-press.net\/tchad\/sites\/41\/2022\/07\/postQueueImg_9-62d410074128b.jpg","contentUrl":"https:\/\/static.africa-press.net\/tchad\/sites\/41\/2022\/07\/postQueueImg_9-62d410074128b.jpg","width":822,"height":520,"caption":"la soci\u00e9t\u00e9 civile s'active pour une mobilisation citoyenne en vue du dialogue"},{"@type":"BreadcrumbList","@id":"https:\/\/www.africa-press.net\/tchad\/toutes-les-actualites\/la-societe-civile-sactive-pour-une-mobilisation-citoyenne-en-vue-du-dialogue#breadcrumb","itemListElement":[{"@type":"ListItem","position":1,"name":"Accueil","item":"https:\/\/www.africa-press.net\/tchad\/"},{"@type":"ListItem","position":2,"name":"la soci\u00e9t\u00e9 civile s&#8217;active pour une mobilisation citoyenne en vue du dialogue"}]},{"@type":"WebSite","@id":"https:\/\/www.africa-press.net\/tchad\/#website","url":"https:\/\/www.africa-press.net\/tchad\/","name":"tchad","description":"Just another Africa News Agency Sites site","potentialAction":[{"@type":"SearchAction","target":{"@type":"EntryPoint","urlTemplate":"https:\/\/www.africa-press.net\/tchad\/?s={search_term_string}"},"query-input":{"@type":"PropertyValueSpecification","valueRequired":true,"valueName":"search_term_string"}}],"inLanguage":"fr-FR"},{"@type":"Person","@id":"https:\/\/www.africa-press.net\/tchad\/#\/schema\/person\/2b1cf3cd81a31e3cd26889ca66d677f1","name":"cfeditorfr"}]}},"_links":{"self":[{"href":"https:\/\/www.africa-press.net\/tchad\/wp-json\/wp\/v2\/posts\/29026","targetHints":{"allow":["GET"]}}],"collection":[{"href":"https:\/\/www.africa-press.net\/tchad\/wp-json\/wp\/v2\/posts"}],"about":[{"href":"https:\/\/www.africa-press.net\/tchad\/wp-json\/wp\/v2\/types\/post"}],"author":[{"embeddable":true,"href":"https:\/\/www.africa-press.net\/tchad\/wp-json\/wp\/v2\/users\/82"}],"replies":[{"embeddable":true,"href":"https:\/\/www.africa-press.net\/tchad\/wp-json\/wp\/v2\/comments?post=29026"}],"version-history":[{"count":0,"href":"https:\/\/www.africa-press.net\/tchad\/wp-json\/wp\/v2\/posts\/29026\/revisions"}],"wp:featuredmedia":[{"embeddable":true,"href":"https:\/\/www.africa-press.net\/tchad\/wp-json\/wp\/v2\/media\/29025"}],"wp:attachment":[{"href":"https:\/\/www.africa-press.net\/tchad\/wp-json\/wp\/v2\/media?parent=29026"}],"wp:term":[{"taxonomy":"category","embeddable":true,"href":"https:\/\/www.africa-press.net\/tchad\/wp-json\/wp\/v2\/categories?post=29026"},{"taxonomy":"post_tag","embeddable":true,"href":"https:\/\/www.africa-press.net\/tchad\/wp-json\/wp\/v2\/tags?post=29026"}],"curies":[{"name":"wp","href":"https:\/\/api.w.org\/{rel}","templated":true}]}}