{"id":29035,"date":"2022-07-17T13:17:56","date_gmt":"2022-07-17T13:17:56","guid":{"rendered":"https:\/\/www.africa-press.net\/tchad\/politique\/le-codni-lance-la-compagne-de-mobilisation-citoyenne-pour-lappropriation-du-dni"},"modified":"2022-07-17T13:36:37","modified_gmt":"2022-07-17T13:36:37","slug":"le-codni-lance-la-compagne-de-mobilisation-citoyenne-pour-lappropriation-du-dni","status":"publish","type":"post","link":"https:\/\/www.africa-press.net\/tchad\/politique\/le-codni-lance-la-compagne-de-mobilisation-citoyenne-pour-lappropriation-du-dni","title":{"rendered":"Le Codni lance la Compagne de mobilisation citoyenne pour l\u2019appropriation du Dni"},"content":{"rendered":"<p><span style=\"color: #ff6600\"><strong>Africa-Press &#8211; Tchad. <\/strong><\/span>Le comit\u00e9 d\u2019organisation du dialogue national inclusif, a lanc\u00e9 le samedi 16 juillet 2022 au palais du 15 janvier, la compagne de mobilisation citoyenne pour l\u2019appropriation du dialogue national inclusif au Palais de 15 janvier. 18 organisations de la soci\u00e9t\u00e9 civile participent \u00e0 cette compagne.<\/p>\n<p>La campagne citoyenne pour l\u2019appropriation du dialogue national inclusif consiste \u00e0 susciter l\u2019engagement citoyen et la participation des Tchadiens de toutes les couches au dialogue national inclusif. Pour le pr\u00e9sident du r\u00e9seau des personnes handicap\u00e9es du Tchad (Rtepha) Galmai Moussa Abdramane, le dialogue national inclusif est une opportunit\u00e9 pour les tchadiens et les tchadiennes \u00e0 \u00e9crire une nouvelle page de leur histoire o\u00f9 toutes les couches sociales doivent contribuer \u00e0 consolider l\u2019unit\u00e9 nationale, l\u2019amour de la patrie, la cohabitation pacifique, le vivre ensemble, la coh\u00e9sion sociale et la paix au Tchad. \u00ab Le Rephat invite tous les Tchadiens et toutes les Tchadiennes \u00e0 se tenir debout pour contribuer \u00e0 ce rendez-vous important qui est notre seule chance pour faire la paix au Tchad \u00bb. Pour lui, le Rephat, se d\u00e9ploiera dans les provinces de Hadjer Lamis a travers des journ\u00e9es de r\u00e9flexion sur les enjeux de la participation citoyenne au processus du dialogue national inclusif \u00e0 l\u2019endroit des organisations de base communautaire, des conf\u00e9rences d\u00e9bats etc.<\/p>\n<p>Pour le pr\u00e9sident du conseil d\u2019administration de l\u2019Ong Csjefod, la jeunesse constitue une force inestimable. \u00ab Par nous, des changements insoup\u00e7onn\u00e9s peuvent s\u2019op\u00e9rer si nous unissons nos forces et nos \u00e9nergies \u00bb, dit-il avant de poursuivre que la transition actuelle est une opportunit\u00e9 pour les jeunes de susciter des changements positifs. \u00ab Il est donc hors de question que nous nous mettions \u00e0 l\u2019\u00e9cart \u00bb, conclut Ngarti Ngarhingar D\u00e9sir\u00e9.<\/p>\n<p>Les femmes, par la voix de Yodam\u00e9 Mari, disent qu\u2019elles ne doivent pas rester en marge du processus de restauration de la paix, du renforcement de la coh\u00e9sion sociale et du vivre ensemble pour l\u2019\u00e9dification de la nation tchadienne. \u00ab Il n\u2019y a que par cette paix, cette r\u00e9conciliation des c\u0153urs des tchadiens que viendra le climat favorable pour le d\u00e9veloppement durable et l\u2019autonomisation de la femme tchadienne \u00bb, dit-elle.<\/p>\n<p>En ce qui est de cette campagne de mobilisation citoyenne pour l\u2019appropriation du dialogue national inclusif, les femmes envisagent une communication de masse pour une bonne appr\u00e9hension et appropriation du processus du dialogue national inclusif et faire une campagne de plaidoyer pour la prise en compte de l\u2019approche genre \u00e0 travers l\u2019inclusion de toutes les couches vuln\u00e9rables. \u00ab Notre objectif est de susciter la participation de toutes les couches au processus en cours \u00e0 travers une mobilisation citoyenne de la base, tant urbaine que rurale \u00bb.<\/p>\n<p>Pour le ministre d\u2019\u00c9tat charg\u00e9 de la r\u00e9conciliation nationale, Acheik Ibn Oumar, cette campagne est l\u2019occasion donn\u00e9e aux citoyennes de participer activement \u00e0 la sensibilisation de la population aux enjeux et a l\u2019importance du dialogue national inclusif.<\/p>\n<p><strong>Pour plus d&rsquo;informations et d&rsquo;analyses sur la <a href=\"https:\/\/www.africa-press.net\/tchad\">Tchad<\/a>, suivez <a href=\"https:\/\/www.africa-press.net\/\">Africa-Press<\/a><\/strong><\/p>\n","protected":false},"excerpt":{"rendered":"<p>Africa-Press &#8211; Tchad. Le comit\u00e9 d\u2019organisation du dialogue national inclusif, a lanc\u00e9 le samedi 16 juillet 2022 au palais du 15 janvier, la compagne de mobilisation citoyenne pour l\u2019appropriation du dialogue national inclusif au Palais de 15 janvier. 18 organisations de la soci\u00e9t\u00e9 civile participent \u00e0 cette compagne. La campagne citoyenne pour l\u2019appropriation du dialogue [&hellip;]<\/p>\n","protected":false},"author":82,"featured_media":29034,"comment_status":"open","ping_status":"closed","sticky":false,"template":"","format":"standard","meta":{"footnotes":""},"categories":[11,2,10],"tags":[37,292,29],"class_list":["post-29035","post","type-post","status-publish","format-standard","has-post-thumbnail","hentry","category-homepage-french","category-politique","category-toutes-les-actualites","tag-africa-press","tag-africa-press-tchad","tag-tchad"],"yoast_head":"<!-- This site is optimized with the Yoast SEO Premium plugin v26.1 (Yoast SEO v27.0) - https:\/\/yoast.com\/product\/yoast-seo-premium-wordpress\/ -->\n<title>Le Codni lance la Compagne de mobilisation citoyenne pour l\u2019appropriation du Dni - tchad<\/title>\n<meta name=\"description\" content=\"Le comit\u00e9 d\u2019organisation du dialogue national inclusif, a lanc\u00e9 le samedi 16 juillet 2022 au palais du 15 janvier, la co ...\" \/>\n<meta name=\"robots\" content=\"index, follow, max-snippet:-1, max-image-preview:large, max-video-preview:-1\" \/>\n<link rel=\"canonical\" href=\"https:\/\/www.africa-press.net\/tchad\/politique\/le-codni-lance-la-compagne-de-mobilisation-citoyenne-pour-lappropriation-du-dni\" \/>\n<meta property=\"og:locale\" content=\"fr_FR\" \/>\n<meta property=\"og:type\" content=\"article\" \/>\n<meta property=\"og:title\" content=\"Le Codni lance la Compagne de mobilisation citoyenne pour l\u2019appropriation du Dni\" \/>\n<meta property=\"og:description\" content=\"Le comit\u00e9 d\u2019organisation du dialogue national inclusif, a lanc\u00e9 le samedi 16 juillet 2022 au palais du 15 janvier, la co ...\" \/>\n<meta property=\"og:url\" content=\"https:\/\/www.africa-press.net\/tchad\/politique\/le-codni-lance-la-compagne-de-mobilisation-citoyenne-pour-lappropriation-du-dni\" \/>\n<meta property=\"og:site_name\" content=\"tchad\" \/>\n<meta property=\"article:published_time\" content=\"2022-07-17T13:17:56+00:00\" \/>\n<meta property=\"article:modified_time\" content=\"2022-07-17T13:36:37+00:00\" \/>\n<meta property=\"og:image\" content=\"https:\/\/static.africa-press.net\/tchad\/sites\/41\/2022\/07\/postQueueImg_12-62d410520a5bf.jpg\" \/>\n\t<meta property=\"og:image:width\" content=\"1040\" \/>\n\t<meta property=\"og:image:height\" content=\"780\" \/>\n\t<meta property=\"og:image:type\" content=\"image\/jpeg\" \/>\n<meta name=\"author\" content=\"cfeditorfr\" \/>\n<meta name=\"twitter:card\" content=\"summary_large_image\" \/>\n<meta name=\"twitter:label1\" content=\"\u00c9crit par\" \/>\n\t<meta name=\"twitter:data1\" content=\"cfeditorfr\" \/>\n\t<meta name=\"twitter:label2\" content=\"Dur\u00e9e de lecture estim\u00e9e\" \/>\n\t<meta name=\"twitter:data2\" content=\"3 minutes\" \/>\n<script type=\"application\/ld+json\" class=\"yoast-schema-graph\">{\"@context\":\"https:\/\/schema.org\",\"@graph\":[{\"@type\":\"Article\",\"@id\":\"https:\/\/www.africa-press.net\/tchad\/politique\/le-codni-lance-la-compagne-de-mobilisation-citoyenne-pour-lappropriation-du-dni#article\",\"isPartOf\":{\"@id\":\"https:\/\/www.africa-press.net\/tchad\/politique\/le-codni-lance-la-compagne-de-mobilisation-citoyenne-pour-lappropriation-du-dni\"},\"author\":{\"name\":\"cfeditorfr\",\"@id\":\"https:\/\/www.africa-press.net\/tchad\/#\/schema\/person\/2b1cf3cd81a31e3cd26889ca66d677f1\"},\"headline\":\"Le Codni lance la Compagne de mobilisation citoyenne pour l\u2019appropriation du Dni\",\"datePublished\":\"2022-07-17T13:17:56+00:00\",\"dateModified\":\"2022-07-17T13:36:37+00:00\",\"mainEntityOfPage\":{\"@id\":\"https:\/\/www.africa-press.net\/tchad\/politique\/le-codni-lance-la-compagne-de-mobilisation-citoyenne-pour-lappropriation-du-dni\"},\"wordCount\":519,\"commentCount\":0,\"image\":{\"@id\":\"https:\/\/www.africa-press.net\/tchad\/politique\/le-codni-lance-la-compagne-de-mobilisation-citoyenne-pour-lappropriation-du-dni#primaryimage\"},\"thumbnailUrl\":\"https:\/\/static.africa-press.net\/tchad\/sites\/41\/2022\/07\/postQueueImg_12-62d410520a5bf.jpg\",\"keywords\":[\"Africa Press\",\"Africa Press-Tchad\",\"Tchad\"],\"articleSection\":[\"homepage-french\",\"Politique\",\"Toutes les actualit\u00e9s\"],\"inLanguage\":\"fr-FR\",\"potentialAction\":[{\"@type\":\"CommentAction\",\"name\":\"Comment\",\"target\":[\"https:\/\/www.africa-press.net\/tchad\/politique\/le-codni-lance-la-compagne-de-mobilisation-citoyenne-pour-lappropriation-du-dni#respond\"]}]},{\"@type\":\"WebPage\",\"@id\":\"https:\/\/www.africa-press.net\/tchad\/politique\/le-codni-lance-la-compagne-de-mobilisation-citoyenne-pour-lappropriation-du-dni\",\"url\":\"https:\/\/www.africa-press.net\/tchad\/politique\/le-codni-lance-la-compagne-de-mobilisation-citoyenne-pour-lappropriation-du-dni\",\"name\":\"Le Codni lance la Compagne de mobilisation citoyenne pour l\u2019appropriation du Dni - tchad\",\"isPartOf\":{\"@id\":\"https:\/\/www.africa-press.net\/tchad\/#website\"},\"primaryImageOfPage\":{\"@id\":\"https:\/\/www.africa-press.net\/tchad\/politique\/le-codni-lance-la-compagne-de-mobilisation-citoyenne-pour-lappropriation-du-dni#primaryimage\"},\"image\":{\"@id\":\"https:\/\/www.africa-press.net\/tchad\/politique\/le-codni-lance-la-compagne-de-mobilisation-citoyenne-pour-lappropriation-du-dni#primaryimage\"},\"thumbnailUrl\":\"https:\/\/static.africa-press.net\/tchad\/sites\/41\/2022\/07\/postQueueImg_12-62d410520a5bf.jpg\",\"datePublished\":\"2022-07-17T13:17:56+00:00\",\"dateModified\":\"2022-07-17T13:36:37+00:00\",\"author\":{\"@id\":\"https:\/\/www.africa-press.net\/tchad\/#\/schema\/person\/2b1cf3cd81a31e3cd26889ca66d677f1\"},\"description\":\"Le comit\u00e9 d\u2019organisation du dialogue national inclusif, a lanc\u00e9 le samedi 16 juillet 2022 au palais du 15 janvier, la co ...\",\"breadcrumb\":{\"@id\":\"https:\/\/www.africa-press.net\/tchad\/politique\/le-codni-lance-la-compagne-de-mobilisation-citoyenne-pour-lappropriation-du-dni#breadcrumb\"},\"inLanguage\":\"fr-FR\",\"potentialAction\":[{\"@type\":\"ReadAction\",\"target\":[\"https:\/\/www.africa-press.net\/tchad\/politique\/le-codni-lance-la-compagne-de-mobilisation-citoyenne-pour-lappropriation-du-dni\"]}]},{\"@type\":\"ImageObject\",\"inLanguage\":\"fr-FR\",\"@id\":\"https:\/\/www.africa-press.net\/tchad\/politique\/le-codni-lance-la-compagne-de-mobilisation-citoyenne-pour-lappropriation-du-dni#primaryimage\",\"url\":\"https:\/\/static.africa-press.net\/tchad\/sites\/41\/2022\/07\/postQueueImg_12-62d410520a5bf.jpg\",\"contentUrl\":\"https:\/\/static.africa-press.net\/tchad\/sites\/41\/2022\/07\/postQueueImg_12-62d410520a5bf.jpg\",\"width\":1040,\"height\":780,\"caption\":\"Le Codni lance la Compagne de mobilisation citoyenne pour l\u2019appropriation du Dni\"},{\"@type\":\"BreadcrumbList\",\"@id\":\"https:\/\/www.africa-press.net\/tchad\/politique\/le-codni-lance-la-compagne-de-mobilisation-citoyenne-pour-lappropriation-du-dni#breadcrumb\",\"itemListElement\":[{\"@type\":\"ListItem\",\"position\":1,\"name\":\"Accueil\",\"item\":\"https:\/\/www.africa-press.net\/tchad\/\"},{\"@type\":\"ListItem\",\"position\":2,\"name\":\"Le Codni lance la Compagne de mobilisation citoyenne pour l\u2019appropriation du Dni\"}]},{\"@type\":\"WebSite\",\"@id\":\"https:\/\/www.africa-press.net\/tchad\/#website\",\"url\":\"https:\/\/www.africa-press.net\/tchad\/\",\"name\":\"tchad\",\"description\":\"Just another Africa News Agency Sites site\",\"potentialAction\":[{\"@type\":\"SearchAction\",\"target\":{\"@type\":\"EntryPoint\",\"urlTemplate\":\"https:\/\/www.africa-press.net\/tchad\/?s={search_term_string}\"},\"query-input\":{\"@type\":\"PropertyValueSpecification\",\"valueRequired\":true,\"valueName\":\"search_term_string\"}}],\"inLanguage\":\"fr-FR\"},{\"@type\":\"Person\",\"@id\":\"https:\/\/www.africa-press.net\/tchad\/#\/schema\/person\/2b1cf3cd81a31e3cd26889ca66d677f1\",\"name\":\"cfeditorfr\"}]}<\/script>\n<!-- \/ Yoast SEO Premium plugin. -->","yoast_head_json":{"title":"Le Codni lance la Compagne de mobilisation citoyenne pour l\u2019appropriation du Dni - tchad","description":"Le comit\u00e9 d\u2019organisation du dialogue national inclusif, a lanc\u00e9 le samedi 16 juillet 2022 au palais du 15 janvier, la co ...","robots":{"index":"index","follow":"follow","max-snippet":"max-snippet:-1","max-image-preview":"max-image-preview:large","max-video-preview":"max-video-preview:-1"},"canonical":"https:\/\/www.africa-press.net\/tchad\/politique\/le-codni-lance-la-compagne-de-mobilisation-citoyenne-pour-lappropriation-du-dni","og_locale":"fr_FR","og_type":"article","og_title":"Le Codni lance la Compagne de mobilisation citoyenne pour l\u2019appropriation du Dni","og_description":"Le comit\u00e9 d\u2019organisation du dialogue national inclusif, a lanc\u00e9 le samedi 16 juillet 2022 au palais du 15 janvier, la co ...","og_url":"https:\/\/www.africa-press.net\/tchad\/politique\/le-codni-lance-la-compagne-de-mobilisation-citoyenne-pour-lappropriation-du-dni","og_site_name":"tchad","article_published_time":"2022-07-17T13:17:56+00:00","article_modified_time":"2022-07-17T13:36:37+00:00","og_image":[{"width":1040,"height":780,"url":"https:\/\/static.africa-press.net\/tchad\/sites\/41\/2022\/07\/postQueueImg_12-62d410520a5bf.jpg","type":"image\/jpeg"}],"author":"cfeditorfr","twitter_card":"summary_large_image","twitter_misc":{"\u00c9crit par":"cfeditorfr","Dur\u00e9e de lecture estim\u00e9e":"3 minutes"},"schema":{"@context":"https:\/\/schema.org","@graph":[{"@type":"Article","@id":"https:\/\/www.africa-press.net\/tchad\/politique\/le-codni-lance-la-compagne-de-mobilisation-citoyenne-pour-lappropriation-du-dni#article","isPartOf":{"@id":"https:\/\/www.africa-press.net\/tchad\/politique\/le-codni-lance-la-compagne-de-mobilisation-citoyenne-pour-lappropriation-du-dni"},"author":{"name":"cfeditorfr","@id":"https:\/\/www.africa-press.net\/tchad\/#\/schema\/person\/2b1cf3cd81a31e3cd26889ca66d677f1"},"headline":"Le Codni lance la Compagne de mobilisation citoyenne pour l\u2019appropriation du Dni","datePublished":"2022-07-17T13:17:56+00:00","dateModified":"2022-07-17T13:36:37+00:00","mainEntityOfPage":{"@id":"https:\/\/www.africa-press.net\/tchad\/politique\/le-codni-lance-la-compagne-de-mobilisation-citoyenne-pour-lappropriation-du-dni"},"wordCount":519,"commentCount":0,"image":{"@id":"https:\/\/www.africa-press.net\/tchad\/politique\/le-codni-lance-la-compagne-de-mobilisation-citoyenne-pour-lappropriation-du-dni#primaryimage"},"thumbnailUrl":"https:\/\/static.africa-press.net\/tchad\/sites\/41\/2022\/07\/postQueueImg_12-62d410520a5bf.jpg","keywords":["Africa Press","Africa Press-Tchad","Tchad"],"articleSection":["homepage-french","Politique","Toutes les actualit\u00e9s"],"inLanguage":"fr-FR","potentialAction":[{"@type":"CommentAction","name":"Comment","target":["https:\/\/www.africa-press.net\/tchad\/politique\/le-codni-lance-la-compagne-de-mobilisation-citoyenne-pour-lappropriation-du-dni#respond"]}]},{"@type":"WebPage","@id":"https:\/\/www.africa-press.net\/tchad\/politique\/le-codni-lance-la-compagne-de-mobilisation-citoyenne-pour-lappropriation-du-dni","url":"https:\/\/www.africa-press.net\/tchad\/politique\/le-codni-lance-la-compagne-de-mobilisation-citoyenne-pour-lappropriation-du-dni","name":"Le Codni lance la Compagne de mobilisation citoyenne pour l\u2019appropriation du Dni - tchad","isPartOf":{"@id":"https:\/\/www.africa-press.net\/tchad\/#website"},"primaryImageOfPage":{"@id":"https:\/\/www.africa-press.net\/tchad\/politique\/le-codni-lance-la-compagne-de-mobilisation-citoyenne-pour-lappropriation-du-dni#primaryimage"},"image":{"@id":"https:\/\/www.africa-press.net\/tchad\/politique\/le-codni-lance-la-compagne-de-mobilisation-citoyenne-pour-lappropriation-du-dni#primaryimage"},"thumbnailUrl":"https:\/\/static.africa-press.net\/tchad\/sites\/41\/2022\/07\/postQueueImg_12-62d410520a5bf.jpg","datePublished":"2022-07-17T13:17:56+00:00","dateModified":"2022-07-17T13:36:37+00:00","author":{"@id":"https:\/\/www.africa-press.net\/tchad\/#\/schema\/person\/2b1cf3cd81a31e3cd26889ca66d677f1"},"description":"Le comit\u00e9 d\u2019organisation du dialogue national inclusif, a lanc\u00e9 le samedi 16 juillet 2022 au palais du 15 janvier, la co ...","breadcrumb":{"@id":"https:\/\/www.africa-press.net\/tchad\/politique\/le-codni-lance-la-compagne-de-mobilisation-citoyenne-pour-lappropriation-du-dni#breadcrumb"},"inLanguage":"fr-FR","potentialAction":[{"@type":"ReadAction","target":["https:\/\/www.africa-press.net\/tchad\/politique\/le-codni-lance-la-compagne-de-mobilisation-citoyenne-pour-lappropriation-du-dni"]}]},{"@type":"ImageObject","inLanguage":"fr-FR","@id":"https:\/\/www.africa-press.net\/tchad\/politique\/le-codni-lance-la-compagne-de-mobilisation-citoyenne-pour-lappropriation-du-dni#primaryimage","url":"https:\/\/static.africa-press.net\/tchad\/sites\/41\/2022\/07\/postQueueImg_12-62d410520a5bf.jpg","contentUrl":"https:\/\/static.africa-press.net\/tchad\/sites\/41\/2022\/07\/postQueueImg_12-62d410520a5bf.jpg","width":1040,"height":780,"caption":"Le Codni lance la Compagne de mobilisation citoyenne pour l\u2019appropriation du Dni"},{"@type":"BreadcrumbList","@id":"https:\/\/www.africa-press.net\/tchad\/politique\/le-codni-lance-la-compagne-de-mobilisation-citoyenne-pour-lappropriation-du-dni#breadcrumb","itemListElement":[{"@type":"ListItem","position":1,"name":"Accueil","item":"https:\/\/www.africa-press.net\/tchad\/"},{"@type":"ListItem","position":2,"name":"Le Codni lance la Compagne de mobilisation citoyenne pour l\u2019appropriation du Dni"}]},{"@type":"WebSite","@id":"https:\/\/www.africa-press.net\/tchad\/#website","url":"https:\/\/www.africa-press.net\/tchad\/","name":"tchad","description":"Just another Africa News Agency Sites site","potentialAction":[{"@type":"SearchAction","target":{"@type":"EntryPoint","urlTemplate":"https:\/\/www.africa-press.net\/tchad\/?s={search_term_string}"},"query-input":{"@type":"PropertyValueSpecification","valueRequired":true,"valueName":"search_term_string"}}],"inLanguage":"fr-FR"},{"@type":"Person","@id":"https:\/\/www.africa-press.net\/tchad\/#\/schema\/person\/2b1cf3cd81a31e3cd26889ca66d677f1","name":"cfeditorfr"}]}},"_links":{"self":[{"href":"https:\/\/www.africa-press.net\/tchad\/wp-json\/wp\/v2\/posts\/29035","targetHints":{"allow":["GET"]}}],"collection":[{"href":"https:\/\/www.africa-press.net\/tchad\/wp-json\/wp\/v2\/posts"}],"about":[{"href":"https:\/\/www.africa-press.net\/tchad\/wp-json\/wp\/v2\/types\/post"}],"author":[{"embeddable":true,"href":"https:\/\/www.africa-press.net\/tchad\/wp-json\/wp\/v2\/users\/82"}],"replies":[{"embeddable":true,"href":"https:\/\/www.africa-press.net\/tchad\/wp-json\/wp\/v2\/comments?post=29035"}],"version-history":[{"count":0,"href":"https:\/\/www.africa-press.net\/tchad\/wp-json\/wp\/v2\/posts\/29035\/revisions"}],"wp:featuredmedia":[{"embeddable":true,"href":"https:\/\/www.africa-press.net\/tchad\/wp-json\/wp\/v2\/media\/29034"}],"wp:attachment":[{"href":"https:\/\/www.africa-press.net\/tchad\/wp-json\/wp\/v2\/media?parent=29035"}],"wp:term":[{"taxonomy":"category","embeddable":true,"href":"https:\/\/www.africa-press.net\/tchad\/wp-json\/wp\/v2\/categories?post=29035"},{"taxonomy":"post_tag","embeddable":true,"href":"https:\/\/www.africa-press.net\/tchad\/wp-json\/wp\/v2\/tags?post=29035"}],"curies":[{"name":"wp","href":"https:\/\/api.w.org\/{rel}","templated":true}]}}