{"id":29038,"date":"2022-07-17T13:18:23","date_gmt":"2022-07-17T13:18:23","guid":{"rendered":"https:\/\/www.africa-press.net\/tchad\/politique\/sila-ouaddai-a-peine-la-saison-de-pluies-commencee-la-route-reliant-les-deux-provinces-devient-impraticable"},"modified":"2022-07-17T13:37:04","modified_gmt":"2022-07-17T13:37:04","slug":"sila-ouaddai-a-peine-la-saison-de-pluies-commencee-la-route-reliant-les-deux-provinces-devient-impraticable","status":"publish","type":"post","link":"https:\/\/www.africa-press.net\/tchad\/toutes-les-actualites\/sila-ouaddai-a-peine-la-saison-de-pluies-commencee-la-route-reliant-les-deux-provinces-devient-impraticable","title":{"rendered":"Sila-Ouadda\u00ef: \u00e0 peine la saison de pluies commenc\u00e9e, la route reliant les deux provinces devient impraticable"},"content":{"rendered":"<p><span style=\"color: #ff6600\"><strong>Africa-Press &#8211; Tchad. <\/strong><\/span>La route principale entre Gozbeida et Ab\u00e9ch\u00e9 est d\u00e9j\u00e0 bloqu\u00e9e cette semaine, apr\u00e8s juste quelques pluies.<\/p>\n<p>Les v\u00e9hicules contournent par la route de Kouchagine et Ad\u00e9 mais celle l\u00e0 aussi devient impraticable \u00e9galement.<\/p>\n<p><a name=\"tchad-753829559\"><\/a><a href=\"https:\/\/www.ecobank.com\/td\/personal-banking\/countries\"><br \/>\n<\/a><br \/>\nPlus de 100 v\u00e9hicules notamment des commer\u00e7ants et des militaires n\u2019ont pas pu traverser le ouaddi Kouchagine ce matin du 16 jeullet alors que pour aller jusqu\u2019\u00e0 Gozbeida il faut passer deux a trois ouaddis.<\/p>\n<p>Les populations demandent au gouvernement de penser \u00e0 cette route qui est tr\u00e8s rentable en terme de recette douani\u00e8re.<\/p>\n<p><strong>Pour plus d&rsquo;informations et d&rsquo;analyses sur la <a href=\"https:\/\/www.africa-press.net\/tchad\">Tchad<\/a>, suivez <a href=\"https:\/\/www.africa-press.net\/\">Africa-Press<\/a><\/strong><\/p>\n","protected":false},"excerpt":{"rendered":"<p>Africa-Press &#8211; Tchad. La route principale entre Gozbeida et Ab\u00e9ch\u00e9 est d\u00e9j\u00e0 bloqu\u00e9e cette semaine, apr\u00e8s juste quelques pluies. Les v\u00e9hicules contournent par la route de Kouchagine et Ad\u00e9 mais celle l\u00e0 aussi devient impraticable \u00e9galement. Plus de 100 v\u00e9hicules notamment des commer\u00e7ants et des militaires n\u2019ont pas pu traverser le ouaddi Kouchagine ce matin [&hellip;]<\/p>\n","protected":false},"author":82,"featured_media":29037,"comment_status":"open","ping_status":"closed","sticky":false,"template":"","format":"standard","meta":{"footnotes":""},"categories":[21,11,10],"tags":[37,292,29],"class_list":["post-29038","post","type-post","status-publish","format-standard","has-post-thumbnail","hentry","category-communaute","category-homepage-french","category-toutes-les-actualites","tag-africa-press","tag-africa-press-tchad","tag-tchad"],"yoast_head":"<!-- This site is optimized with the Yoast SEO Premium plugin v26.1 (Yoast SEO v27.0) - https:\/\/yoast.com\/product\/yoast-seo-premium-wordpress\/ -->\n<title>Sila-Ouadda\u00ef: \u00e0 peine la saison de pluies commenc\u00e9e, la route reliant les deux provinces devient impraticable - tchad<\/title>\n<meta name=\"description\" content=\"La route principale entre Gozbeida et Ab\u00e9ch\u00e9 est d\u00e9j\u00e0 bloqu\u00e9e cette semaine, apr\u00e8s juste quelques pluies. Les v\u00e9hicules ...\" \/>\n<meta name=\"robots\" content=\"index, follow, max-snippet:-1, max-image-preview:large, max-video-preview:-1\" \/>\n<link rel=\"canonical\" href=\"https:\/\/www.africa-press.net\/tchad\/toutes-les-actualites\/sila-ouaddai-a-peine-la-saison-de-pluies-commencee-la-route-reliant-les-deux-provinces-devient-impraticable\" \/>\n<meta property=\"og:locale\" content=\"fr_FR\" \/>\n<meta property=\"og:type\" content=\"article\" \/>\n<meta property=\"og:title\" content=\"Sila-Ouadda\u00ef: \u00e0 peine la saison de pluies commenc\u00e9e, la route reliant les deux provinces devient impraticable\" \/>\n<meta property=\"og:description\" content=\"La route principale entre Gozbeida et Ab\u00e9ch\u00e9 est d\u00e9j\u00e0 bloqu\u00e9e cette semaine, apr\u00e8s juste quelques pluies. Les v\u00e9hicules ...\" \/>\n<meta property=\"og:url\" content=\"https:\/\/www.africa-press.net\/tchad\/toutes-les-actualites\/sila-ouaddai-a-peine-la-saison-de-pluies-commencee-la-route-reliant-les-deux-provinces-devient-impraticable\" \/>\n<meta property=\"og:site_name\" content=\"tchad\" \/>\n<meta property=\"article:published_time\" content=\"2022-07-17T13:18:23+00:00\" \/>\n<meta property=\"article:modified_time\" content=\"2022-07-17T13:37:04+00:00\" \/>\n<meta property=\"og:image\" content=\"https:\/\/static.africa-press.net\/tchad\/sites\/41\/2022\/07\/postQueueImg_13-62d4106b7111f.jpg\" \/>\n\t<meta property=\"og:image:width\" content=\"693\" \/>\n\t<meta property=\"og:image:height\" content=\"444\" \/>\n\t<meta property=\"og:image:type\" content=\"image\/jpeg\" \/>\n<meta name=\"author\" content=\"cfeditorfr\" \/>\n<meta name=\"twitter:card\" content=\"summary_large_image\" \/>\n<meta name=\"twitter:label1\" content=\"\u00c9crit par\" \/>\n\t<meta name=\"twitter:data1\" content=\"cfeditorfr\" \/>\n\t<meta name=\"twitter:label2\" content=\"Dur\u00e9e de lecture estim\u00e9e\" \/>\n\t<meta name=\"twitter:data2\" content=\"1 minute\" \/>\n<script type=\"application\/ld+json\" class=\"yoast-schema-graph\">{\"@context\":\"https:\/\/schema.org\",\"@graph\":[{\"@type\":\"Article\",\"@id\":\"https:\/\/www.africa-press.net\/tchad\/toutes-les-actualites\/sila-ouaddai-a-peine-la-saison-de-pluies-commencee-la-route-reliant-les-deux-provinces-devient-impraticable#article\",\"isPartOf\":{\"@id\":\"https:\/\/www.africa-press.net\/tchad\/toutes-les-actualites\/sila-ouaddai-a-peine-la-saison-de-pluies-commencee-la-route-reliant-les-deux-provinces-devient-impraticable\"},\"author\":{\"name\":\"cfeditorfr\",\"@id\":\"https:\/\/www.africa-press.net\/tchad\/#\/schema\/person\/2b1cf3cd81a31e3cd26889ca66d677f1\"},\"headline\":\"Sila-Ouadda\u00ef: \u00e0 peine la saison de pluies commenc\u00e9e, la route reliant les deux provinces devient impraticable\",\"datePublished\":\"2022-07-17T13:18:23+00:00\",\"dateModified\":\"2022-07-17T13:37:04+00:00\",\"mainEntityOfPage\":{\"@id\":\"https:\/\/www.africa-press.net\/tchad\/toutes-les-actualites\/sila-ouaddai-a-peine-la-saison-de-pluies-commencee-la-route-reliant-les-deux-provinces-devient-impraticable\"},\"wordCount\":125,\"commentCount\":0,\"image\":{\"@id\":\"https:\/\/www.africa-press.net\/tchad\/toutes-les-actualites\/sila-ouaddai-a-peine-la-saison-de-pluies-commencee-la-route-reliant-les-deux-provinces-devient-impraticable#primaryimage\"},\"thumbnailUrl\":\"https:\/\/static.africa-press.net\/tchad\/sites\/41\/2022\/07\/postQueueImg_13-62d4106b7111f.jpg\",\"keywords\":[\"Africa Press\",\"Africa Press-Tchad\",\"Tchad\"],\"articleSection\":[\"Communaut\u00e9\",\"homepage-french\",\"Toutes les actualit\u00e9s\"],\"inLanguage\":\"fr-FR\",\"potentialAction\":[{\"@type\":\"CommentAction\",\"name\":\"Comment\",\"target\":[\"https:\/\/www.africa-press.net\/tchad\/toutes-les-actualites\/sila-ouaddai-a-peine-la-saison-de-pluies-commencee-la-route-reliant-les-deux-provinces-devient-impraticable#respond\"]}]},{\"@type\":\"WebPage\",\"@id\":\"https:\/\/www.africa-press.net\/tchad\/toutes-les-actualites\/sila-ouaddai-a-peine-la-saison-de-pluies-commencee-la-route-reliant-les-deux-provinces-devient-impraticable\",\"url\":\"https:\/\/www.africa-press.net\/tchad\/toutes-les-actualites\/sila-ouaddai-a-peine-la-saison-de-pluies-commencee-la-route-reliant-les-deux-provinces-devient-impraticable\",\"name\":\"Sila-Ouadda\u00ef: \u00e0 peine la saison de pluies commenc\u00e9e, la route reliant les deux provinces devient impraticable - tchad\",\"isPartOf\":{\"@id\":\"https:\/\/www.africa-press.net\/tchad\/#website\"},\"primaryImageOfPage\":{\"@id\":\"https:\/\/www.africa-press.net\/tchad\/toutes-les-actualites\/sila-ouaddai-a-peine-la-saison-de-pluies-commencee-la-route-reliant-les-deux-provinces-devient-impraticable#primaryimage\"},\"image\":{\"@id\":\"https:\/\/www.africa-press.net\/tchad\/toutes-les-actualites\/sila-ouaddai-a-peine-la-saison-de-pluies-commencee-la-route-reliant-les-deux-provinces-devient-impraticable#primaryimage\"},\"thumbnailUrl\":\"https:\/\/static.africa-press.net\/tchad\/sites\/41\/2022\/07\/postQueueImg_13-62d4106b7111f.jpg\",\"datePublished\":\"2022-07-17T13:18:23+00:00\",\"dateModified\":\"2022-07-17T13:37:04+00:00\",\"author\":{\"@id\":\"https:\/\/www.africa-press.net\/tchad\/#\/schema\/person\/2b1cf3cd81a31e3cd26889ca66d677f1\"},\"description\":\"La route principale entre Gozbeida et Ab\u00e9ch\u00e9 est d\u00e9j\u00e0 bloqu\u00e9e cette semaine, apr\u00e8s juste quelques pluies. Les v\u00e9hicules ...\",\"breadcrumb\":{\"@id\":\"https:\/\/www.africa-press.net\/tchad\/toutes-les-actualites\/sila-ouaddai-a-peine-la-saison-de-pluies-commencee-la-route-reliant-les-deux-provinces-devient-impraticable#breadcrumb\"},\"inLanguage\":\"fr-FR\",\"potentialAction\":[{\"@type\":\"ReadAction\",\"target\":[\"https:\/\/www.africa-press.net\/tchad\/toutes-les-actualites\/sila-ouaddai-a-peine-la-saison-de-pluies-commencee-la-route-reliant-les-deux-provinces-devient-impraticable\"]}]},{\"@type\":\"ImageObject\",\"inLanguage\":\"fr-FR\",\"@id\":\"https:\/\/www.africa-press.net\/tchad\/toutes-les-actualites\/sila-ouaddai-a-peine-la-saison-de-pluies-commencee-la-route-reliant-les-deux-provinces-devient-impraticable#primaryimage\",\"url\":\"https:\/\/static.africa-press.net\/tchad\/sites\/41\/2022\/07\/postQueueImg_13-62d4106b7111f.jpg\",\"contentUrl\":\"https:\/\/static.africa-press.net\/tchad\/sites\/41\/2022\/07\/postQueueImg_13-62d4106b7111f.jpg\",\"width\":693,\"height\":444,\"caption\":\"Sila-Ouadda\u00ef: \u00e0 peine la saison de pluies commenc\u00e9e, la route reliant les deux provinces devient impraticable\"},{\"@type\":\"BreadcrumbList\",\"@id\":\"https:\/\/www.africa-press.net\/tchad\/toutes-les-actualites\/sila-ouaddai-a-peine-la-saison-de-pluies-commencee-la-route-reliant-les-deux-provinces-devient-impraticable#breadcrumb\",\"itemListElement\":[{\"@type\":\"ListItem\",\"position\":1,\"name\":\"Accueil\",\"item\":\"https:\/\/www.africa-press.net\/tchad\/\"},{\"@type\":\"ListItem\",\"position\":2,\"name\":\"Sila-Ouadda\u00ef: \u00e0 peine la saison de pluies commenc\u00e9e, la route reliant les deux provinces devient impraticable\"}]},{\"@type\":\"WebSite\",\"@id\":\"https:\/\/www.africa-press.net\/tchad\/#website\",\"url\":\"https:\/\/www.africa-press.net\/tchad\/\",\"name\":\"tchad\",\"description\":\"Just another Africa News Agency Sites site\",\"potentialAction\":[{\"@type\":\"SearchAction\",\"target\":{\"@type\":\"EntryPoint\",\"urlTemplate\":\"https:\/\/www.africa-press.net\/tchad\/?s={search_term_string}\"},\"query-input\":{\"@type\":\"PropertyValueSpecification\",\"valueRequired\":true,\"valueName\":\"search_term_string\"}}],\"inLanguage\":\"fr-FR\"},{\"@type\":\"Person\",\"@id\":\"https:\/\/www.africa-press.net\/tchad\/#\/schema\/person\/2b1cf3cd81a31e3cd26889ca66d677f1\",\"name\":\"cfeditorfr\"}]}<\/script>\n<!-- \/ Yoast SEO Premium plugin. -->","yoast_head_json":{"title":"Sila-Ouadda\u00ef: \u00e0 peine la saison de pluies commenc\u00e9e, la route reliant les deux provinces devient impraticable - tchad","description":"La route principale entre Gozbeida et Ab\u00e9ch\u00e9 est d\u00e9j\u00e0 bloqu\u00e9e cette semaine, apr\u00e8s juste quelques pluies. Les v\u00e9hicules ...","robots":{"index":"index","follow":"follow","max-snippet":"max-snippet:-1","max-image-preview":"max-image-preview:large","max-video-preview":"max-video-preview:-1"},"canonical":"https:\/\/www.africa-press.net\/tchad\/toutes-les-actualites\/sila-ouaddai-a-peine-la-saison-de-pluies-commencee-la-route-reliant-les-deux-provinces-devient-impraticable","og_locale":"fr_FR","og_type":"article","og_title":"Sila-Ouadda\u00ef: \u00e0 peine la saison de pluies commenc\u00e9e, la route reliant les deux provinces devient impraticable","og_description":"La route principale entre Gozbeida et Ab\u00e9ch\u00e9 est d\u00e9j\u00e0 bloqu\u00e9e cette semaine, apr\u00e8s juste quelques pluies. Les v\u00e9hicules ...","og_url":"https:\/\/www.africa-press.net\/tchad\/toutes-les-actualites\/sila-ouaddai-a-peine-la-saison-de-pluies-commencee-la-route-reliant-les-deux-provinces-devient-impraticable","og_site_name":"tchad","article_published_time":"2022-07-17T13:18:23+00:00","article_modified_time":"2022-07-17T13:37:04+00:00","og_image":[{"width":693,"height":444,"url":"https:\/\/static.africa-press.net\/tchad\/sites\/41\/2022\/07\/postQueueImg_13-62d4106b7111f.jpg","type":"image\/jpeg"}],"author":"cfeditorfr","twitter_card":"summary_large_image","twitter_misc":{"\u00c9crit par":"cfeditorfr","Dur\u00e9e de lecture estim\u00e9e":"1 minute"},"schema":{"@context":"https:\/\/schema.org","@graph":[{"@type":"Article","@id":"https:\/\/www.africa-press.net\/tchad\/toutes-les-actualites\/sila-ouaddai-a-peine-la-saison-de-pluies-commencee-la-route-reliant-les-deux-provinces-devient-impraticable#article","isPartOf":{"@id":"https:\/\/www.africa-press.net\/tchad\/toutes-les-actualites\/sila-ouaddai-a-peine-la-saison-de-pluies-commencee-la-route-reliant-les-deux-provinces-devient-impraticable"},"author":{"name":"cfeditorfr","@id":"https:\/\/www.africa-press.net\/tchad\/#\/schema\/person\/2b1cf3cd81a31e3cd26889ca66d677f1"},"headline":"Sila-Ouadda\u00ef: \u00e0 peine la saison de pluies commenc\u00e9e, la route reliant les deux provinces devient impraticable","datePublished":"2022-07-17T13:18:23+00:00","dateModified":"2022-07-17T13:37:04+00:00","mainEntityOfPage":{"@id":"https:\/\/www.africa-press.net\/tchad\/toutes-les-actualites\/sila-ouaddai-a-peine-la-saison-de-pluies-commencee-la-route-reliant-les-deux-provinces-devient-impraticable"},"wordCount":125,"commentCount":0,"image":{"@id":"https:\/\/www.africa-press.net\/tchad\/toutes-les-actualites\/sila-ouaddai-a-peine-la-saison-de-pluies-commencee-la-route-reliant-les-deux-provinces-devient-impraticable#primaryimage"},"thumbnailUrl":"https:\/\/static.africa-press.net\/tchad\/sites\/41\/2022\/07\/postQueueImg_13-62d4106b7111f.jpg","keywords":["Africa Press","Africa Press-Tchad","Tchad"],"articleSection":["Communaut\u00e9","homepage-french","Toutes les actualit\u00e9s"],"inLanguage":"fr-FR","potentialAction":[{"@type":"CommentAction","name":"Comment","target":["https:\/\/www.africa-press.net\/tchad\/toutes-les-actualites\/sila-ouaddai-a-peine-la-saison-de-pluies-commencee-la-route-reliant-les-deux-provinces-devient-impraticable#respond"]}]},{"@type":"WebPage","@id":"https:\/\/www.africa-press.net\/tchad\/toutes-les-actualites\/sila-ouaddai-a-peine-la-saison-de-pluies-commencee-la-route-reliant-les-deux-provinces-devient-impraticable","url":"https:\/\/www.africa-press.net\/tchad\/toutes-les-actualites\/sila-ouaddai-a-peine-la-saison-de-pluies-commencee-la-route-reliant-les-deux-provinces-devient-impraticable","name":"Sila-Ouadda\u00ef: \u00e0 peine la saison de pluies commenc\u00e9e, la route reliant les deux provinces devient impraticable - tchad","isPartOf":{"@id":"https:\/\/www.africa-press.net\/tchad\/#website"},"primaryImageOfPage":{"@id":"https:\/\/www.africa-press.net\/tchad\/toutes-les-actualites\/sila-ouaddai-a-peine-la-saison-de-pluies-commencee-la-route-reliant-les-deux-provinces-devient-impraticable#primaryimage"},"image":{"@id":"https:\/\/www.africa-press.net\/tchad\/toutes-les-actualites\/sila-ouaddai-a-peine-la-saison-de-pluies-commencee-la-route-reliant-les-deux-provinces-devient-impraticable#primaryimage"},"thumbnailUrl":"https:\/\/static.africa-press.net\/tchad\/sites\/41\/2022\/07\/postQueueImg_13-62d4106b7111f.jpg","datePublished":"2022-07-17T13:18:23+00:00","dateModified":"2022-07-17T13:37:04+00:00","author":{"@id":"https:\/\/www.africa-press.net\/tchad\/#\/schema\/person\/2b1cf3cd81a31e3cd26889ca66d677f1"},"description":"La route principale entre Gozbeida et Ab\u00e9ch\u00e9 est d\u00e9j\u00e0 bloqu\u00e9e cette semaine, apr\u00e8s juste quelques pluies. Les v\u00e9hicules ...","breadcrumb":{"@id":"https:\/\/www.africa-press.net\/tchad\/toutes-les-actualites\/sila-ouaddai-a-peine-la-saison-de-pluies-commencee-la-route-reliant-les-deux-provinces-devient-impraticable#breadcrumb"},"inLanguage":"fr-FR","potentialAction":[{"@type":"ReadAction","target":["https:\/\/www.africa-press.net\/tchad\/toutes-les-actualites\/sila-ouaddai-a-peine-la-saison-de-pluies-commencee-la-route-reliant-les-deux-provinces-devient-impraticable"]}]},{"@type":"ImageObject","inLanguage":"fr-FR","@id":"https:\/\/www.africa-press.net\/tchad\/toutes-les-actualites\/sila-ouaddai-a-peine-la-saison-de-pluies-commencee-la-route-reliant-les-deux-provinces-devient-impraticable#primaryimage","url":"https:\/\/static.africa-press.net\/tchad\/sites\/41\/2022\/07\/postQueueImg_13-62d4106b7111f.jpg","contentUrl":"https:\/\/static.africa-press.net\/tchad\/sites\/41\/2022\/07\/postQueueImg_13-62d4106b7111f.jpg","width":693,"height":444,"caption":"Sila-Ouadda\u00ef: \u00e0 peine la saison de pluies commenc\u00e9e, la route reliant les deux provinces devient impraticable"},{"@type":"BreadcrumbList","@id":"https:\/\/www.africa-press.net\/tchad\/toutes-les-actualites\/sila-ouaddai-a-peine-la-saison-de-pluies-commencee-la-route-reliant-les-deux-provinces-devient-impraticable#breadcrumb","itemListElement":[{"@type":"ListItem","position":1,"name":"Accueil","item":"https:\/\/www.africa-press.net\/tchad\/"},{"@type":"ListItem","position":2,"name":"Sila-Ouadda\u00ef: \u00e0 peine la saison de pluies commenc\u00e9e, la route reliant les deux provinces devient impraticable"}]},{"@type":"WebSite","@id":"https:\/\/www.africa-press.net\/tchad\/#website","url":"https:\/\/www.africa-press.net\/tchad\/","name":"tchad","description":"Just another Africa News Agency Sites site","potentialAction":[{"@type":"SearchAction","target":{"@type":"EntryPoint","urlTemplate":"https:\/\/www.africa-press.net\/tchad\/?s={search_term_string}"},"query-input":{"@type":"PropertyValueSpecification","valueRequired":true,"valueName":"search_term_string"}}],"inLanguage":"fr-FR"},{"@type":"Person","@id":"https:\/\/www.africa-press.net\/tchad\/#\/schema\/person\/2b1cf3cd81a31e3cd26889ca66d677f1","name":"cfeditorfr"}]}},"_links":{"self":[{"href":"https:\/\/www.africa-press.net\/tchad\/wp-json\/wp\/v2\/posts\/29038","targetHints":{"allow":["GET"]}}],"collection":[{"href":"https:\/\/www.africa-press.net\/tchad\/wp-json\/wp\/v2\/posts"}],"about":[{"href":"https:\/\/www.africa-press.net\/tchad\/wp-json\/wp\/v2\/types\/post"}],"author":[{"embeddable":true,"href":"https:\/\/www.africa-press.net\/tchad\/wp-json\/wp\/v2\/users\/82"}],"replies":[{"embeddable":true,"href":"https:\/\/www.africa-press.net\/tchad\/wp-json\/wp\/v2\/comments?post=29038"}],"version-history":[{"count":0,"href":"https:\/\/www.africa-press.net\/tchad\/wp-json\/wp\/v2\/posts\/29038\/revisions"}],"wp:featuredmedia":[{"embeddable":true,"href":"https:\/\/www.africa-press.net\/tchad\/wp-json\/wp\/v2\/media\/29037"}],"wp:attachment":[{"href":"https:\/\/www.africa-press.net\/tchad\/wp-json\/wp\/v2\/media?parent=29038"}],"wp:term":[{"taxonomy":"category","embeddable":true,"href":"https:\/\/www.africa-press.net\/tchad\/wp-json\/wp\/v2\/categories?post=29038"},{"taxonomy":"post_tag","embeddable":true,"href":"https:\/\/www.africa-press.net\/tchad\/wp-json\/wp\/v2\/tags?post=29038"}],"curies":[{"name":"wp","href":"https:\/\/api.w.org\/{rel}","templated":true}]}}