{"id":29044,"date":"2022-07-17T13:19:48","date_gmt":"2022-07-17T13:19:48","guid":{"rendered":"https:\/\/www.africa-press.net\/tchad\/politique\/tchad-ua-le-pcmt-echange-avec-le-president-de-la-commission-et-le-president-en-exercice"},"modified":"2022-07-17T13:38:03","modified_gmt":"2022-07-17T13:38:03","slug":"tchad-ua-le-pcmt-echange-avec-le-president-de-la-commission-et-le-president-en-exercice","status":"publish","type":"post","link":"https:\/\/www.africa-press.net\/tchad\/politique\/tchad-ua-le-pcmt-echange-avec-le-president-de-la-commission-et-le-president-en-exercice","title":{"rendered":"TCHAD-UA : Le PCMT \u00e9change avec le Pr\u00e9sident de la Commission et le Pr\u00e9sident en exercice"},"content":{"rendered":"<p><span style=\"color: #ff6600\"><strong>Africa-Press &#8211; Tchad. <\/strong><\/span>Quelques heures apr\u00e8s son arriv\u00e9e hier en terre zambienne, le Pr\u00e9sident du Conseil Militaire de Transition, le G\u00e9n\u00e9ral MAHAMAT IDRISS DEBY ITNO a re\u00e7u hier soir le Pr\u00e9sident de la Commission de l\u2019Union Africaine Moussa Faki Mahamat avant que les deux personnalit\u00e9s ne soient re\u00e7ues \u00e0 leur tour, par le Pr\u00e9sident en exercice de l\u2019organisation continentale, par ailleurs Pr\u00e9sident de la R\u00e9publique du S\u00e9n\u00e9gal, Macky Sall.<\/p>\n<p>Dans la dynamique de leurs habituels \u00e9changes en marge de grands sommets, le Pr\u00e9sident de la Commission de l\u2019Union Africaine Moussa Faki Mahamat est venu ce samedi soir \u00e0 la rencontre du du Ched de l\u2019Etat et Pr\u00e9sident en exercice de la Communaut\u00e9 des Etats Sah\u00e9lo-Sahariens (CEN-SAD), G\u00e9n\u00e9ral MAHAMAT IDRISS DEBY ITNO.<\/p>\n<p>Les principaux points inscrits \u00e0 l\u2019ordre du jour du 4\u00e8me Sommet de Coordination semestrielle de l\u2019Union Africaine avec les Communaut\u00e9s Economiques R\u00e9gionales et m\u00e9canismes r\u00e9gionaux ont \u00e9t\u00e9 pass\u00e9s au peigne fin.<\/p>\n<p>Au bout d\u2019une heure de discussions qui se sont deroul\u00e9es en pr\u00e9sence, du Ministre des Finances, M. Tahir Hamid Nguilin,du Directeur de Cabinet Civil du Pr\u00e9sident de la R\u00e9publique, M.<\/p>\n<p>Mahamat Hamid Koua et du Secr\u00e9taire Particulier du Chef de l\u2018Etat, Isma\u00ebl Souleymane Lony, le Pr\u00e9sident en exercice de la CEN-SAD, le Chef de l\u2019Etat, G\u00e9n\u00e9ral MAHAMAT IDRISS DEBY ITNO part \u00e0 la rencontre du Pr\u00e9sident en exercice de l\u2019UA, le Pr\u00e9sident s\u00e9n\u00e9galais, Macky Sall.<\/p>\n<p>Les \u00e9changes dureront une heure et demi. Tous les points rest\u00e9s en suspens lors de l\u2019entrevue avec Pr\u00e9sident de la Commission de l\u2019Union Africaine Moussa Faki Mahamat ont \u00e9t\u00e9 abord\u00e9s \u00e0 la satisfaction de tous.<\/p>\n<p>En outre, le Pr\u00e9sident du Conseil Militaire de Transition, G\u00e9n\u00e9ral MAHAMAT IDRISS DEBY ITNO a invit\u00e9 le Pr\u00e9sident de la R\u00e9publique du S\u00e9n\u00e9gal et Pr\u00e9sident en exercice de l\u2019Union Africaine \u00e0 effectuer une visite officielle au Tchad. L\u2019invitation est accept\u00e9e et la date sera fix\u00e9e incessamment par voie diplomatique.<\/p>\n<p><strong>Pour plus d&rsquo;informations et d&rsquo;analyses sur la <a href=\"https:\/\/www.africa-press.net\/tchad\">Tchad<\/a>, suivez <a href=\"https:\/\/www.africa-press.net\/\">Africa-Press<\/a><\/strong><\/p>\n","protected":false},"excerpt":{"rendered":"<p>Africa-Press &#8211; Tchad. Quelques heures apr\u00e8s son arriv\u00e9e hier en terre zambienne, le Pr\u00e9sident du Conseil Militaire de Transition, le G\u00e9n\u00e9ral MAHAMAT IDRISS DEBY ITNO a re\u00e7u hier soir le Pr\u00e9sident de la Commission de l\u2019Union Africaine Moussa Faki Mahamat avant que les deux personnalit\u00e9s ne soient re\u00e7ues \u00e0 leur tour, par le Pr\u00e9sident en [&hellip;]<\/p>\n","protected":false},"author":82,"featured_media":29043,"comment_status":"open","ping_status":"closed","sticky":false,"template":"","format":"standard","meta":{"footnotes":""},"categories":[11,2,20,10],"tags":[37,292,29],"class_list":["post-29044","post","type-post","status-publish","format-standard","has-post-thumbnail","hentry","category-homepage-french","category-politique","category-top-nouvelles","category-toutes-les-actualites","tag-africa-press","tag-africa-press-tchad","tag-tchad"],"yoast_head":"<!-- This site is optimized with the Yoast SEO Premium plugin v26.1 (Yoast SEO v27.0) - https:\/\/yoast.com\/product\/yoast-seo-premium-wordpress\/ -->\n<title>TCHAD-UA : Le PCMT \u00e9change avec le Pr\u00e9sident de la Commission et le Pr\u00e9sident en exercice - tchad<\/title>\n<meta name=\"description\" content=\"Quelques heures apr\u00e8s son arriv\u00e9e hier en terre zambienne, le Pr\u00e9sident du Conseil Militaire de Transition, le G\u00e9n\u00e9ral M ...\" \/>\n<meta name=\"robots\" content=\"index, follow, max-snippet:-1, max-image-preview:large, max-video-preview:-1\" \/>\n<link rel=\"canonical\" href=\"https:\/\/www.africa-press.net\/tchad\/politique\/tchad-ua-le-pcmt-echange-avec-le-president-de-la-commission-et-le-president-en-exercice\" \/>\n<meta property=\"og:locale\" content=\"fr_FR\" \/>\n<meta property=\"og:type\" content=\"article\" \/>\n<meta property=\"og:title\" content=\"TCHAD-UA : Le PCMT \u00e9change avec le Pr\u00e9sident de la Commission et le Pr\u00e9sident en exercice\" \/>\n<meta property=\"og:description\" content=\"Quelques heures apr\u00e8s son arriv\u00e9e hier en terre zambienne, le Pr\u00e9sident du Conseil Militaire de Transition, le G\u00e9n\u00e9ral M ...\" \/>\n<meta property=\"og:url\" content=\"https:\/\/www.africa-press.net\/tchad\/politique\/tchad-ua-le-pcmt-echange-avec-le-president-de-la-commission-et-le-president-en-exercice\" \/>\n<meta property=\"og:site_name\" content=\"tchad\" \/>\n<meta property=\"article:published_time\" content=\"2022-07-17T13:19:48+00:00\" \/>\n<meta property=\"article:modified_time\" content=\"2022-07-17T13:38:03+00:00\" \/>\n<meta property=\"og:image\" content=\"https:\/\/static.africa-press.net\/tchad\/sites\/41\/2022\/07\/postQueueImg_15-62d410a47d178.jpg\" \/>\n\t<meta property=\"og:image:width\" content=\"1023\" \/>\n\t<meta property=\"og:image:height\" content=\"694\" \/>\n\t<meta property=\"og:image:type\" content=\"image\/jpeg\" \/>\n<meta name=\"author\" content=\"cfeditorfr\" \/>\n<meta name=\"twitter:card\" content=\"summary_large_image\" \/>\n<meta name=\"twitter:label1\" content=\"\u00c9crit par\" \/>\n\t<meta name=\"twitter:data1\" content=\"cfeditorfr\" \/>\n\t<meta name=\"twitter:label2\" content=\"Dur\u00e9e de lecture estim\u00e9e\" \/>\n\t<meta name=\"twitter:data2\" content=\"2 minutes\" \/>\n<script type=\"application\/ld+json\" class=\"yoast-schema-graph\">{\"@context\":\"https:\/\/schema.org\",\"@graph\":[{\"@type\":\"Article\",\"@id\":\"https:\/\/www.africa-press.net\/tchad\/politique\/tchad-ua-le-pcmt-echange-avec-le-president-de-la-commission-et-le-president-en-exercice#article\",\"isPartOf\":{\"@id\":\"https:\/\/www.africa-press.net\/tchad\/politique\/tchad-ua-le-pcmt-echange-avec-le-president-de-la-commission-et-le-president-en-exercice\"},\"author\":{\"name\":\"cfeditorfr\",\"@id\":\"https:\/\/www.africa-press.net\/tchad\/#\/schema\/person\/2b1cf3cd81a31e3cd26889ca66d677f1\"},\"headline\":\"TCHAD-UA : Le PCMT \u00e9change avec le Pr\u00e9sident de la Commission et le Pr\u00e9sident en exercice\",\"datePublished\":\"2022-07-17T13:19:48+00:00\",\"dateModified\":\"2022-07-17T13:38:03+00:00\",\"mainEntityOfPage\":{\"@id\":\"https:\/\/www.africa-press.net\/tchad\/politique\/tchad-ua-le-pcmt-echange-avec-le-president-de-la-commission-et-le-president-en-exercice\"},\"wordCount\":399,\"commentCount\":0,\"image\":{\"@id\":\"https:\/\/www.africa-press.net\/tchad\/politique\/tchad-ua-le-pcmt-echange-avec-le-president-de-la-commission-et-le-president-en-exercice#primaryimage\"},\"thumbnailUrl\":\"https:\/\/static.africa-press.net\/tchad\/sites\/41\/2022\/07\/postQueueImg_15-62d410a47d178.jpg\",\"keywords\":[\"Africa Press\",\"Africa Press-Tchad\",\"Tchad\"],\"articleSection\":[\"homepage-french\",\"Politique\",\"Top Nouvelles\",\"Toutes les actualit\u00e9s\"],\"inLanguage\":\"fr-FR\",\"potentialAction\":[{\"@type\":\"CommentAction\",\"name\":\"Comment\",\"target\":[\"https:\/\/www.africa-press.net\/tchad\/politique\/tchad-ua-le-pcmt-echange-avec-le-president-de-la-commission-et-le-president-en-exercice#respond\"]}]},{\"@type\":\"WebPage\",\"@id\":\"https:\/\/www.africa-press.net\/tchad\/politique\/tchad-ua-le-pcmt-echange-avec-le-president-de-la-commission-et-le-president-en-exercice\",\"url\":\"https:\/\/www.africa-press.net\/tchad\/politique\/tchad-ua-le-pcmt-echange-avec-le-president-de-la-commission-et-le-president-en-exercice\",\"name\":\"TCHAD-UA : Le PCMT \u00e9change avec le Pr\u00e9sident de la Commission et le Pr\u00e9sident en exercice - tchad\",\"isPartOf\":{\"@id\":\"https:\/\/www.africa-press.net\/tchad\/#website\"},\"primaryImageOfPage\":{\"@id\":\"https:\/\/www.africa-press.net\/tchad\/politique\/tchad-ua-le-pcmt-echange-avec-le-president-de-la-commission-et-le-president-en-exercice#primaryimage\"},\"image\":{\"@id\":\"https:\/\/www.africa-press.net\/tchad\/politique\/tchad-ua-le-pcmt-echange-avec-le-president-de-la-commission-et-le-president-en-exercice#primaryimage\"},\"thumbnailUrl\":\"https:\/\/static.africa-press.net\/tchad\/sites\/41\/2022\/07\/postQueueImg_15-62d410a47d178.jpg\",\"datePublished\":\"2022-07-17T13:19:48+00:00\",\"dateModified\":\"2022-07-17T13:38:03+00:00\",\"author\":{\"@id\":\"https:\/\/www.africa-press.net\/tchad\/#\/schema\/person\/2b1cf3cd81a31e3cd26889ca66d677f1\"},\"description\":\"Quelques heures apr\u00e8s son arriv\u00e9e hier en terre zambienne, le Pr\u00e9sident du Conseil Militaire de Transition, le G\u00e9n\u00e9ral M ...\",\"breadcrumb\":{\"@id\":\"https:\/\/www.africa-press.net\/tchad\/politique\/tchad-ua-le-pcmt-echange-avec-le-president-de-la-commission-et-le-president-en-exercice#breadcrumb\"},\"inLanguage\":\"fr-FR\",\"potentialAction\":[{\"@type\":\"ReadAction\",\"target\":[\"https:\/\/www.africa-press.net\/tchad\/politique\/tchad-ua-le-pcmt-echange-avec-le-president-de-la-commission-et-le-president-en-exercice\"]}]},{\"@type\":\"ImageObject\",\"inLanguage\":\"fr-FR\",\"@id\":\"https:\/\/www.africa-press.net\/tchad\/politique\/tchad-ua-le-pcmt-echange-avec-le-president-de-la-commission-et-le-president-en-exercice#primaryimage\",\"url\":\"https:\/\/static.africa-press.net\/tchad\/sites\/41\/2022\/07\/postQueueImg_15-62d410a47d178.jpg\",\"contentUrl\":\"https:\/\/static.africa-press.net\/tchad\/sites\/41\/2022\/07\/postQueueImg_15-62d410a47d178.jpg\",\"width\":1023,\"height\":694,\"caption\":\"TCHAD-UA : Le PCMT \u00e9change avec le Pr\u00e9sident de la Commission et le Pr\u00e9sident en exercice\"},{\"@type\":\"BreadcrumbList\",\"@id\":\"https:\/\/www.africa-press.net\/tchad\/politique\/tchad-ua-le-pcmt-echange-avec-le-president-de-la-commission-et-le-president-en-exercice#breadcrumb\",\"itemListElement\":[{\"@type\":\"ListItem\",\"position\":1,\"name\":\"Accueil\",\"item\":\"https:\/\/www.africa-press.net\/tchad\/\"},{\"@type\":\"ListItem\",\"position\":2,\"name\":\"TCHAD-UA : Le PCMT \u00e9change avec le Pr\u00e9sident de la Commission et le Pr\u00e9sident en exercice\"}]},{\"@type\":\"WebSite\",\"@id\":\"https:\/\/www.africa-press.net\/tchad\/#website\",\"url\":\"https:\/\/www.africa-press.net\/tchad\/\",\"name\":\"tchad\",\"description\":\"Just another Africa News Agency Sites site\",\"potentialAction\":[{\"@type\":\"SearchAction\",\"target\":{\"@type\":\"EntryPoint\",\"urlTemplate\":\"https:\/\/www.africa-press.net\/tchad\/?s={search_term_string}\"},\"query-input\":{\"@type\":\"PropertyValueSpecification\",\"valueRequired\":true,\"valueName\":\"search_term_string\"}}],\"inLanguage\":\"fr-FR\"},{\"@type\":\"Person\",\"@id\":\"https:\/\/www.africa-press.net\/tchad\/#\/schema\/person\/2b1cf3cd81a31e3cd26889ca66d677f1\",\"name\":\"cfeditorfr\"}]}<\/script>\n<!-- \/ Yoast SEO Premium plugin. -->","yoast_head_json":{"title":"TCHAD-UA : Le PCMT \u00e9change avec le Pr\u00e9sident de la Commission et le Pr\u00e9sident en exercice - tchad","description":"Quelques heures apr\u00e8s son arriv\u00e9e hier en terre zambienne, le Pr\u00e9sident du Conseil Militaire de Transition, le G\u00e9n\u00e9ral M ...","robots":{"index":"index","follow":"follow","max-snippet":"max-snippet:-1","max-image-preview":"max-image-preview:large","max-video-preview":"max-video-preview:-1"},"canonical":"https:\/\/www.africa-press.net\/tchad\/politique\/tchad-ua-le-pcmt-echange-avec-le-president-de-la-commission-et-le-president-en-exercice","og_locale":"fr_FR","og_type":"article","og_title":"TCHAD-UA : Le PCMT \u00e9change avec le Pr\u00e9sident de la Commission et le Pr\u00e9sident en exercice","og_description":"Quelques heures apr\u00e8s son arriv\u00e9e hier en terre zambienne, le Pr\u00e9sident du Conseil Militaire de Transition, le G\u00e9n\u00e9ral M ...","og_url":"https:\/\/www.africa-press.net\/tchad\/politique\/tchad-ua-le-pcmt-echange-avec-le-president-de-la-commission-et-le-president-en-exercice","og_site_name":"tchad","article_published_time":"2022-07-17T13:19:48+00:00","article_modified_time":"2022-07-17T13:38:03+00:00","og_image":[{"width":1023,"height":694,"url":"https:\/\/static.africa-press.net\/tchad\/sites\/41\/2022\/07\/postQueueImg_15-62d410a47d178.jpg","type":"image\/jpeg"}],"author":"cfeditorfr","twitter_card":"summary_large_image","twitter_misc":{"\u00c9crit par":"cfeditorfr","Dur\u00e9e de lecture estim\u00e9e":"2 minutes"},"schema":{"@context":"https:\/\/schema.org","@graph":[{"@type":"Article","@id":"https:\/\/www.africa-press.net\/tchad\/politique\/tchad-ua-le-pcmt-echange-avec-le-president-de-la-commission-et-le-president-en-exercice#article","isPartOf":{"@id":"https:\/\/www.africa-press.net\/tchad\/politique\/tchad-ua-le-pcmt-echange-avec-le-president-de-la-commission-et-le-president-en-exercice"},"author":{"name":"cfeditorfr","@id":"https:\/\/www.africa-press.net\/tchad\/#\/schema\/person\/2b1cf3cd81a31e3cd26889ca66d677f1"},"headline":"TCHAD-UA : Le PCMT \u00e9change avec le Pr\u00e9sident de la Commission et le Pr\u00e9sident en exercice","datePublished":"2022-07-17T13:19:48+00:00","dateModified":"2022-07-17T13:38:03+00:00","mainEntityOfPage":{"@id":"https:\/\/www.africa-press.net\/tchad\/politique\/tchad-ua-le-pcmt-echange-avec-le-president-de-la-commission-et-le-president-en-exercice"},"wordCount":399,"commentCount":0,"image":{"@id":"https:\/\/www.africa-press.net\/tchad\/politique\/tchad-ua-le-pcmt-echange-avec-le-president-de-la-commission-et-le-president-en-exercice#primaryimage"},"thumbnailUrl":"https:\/\/static.africa-press.net\/tchad\/sites\/41\/2022\/07\/postQueueImg_15-62d410a47d178.jpg","keywords":["Africa Press","Africa Press-Tchad","Tchad"],"articleSection":["homepage-french","Politique","Top Nouvelles","Toutes les actualit\u00e9s"],"inLanguage":"fr-FR","potentialAction":[{"@type":"CommentAction","name":"Comment","target":["https:\/\/www.africa-press.net\/tchad\/politique\/tchad-ua-le-pcmt-echange-avec-le-president-de-la-commission-et-le-president-en-exercice#respond"]}]},{"@type":"WebPage","@id":"https:\/\/www.africa-press.net\/tchad\/politique\/tchad-ua-le-pcmt-echange-avec-le-president-de-la-commission-et-le-president-en-exercice","url":"https:\/\/www.africa-press.net\/tchad\/politique\/tchad-ua-le-pcmt-echange-avec-le-president-de-la-commission-et-le-president-en-exercice","name":"TCHAD-UA : Le PCMT \u00e9change avec le Pr\u00e9sident de la Commission et le Pr\u00e9sident en exercice - tchad","isPartOf":{"@id":"https:\/\/www.africa-press.net\/tchad\/#website"},"primaryImageOfPage":{"@id":"https:\/\/www.africa-press.net\/tchad\/politique\/tchad-ua-le-pcmt-echange-avec-le-president-de-la-commission-et-le-president-en-exercice#primaryimage"},"image":{"@id":"https:\/\/www.africa-press.net\/tchad\/politique\/tchad-ua-le-pcmt-echange-avec-le-president-de-la-commission-et-le-president-en-exercice#primaryimage"},"thumbnailUrl":"https:\/\/static.africa-press.net\/tchad\/sites\/41\/2022\/07\/postQueueImg_15-62d410a47d178.jpg","datePublished":"2022-07-17T13:19:48+00:00","dateModified":"2022-07-17T13:38:03+00:00","author":{"@id":"https:\/\/www.africa-press.net\/tchad\/#\/schema\/person\/2b1cf3cd81a31e3cd26889ca66d677f1"},"description":"Quelques heures apr\u00e8s son arriv\u00e9e hier en terre zambienne, le Pr\u00e9sident du Conseil Militaire de Transition, le G\u00e9n\u00e9ral M ...","breadcrumb":{"@id":"https:\/\/www.africa-press.net\/tchad\/politique\/tchad-ua-le-pcmt-echange-avec-le-president-de-la-commission-et-le-president-en-exercice#breadcrumb"},"inLanguage":"fr-FR","potentialAction":[{"@type":"ReadAction","target":["https:\/\/www.africa-press.net\/tchad\/politique\/tchad-ua-le-pcmt-echange-avec-le-president-de-la-commission-et-le-president-en-exercice"]}]},{"@type":"ImageObject","inLanguage":"fr-FR","@id":"https:\/\/www.africa-press.net\/tchad\/politique\/tchad-ua-le-pcmt-echange-avec-le-president-de-la-commission-et-le-president-en-exercice#primaryimage","url":"https:\/\/static.africa-press.net\/tchad\/sites\/41\/2022\/07\/postQueueImg_15-62d410a47d178.jpg","contentUrl":"https:\/\/static.africa-press.net\/tchad\/sites\/41\/2022\/07\/postQueueImg_15-62d410a47d178.jpg","width":1023,"height":694,"caption":"TCHAD-UA : Le PCMT \u00e9change avec le Pr\u00e9sident de la Commission et le Pr\u00e9sident en exercice"},{"@type":"BreadcrumbList","@id":"https:\/\/www.africa-press.net\/tchad\/politique\/tchad-ua-le-pcmt-echange-avec-le-president-de-la-commission-et-le-president-en-exercice#breadcrumb","itemListElement":[{"@type":"ListItem","position":1,"name":"Accueil","item":"https:\/\/www.africa-press.net\/tchad\/"},{"@type":"ListItem","position":2,"name":"TCHAD-UA : Le PCMT \u00e9change avec le Pr\u00e9sident de la Commission et le Pr\u00e9sident en exercice"}]},{"@type":"WebSite","@id":"https:\/\/www.africa-press.net\/tchad\/#website","url":"https:\/\/www.africa-press.net\/tchad\/","name":"tchad","description":"Just another Africa News Agency Sites site","potentialAction":[{"@type":"SearchAction","target":{"@type":"EntryPoint","urlTemplate":"https:\/\/www.africa-press.net\/tchad\/?s={search_term_string}"},"query-input":{"@type":"PropertyValueSpecification","valueRequired":true,"valueName":"search_term_string"}}],"inLanguage":"fr-FR"},{"@type":"Person","@id":"https:\/\/www.africa-press.net\/tchad\/#\/schema\/person\/2b1cf3cd81a31e3cd26889ca66d677f1","name":"cfeditorfr"}]}},"_links":{"self":[{"href":"https:\/\/www.africa-press.net\/tchad\/wp-json\/wp\/v2\/posts\/29044","targetHints":{"allow":["GET"]}}],"collection":[{"href":"https:\/\/www.africa-press.net\/tchad\/wp-json\/wp\/v2\/posts"}],"about":[{"href":"https:\/\/www.africa-press.net\/tchad\/wp-json\/wp\/v2\/types\/post"}],"author":[{"embeddable":true,"href":"https:\/\/www.africa-press.net\/tchad\/wp-json\/wp\/v2\/users\/82"}],"replies":[{"embeddable":true,"href":"https:\/\/www.africa-press.net\/tchad\/wp-json\/wp\/v2\/comments?post=29044"}],"version-history":[{"count":0,"href":"https:\/\/www.africa-press.net\/tchad\/wp-json\/wp\/v2\/posts\/29044\/revisions"}],"wp:featuredmedia":[{"embeddable":true,"href":"https:\/\/www.africa-press.net\/tchad\/wp-json\/wp\/v2\/media\/29043"}],"wp:attachment":[{"href":"https:\/\/www.africa-press.net\/tchad\/wp-json\/wp\/v2\/media?parent=29044"}],"wp:term":[{"taxonomy":"category","embeddable":true,"href":"https:\/\/www.africa-press.net\/tchad\/wp-json\/wp\/v2\/categories?post=29044"},{"taxonomy":"post_tag","embeddable":true,"href":"https:\/\/www.africa-press.net\/tchad\/wp-json\/wp\/v2\/tags?post=29044"}],"curies":[{"name":"wp","href":"https:\/\/api.w.org\/{rel}","templated":true}]}}