{"id":29059,"date":"2022-07-17T13:23:41","date_gmt":"2022-07-17T13:23:41","guid":{"rendered":"https:\/\/www.africa-press.net\/tchad\/politique\/lusaka-le-chef-de-la-diplomatie-tchadienne-echange-avec-un-diplomate-americain"},"modified":"2022-07-17T13:40:21","modified_gmt":"2022-07-17T13:40:21","slug":"lusaka-le-chef-de-la-diplomatie-tchadienne-echange-avec-un-diplomate-americain","status":"publish","type":"post","link":"https:\/\/www.africa-press.net\/tchad\/politique\/lusaka-le-chef-de-la-diplomatie-tchadienne-echange-avec-un-diplomate-americain","title":{"rendered":"Lusaka : le chef de la diplomatie tchadienne \u00e9change avec un diplomate am\u00e9ricain"},"content":{"rendered":"<p><span style=\"color: #ff6600\"><strong>Africa-Press &#8211; Tchad. <\/strong><\/span>Le ministre tchadien des Affaires \u00e9trang\u00e8res Ch\u00e9rif Mahamat Zene a re\u00e7u ce 17 juin \u00e0 Lusaka, en marge du 4\u00e8me Sommet de l\u2019Union Africaine, Ervin Massinga, assistant adjoint du secr\u00e9taire d\u2019\u00c9tat des \u00c9tats-Unis au bureau des Affaires africaines.<\/p>\n<p>\u00ab Nous avions \u00e9chang\u00e9 sur le renforcement de la coop\u00e9ration bilat\u00e9rale et la transition politique au Tchad \u00bb, indique le ministre sur sa page Facebook.<\/p>\n<p><strong>Pour plus d&rsquo;informations et d&rsquo;analyses sur la <a href=\"https:\/\/www.africa-press.net\/tchad\">Tchad<\/a>, suivez <a href=\"https:\/\/www.africa-press.net\/\">Africa-Press<\/a><\/strong><\/p>\n","protected":false},"excerpt":{"rendered":"<p>Africa-Press &#8211; Tchad. Le ministre tchadien des Affaires \u00e9trang\u00e8res Ch\u00e9rif Mahamat Zene a re\u00e7u ce 17 juin \u00e0 Lusaka, en marge du 4\u00e8me Sommet de l\u2019Union Africaine, Ervin Massinga, assistant adjoint du secr\u00e9taire d\u2019\u00c9tat des \u00c9tats-Unis au bureau des Affaires africaines. \u00ab Nous avions \u00e9chang\u00e9 sur le renforcement de la coop\u00e9ration bilat\u00e9rale et la transition [&hellip;]<\/p>\n","protected":false},"author":82,"featured_media":29058,"comment_status":"open","ping_status":"closed","sticky":false,"template":"","format":"standard","meta":{"footnotes":""},"categories":[11,2,10],"tags":[37,292,29],"class_list":["post-29059","post","type-post","status-publish","format-standard","has-post-thumbnail","hentry","category-homepage-french","category-politique","category-toutes-les-actualites","tag-africa-press","tag-africa-press-tchad","tag-tchad"],"yoast_head":"<!-- This site is optimized with the Yoast SEO Premium plugin v26.1 (Yoast SEO v27.0) - https:\/\/yoast.com\/product\/yoast-seo-premium-wordpress\/ -->\n<title>Lusaka : le chef de la diplomatie tchadienne \u00e9change avec un diplomate am\u00e9ricain - tchad<\/title>\n<meta name=\"description\" content=\"Le ministre tchadien des Affaires \u00e9trang\u00e8res Ch\u00e9rif Mahamat Zene a re\u00e7u ce 17 juin \u00e0 Lusaka, en marge du 4\u00e8me Sommet de ...\" \/>\n<meta name=\"robots\" content=\"index, follow, max-snippet:-1, max-image-preview:large, max-video-preview:-1\" \/>\n<link rel=\"canonical\" href=\"https:\/\/www.africa-press.net\/tchad\/politique\/lusaka-le-chef-de-la-diplomatie-tchadienne-echange-avec-un-diplomate-americain\" \/>\n<meta property=\"og:locale\" content=\"fr_FR\" \/>\n<meta property=\"og:type\" content=\"article\" \/>\n<meta property=\"og:title\" content=\"Lusaka : le chef de la diplomatie tchadienne \u00e9change avec un diplomate am\u00e9ricain\" \/>\n<meta property=\"og:description\" content=\"Le ministre tchadien des Affaires \u00e9trang\u00e8res Ch\u00e9rif Mahamat Zene a re\u00e7u ce 17 juin \u00e0 Lusaka, en marge du 4\u00e8me Sommet de ...\" \/>\n<meta property=\"og:url\" content=\"https:\/\/www.africa-press.net\/tchad\/politique\/lusaka-le-chef-de-la-diplomatie-tchadienne-echange-avec-un-diplomate-americain\" \/>\n<meta property=\"og:site_name\" content=\"tchad\" \/>\n<meta property=\"article:published_time\" content=\"2022-07-17T13:23:41+00:00\" \/>\n<meta property=\"article:modified_time\" content=\"2022-07-17T13:40:21+00:00\" \/>\n<meta property=\"og:image\" content=\"https:\/\/static.africa-press.net\/tchad\/sites\/41\/2022\/07\/postQueueImg_20-62d4113446747.jpg\" \/>\n\t<meta property=\"og:image:width\" content=\"819\" \/>\n\t<meta property=\"og:image:height\" content=\"567\" \/>\n\t<meta property=\"og:image:type\" content=\"image\/jpeg\" \/>\n<meta name=\"author\" content=\"cfeditorfr\" \/>\n<meta name=\"twitter:card\" content=\"summary_large_image\" \/>\n<meta name=\"twitter:label1\" content=\"\u00c9crit par\" \/>\n\t<meta name=\"twitter:data1\" content=\"cfeditorfr\" \/>\n<script type=\"application\/ld+json\" class=\"yoast-schema-graph\">{\"@context\":\"https:\/\/schema.org\",\"@graph\":[{\"@type\":\"Article\",\"@id\":\"https:\/\/www.africa-press.net\/tchad\/politique\/lusaka-le-chef-de-la-diplomatie-tchadienne-echange-avec-un-diplomate-americain#article\",\"isPartOf\":{\"@id\":\"https:\/\/www.africa-press.net\/tchad\/politique\/lusaka-le-chef-de-la-diplomatie-tchadienne-echange-avec-un-diplomate-americain\"},\"author\":{\"name\":\"cfeditorfr\",\"@id\":\"https:\/\/www.africa-press.net\/tchad\/#\/schema\/person\/2b1cf3cd81a31e3cd26889ca66d677f1\"},\"headline\":\"Lusaka : le chef de la diplomatie tchadienne \u00e9change avec un diplomate am\u00e9ricain\",\"datePublished\":\"2022-07-17T13:23:41+00:00\",\"dateModified\":\"2022-07-17T13:40:21+00:00\",\"mainEntityOfPage\":{\"@id\":\"https:\/\/www.africa-press.net\/tchad\/politique\/lusaka-le-chef-de-la-diplomatie-tchadienne-echange-avec-un-diplomate-americain\"},\"wordCount\":95,\"commentCount\":0,\"image\":{\"@id\":\"https:\/\/www.africa-press.net\/tchad\/politique\/lusaka-le-chef-de-la-diplomatie-tchadienne-echange-avec-un-diplomate-americain#primaryimage\"},\"thumbnailUrl\":\"https:\/\/static.africa-press.net\/tchad\/sites\/41\/2022\/07\/postQueueImg_20-62d4113446747.jpg\",\"keywords\":[\"Africa Press\",\"Africa Press-Tchad\",\"Tchad\"],\"articleSection\":[\"homepage-french\",\"Politique\",\"Toutes les actualit\u00e9s\"],\"inLanguage\":\"fr-FR\",\"potentialAction\":[{\"@type\":\"CommentAction\",\"name\":\"Comment\",\"target\":[\"https:\/\/www.africa-press.net\/tchad\/politique\/lusaka-le-chef-de-la-diplomatie-tchadienne-echange-avec-un-diplomate-americain#respond\"]}]},{\"@type\":\"WebPage\",\"@id\":\"https:\/\/www.africa-press.net\/tchad\/politique\/lusaka-le-chef-de-la-diplomatie-tchadienne-echange-avec-un-diplomate-americain\",\"url\":\"https:\/\/www.africa-press.net\/tchad\/politique\/lusaka-le-chef-de-la-diplomatie-tchadienne-echange-avec-un-diplomate-americain\",\"name\":\"Lusaka : le chef de la diplomatie tchadienne \u00e9change avec un diplomate am\u00e9ricain - tchad\",\"isPartOf\":{\"@id\":\"https:\/\/www.africa-press.net\/tchad\/#website\"},\"primaryImageOfPage\":{\"@id\":\"https:\/\/www.africa-press.net\/tchad\/politique\/lusaka-le-chef-de-la-diplomatie-tchadienne-echange-avec-un-diplomate-americain#primaryimage\"},\"image\":{\"@id\":\"https:\/\/www.africa-press.net\/tchad\/politique\/lusaka-le-chef-de-la-diplomatie-tchadienne-echange-avec-un-diplomate-americain#primaryimage\"},\"thumbnailUrl\":\"https:\/\/static.africa-press.net\/tchad\/sites\/41\/2022\/07\/postQueueImg_20-62d4113446747.jpg\",\"datePublished\":\"2022-07-17T13:23:41+00:00\",\"dateModified\":\"2022-07-17T13:40:21+00:00\",\"author\":{\"@id\":\"https:\/\/www.africa-press.net\/tchad\/#\/schema\/person\/2b1cf3cd81a31e3cd26889ca66d677f1\"},\"description\":\"Le ministre tchadien des Affaires \u00e9trang\u00e8res Ch\u00e9rif Mahamat Zene a re\u00e7u ce 17 juin \u00e0 Lusaka, en marge du 4\u00e8me Sommet de ...\",\"breadcrumb\":{\"@id\":\"https:\/\/www.africa-press.net\/tchad\/politique\/lusaka-le-chef-de-la-diplomatie-tchadienne-echange-avec-un-diplomate-americain#breadcrumb\"},\"inLanguage\":\"fr-FR\",\"potentialAction\":[{\"@type\":\"ReadAction\",\"target\":[\"https:\/\/www.africa-press.net\/tchad\/politique\/lusaka-le-chef-de-la-diplomatie-tchadienne-echange-avec-un-diplomate-americain\"]}]},{\"@type\":\"ImageObject\",\"inLanguage\":\"fr-FR\",\"@id\":\"https:\/\/www.africa-press.net\/tchad\/politique\/lusaka-le-chef-de-la-diplomatie-tchadienne-echange-avec-un-diplomate-americain#primaryimage\",\"url\":\"https:\/\/static.africa-press.net\/tchad\/sites\/41\/2022\/07\/postQueueImg_20-62d4113446747.jpg\",\"contentUrl\":\"https:\/\/static.africa-press.net\/tchad\/sites\/41\/2022\/07\/postQueueImg_20-62d4113446747.jpg\",\"width\":819,\"height\":567,\"caption\":\"Lusaka : le chef de la diplomatie tchadienne \u00e9change avec un diplomate am\u00e9ricain\"},{\"@type\":\"BreadcrumbList\",\"@id\":\"https:\/\/www.africa-press.net\/tchad\/politique\/lusaka-le-chef-de-la-diplomatie-tchadienne-echange-avec-un-diplomate-americain#breadcrumb\",\"itemListElement\":[{\"@type\":\"ListItem\",\"position\":1,\"name\":\"Accueil\",\"item\":\"https:\/\/www.africa-press.net\/tchad\/\"},{\"@type\":\"ListItem\",\"position\":2,\"name\":\"Lusaka : le chef de la diplomatie tchadienne \u00e9change avec un diplomate am\u00e9ricain\"}]},{\"@type\":\"WebSite\",\"@id\":\"https:\/\/www.africa-press.net\/tchad\/#website\",\"url\":\"https:\/\/www.africa-press.net\/tchad\/\",\"name\":\"tchad\",\"description\":\"Just another Africa News Agency Sites site\",\"potentialAction\":[{\"@type\":\"SearchAction\",\"target\":{\"@type\":\"EntryPoint\",\"urlTemplate\":\"https:\/\/www.africa-press.net\/tchad\/?s={search_term_string}\"},\"query-input\":{\"@type\":\"PropertyValueSpecification\",\"valueRequired\":true,\"valueName\":\"search_term_string\"}}],\"inLanguage\":\"fr-FR\"},{\"@type\":\"Person\",\"@id\":\"https:\/\/www.africa-press.net\/tchad\/#\/schema\/person\/2b1cf3cd81a31e3cd26889ca66d677f1\",\"name\":\"cfeditorfr\"}]}<\/script>\n<!-- \/ Yoast SEO Premium plugin. -->","yoast_head_json":{"title":"Lusaka : le chef de la diplomatie tchadienne \u00e9change avec un diplomate am\u00e9ricain - tchad","description":"Le ministre tchadien des Affaires \u00e9trang\u00e8res Ch\u00e9rif Mahamat Zene a re\u00e7u ce 17 juin \u00e0 Lusaka, en marge du 4\u00e8me Sommet de ...","robots":{"index":"index","follow":"follow","max-snippet":"max-snippet:-1","max-image-preview":"max-image-preview:large","max-video-preview":"max-video-preview:-1"},"canonical":"https:\/\/www.africa-press.net\/tchad\/politique\/lusaka-le-chef-de-la-diplomatie-tchadienne-echange-avec-un-diplomate-americain","og_locale":"fr_FR","og_type":"article","og_title":"Lusaka : le chef de la diplomatie tchadienne \u00e9change avec un diplomate am\u00e9ricain","og_description":"Le ministre tchadien des Affaires \u00e9trang\u00e8res Ch\u00e9rif Mahamat Zene a re\u00e7u ce 17 juin \u00e0 Lusaka, en marge du 4\u00e8me Sommet de ...","og_url":"https:\/\/www.africa-press.net\/tchad\/politique\/lusaka-le-chef-de-la-diplomatie-tchadienne-echange-avec-un-diplomate-americain","og_site_name":"tchad","article_published_time":"2022-07-17T13:23:41+00:00","article_modified_time":"2022-07-17T13:40:21+00:00","og_image":[{"width":819,"height":567,"url":"https:\/\/static.africa-press.net\/tchad\/sites\/41\/2022\/07\/postQueueImg_20-62d4113446747.jpg","type":"image\/jpeg"}],"author":"cfeditorfr","twitter_card":"summary_large_image","twitter_misc":{"\u00c9crit par":"cfeditorfr"},"schema":{"@context":"https:\/\/schema.org","@graph":[{"@type":"Article","@id":"https:\/\/www.africa-press.net\/tchad\/politique\/lusaka-le-chef-de-la-diplomatie-tchadienne-echange-avec-un-diplomate-americain#article","isPartOf":{"@id":"https:\/\/www.africa-press.net\/tchad\/politique\/lusaka-le-chef-de-la-diplomatie-tchadienne-echange-avec-un-diplomate-americain"},"author":{"name":"cfeditorfr","@id":"https:\/\/www.africa-press.net\/tchad\/#\/schema\/person\/2b1cf3cd81a31e3cd26889ca66d677f1"},"headline":"Lusaka : le chef de la diplomatie tchadienne \u00e9change avec un diplomate am\u00e9ricain","datePublished":"2022-07-17T13:23:41+00:00","dateModified":"2022-07-17T13:40:21+00:00","mainEntityOfPage":{"@id":"https:\/\/www.africa-press.net\/tchad\/politique\/lusaka-le-chef-de-la-diplomatie-tchadienne-echange-avec-un-diplomate-americain"},"wordCount":95,"commentCount":0,"image":{"@id":"https:\/\/www.africa-press.net\/tchad\/politique\/lusaka-le-chef-de-la-diplomatie-tchadienne-echange-avec-un-diplomate-americain#primaryimage"},"thumbnailUrl":"https:\/\/static.africa-press.net\/tchad\/sites\/41\/2022\/07\/postQueueImg_20-62d4113446747.jpg","keywords":["Africa Press","Africa Press-Tchad","Tchad"],"articleSection":["homepage-french","Politique","Toutes les actualit\u00e9s"],"inLanguage":"fr-FR","potentialAction":[{"@type":"CommentAction","name":"Comment","target":["https:\/\/www.africa-press.net\/tchad\/politique\/lusaka-le-chef-de-la-diplomatie-tchadienne-echange-avec-un-diplomate-americain#respond"]}]},{"@type":"WebPage","@id":"https:\/\/www.africa-press.net\/tchad\/politique\/lusaka-le-chef-de-la-diplomatie-tchadienne-echange-avec-un-diplomate-americain","url":"https:\/\/www.africa-press.net\/tchad\/politique\/lusaka-le-chef-de-la-diplomatie-tchadienne-echange-avec-un-diplomate-americain","name":"Lusaka : le chef de la diplomatie tchadienne \u00e9change avec un diplomate am\u00e9ricain - tchad","isPartOf":{"@id":"https:\/\/www.africa-press.net\/tchad\/#website"},"primaryImageOfPage":{"@id":"https:\/\/www.africa-press.net\/tchad\/politique\/lusaka-le-chef-de-la-diplomatie-tchadienne-echange-avec-un-diplomate-americain#primaryimage"},"image":{"@id":"https:\/\/www.africa-press.net\/tchad\/politique\/lusaka-le-chef-de-la-diplomatie-tchadienne-echange-avec-un-diplomate-americain#primaryimage"},"thumbnailUrl":"https:\/\/static.africa-press.net\/tchad\/sites\/41\/2022\/07\/postQueueImg_20-62d4113446747.jpg","datePublished":"2022-07-17T13:23:41+00:00","dateModified":"2022-07-17T13:40:21+00:00","author":{"@id":"https:\/\/www.africa-press.net\/tchad\/#\/schema\/person\/2b1cf3cd81a31e3cd26889ca66d677f1"},"description":"Le ministre tchadien des Affaires \u00e9trang\u00e8res Ch\u00e9rif Mahamat Zene a re\u00e7u ce 17 juin \u00e0 Lusaka, en marge du 4\u00e8me Sommet de ...","breadcrumb":{"@id":"https:\/\/www.africa-press.net\/tchad\/politique\/lusaka-le-chef-de-la-diplomatie-tchadienne-echange-avec-un-diplomate-americain#breadcrumb"},"inLanguage":"fr-FR","potentialAction":[{"@type":"ReadAction","target":["https:\/\/www.africa-press.net\/tchad\/politique\/lusaka-le-chef-de-la-diplomatie-tchadienne-echange-avec-un-diplomate-americain"]}]},{"@type":"ImageObject","inLanguage":"fr-FR","@id":"https:\/\/www.africa-press.net\/tchad\/politique\/lusaka-le-chef-de-la-diplomatie-tchadienne-echange-avec-un-diplomate-americain#primaryimage","url":"https:\/\/static.africa-press.net\/tchad\/sites\/41\/2022\/07\/postQueueImg_20-62d4113446747.jpg","contentUrl":"https:\/\/static.africa-press.net\/tchad\/sites\/41\/2022\/07\/postQueueImg_20-62d4113446747.jpg","width":819,"height":567,"caption":"Lusaka : le chef de la diplomatie tchadienne \u00e9change avec un diplomate am\u00e9ricain"},{"@type":"BreadcrumbList","@id":"https:\/\/www.africa-press.net\/tchad\/politique\/lusaka-le-chef-de-la-diplomatie-tchadienne-echange-avec-un-diplomate-americain#breadcrumb","itemListElement":[{"@type":"ListItem","position":1,"name":"Accueil","item":"https:\/\/www.africa-press.net\/tchad\/"},{"@type":"ListItem","position":2,"name":"Lusaka : le chef de la diplomatie tchadienne \u00e9change avec un diplomate am\u00e9ricain"}]},{"@type":"WebSite","@id":"https:\/\/www.africa-press.net\/tchad\/#website","url":"https:\/\/www.africa-press.net\/tchad\/","name":"tchad","description":"Just another Africa News Agency Sites site","potentialAction":[{"@type":"SearchAction","target":{"@type":"EntryPoint","urlTemplate":"https:\/\/www.africa-press.net\/tchad\/?s={search_term_string}"},"query-input":{"@type":"PropertyValueSpecification","valueRequired":true,"valueName":"search_term_string"}}],"inLanguage":"fr-FR"},{"@type":"Person","@id":"https:\/\/www.africa-press.net\/tchad\/#\/schema\/person\/2b1cf3cd81a31e3cd26889ca66d677f1","name":"cfeditorfr"}]}},"_links":{"self":[{"href":"https:\/\/www.africa-press.net\/tchad\/wp-json\/wp\/v2\/posts\/29059","targetHints":{"allow":["GET"]}}],"collection":[{"href":"https:\/\/www.africa-press.net\/tchad\/wp-json\/wp\/v2\/posts"}],"about":[{"href":"https:\/\/www.africa-press.net\/tchad\/wp-json\/wp\/v2\/types\/post"}],"author":[{"embeddable":true,"href":"https:\/\/www.africa-press.net\/tchad\/wp-json\/wp\/v2\/users\/82"}],"replies":[{"embeddable":true,"href":"https:\/\/www.africa-press.net\/tchad\/wp-json\/wp\/v2\/comments?post=29059"}],"version-history":[{"count":0,"href":"https:\/\/www.africa-press.net\/tchad\/wp-json\/wp\/v2\/posts\/29059\/revisions"}],"wp:featuredmedia":[{"embeddable":true,"href":"https:\/\/www.africa-press.net\/tchad\/wp-json\/wp\/v2\/media\/29058"}],"wp:attachment":[{"href":"https:\/\/www.africa-press.net\/tchad\/wp-json\/wp\/v2\/media?parent=29059"}],"wp:term":[{"taxonomy":"category","embeddable":true,"href":"https:\/\/www.africa-press.net\/tchad\/wp-json\/wp\/v2\/categories?post=29059"},{"taxonomy":"post_tag","embeddable":true,"href":"https:\/\/www.africa-press.net\/tchad\/wp-json\/wp\/v2\/tags?post=29059"}],"curies":[{"name":"wp","href":"https:\/\/api.w.org\/{rel}","templated":true}]}}