{"id":29089,"date":"2022-07-18T16:56:29","date_gmt":"2022-07-18T16:56:29","guid":{"rendered":"https:\/\/www.africa-press.net\/tchad\/politique\/lancement-de-la-campagne-dappropriation-du-dialogue-national"},"modified":"2022-07-18T17:20:07","modified_gmt":"2022-07-18T17:20:07","slug":"lancement-de-la-campagne-dappropriation-du-dialogue-national","status":"publish","type":"post","link":"https:\/\/www.africa-press.net\/tchad\/politique\/lancement-de-la-campagne-dappropriation-du-dialogue-national","title":{"rendered":"lancement de la campagne d\u2019appropriation du dialogue national"},"content":{"rendered":"<p><span style=\"color: #ff6600\"><strong>Africa-Press &#8211; Tchad. <\/strong><\/span>Artistes, repr\u00e9sentants des jeunes, femmes, personnes handicap\u00e9es ont \u00e9t\u00e9 convi\u00e9s \u00e0 cette c\u00e9r\u00e9monie. Dans leurs interventions et prestations, unit\u00e9 et dialogue \u00e9taient les ma\u00eetres-mots. \u00ab En v\u00e9rit\u00e9, vous n\u2019\u00eates pas des personnes handicap\u00e9es, vous \u00eates des acteurs du changement. Les personnes handicap\u00e9es sont celles qui sont \u00e0 la maison et qui ne font rien (\u2026) toutes les couches de la soci\u00e9t\u00e9 doivent apporter leur soutien pour promouvoir l\u2019unit\u00e9 nationale et la paix durable \u00bb, appelle le pr\u00e9sident du R\u00e9seau des personnes handicap\u00e9es du Tchad (Rephat), Galmai Moussa Abdramane.<\/p>\n<p>La pr\u00e9sidente de la Cellule de liaison des associations feminines, Yodamn\u00e9 Marie, abonde dans le m\u00eame sens. \u00abNous les femmes sommes les principales victimes des crises qui ont jalonn\u00e9 notre pays. A chaque conflit, nous pleurons nos \u00e9poux, nos p\u00e8res , nos fr\u00e8res, nos enfants (\u2026) nous ne pouvons rester en marge de ce processus de restauration de la paix \u00bb, invite-t-elle.<\/p>\n<p>En lan\u00e7ant officiellement cette campagne d\u2019appropriation du dialogue national, le ministre de la R\u00e9conciliation nationale, Acheikh Ibn Oumar, insiste sur le caract\u00e8re inclusif de cette rencontre. \u00ab Le mot lancement officiel n\u2019est pas choisi au hasard parce qu\u2019en r\u00e9alit\u00e9, cette campagne de sensibilisation a commenc\u00e9 pratiquement depuis le d\u00e9but de la transition (\u2026) les autorit\u00e9s ont annonc\u00e9 la n\u00e9cessit\u00e9 pour les Tchadiens de dialoguer, de se r\u00e9concilier et de b\u00e2tir un meilleur vivre ensemble. Notre message est de dire aux organisations, forces vives, leaders d\u2019opinion de s\u2019approprier cette campagne et de commencer imm\u00e9diatement ce travail de sensibilisation, de discussions, de critique aussi \u00e9videmment. C\u2019est pour cela que nous avions notamment organis\u00e9 les pr\u00e9-dialogues dans les 23 provinces et aussi dans un certain nombre de pays \u00bb, rappelle-t-il.<\/p>\n<p><strong>Pour plus d&rsquo;informations et d&rsquo;analyses sur la <a href=\"https:\/\/www.africa-press.net\/tchad\">Tchad<\/a>, suivez <a href=\"https:\/\/www.africa-press.net\/\">Africa-Press<\/a><\/strong><\/p>\n","protected":false},"excerpt":{"rendered":"<p>Africa-Press &#8211; Tchad. Artistes, repr\u00e9sentants des jeunes, femmes, personnes handicap\u00e9es ont \u00e9t\u00e9 convi\u00e9s \u00e0 cette c\u00e9r\u00e9monie. Dans leurs interventions et prestations, unit\u00e9 et dialogue \u00e9taient les ma\u00eetres-mots. \u00ab En v\u00e9rit\u00e9, vous n\u2019\u00eates pas des personnes handicap\u00e9es, vous \u00eates des acteurs du changement. Les personnes handicap\u00e9es sont celles qui sont \u00e0 la maison et qui ne [&hellip;]<\/p>\n","protected":false},"author":82,"featured_media":29088,"comment_status":"open","ping_status":"closed","sticky":false,"template":"","format":"standard","meta":{"footnotes":""},"categories":[11,2,10],"tags":[37,292,29],"class_list":["post-29089","post","type-post","status-publish","format-standard","has-post-thumbnail","hentry","category-homepage-french","category-politique","category-toutes-les-actualites","tag-africa-press","tag-africa-press-tchad","tag-tchad"],"yoast_head":"<!-- This site is optimized with the Yoast SEO Premium plugin v26.1 (Yoast SEO v27.0) - https:\/\/yoast.com\/product\/yoast-seo-premium-wordpress\/ -->\n<title>lancement de la campagne d\u2019appropriation du dialogue national - tchad<\/title>\n<meta name=\"description\" content=\"Artistes, repr\u00e9sentants des jeunes, femmes, personnes handicap\u00e9es ont \u00e9t\u00e9 convi\u00e9s \u00e0 cette c\u00e9r\u00e9monie. Dans leurs interven ...\" \/>\n<meta name=\"robots\" content=\"index, follow, max-snippet:-1, max-image-preview:large, max-video-preview:-1\" \/>\n<link rel=\"canonical\" href=\"https:\/\/www.africa-press.net\/tchad\/politique\/lancement-de-la-campagne-dappropriation-du-dialogue-national\" \/>\n<meta property=\"og:locale\" content=\"fr_FR\" \/>\n<meta property=\"og:type\" content=\"article\" \/>\n<meta property=\"og:title\" content=\"lancement de la campagne d\u2019appropriation du dialogue national\" \/>\n<meta property=\"og:description\" content=\"Artistes, repr\u00e9sentants des jeunes, femmes, personnes handicap\u00e9es ont \u00e9t\u00e9 convi\u00e9s \u00e0 cette c\u00e9r\u00e9monie. Dans leurs interven ...\" \/>\n<meta property=\"og:url\" content=\"https:\/\/www.africa-press.net\/tchad\/politique\/lancement-de-la-campagne-dappropriation-du-dialogue-national\" \/>\n<meta property=\"og:site_name\" content=\"tchad\" \/>\n<meta property=\"article:published_time\" content=\"2022-07-18T16:56:29+00:00\" \/>\n<meta property=\"article:modified_time\" content=\"2022-07-18T17:20:07+00:00\" \/>\n<meta property=\"og:image\" content=\"https:\/\/static.africa-press.net\/tchad\/sites\/41\/2022\/07\/postQueueImg_14-62d59634edcd5.jpg\" \/>\n\t<meta property=\"og:image:width\" content=\"696\" \/>\n\t<meta property=\"og:image:height\" content=\"522\" \/>\n\t<meta property=\"og:image:type\" content=\"image\/jpeg\" \/>\n<meta name=\"author\" content=\"cfeditorfr\" \/>\n<meta name=\"twitter:card\" content=\"summary_large_image\" \/>\n<meta name=\"twitter:label1\" content=\"\u00c9crit par\" \/>\n\t<meta name=\"twitter:data1\" content=\"cfeditorfr\" \/>\n\t<meta name=\"twitter:label2\" content=\"Dur\u00e9e de lecture estim\u00e9e\" \/>\n\t<meta name=\"twitter:data2\" content=\"2 minutes\" \/>\n<script type=\"application\/ld+json\" class=\"yoast-schema-graph\">{\"@context\":\"https:\/\/schema.org\",\"@graph\":[{\"@type\":\"Article\",\"@id\":\"https:\/\/www.africa-press.net\/tchad\/politique\/lancement-de-la-campagne-dappropriation-du-dialogue-national#article\",\"isPartOf\":{\"@id\":\"https:\/\/www.africa-press.net\/tchad\/politique\/lancement-de-la-campagne-dappropriation-du-dialogue-national\"},\"author\":{\"name\":\"cfeditorfr\",\"@id\":\"https:\/\/www.africa-press.net\/tchad\/#\/schema\/person\/2b1cf3cd81a31e3cd26889ca66d677f1\"},\"headline\":\"lancement de la campagne d\u2019appropriation du dialogue national\",\"datePublished\":\"2022-07-18T16:56:29+00:00\",\"dateModified\":\"2022-07-18T17:20:07+00:00\",\"mainEntityOfPage\":{\"@id\":\"https:\/\/www.africa-press.net\/tchad\/politique\/lancement-de-la-campagne-dappropriation-du-dialogue-national\"},\"wordCount\":325,\"commentCount\":0,\"image\":{\"@id\":\"https:\/\/www.africa-press.net\/tchad\/politique\/lancement-de-la-campagne-dappropriation-du-dialogue-national#primaryimage\"},\"thumbnailUrl\":\"https:\/\/static.africa-press.net\/tchad\/sites\/41\/2022\/07\/postQueueImg_14-62d59634edcd5.jpg\",\"keywords\":[\"Africa Press\",\"Africa Press-Tchad\",\"Tchad\"],\"articleSection\":[\"homepage-french\",\"Politique\",\"Toutes les actualit\u00e9s\"],\"inLanguage\":\"fr-FR\",\"potentialAction\":[{\"@type\":\"CommentAction\",\"name\":\"Comment\",\"target\":[\"https:\/\/www.africa-press.net\/tchad\/politique\/lancement-de-la-campagne-dappropriation-du-dialogue-national#respond\"]}]},{\"@type\":\"WebPage\",\"@id\":\"https:\/\/www.africa-press.net\/tchad\/politique\/lancement-de-la-campagne-dappropriation-du-dialogue-national\",\"url\":\"https:\/\/www.africa-press.net\/tchad\/politique\/lancement-de-la-campagne-dappropriation-du-dialogue-national\",\"name\":\"lancement de la campagne d\u2019appropriation du dialogue national - tchad\",\"isPartOf\":{\"@id\":\"https:\/\/www.africa-press.net\/tchad\/#website\"},\"primaryImageOfPage\":{\"@id\":\"https:\/\/www.africa-press.net\/tchad\/politique\/lancement-de-la-campagne-dappropriation-du-dialogue-national#primaryimage\"},\"image\":{\"@id\":\"https:\/\/www.africa-press.net\/tchad\/politique\/lancement-de-la-campagne-dappropriation-du-dialogue-national#primaryimage\"},\"thumbnailUrl\":\"https:\/\/static.africa-press.net\/tchad\/sites\/41\/2022\/07\/postQueueImg_14-62d59634edcd5.jpg\",\"datePublished\":\"2022-07-18T16:56:29+00:00\",\"dateModified\":\"2022-07-18T17:20:07+00:00\",\"author\":{\"@id\":\"https:\/\/www.africa-press.net\/tchad\/#\/schema\/person\/2b1cf3cd81a31e3cd26889ca66d677f1\"},\"description\":\"Artistes, repr\u00e9sentants des jeunes, femmes, personnes handicap\u00e9es ont \u00e9t\u00e9 convi\u00e9s \u00e0 cette c\u00e9r\u00e9monie. Dans leurs interven ...\",\"breadcrumb\":{\"@id\":\"https:\/\/www.africa-press.net\/tchad\/politique\/lancement-de-la-campagne-dappropriation-du-dialogue-national#breadcrumb\"},\"inLanguage\":\"fr-FR\",\"potentialAction\":[{\"@type\":\"ReadAction\",\"target\":[\"https:\/\/www.africa-press.net\/tchad\/politique\/lancement-de-la-campagne-dappropriation-du-dialogue-national\"]}]},{\"@type\":\"ImageObject\",\"inLanguage\":\"fr-FR\",\"@id\":\"https:\/\/www.africa-press.net\/tchad\/politique\/lancement-de-la-campagne-dappropriation-du-dialogue-national#primaryimage\",\"url\":\"https:\/\/static.africa-press.net\/tchad\/sites\/41\/2022\/07\/postQueueImg_14-62d59634edcd5.jpg\",\"contentUrl\":\"https:\/\/static.africa-press.net\/tchad\/sites\/41\/2022\/07\/postQueueImg_14-62d59634edcd5.jpg\",\"width\":696,\"height\":522,\"caption\":\"lancement de la campagne d\u2019appropriation du dialogue national\"},{\"@type\":\"BreadcrumbList\",\"@id\":\"https:\/\/www.africa-press.net\/tchad\/politique\/lancement-de-la-campagne-dappropriation-du-dialogue-national#breadcrumb\",\"itemListElement\":[{\"@type\":\"ListItem\",\"position\":1,\"name\":\"Accueil\",\"item\":\"https:\/\/www.africa-press.net\/tchad\/\"},{\"@type\":\"ListItem\",\"position\":2,\"name\":\"lancement de la campagne d\u2019appropriation du dialogue national\"}]},{\"@type\":\"WebSite\",\"@id\":\"https:\/\/www.africa-press.net\/tchad\/#website\",\"url\":\"https:\/\/www.africa-press.net\/tchad\/\",\"name\":\"tchad\",\"description\":\"Just another Africa News Agency Sites site\",\"potentialAction\":[{\"@type\":\"SearchAction\",\"target\":{\"@type\":\"EntryPoint\",\"urlTemplate\":\"https:\/\/www.africa-press.net\/tchad\/?s={search_term_string}\"},\"query-input\":{\"@type\":\"PropertyValueSpecification\",\"valueRequired\":true,\"valueName\":\"search_term_string\"}}],\"inLanguage\":\"fr-FR\"},{\"@type\":\"Person\",\"@id\":\"https:\/\/www.africa-press.net\/tchad\/#\/schema\/person\/2b1cf3cd81a31e3cd26889ca66d677f1\",\"name\":\"cfeditorfr\"}]}<\/script>\n<!-- \/ Yoast SEO Premium plugin. -->","yoast_head_json":{"title":"lancement de la campagne d\u2019appropriation du dialogue national - tchad","description":"Artistes, repr\u00e9sentants des jeunes, femmes, personnes handicap\u00e9es ont \u00e9t\u00e9 convi\u00e9s \u00e0 cette c\u00e9r\u00e9monie. Dans leurs interven ...","robots":{"index":"index","follow":"follow","max-snippet":"max-snippet:-1","max-image-preview":"max-image-preview:large","max-video-preview":"max-video-preview:-1"},"canonical":"https:\/\/www.africa-press.net\/tchad\/politique\/lancement-de-la-campagne-dappropriation-du-dialogue-national","og_locale":"fr_FR","og_type":"article","og_title":"lancement de la campagne d\u2019appropriation du dialogue national","og_description":"Artistes, repr\u00e9sentants des jeunes, femmes, personnes handicap\u00e9es ont \u00e9t\u00e9 convi\u00e9s \u00e0 cette c\u00e9r\u00e9monie. Dans leurs interven ...","og_url":"https:\/\/www.africa-press.net\/tchad\/politique\/lancement-de-la-campagne-dappropriation-du-dialogue-national","og_site_name":"tchad","article_published_time":"2022-07-18T16:56:29+00:00","article_modified_time":"2022-07-18T17:20:07+00:00","og_image":[{"width":696,"height":522,"url":"https:\/\/static.africa-press.net\/tchad\/sites\/41\/2022\/07\/postQueueImg_14-62d59634edcd5.jpg","type":"image\/jpeg"}],"author":"cfeditorfr","twitter_card":"summary_large_image","twitter_misc":{"\u00c9crit par":"cfeditorfr","Dur\u00e9e de lecture estim\u00e9e":"2 minutes"},"schema":{"@context":"https:\/\/schema.org","@graph":[{"@type":"Article","@id":"https:\/\/www.africa-press.net\/tchad\/politique\/lancement-de-la-campagne-dappropriation-du-dialogue-national#article","isPartOf":{"@id":"https:\/\/www.africa-press.net\/tchad\/politique\/lancement-de-la-campagne-dappropriation-du-dialogue-national"},"author":{"name":"cfeditorfr","@id":"https:\/\/www.africa-press.net\/tchad\/#\/schema\/person\/2b1cf3cd81a31e3cd26889ca66d677f1"},"headline":"lancement de la campagne d\u2019appropriation du dialogue national","datePublished":"2022-07-18T16:56:29+00:00","dateModified":"2022-07-18T17:20:07+00:00","mainEntityOfPage":{"@id":"https:\/\/www.africa-press.net\/tchad\/politique\/lancement-de-la-campagne-dappropriation-du-dialogue-national"},"wordCount":325,"commentCount":0,"image":{"@id":"https:\/\/www.africa-press.net\/tchad\/politique\/lancement-de-la-campagne-dappropriation-du-dialogue-national#primaryimage"},"thumbnailUrl":"https:\/\/static.africa-press.net\/tchad\/sites\/41\/2022\/07\/postQueueImg_14-62d59634edcd5.jpg","keywords":["Africa Press","Africa Press-Tchad","Tchad"],"articleSection":["homepage-french","Politique","Toutes les actualit\u00e9s"],"inLanguage":"fr-FR","potentialAction":[{"@type":"CommentAction","name":"Comment","target":["https:\/\/www.africa-press.net\/tchad\/politique\/lancement-de-la-campagne-dappropriation-du-dialogue-national#respond"]}]},{"@type":"WebPage","@id":"https:\/\/www.africa-press.net\/tchad\/politique\/lancement-de-la-campagne-dappropriation-du-dialogue-national","url":"https:\/\/www.africa-press.net\/tchad\/politique\/lancement-de-la-campagne-dappropriation-du-dialogue-national","name":"lancement de la campagne d\u2019appropriation du dialogue national - tchad","isPartOf":{"@id":"https:\/\/www.africa-press.net\/tchad\/#website"},"primaryImageOfPage":{"@id":"https:\/\/www.africa-press.net\/tchad\/politique\/lancement-de-la-campagne-dappropriation-du-dialogue-national#primaryimage"},"image":{"@id":"https:\/\/www.africa-press.net\/tchad\/politique\/lancement-de-la-campagne-dappropriation-du-dialogue-national#primaryimage"},"thumbnailUrl":"https:\/\/static.africa-press.net\/tchad\/sites\/41\/2022\/07\/postQueueImg_14-62d59634edcd5.jpg","datePublished":"2022-07-18T16:56:29+00:00","dateModified":"2022-07-18T17:20:07+00:00","author":{"@id":"https:\/\/www.africa-press.net\/tchad\/#\/schema\/person\/2b1cf3cd81a31e3cd26889ca66d677f1"},"description":"Artistes, repr\u00e9sentants des jeunes, femmes, personnes handicap\u00e9es ont \u00e9t\u00e9 convi\u00e9s \u00e0 cette c\u00e9r\u00e9monie. Dans leurs interven ...","breadcrumb":{"@id":"https:\/\/www.africa-press.net\/tchad\/politique\/lancement-de-la-campagne-dappropriation-du-dialogue-national#breadcrumb"},"inLanguage":"fr-FR","potentialAction":[{"@type":"ReadAction","target":["https:\/\/www.africa-press.net\/tchad\/politique\/lancement-de-la-campagne-dappropriation-du-dialogue-national"]}]},{"@type":"ImageObject","inLanguage":"fr-FR","@id":"https:\/\/www.africa-press.net\/tchad\/politique\/lancement-de-la-campagne-dappropriation-du-dialogue-national#primaryimage","url":"https:\/\/static.africa-press.net\/tchad\/sites\/41\/2022\/07\/postQueueImg_14-62d59634edcd5.jpg","contentUrl":"https:\/\/static.africa-press.net\/tchad\/sites\/41\/2022\/07\/postQueueImg_14-62d59634edcd5.jpg","width":696,"height":522,"caption":"lancement de la campagne d\u2019appropriation du dialogue national"},{"@type":"BreadcrumbList","@id":"https:\/\/www.africa-press.net\/tchad\/politique\/lancement-de-la-campagne-dappropriation-du-dialogue-national#breadcrumb","itemListElement":[{"@type":"ListItem","position":1,"name":"Accueil","item":"https:\/\/www.africa-press.net\/tchad\/"},{"@type":"ListItem","position":2,"name":"lancement de la campagne d\u2019appropriation du dialogue national"}]},{"@type":"WebSite","@id":"https:\/\/www.africa-press.net\/tchad\/#website","url":"https:\/\/www.africa-press.net\/tchad\/","name":"tchad","description":"Just another Africa News Agency Sites site","potentialAction":[{"@type":"SearchAction","target":{"@type":"EntryPoint","urlTemplate":"https:\/\/www.africa-press.net\/tchad\/?s={search_term_string}"},"query-input":{"@type":"PropertyValueSpecification","valueRequired":true,"valueName":"search_term_string"}}],"inLanguage":"fr-FR"},{"@type":"Person","@id":"https:\/\/www.africa-press.net\/tchad\/#\/schema\/person\/2b1cf3cd81a31e3cd26889ca66d677f1","name":"cfeditorfr"}]}},"_links":{"self":[{"href":"https:\/\/www.africa-press.net\/tchad\/wp-json\/wp\/v2\/posts\/29089","targetHints":{"allow":["GET"]}}],"collection":[{"href":"https:\/\/www.africa-press.net\/tchad\/wp-json\/wp\/v2\/posts"}],"about":[{"href":"https:\/\/www.africa-press.net\/tchad\/wp-json\/wp\/v2\/types\/post"}],"author":[{"embeddable":true,"href":"https:\/\/www.africa-press.net\/tchad\/wp-json\/wp\/v2\/users\/82"}],"replies":[{"embeddable":true,"href":"https:\/\/www.africa-press.net\/tchad\/wp-json\/wp\/v2\/comments?post=29089"}],"version-history":[{"count":0,"href":"https:\/\/www.africa-press.net\/tchad\/wp-json\/wp\/v2\/posts\/29089\/revisions"}],"wp:featuredmedia":[{"embeddable":true,"href":"https:\/\/www.africa-press.net\/tchad\/wp-json\/wp\/v2\/media\/29088"}],"wp:attachment":[{"href":"https:\/\/www.africa-press.net\/tchad\/wp-json\/wp\/v2\/media?parent=29089"}],"wp:term":[{"taxonomy":"category","embeddable":true,"href":"https:\/\/www.africa-press.net\/tchad\/wp-json\/wp\/v2\/categories?post=29089"},{"taxonomy":"post_tag","embeddable":true,"href":"https:\/\/www.africa-press.net\/tchad\/wp-json\/wp\/v2\/tags?post=29089"}],"curies":[{"name":"wp","href":"https:\/\/api.w.org\/{rel}","templated":true}]}}