{"id":29092,"date":"2022-07-18T16:57:37","date_gmt":"2022-07-18T16:57:37","guid":{"rendered":"https:\/\/www.africa-press.net\/tchad\/politique\/ua-ouverture-du-4eme-sommet-de-coordination-avec-les-cer"},"modified":"2022-07-18T17:20:32","modified_gmt":"2022-07-18T17:20:32","slug":"ua-ouverture-du-4eme-sommet-de-coordination-avec-les-cer","status":"publish","type":"post","link":"https:\/\/www.africa-press.net\/tchad\/politique\/ua-ouverture-du-4eme-sommet-de-coordination-avec-les-cer","title":{"rendered":"UA : ouverture du 4\u00e8me Sommet de Coordination avec les CER"},"content":{"rendered":"<p><span style=\"color: #ff6600\"><strong>Africa-Press &#8211; Tchad. <\/strong><\/span>A Lusaka en Zambie depuis hier, le Pr\u00e9sident du Conseil Militaire de Transition, Pr\u00e9sident en exercice de la Communaut\u00e9 des Etats Sah\u00e9lo-Sahariens (CEN-SAD), G\u00e9n\u00e9ral MAHAMAT IDRISS DEBY ITNO prend part depuis ce matin aux travaux du 4\u00e8me Sommet de Coordination semestrielle de l\u2019Union Africaine avec les Communaut\u00e9s Economiques R\u00e9gionales et m\u00e9canismes r\u00e9gionaux. La c\u00e9r\u00e9monie d\u2019ouverture dudit sommet s\u2019est d\u00e9roul\u00e9e au Centre de Conf\u00e9rence International Kenneth Kuanda.<\/p>\n<p>En lev\u00e9e de rideau l\u2019on a not\u00e9, l\u2019arriv\u00e9e des 05 Chefs d\u2019Etat, Pr\u00e9sidents en exercice des Communaut\u00e9s Economiques R\u00e9gionales (CER) dont celle tr\u00e8s remarqu\u00e9e du Pr\u00e9sident en exercice de la Communaut\u00e9 des Etats Sah\u00e9lo-Sahariens (CEN-SAD), G\u00e9n\u00e9ral MAHAMAT IDRISS DEBY ITNO. Bon \u00e0 savoir les Pr\u00e9sidents des Communaut\u00e9s Economiques R\u00e9gionales sont au total au nombre de 08.<\/p>\n<p>Au second acte, souhaitant la bienvenue \u00e0 ses h\u00f4tes, le Pr\u00e9sident zambien Hakainde Hichilema dira que son pays et son peuple sont honor\u00e9s d\u2019accueillir le 4\u00e8me Sommet de Coordination des Chefs d\u2019Etat de l\u2019Union Africaine et ambitionne d\u00e9sormais d\u2019abriter d\u2019autres grandes rencontres africaines.<\/p>\n<p>Moussa Faki Mahamat, Pr\u00e9sident de la Commission de l\u2019Union Africaine pr\u00e9cise pour sa part, que cette 4\u00e8me R\u00e9union de Coordination semestrielle de l\u2019Union Africaine se d\u00e9roule dans un contexte caract\u00e9ris\u00e9 par une multiplication sans pr\u00e9c\u00e8dent des crises multiformes. On assiste \u00e0 une continentalisation progressive des zones de conflits. Apr\u00e8s la corne de l\u2019Afrique, les pays de la zone sah\u00e9lienne, ceux du golfe de Guin\u00e9e en Afrique de l\u2019Ouest sont de plus en plus des cibles des attaques terroristes. Aucun Etat africain n\u2019est d\u00e9sormais \u00e0 l\u2019abri, fait-il remarquer.<\/p>\n<p>Au nom de l\u2019Union Europ\u00e9enne, le Pr\u00e9sident du Conseil Charles Michel a promis l\u2019aide de son organisation pour appuyer la Coordination des Chefs d\u2019Etat de l\u2019Union Africaine, bras s\u00e9culier de l\u2019institution panafricaine.<\/p>\n<p>Ouvrant officiellement les travaux, le Pr\u00e9sident en exercice de l\u2019Union Africaine, par ailleurs Pr\u00e9sident de la R\u00e9publique du S\u00e9n\u00e9gal, Macky Sall a plaid\u00e9 pour une synergie d\u2019actions des diff\u00e9rents Pr\u00e9sidents de la Coordination des Chefs d\u2019Etat de l\u2019Union Africaine pour une r\u00e9ponse rapide dans la r\u00e9solution de crises en Afrique.<\/p>\n<p>Chemin faisant, il a r\u00e9affirm\u00e9 sa solidarit\u00e9 avec tous les pays victimes du terrorisme et r\u00e9it\u00e9r\u00e9 son appel pour la r\u00e9solution pacifique des diff\u00e9rends. Il a ensuite d\u00e9clin\u00e9 \u00e0 l\u2019assistance son plaidoyer fait au nom de l\u2019Afrique au dernier sommet du G7 tenu \u00e0 Allemagne. Il s\u2019agit de la r\u00e9allocation du Droit de tirages sp\u00e9ciaux pour soulager les dettes des Etats africains, une transition \u00e9nerg\u00e9tique juste et \u00e9quitable pour assurer l\u2019acc\u00e8s universel \u00e0 l\u2019\u00e9lectricit\u00e9, l\u2019octroi d\u2019un si\u00e8ge \u00e0 l\u2019Union Africaine au sein du G 20 et la production des vaccins en Afrique et leur acc\u00e8s aux plateformes de commercialisation.<\/p>\n<p>Apr\u00e8s la c\u00e9r\u00e9monie officielle d\u2019ouverture, les Chefs d\u2019Etat et de Gouvernement et leurs invit\u00e9s sp\u00e9ciaux se sont retir\u00e9s \u00e0 huis-clos pour d\u00e9battre entre autres, des voies et moyens de contrer la propagation de la COVID-19 en Afrique, l\u2019expansion du fl\u00e9au du terrorisme, les effets pervers du changement climatique, la crise migratoire et la pendante crise alimentaire en Afrique, cons\u00e9quence du conflit arm\u00e9 entre la Russie et l\u2019Ukraine.<\/p>\n<p>Cette rencontre au sommet a \u00e9t\u00e9 pr\u00e9c\u00e9d\u00e9ede la 41\u00e8me session ordinaire du Conseil ex\u00e9cutif et de la 44\u00e8me session ordinaire du Comit\u00e9 des Repr\u00e9sentants Permanents (COREP) ainsi que de la r\u00e9union des experts.<\/p>\n<p>Un discours du Pr\u00e9sident du Conseil Militaire de Transition, Pr\u00e9sident en exercice de la CEN-SAD, G\u00e9n\u00e9ral MAHAMAT IDRISS DEBY ITNO, est inscrit \u00e9galement au programme pendant la s\u00e9quence \u00e0 huis-clos avant la cl\u00f4ture des travaux du 4\u00e8me Sommet de Coordination semestrielle de l\u2019Union Africaine avec les Communaut\u00e9s \u00e9conomiques r\u00e9gionales et m\u00e9canismes r\u00e9gionaux.<\/p>\n<p>Troisi\u00e8me acte avant la s\u00e9quence du huis clos, il y a eu traditionnelle la photo de famille pour immortaliser la rencontre. Outre, les 05 Chefs d\u2019Etat, Pr\u00e9sidents des Communaut\u00e9s Economiques R\u00e9gionales (CER) et le Pr\u00e9sident du Pays h\u00f4te, l\u2019on a not\u00e9 la pr\u00e9sence du Pr\u00e9sident du Conseilde l\u2019Union Europ\u00e9enne, Charles Michel,du champion sur la Zone de Libre Echange Continental (ZLECAf), le Pr\u00e9sident du Haut Comit\u00e9 d\u2019Orientation des Chefs d\u2019Etat sur le NEPAD, les Pr\u00e9sidents de la BAD, des Institutions financi\u00e8res africaines et la secr\u00e9taire Ex\u00e9cutive de la Commission Economique pour l\u2019Afrique.<\/p>\n<p><strong>Pour plus d&rsquo;informations et d&rsquo;analyses sur la <a href=\"https:\/\/www.africa-press.net\/tchad\">Tchad<\/a>, suivez <a href=\"https:\/\/www.africa-press.net\/\">Africa-Press<\/a><\/strong><\/p>\n","protected":false},"excerpt":{"rendered":"<p>Africa-Press &#8211; Tchad. A Lusaka en Zambie depuis hier, le Pr\u00e9sident du Conseil Militaire de Transition, Pr\u00e9sident en exercice de la Communaut\u00e9 des Etats Sah\u00e9lo-Sahariens (CEN-SAD), G\u00e9n\u00e9ral MAHAMAT IDRISS DEBY ITNO prend part depuis ce matin aux travaux du 4\u00e8me Sommet de Coordination semestrielle de l\u2019Union Africaine avec les Communaut\u00e9s Economiques R\u00e9gionales et m\u00e9canismes r\u00e9gionaux. [&hellip;]<\/p>\n","protected":false},"author":82,"featured_media":29091,"comment_status":"open","ping_status":"closed","sticky":false,"template":"","format":"standard","meta":{"footnotes":""},"categories":[11,2,20,10],"tags":[37,292,29],"class_list":["post-29092","post","type-post","status-publish","format-standard","has-post-thumbnail","hentry","category-homepage-french","category-politique","category-top-nouvelles","category-toutes-les-actualites","tag-africa-press","tag-africa-press-tchad","tag-tchad"],"yoast_head":"<!-- This site is optimized with the Yoast SEO Premium plugin v26.1 (Yoast SEO v27.0) - https:\/\/yoast.com\/product\/yoast-seo-premium-wordpress\/ -->\n<title>UA : ouverture du 4\u00e8me Sommet de Coordination avec les CER - tchad<\/title>\n<meta name=\"description\" content=\"A Lusaka en Zambie depuis hier, le Pr\u00e9sident du Conseil Militaire de Transition, Pr\u00e9sident en exercice de la Communaut\u00e9 ...\" \/>\n<meta name=\"robots\" content=\"index, follow, max-snippet:-1, max-image-preview:large, max-video-preview:-1\" \/>\n<link rel=\"canonical\" href=\"https:\/\/www.africa-press.net\/tchad\/politique\/ua-ouverture-du-4eme-sommet-de-coordination-avec-les-cer\" \/>\n<meta property=\"og:locale\" content=\"fr_FR\" \/>\n<meta property=\"og:type\" content=\"article\" \/>\n<meta property=\"og:title\" content=\"UA : ouverture du 4\u00e8me Sommet de Coordination avec les CER\" \/>\n<meta property=\"og:description\" content=\"A Lusaka en Zambie depuis hier, le Pr\u00e9sident du Conseil Militaire de Transition, Pr\u00e9sident en exercice de la Communaut\u00e9 ...\" \/>\n<meta property=\"og:url\" content=\"https:\/\/www.africa-press.net\/tchad\/politique\/ua-ouverture-du-4eme-sommet-de-coordination-avec-les-cer\" \/>\n<meta property=\"og:site_name\" content=\"tchad\" \/>\n<meta property=\"article:published_time\" content=\"2022-07-18T16:57:37+00:00\" \/>\n<meta property=\"article:modified_time\" content=\"2022-07-18T17:20:32+00:00\" \/>\n<meta property=\"og:image\" content=\"https:\/\/static.africa-press.net\/tchad\/sites\/41\/2022\/07\/postQueueImg_15-62d5964d6fc3c.jpg\" \/>\n\t<meta property=\"og:image:width\" content=\"1023\" \/>\n\t<meta property=\"og:image:height\" content=\"624\" \/>\n\t<meta property=\"og:image:type\" content=\"image\/jpeg\" \/>\n<meta name=\"author\" content=\"cfeditorfr\" \/>\n<meta name=\"twitter:card\" content=\"summary_large_image\" \/>\n<meta name=\"twitter:label1\" content=\"\u00c9crit par\" \/>\n\t<meta name=\"twitter:data1\" content=\"cfeditorfr\" \/>\n\t<meta name=\"twitter:label2\" content=\"Dur\u00e9e de lecture estim\u00e9e\" \/>\n\t<meta name=\"twitter:data2\" content=\"4 minutes\" \/>\n<script type=\"application\/ld+json\" class=\"yoast-schema-graph\">{\"@context\":\"https:\/\/schema.org\",\"@graph\":[{\"@type\":\"Article\",\"@id\":\"https:\/\/www.africa-press.net\/tchad\/politique\/ua-ouverture-du-4eme-sommet-de-coordination-avec-les-cer#article\",\"isPartOf\":{\"@id\":\"https:\/\/www.africa-press.net\/tchad\/politique\/ua-ouverture-du-4eme-sommet-de-coordination-avec-les-cer\"},\"author\":{\"name\":\"cfeditorfr\",\"@id\":\"https:\/\/www.africa-press.net\/tchad\/#\/schema\/person\/2b1cf3cd81a31e3cd26889ca66d677f1\"},\"headline\":\"UA : ouverture du 4\u00e8me Sommet de Coordination avec les CER\",\"datePublished\":\"2022-07-18T16:57:37+00:00\",\"dateModified\":\"2022-07-18T17:20:32+00:00\",\"mainEntityOfPage\":{\"@id\":\"https:\/\/www.africa-press.net\/tchad\/politique\/ua-ouverture-du-4eme-sommet-de-coordination-avec-les-cer\"},\"wordCount\":840,\"commentCount\":0,\"image\":{\"@id\":\"https:\/\/www.africa-press.net\/tchad\/politique\/ua-ouverture-du-4eme-sommet-de-coordination-avec-les-cer#primaryimage\"},\"thumbnailUrl\":\"https:\/\/static.africa-press.net\/tchad\/sites\/41\/2022\/07\/postQueueImg_15-62d5964d6fc3c.jpg\",\"keywords\":[\"Africa Press\",\"Africa Press-Tchad\",\"Tchad\"],\"articleSection\":[\"homepage-french\",\"Politique\",\"Top Nouvelles\",\"Toutes les actualit\u00e9s\"],\"inLanguage\":\"fr-FR\",\"potentialAction\":[{\"@type\":\"CommentAction\",\"name\":\"Comment\",\"target\":[\"https:\/\/www.africa-press.net\/tchad\/politique\/ua-ouverture-du-4eme-sommet-de-coordination-avec-les-cer#respond\"]}]},{\"@type\":\"WebPage\",\"@id\":\"https:\/\/www.africa-press.net\/tchad\/politique\/ua-ouverture-du-4eme-sommet-de-coordination-avec-les-cer\",\"url\":\"https:\/\/www.africa-press.net\/tchad\/politique\/ua-ouverture-du-4eme-sommet-de-coordination-avec-les-cer\",\"name\":\"UA : ouverture du 4\u00e8me Sommet de Coordination avec les CER - tchad\",\"isPartOf\":{\"@id\":\"https:\/\/www.africa-press.net\/tchad\/#website\"},\"primaryImageOfPage\":{\"@id\":\"https:\/\/www.africa-press.net\/tchad\/politique\/ua-ouverture-du-4eme-sommet-de-coordination-avec-les-cer#primaryimage\"},\"image\":{\"@id\":\"https:\/\/www.africa-press.net\/tchad\/politique\/ua-ouverture-du-4eme-sommet-de-coordination-avec-les-cer#primaryimage\"},\"thumbnailUrl\":\"https:\/\/static.africa-press.net\/tchad\/sites\/41\/2022\/07\/postQueueImg_15-62d5964d6fc3c.jpg\",\"datePublished\":\"2022-07-18T16:57:37+00:00\",\"dateModified\":\"2022-07-18T17:20:32+00:00\",\"author\":{\"@id\":\"https:\/\/www.africa-press.net\/tchad\/#\/schema\/person\/2b1cf3cd81a31e3cd26889ca66d677f1\"},\"description\":\"A Lusaka en Zambie depuis hier, le Pr\u00e9sident du Conseil Militaire de Transition, Pr\u00e9sident en exercice de la Communaut\u00e9 ...\",\"breadcrumb\":{\"@id\":\"https:\/\/www.africa-press.net\/tchad\/politique\/ua-ouverture-du-4eme-sommet-de-coordination-avec-les-cer#breadcrumb\"},\"inLanguage\":\"fr-FR\",\"potentialAction\":[{\"@type\":\"ReadAction\",\"target\":[\"https:\/\/www.africa-press.net\/tchad\/politique\/ua-ouverture-du-4eme-sommet-de-coordination-avec-les-cer\"]}]},{\"@type\":\"ImageObject\",\"inLanguage\":\"fr-FR\",\"@id\":\"https:\/\/www.africa-press.net\/tchad\/politique\/ua-ouverture-du-4eme-sommet-de-coordination-avec-les-cer#primaryimage\",\"url\":\"https:\/\/static.africa-press.net\/tchad\/sites\/41\/2022\/07\/postQueueImg_15-62d5964d6fc3c.jpg\",\"contentUrl\":\"https:\/\/static.africa-press.net\/tchad\/sites\/41\/2022\/07\/postQueueImg_15-62d5964d6fc3c.jpg\",\"width\":1023,\"height\":624,\"caption\":\"UA : ouverture du 4\u00e8me Sommet de Coordination avec les CER\"},{\"@type\":\"BreadcrumbList\",\"@id\":\"https:\/\/www.africa-press.net\/tchad\/politique\/ua-ouverture-du-4eme-sommet-de-coordination-avec-les-cer#breadcrumb\",\"itemListElement\":[{\"@type\":\"ListItem\",\"position\":1,\"name\":\"Accueil\",\"item\":\"https:\/\/www.africa-press.net\/tchad\/\"},{\"@type\":\"ListItem\",\"position\":2,\"name\":\"UA : ouverture du 4\u00e8me Sommet de Coordination avec les CER\"}]},{\"@type\":\"WebSite\",\"@id\":\"https:\/\/www.africa-press.net\/tchad\/#website\",\"url\":\"https:\/\/www.africa-press.net\/tchad\/\",\"name\":\"tchad\",\"description\":\"Just another Africa News Agency Sites site\",\"potentialAction\":[{\"@type\":\"SearchAction\",\"target\":{\"@type\":\"EntryPoint\",\"urlTemplate\":\"https:\/\/www.africa-press.net\/tchad\/?s={search_term_string}\"},\"query-input\":{\"@type\":\"PropertyValueSpecification\",\"valueRequired\":true,\"valueName\":\"search_term_string\"}}],\"inLanguage\":\"fr-FR\"},{\"@type\":\"Person\",\"@id\":\"https:\/\/www.africa-press.net\/tchad\/#\/schema\/person\/2b1cf3cd81a31e3cd26889ca66d677f1\",\"name\":\"cfeditorfr\"}]}<\/script>\n<!-- \/ Yoast SEO Premium plugin. -->","yoast_head_json":{"title":"UA : ouverture du 4\u00e8me Sommet de Coordination avec les CER - tchad","description":"A Lusaka en Zambie depuis hier, le Pr\u00e9sident du Conseil Militaire de Transition, Pr\u00e9sident en exercice de la Communaut\u00e9 ...","robots":{"index":"index","follow":"follow","max-snippet":"max-snippet:-1","max-image-preview":"max-image-preview:large","max-video-preview":"max-video-preview:-1"},"canonical":"https:\/\/www.africa-press.net\/tchad\/politique\/ua-ouverture-du-4eme-sommet-de-coordination-avec-les-cer","og_locale":"fr_FR","og_type":"article","og_title":"UA : ouverture du 4\u00e8me Sommet de Coordination avec les CER","og_description":"A Lusaka en Zambie depuis hier, le Pr\u00e9sident du Conseil Militaire de Transition, Pr\u00e9sident en exercice de la Communaut\u00e9 ...","og_url":"https:\/\/www.africa-press.net\/tchad\/politique\/ua-ouverture-du-4eme-sommet-de-coordination-avec-les-cer","og_site_name":"tchad","article_published_time":"2022-07-18T16:57:37+00:00","article_modified_time":"2022-07-18T17:20:32+00:00","og_image":[{"width":1023,"height":624,"url":"https:\/\/static.africa-press.net\/tchad\/sites\/41\/2022\/07\/postQueueImg_15-62d5964d6fc3c.jpg","type":"image\/jpeg"}],"author":"cfeditorfr","twitter_card":"summary_large_image","twitter_misc":{"\u00c9crit par":"cfeditorfr","Dur\u00e9e de lecture estim\u00e9e":"4 minutes"},"schema":{"@context":"https:\/\/schema.org","@graph":[{"@type":"Article","@id":"https:\/\/www.africa-press.net\/tchad\/politique\/ua-ouverture-du-4eme-sommet-de-coordination-avec-les-cer#article","isPartOf":{"@id":"https:\/\/www.africa-press.net\/tchad\/politique\/ua-ouverture-du-4eme-sommet-de-coordination-avec-les-cer"},"author":{"name":"cfeditorfr","@id":"https:\/\/www.africa-press.net\/tchad\/#\/schema\/person\/2b1cf3cd81a31e3cd26889ca66d677f1"},"headline":"UA : ouverture du 4\u00e8me Sommet de Coordination avec les CER","datePublished":"2022-07-18T16:57:37+00:00","dateModified":"2022-07-18T17:20:32+00:00","mainEntityOfPage":{"@id":"https:\/\/www.africa-press.net\/tchad\/politique\/ua-ouverture-du-4eme-sommet-de-coordination-avec-les-cer"},"wordCount":840,"commentCount":0,"image":{"@id":"https:\/\/www.africa-press.net\/tchad\/politique\/ua-ouverture-du-4eme-sommet-de-coordination-avec-les-cer#primaryimage"},"thumbnailUrl":"https:\/\/static.africa-press.net\/tchad\/sites\/41\/2022\/07\/postQueueImg_15-62d5964d6fc3c.jpg","keywords":["Africa Press","Africa Press-Tchad","Tchad"],"articleSection":["homepage-french","Politique","Top Nouvelles","Toutes les actualit\u00e9s"],"inLanguage":"fr-FR","potentialAction":[{"@type":"CommentAction","name":"Comment","target":["https:\/\/www.africa-press.net\/tchad\/politique\/ua-ouverture-du-4eme-sommet-de-coordination-avec-les-cer#respond"]}]},{"@type":"WebPage","@id":"https:\/\/www.africa-press.net\/tchad\/politique\/ua-ouverture-du-4eme-sommet-de-coordination-avec-les-cer","url":"https:\/\/www.africa-press.net\/tchad\/politique\/ua-ouverture-du-4eme-sommet-de-coordination-avec-les-cer","name":"UA : ouverture du 4\u00e8me Sommet de Coordination avec les CER - tchad","isPartOf":{"@id":"https:\/\/www.africa-press.net\/tchad\/#website"},"primaryImageOfPage":{"@id":"https:\/\/www.africa-press.net\/tchad\/politique\/ua-ouverture-du-4eme-sommet-de-coordination-avec-les-cer#primaryimage"},"image":{"@id":"https:\/\/www.africa-press.net\/tchad\/politique\/ua-ouverture-du-4eme-sommet-de-coordination-avec-les-cer#primaryimage"},"thumbnailUrl":"https:\/\/static.africa-press.net\/tchad\/sites\/41\/2022\/07\/postQueueImg_15-62d5964d6fc3c.jpg","datePublished":"2022-07-18T16:57:37+00:00","dateModified":"2022-07-18T17:20:32+00:00","author":{"@id":"https:\/\/www.africa-press.net\/tchad\/#\/schema\/person\/2b1cf3cd81a31e3cd26889ca66d677f1"},"description":"A Lusaka en Zambie depuis hier, le Pr\u00e9sident du Conseil Militaire de Transition, Pr\u00e9sident en exercice de la Communaut\u00e9 ...","breadcrumb":{"@id":"https:\/\/www.africa-press.net\/tchad\/politique\/ua-ouverture-du-4eme-sommet-de-coordination-avec-les-cer#breadcrumb"},"inLanguage":"fr-FR","potentialAction":[{"@type":"ReadAction","target":["https:\/\/www.africa-press.net\/tchad\/politique\/ua-ouverture-du-4eme-sommet-de-coordination-avec-les-cer"]}]},{"@type":"ImageObject","inLanguage":"fr-FR","@id":"https:\/\/www.africa-press.net\/tchad\/politique\/ua-ouverture-du-4eme-sommet-de-coordination-avec-les-cer#primaryimage","url":"https:\/\/static.africa-press.net\/tchad\/sites\/41\/2022\/07\/postQueueImg_15-62d5964d6fc3c.jpg","contentUrl":"https:\/\/static.africa-press.net\/tchad\/sites\/41\/2022\/07\/postQueueImg_15-62d5964d6fc3c.jpg","width":1023,"height":624,"caption":"UA : ouverture du 4\u00e8me Sommet de Coordination avec les CER"},{"@type":"BreadcrumbList","@id":"https:\/\/www.africa-press.net\/tchad\/politique\/ua-ouverture-du-4eme-sommet-de-coordination-avec-les-cer#breadcrumb","itemListElement":[{"@type":"ListItem","position":1,"name":"Accueil","item":"https:\/\/www.africa-press.net\/tchad\/"},{"@type":"ListItem","position":2,"name":"UA : ouverture du 4\u00e8me Sommet de Coordination avec les CER"}]},{"@type":"WebSite","@id":"https:\/\/www.africa-press.net\/tchad\/#website","url":"https:\/\/www.africa-press.net\/tchad\/","name":"tchad","description":"Just another Africa News Agency Sites site","potentialAction":[{"@type":"SearchAction","target":{"@type":"EntryPoint","urlTemplate":"https:\/\/www.africa-press.net\/tchad\/?s={search_term_string}"},"query-input":{"@type":"PropertyValueSpecification","valueRequired":true,"valueName":"search_term_string"}}],"inLanguage":"fr-FR"},{"@type":"Person","@id":"https:\/\/www.africa-press.net\/tchad\/#\/schema\/person\/2b1cf3cd81a31e3cd26889ca66d677f1","name":"cfeditorfr"}]}},"_links":{"self":[{"href":"https:\/\/www.africa-press.net\/tchad\/wp-json\/wp\/v2\/posts\/29092","targetHints":{"allow":["GET"]}}],"collection":[{"href":"https:\/\/www.africa-press.net\/tchad\/wp-json\/wp\/v2\/posts"}],"about":[{"href":"https:\/\/www.africa-press.net\/tchad\/wp-json\/wp\/v2\/types\/post"}],"author":[{"embeddable":true,"href":"https:\/\/www.africa-press.net\/tchad\/wp-json\/wp\/v2\/users\/82"}],"replies":[{"embeddable":true,"href":"https:\/\/www.africa-press.net\/tchad\/wp-json\/wp\/v2\/comments?post=29092"}],"version-history":[{"count":0,"href":"https:\/\/www.africa-press.net\/tchad\/wp-json\/wp\/v2\/posts\/29092\/revisions"}],"wp:featuredmedia":[{"embeddable":true,"href":"https:\/\/www.africa-press.net\/tchad\/wp-json\/wp\/v2\/media\/29091"}],"wp:attachment":[{"href":"https:\/\/www.africa-press.net\/tchad\/wp-json\/wp\/v2\/media?parent=29092"}],"wp:term":[{"taxonomy":"category","embeddable":true,"href":"https:\/\/www.africa-press.net\/tchad\/wp-json\/wp\/v2\/categories?post=29092"},{"taxonomy":"post_tag","embeddable":true,"href":"https:\/\/www.africa-press.net\/tchad\/wp-json\/wp\/v2\/tags?post=29092"}],"curies":[{"name":"wp","href":"https:\/\/api.w.org\/{rel}","templated":true}]}}