{"id":29098,"date":"2022-07-18T16:59:34","date_gmt":"2022-07-18T16:59:34","guid":{"rendered":"https:\/\/www.africa-press.net\/tchad\/politique\/relations-tchad-etats-unis-le-ministre-des-affaires-etrangeres-echange-avec-une-delegation-americaine"},"modified":"2022-07-18T17:21:20","modified_gmt":"2022-07-18T17:21:20","slug":"relations-tchad-etats-unis-le-ministre-des-affaires-etrangeres-echange-avec-une-delegation-americaine","status":"publish","type":"post","link":"https:\/\/www.africa-press.net\/tchad\/politique\/relations-tchad-etats-unis-le-ministre-des-affaires-etrangeres-echange-avec-une-delegation-americaine","title":{"rendered":"Relations Tchad-Etats Unis : le ministre des Affaires \u00e9trang\u00e8res \u00e9change avec une d\u00e9l\u00e9gation am\u00e9ricaine"},"content":{"rendered":"<p><span style=\"color: #ff6600\"><strong>Africa-Press &#8211; Tchad. <\/strong><\/span>En marge de sa participation au 4\u00e8me Sommet de Coordination entre l\u2019Union africaine et ses partenaires \u00e0 Lusaka en Zambie, le ministre des Affaires \u00e9trang\u00e8res, de l\u2019int\u00e9gration africaine et des Tchadiens de l\u2019\u00e9tranger, l\u2019ambassadeur Ch\u00e9rif Mahamat Z\u00e8ne, a accord\u00e9 une audience, ce matin, \u00e0 une d\u00e9l\u00e9gation am\u00e9ricaine conduite par Ervin Massinga, conseiller du secr\u00e9taire d\u2019\u00c9tat aux Affaires \u00e9trang\u00e8res et principal sous-secr\u00e9taire adjoint du D\u00e9partement d\u2019\u00c9tat en charge des questions africaines et de l\u2019ambassadrice de des \u00c9tats-Unis aupr\u00e8s de l\u2019Union africaine S.<\/p>\n<p>E Jessey Lapenn, rapporte le service de presse du minist\u00e8re des Affaires \u00e9trang\u00e8res.<\/p>\n<p>\u201cDes \u00e9changes fructueux ont permis aux deux d\u00e9l\u00e9gations de toucher du doigt des questions r\u00e9gionales et internationales, la situation s\u00e9curitaire dans le Sahel, la transition politique en cours au Tchad et notamment le renforcement du soutien, sur le plan \u00e9conomique, par les \u00c9tats-Unis au profit du Tchad\u201d, peut-on lire.<\/p>\n<p>La m\u00eame source pr\u00e9cise que le conseiller du chef de la diplomatie am\u00e9ricaine, tout en saluant les \u201cexcellentes relations\u201d qui existent entre les deux pays, a annonc\u00e9 au chef de la diplomatie tchadienne que le s\u00e9nat am\u00e9ricain a approuv\u00e9 l\u2019envoi d\u2019un nouvel ambassadeur accr\u00e9dit\u00e9 aupr\u00e8s du Tchad.<\/p>\n<p>\u201cPour le diplomate americain, la nomination de cet ambassadeur au Tchad marque une \u00e9tape importante dans le renforcement de la coop\u00e9ration bilat\u00e9rale entre le Tchad et les \u00c9tats-Unis\u201d, conclut le service de presse du minist\u00e8re des Affaires \u00e9trang\u00e8res.<\/p>\n<p>Cette rencontre intervient apr\u00e8s une passe d\u2019armes entre les deux pays.<\/p>\n<p>La charg\u00e9e d\u2019affaires de l\u2019ambassade des Etats-Unis au Tchad, avait en effet rappel\u00e9 aux membres du Conseil militaire de transition leur engagement de passer dans les meilleurs d\u00e9lais le pouvoir au civil \u00e0 travers des \u00e9lections auxquelles ils ne seront pas candidat.<\/p>\n<p>Puis le s\u00e9nateur Bob Menendez avait d\u00e9pos\u00e9 au s\u00e9nat pour approbation un projet qui a pour but d\u2019infliger des sanctions si la junte au pouvoir n\u2019organise pas les \u00e9lections dans le d\u00e9lai fix\u00e9 par l\u2019Union africaine.<\/p>\n<p>Des sorties auxquelles le chef de la transition tchadienne a vivement r\u00e9agi en indiquant le Tchad, un pays souverain n\u2019avait pas de le\u00e7ons \u00e0 recevoir.<\/p>\n<p><strong>Pour plus d&rsquo;informations et d&rsquo;analyses sur la <a href=\"https:\/\/www.africa-press.net\/tchad\">Tchad<\/a>, suivez <a href=\"https:\/\/www.africa-press.net\/\">Africa-Press<\/a><\/strong><\/p>\n","protected":false},"excerpt":{"rendered":"<p>Africa-Press &#8211; Tchad. En marge de sa participation au 4\u00e8me Sommet de Coordination entre l\u2019Union africaine et ses partenaires \u00e0 Lusaka en Zambie, le ministre des Affaires \u00e9trang\u00e8res, de l\u2019int\u00e9gration africaine et des Tchadiens de l\u2019\u00e9tranger, l\u2019ambassadeur Ch\u00e9rif Mahamat Z\u00e8ne, a accord\u00e9 une audience, ce matin, \u00e0 une d\u00e9l\u00e9gation am\u00e9ricaine conduite par Ervin Massinga, conseiller [&hellip;]<\/p>\n","protected":false},"author":82,"featured_media":29097,"comment_status":"open","ping_status":"closed","sticky":false,"template":"","format":"standard","meta":{"footnotes":""},"categories":[11,2,10],"tags":[37,292,29],"class_list":["post-29098","post","type-post","status-publish","format-standard","has-post-thumbnail","hentry","category-homepage-french","category-politique","category-toutes-les-actualites","tag-africa-press","tag-africa-press-tchad","tag-tchad"],"yoast_head":"<!-- This site is optimized with the Yoast SEO Premium plugin v26.1 (Yoast SEO v27.0) - https:\/\/yoast.com\/product\/yoast-seo-premium-wordpress\/ -->\n<title>Relations Tchad-Etats Unis : le ministre des Affaires \u00e9trang\u00e8res \u00e9change avec une d\u00e9l\u00e9gation am\u00e9ricaine - tchad<\/title>\n<meta name=\"description\" content=\"En marge de sa participation au 4\u00e8me Sommet de Coordination entre l\u2019Union africaine et ses partenaires \u00e0 Lusaka en Zambi ...\" \/>\n<meta name=\"robots\" content=\"index, follow, max-snippet:-1, max-image-preview:large, max-video-preview:-1\" \/>\n<link rel=\"canonical\" href=\"https:\/\/www.africa-press.net\/tchad\/politique\/relations-tchad-etats-unis-le-ministre-des-affaires-etrangeres-echange-avec-une-delegation-americaine\" \/>\n<meta property=\"og:locale\" content=\"fr_FR\" \/>\n<meta property=\"og:type\" content=\"article\" \/>\n<meta property=\"og:title\" content=\"Relations Tchad-Etats Unis : le ministre des Affaires \u00e9trang\u00e8res \u00e9change avec une d\u00e9l\u00e9gation am\u00e9ricaine\" \/>\n<meta property=\"og:description\" content=\"En marge de sa participation au 4\u00e8me Sommet de Coordination entre l\u2019Union africaine et ses partenaires \u00e0 Lusaka en Zambi ...\" \/>\n<meta property=\"og:url\" content=\"https:\/\/www.africa-press.net\/tchad\/politique\/relations-tchad-etats-unis-le-ministre-des-affaires-etrangeres-echange-avec-une-delegation-americaine\" \/>\n<meta property=\"og:site_name\" content=\"tchad\" \/>\n<meta property=\"article:published_time\" content=\"2022-07-18T16:59:34+00:00\" \/>\n<meta property=\"article:modified_time\" content=\"2022-07-18T17:21:20+00:00\" \/>\n<meta property=\"og:image\" content=\"https:\/\/static.africa-press.net\/tchad\/sites\/41\/2022\/07\/postQueueImg_17-62d5967ed6422.jpg\" \/>\n\t<meta property=\"og:image:width\" content=\"696\" \/>\n\t<meta property=\"og:image:height\" content=\"464\" \/>\n\t<meta property=\"og:image:type\" content=\"image\/jpeg\" \/>\n<meta name=\"author\" content=\"cfeditorfr\" \/>\n<meta name=\"twitter:card\" content=\"summary_large_image\" \/>\n<meta name=\"twitter:label1\" content=\"\u00c9crit par\" \/>\n\t<meta name=\"twitter:data1\" content=\"cfeditorfr\" \/>\n\t<meta name=\"twitter:label2\" content=\"Dur\u00e9e de lecture estim\u00e9e\" \/>\n\t<meta name=\"twitter:data2\" content=\"2 minutes\" \/>\n<script type=\"application\/ld+json\" class=\"yoast-schema-graph\">{\"@context\":\"https:\/\/schema.org\",\"@graph\":[{\"@type\":\"Article\",\"@id\":\"https:\/\/www.africa-press.net\/tchad\/politique\/relations-tchad-etats-unis-le-ministre-des-affaires-etrangeres-echange-avec-une-delegation-americaine#article\",\"isPartOf\":{\"@id\":\"https:\/\/www.africa-press.net\/tchad\/politique\/relations-tchad-etats-unis-le-ministre-des-affaires-etrangeres-echange-avec-une-delegation-americaine\"},\"author\":{\"name\":\"cfeditorfr\",\"@id\":\"https:\/\/www.africa-press.net\/tchad\/#\/schema\/person\/2b1cf3cd81a31e3cd26889ca66d677f1\"},\"headline\":\"Relations Tchad-Etats Unis : le ministre des Affaires \u00e9trang\u00e8res \u00e9change avec une d\u00e9l\u00e9gation am\u00e9ricaine\",\"datePublished\":\"2022-07-18T16:59:34+00:00\",\"dateModified\":\"2022-07-18T17:21:20+00:00\",\"mainEntityOfPage\":{\"@id\":\"https:\/\/www.africa-press.net\/tchad\/politique\/relations-tchad-etats-unis-le-ministre-des-affaires-etrangeres-echange-avec-une-delegation-americaine\"},\"wordCount\":425,\"commentCount\":0,\"image\":{\"@id\":\"https:\/\/www.africa-press.net\/tchad\/politique\/relations-tchad-etats-unis-le-ministre-des-affaires-etrangeres-echange-avec-une-delegation-americaine#primaryimage\"},\"thumbnailUrl\":\"https:\/\/static.africa-press.net\/tchad\/sites\/41\/2022\/07\/postQueueImg_17-62d5967ed6422.jpg\",\"keywords\":[\"Africa Press\",\"Africa Press-Tchad\",\"Tchad\"],\"articleSection\":[\"homepage-french\",\"Politique\",\"Toutes les actualit\u00e9s\"],\"inLanguage\":\"fr-FR\",\"potentialAction\":[{\"@type\":\"CommentAction\",\"name\":\"Comment\",\"target\":[\"https:\/\/www.africa-press.net\/tchad\/politique\/relations-tchad-etats-unis-le-ministre-des-affaires-etrangeres-echange-avec-une-delegation-americaine#respond\"]}]},{\"@type\":\"WebPage\",\"@id\":\"https:\/\/www.africa-press.net\/tchad\/politique\/relations-tchad-etats-unis-le-ministre-des-affaires-etrangeres-echange-avec-une-delegation-americaine\",\"url\":\"https:\/\/www.africa-press.net\/tchad\/politique\/relations-tchad-etats-unis-le-ministre-des-affaires-etrangeres-echange-avec-une-delegation-americaine\",\"name\":\"Relations Tchad-Etats Unis : le ministre des Affaires \u00e9trang\u00e8res \u00e9change avec une d\u00e9l\u00e9gation am\u00e9ricaine - tchad\",\"isPartOf\":{\"@id\":\"https:\/\/www.africa-press.net\/tchad\/#website\"},\"primaryImageOfPage\":{\"@id\":\"https:\/\/www.africa-press.net\/tchad\/politique\/relations-tchad-etats-unis-le-ministre-des-affaires-etrangeres-echange-avec-une-delegation-americaine#primaryimage\"},\"image\":{\"@id\":\"https:\/\/www.africa-press.net\/tchad\/politique\/relations-tchad-etats-unis-le-ministre-des-affaires-etrangeres-echange-avec-une-delegation-americaine#primaryimage\"},\"thumbnailUrl\":\"https:\/\/static.africa-press.net\/tchad\/sites\/41\/2022\/07\/postQueueImg_17-62d5967ed6422.jpg\",\"datePublished\":\"2022-07-18T16:59:34+00:00\",\"dateModified\":\"2022-07-18T17:21:20+00:00\",\"author\":{\"@id\":\"https:\/\/www.africa-press.net\/tchad\/#\/schema\/person\/2b1cf3cd81a31e3cd26889ca66d677f1\"},\"description\":\"En marge de sa participation au 4\u00e8me Sommet de Coordination entre l\u2019Union africaine et ses partenaires \u00e0 Lusaka en Zambi ...\",\"breadcrumb\":{\"@id\":\"https:\/\/www.africa-press.net\/tchad\/politique\/relations-tchad-etats-unis-le-ministre-des-affaires-etrangeres-echange-avec-une-delegation-americaine#breadcrumb\"},\"inLanguage\":\"fr-FR\",\"potentialAction\":[{\"@type\":\"ReadAction\",\"target\":[\"https:\/\/www.africa-press.net\/tchad\/politique\/relations-tchad-etats-unis-le-ministre-des-affaires-etrangeres-echange-avec-une-delegation-americaine\"]}]},{\"@type\":\"ImageObject\",\"inLanguage\":\"fr-FR\",\"@id\":\"https:\/\/www.africa-press.net\/tchad\/politique\/relations-tchad-etats-unis-le-ministre-des-affaires-etrangeres-echange-avec-une-delegation-americaine#primaryimage\",\"url\":\"https:\/\/static.africa-press.net\/tchad\/sites\/41\/2022\/07\/postQueueImg_17-62d5967ed6422.jpg\",\"contentUrl\":\"https:\/\/static.africa-press.net\/tchad\/sites\/41\/2022\/07\/postQueueImg_17-62d5967ed6422.jpg\",\"width\":696,\"height\":464,\"caption\":\"Relations Tchad-Etats Unis : le ministre des Affaires \u00e9trang\u00e8res \u00e9change avec une d\u00e9l\u00e9gation am\u00e9ricaine\"},{\"@type\":\"BreadcrumbList\",\"@id\":\"https:\/\/www.africa-press.net\/tchad\/politique\/relations-tchad-etats-unis-le-ministre-des-affaires-etrangeres-echange-avec-une-delegation-americaine#breadcrumb\",\"itemListElement\":[{\"@type\":\"ListItem\",\"position\":1,\"name\":\"Accueil\",\"item\":\"https:\/\/www.africa-press.net\/tchad\/\"},{\"@type\":\"ListItem\",\"position\":2,\"name\":\"Relations Tchad-Etats Unis : le ministre des Affaires \u00e9trang\u00e8res \u00e9change avec une d\u00e9l\u00e9gation am\u00e9ricaine\"}]},{\"@type\":\"WebSite\",\"@id\":\"https:\/\/www.africa-press.net\/tchad\/#website\",\"url\":\"https:\/\/www.africa-press.net\/tchad\/\",\"name\":\"tchad\",\"description\":\"Just another Africa News Agency Sites site\",\"potentialAction\":[{\"@type\":\"SearchAction\",\"target\":{\"@type\":\"EntryPoint\",\"urlTemplate\":\"https:\/\/www.africa-press.net\/tchad\/?s={search_term_string}\"},\"query-input\":{\"@type\":\"PropertyValueSpecification\",\"valueRequired\":true,\"valueName\":\"search_term_string\"}}],\"inLanguage\":\"fr-FR\"},{\"@type\":\"Person\",\"@id\":\"https:\/\/www.africa-press.net\/tchad\/#\/schema\/person\/2b1cf3cd81a31e3cd26889ca66d677f1\",\"name\":\"cfeditorfr\"}]}<\/script>\n<!-- \/ Yoast SEO Premium plugin. -->","yoast_head_json":{"title":"Relations Tchad-Etats Unis : le ministre des Affaires \u00e9trang\u00e8res \u00e9change avec une d\u00e9l\u00e9gation am\u00e9ricaine - tchad","description":"En marge de sa participation au 4\u00e8me Sommet de Coordination entre l\u2019Union africaine et ses partenaires \u00e0 Lusaka en Zambi ...","robots":{"index":"index","follow":"follow","max-snippet":"max-snippet:-1","max-image-preview":"max-image-preview:large","max-video-preview":"max-video-preview:-1"},"canonical":"https:\/\/www.africa-press.net\/tchad\/politique\/relations-tchad-etats-unis-le-ministre-des-affaires-etrangeres-echange-avec-une-delegation-americaine","og_locale":"fr_FR","og_type":"article","og_title":"Relations Tchad-Etats Unis : le ministre des Affaires \u00e9trang\u00e8res \u00e9change avec une d\u00e9l\u00e9gation am\u00e9ricaine","og_description":"En marge de sa participation au 4\u00e8me Sommet de Coordination entre l\u2019Union africaine et ses partenaires \u00e0 Lusaka en Zambi ...","og_url":"https:\/\/www.africa-press.net\/tchad\/politique\/relations-tchad-etats-unis-le-ministre-des-affaires-etrangeres-echange-avec-une-delegation-americaine","og_site_name":"tchad","article_published_time":"2022-07-18T16:59:34+00:00","article_modified_time":"2022-07-18T17:21:20+00:00","og_image":[{"width":696,"height":464,"url":"https:\/\/static.africa-press.net\/tchad\/sites\/41\/2022\/07\/postQueueImg_17-62d5967ed6422.jpg","type":"image\/jpeg"}],"author":"cfeditorfr","twitter_card":"summary_large_image","twitter_misc":{"\u00c9crit par":"cfeditorfr","Dur\u00e9e de lecture estim\u00e9e":"2 minutes"},"schema":{"@context":"https:\/\/schema.org","@graph":[{"@type":"Article","@id":"https:\/\/www.africa-press.net\/tchad\/politique\/relations-tchad-etats-unis-le-ministre-des-affaires-etrangeres-echange-avec-une-delegation-americaine#article","isPartOf":{"@id":"https:\/\/www.africa-press.net\/tchad\/politique\/relations-tchad-etats-unis-le-ministre-des-affaires-etrangeres-echange-avec-une-delegation-americaine"},"author":{"name":"cfeditorfr","@id":"https:\/\/www.africa-press.net\/tchad\/#\/schema\/person\/2b1cf3cd81a31e3cd26889ca66d677f1"},"headline":"Relations Tchad-Etats Unis : le ministre des Affaires \u00e9trang\u00e8res \u00e9change avec une d\u00e9l\u00e9gation am\u00e9ricaine","datePublished":"2022-07-18T16:59:34+00:00","dateModified":"2022-07-18T17:21:20+00:00","mainEntityOfPage":{"@id":"https:\/\/www.africa-press.net\/tchad\/politique\/relations-tchad-etats-unis-le-ministre-des-affaires-etrangeres-echange-avec-une-delegation-americaine"},"wordCount":425,"commentCount":0,"image":{"@id":"https:\/\/www.africa-press.net\/tchad\/politique\/relations-tchad-etats-unis-le-ministre-des-affaires-etrangeres-echange-avec-une-delegation-americaine#primaryimage"},"thumbnailUrl":"https:\/\/static.africa-press.net\/tchad\/sites\/41\/2022\/07\/postQueueImg_17-62d5967ed6422.jpg","keywords":["Africa Press","Africa Press-Tchad","Tchad"],"articleSection":["homepage-french","Politique","Toutes les actualit\u00e9s"],"inLanguage":"fr-FR","potentialAction":[{"@type":"CommentAction","name":"Comment","target":["https:\/\/www.africa-press.net\/tchad\/politique\/relations-tchad-etats-unis-le-ministre-des-affaires-etrangeres-echange-avec-une-delegation-americaine#respond"]}]},{"@type":"WebPage","@id":"https:\/\/www.africa-press.net\/tchad\/politique\/relations-tchad-etats-unis-le-ministre-des-affaires-etrangeres-echange-avec-une-delegation-americaine","url":"https:\/\/www.africa-press.net\/tchad\/politique\/relations-tchad-etats-unis-le-ministre-des-affaires-etrangeres-echange-avec-une-delegation-americaine","name":"Relations Tchad-Etats Unis : le ministre des Affaires \u00e9trang\u00e8res \u00e9change avec une d\u00e9l\u00e9gation am\u00e9ricaine - tchad","isPartOf":{"@id":"https:\/\/www.africa-press.net\/tchad\/#website"},"primaryImageOfPage":{"@id":"https:\/\/www.africa-press.net\/tchad\/politique\/relations-tchad-etats-unis-le-ministre-des-affaires-etrangeres-echange-avec-une-delegation-americaine#primaryimage"},"image":{"@id":"https:\/\/www.africa-press.net\/tchad\/politique\/relations-tchad-etats-unis-le-ministre-des-affaires-etrangeres-echange-avec-une-delegation-americaine#primaryimage"},"thumbnailUrl":"https:\/\/static.africa-press.net\/tchad\/sites\/41\/2022\/07\/postQueueImg_17-62d5967ed6422.jpg","datePublished":"2022-07-18T16:59:34+00:00","dateModified":"2022-07-18T17:21:20+00:00","author":{"@id":"https:\/\/www.africa-press.net\/tchad\/#\/schema\/person\/2b1cf3cd81a31e3cd26889ca66d677f1"},"description":"En marge de sa participation au 4\u00e8me Sommet de Coordination entre l\u2019Union africaine et ses partenaires \u00e0 Lusaka en Zambi ...","breadcrumb":{"@id":"https:\/\/www.africa-press.net\/tchad\/politique\/relations-tchad-etats-unis-le-ministre-des-affaires-etrangeres-echange-avec-une-delegation-americaine#breadcrumb"},"inLanguage":"fr-FR","potentialAction":[{"@type":"ReadAction","target":["https:\/\/www.africa-press.net\/tchad\/politique\/relations-tchad-etats-unis-le-ministre-des-affaires-etrangeres-echange-avec-une-delegation-americaine"]}]},{"@type":"ImageObject","inLanguage":"fr-FR","@id":"https:\/\/www.africa-press.net\/tchad\/politique\/relations-tchad-etats-unis-le-ministre-des-affaires-etrangeres-echange-avec-une-delegation-americaine#primaryimage","url":"https:\/\/static.africa-press.net\/tchad\/sites\/41\/2022\/07\/postQueueImg_17-62d5967ed6422.jpg","contentUrl":"https:\/\/static.africa-press.net\/tchad\/sites\/41\/2022\/07\/postQueueImg_17-62d5967ed6422.jpg","width":696,"height":464,"caption":"Relations Tchad-Etats Unis : le ministre des Affaires \u00e9trang\u00e8res \u00e9change avec une d\u00e9l\u00e9gation am\u00e9ricaine"},{"@type":"BreadcrumbList","@id":"https:\/\/www.africa-press.net\/tchad\/politique\/relations-tchad-etats-unis-le-ministre-des-affaires-etrangeres-echange-avec-une-delegation-americaine#breadcrumb","itemListElement":[{"@type":"ListItem","position":1,"name":"Accueil","item":"https:\/\/www.africa-press.net\/tchad\/"},{"@type":"ListItem","position":2,"name":"Relations Tchad-Etats Unis : le ministre des Affaires \u00e9trang\u00e8res \u00e9change avec une d\u00e9l\u00e9gation am\u00e9ricaine"}]},{"@type":"WebSite","@id":"https:\/\/www.africa-press.net\/tchad\/#website","url":"https:\/\/www.africa-press.net\/tchad\/","name":"tchad","description":"Just another Africa News Agency Sites site","potentialAction":[{"@type":"SearchAction","target":{"@type":"EntryPoint","urlTemplate":"https:\/\/www.africa-press.net\/tchad\/?s={search_term_string}"},"query-input":{"@type":"PropertyValueSpecification","valueRequired":true,"valueName":"search_term_string"}}],"inLanguage":"fr-FR"},{"@type":"Person","@id":"https:\/\/www.africa-press.net\/tchad\/#\/schema\/person\/2b1cf3cd81a31e3cd26889ca66d677f1","name":"cfeditorfr"}]}},"_links":{"self":[{"href":"https:\/\/www.africa-press.net\/tchad\/wp-json\/wp\/v2\/posts\/29098","targetHints":{"allow":["GET"]}}],"collection":[{"href":"https:\/\/www.africa-press.net\/tchad\/wp-json\/wp\/v2\/posts"}],"about":[{"href":"https:\/\/www.africa-press.net\/tchad\/wp-json\/wp\/v2\/types\/post"}],"author":[{"embeddable":true,"href":"https:\/\/www.africa-press.net\/tchad\/wp-json\/wp\/v2\/users\/82"}],"replies":[{"embeddable":true,"href":"https:\/\/www.africa-press.net\/tchad\/wp-json\/wp\/v2\/comments?post=29098"}],"version-history":[{"count":0,"href":"https:\/\/www.africa-press.net\/tchad\/wp-json\/wp\/v2\/posts\/29098\/revisions"}],"wp:featuredmedia":[{"embeddable":true,"href":"https:\/\/www.africa-press.net\/tchad\/wp-json\/wp\/v2\/media\/29097"}],"wp:attachment":[{"href":"https:\/\/www.africa-press.net\/tchad\/wp-json\/wp\/v2\/media?parent=29098"}],"wp:term":[{"taxonomy":"category","embeddable":true,"href":"https:\/\/www.africa-press.net\/tchad\/wp-json\/wp\/v2\/categories?post=29098"},{"taxonomy":"post_tag","embeddable":true,"href":"https:\/\/www.africa-press.net\/tchad\/wp-json\/wp\/v2\/tags?post=29098"}],"curies":[{"name":"wp","href":"https:\/\/api.w.org\/{rel}","templated":true}]}}