{"id":29107,"date":"2022-07-18T17:07:21","date_gmt":"2022-07-18T17:07:21","guid":{"rendered":"https:\/\/www.africa-press.net\/tchad\/politique\/coupe-du-tchad-les-equipes-appelees-a-se-preparer-pour-la-competition"},"modified":"2022-07-18T17:22:59","modified_gmt":"2022-07-18T17:22:59","slug":"coupe-du-tchad-les-equipes-appelees-a-se-preparer-pour-la-competition","status":"publish","type":"post","link":"https:\/\/www.africa-press.net\/tchad\/sports\/coupe-du-tchad-les-equipes-appelees-a-se-preparer-pour-la-competition","title":{"rendered":"Coupe du Tchad : les \u00e9quipes appel\u00e9es \u00e0 se pr\u00e9parer pour la comp\u00e9tition"},"content":{"rendered":"<p><span style=\"color: #ff6600\"><strong>Africa-Press &#8211; Tchad. <\/strong><\/span><a name=\"para_1\"><\/a><\/p>\n<p>Le ministre a indiqu\u00e9 que le championnat s&rsquo;est d\u00e9roul\u00e9 dans un engouement populaire in\u00e9dit. Il annonce l&rsquo;organisation de la coupe du Tchad dans les jours \u00e0 venir, afin de permettre aux jeunes tchadiens de montrer leurs talents.<\/p>\n<p>\u00ab\u00a0Bient\u00f4t, toutes les \u00e9quipes des provinces seront appel\u00e9es \u00e0 se constituer pour entamer la coupe du Tchad. Des championnats inter-arrondissements, inter-institutions seront aussi organis\u00e9s\u00a0\u00bb, pr\u00e9cise le ministre.<\/p>\n<p>\u00ab\u00a0Regrouper autant de gens dans un stade de football et finir en beaut\u00e9, sans rixe, sans accident, c&rsquo;est nouveau\u00a0\u00bb, se f\u00e9licite le ministre. Il appelle tous les jeunes de se joindre \u00e0 cette nouvelle dynamique, dans cette nouvelle voie porteuse.<\/p>\n<p><strong>Pour plus d&rsquo;informations et d&rsquo;analyses sur la <a href=\"https:\/\/www.africa-press.net\/tchad\">Tchad<\/a>, suivez <a href=\"https:\/\/www.africa-press.net\/\">Africa-Press<\/a><\/strong><\/p>\n","protected":false},"excerpt":{"rendered":"<p>Africa-Press &#8211; Tchad. Le ministre a indiqu\u00e9 que le championnat s&rsquo;est d\u00e9roul\u00e9 dans un engouement populaire in\u00e9dit. Il annonce l&rsquo;organisation de la coupe du Tchad dans les jours \u00e0 venir, afin de permettre aux jeunes tchadiens de montrer leurs talents. \u00ab\u00a0Bient\u00f4t, toutes les \u00e9quipes des provinces seront appel\u00e9es \u00e0 se constituer pour entamer la coupe [&hellip;]<\/p>\n","protected":false},"author":82,"featured_media":29106,"comment_status":"open","ping_status":"closed","sticky":false,"template":"","format":"standard","meta":{"footnotes":""},"categories":[11,6,10],"tags":[37,292,29],"class_list":["post-29107","post","type-post","status-publish","format-standard","has-post-thumbnail","hentry","category-homepage-french","category-sports","category-toutes-les-actualites","tag-africa-press","tag-africa-press-tchad","tag-tchad"],"yoast_head":"<!-- This site is optimized with the Yoast SEO Premium plugin v26.1 (Yoast SEO v27.0) - https:\/\/yoast.com\/product\/yoast-seo-premium-wordpress\/ -->\n<title>Coupe du Tchad : les \u00e9quipes appel\u00e9es \u00e0 se pr\u00e9parer pour la comp\u00e9tition - tchad<\/title>\n<meta name=\"description\" content=\"Le ministre a indiqu\u00e9 que le championnat s&#039;est d\u00e9roul\u00e9 dans un engouement populaire in\u00e9dit. Il an ...\" \/>\n<meta name=\"robots\" content=\"index, follow, max-snippet:-1, max-image-preview:large, max-video-preview:-1\" \/>\n<link rel=\"canonical\" href=\"https:\/\/www.africa-press.net\/tchad\/sports\/coupe-du-tchad-les-equipes-appelees-a-se-preparer-pour-la-competition\" \/>\n<meta property=\"og:locale\" content=\"fr_FR\" \/>\n<meta property=\"og:type\" content=\"article\" \/>\n<meta property=\"og:title\" content=\"Coupe du Tchad : les \u00e9quipes appel\u00e9es \u00e0 se pr\u00e9parer pour la comp\u00e9tition\" \/>\n<meta property=\"og:description\" content=\"Le ministre a indiqu\u00e9 que le championnat s&#039;est d\u00e9roul\u00e9 dans un engouement populaire in\u00e9dit. Il an ...\" \/>\n<meta property=\"og:url\" content=\"https:\/\/www.africa-press.net\/tchad\/sports\/coupe-du-tchad-les-equipes-appelees-a-se-preparer-pour-la-competition\" \/>\n<meta property=\"og:site_name\" content=\"tchad\" \/>\n<meta property=\"article:published_time\" content=\"2022-07-18T17:07:21+00:00\" \/>\n<meta property=\"article:modified_time\" content=\"2022-07-18T17:22:59+00:00\" \/>\n<meta property=\"og:image\" content=\"https:\/\/static.africa-press.net\/tchad\/sites\/41\/2022\/07\/postQueueImg_21-62d596e1c0a60.jpg\" \/>\n\t<meta property=\"og:image:width\" content=\"642\" \/>\n\t<meta property=\"og:image:height\" content=\"533\" \/>\n\t<meta property=\"og:image:type\" content=\"image\/jpeg\" \/>\n<meta name=\"author\" content=\"cfeditorfr\" \/>\n<meta name=\"twitter:card\" content=\"summary_large_image\" \/>\n<meta name=\"twitter:label1\" content=\"\u00c9crit par\" \/>\n\t<meta name=\"twitter:data1\" content=\"cfeditorfr\" \/>\n\t<meta name=\"twitter:label2\" content=\"Dur\u00e9e de lecture estim\u00e9e\" \/>\n\t<meta name=\"twitter:data2\" content=\"1 minute\" \/>\n<script type=\"application\/ld+json\" class=\"yoast-schema-graph\">{\"@context\":\"https:\/\/schema.org\",\"@graph\":[{\"@type\":\"Article\",\"@id\":\"https:\/\/www.africa-press.net\/tchad\/sports\/coupe-du-tchad-les-equipes-appelees-a-se-preparer-pour-la-competition#article\",\"isPartOf\":{\"@id\":\"https:\/\/www.africa-press.net\/tchad\/sports\/coupe-du-tchad-les-equipes-appelees-a-se-preparer-pour-la-competition\"},\"author\":{\"name\":\"cfeditorfr\",\"@id\":\"https:\/\/www.africa-press.net\/tchad\/#\/schema\/person\/2b1cf3cd81a31e3cd26889ca66d677f1\"},\"headline\":\"Coupe du Tchad : les \u00e9quipes appel\u00e9es \u00e0 se pr\u00e9parer pour la comp\u00e9tition\",\"datePublished\":\"2022-07-18T17:07:21+00:00\",\"dateModified\":\"2022-07-18T17:22:59+00:00\",\"mainEntityOfPage\":{\"@id\":\"https:\/\/www.africa-press.net\/tchad\/sports\/coupe-du-tchad-les-equipes-appelees-a-se-preparer-pour-la-competition\"},\"wordCount\":140,\"commentCount\":0,\"image\":{\"@id\":\"https:\/\/www.africa-press.net\/tchad\/sports\/coupe-du-tchad-les-equipes-appelees-a-se-preparer-pour-la-competition#primaryimage\"},\"thumbnailUrl\":\"https:\/\/static.africa-press.net\/tchad\/sites\/41\/2022\/07\/postQueueImg_21-62d596e1c0a60.jpg\",\"keywords\":[\"Africa Press\",\"Africa Press-Tchad\",\"Tchad\"],\"articleSection\":[\"homepage-french\",\"Sports\",\"Toutes les actualit\u00e9s\"],\"inLanguage\":\"fr-FR\",\"potentialAction\":[{\"@type\":\"CommentAction\",\"name\":\"Comment\",\"target\":[\"https:\/\/www.africa-press.net\/tchad\/sports\/coupe-du-tchad-les-equipes-appelees-a-se-preparer-pour-la-competition#respond\"]}]},{\"@type\":\"WebPage\",\"@id\":\"https:\/\/www.africa-press.net\/tchad\/sports\/coupe-du-tchad-les-equipes-appelees-a-se-preparer-pour-la-competition\",\"url\":\"https:\/\/www.africa-press.net\/tchad\/sports\/coupe-du-tchad-les-equipes-appelees-a-se-preparer-pour-la-competition\",\"name\":\"Coupe du Tchad : les \u00e9quipes appel\u00e9es \u00e0 se pr\u00e9parer pour la comp\u00e9tition - tchad\",\"isPartOf\":{\"@id\":\"https:\/\/www.africa-press.net\/tchad\/#website\"},\"primaryImageOfPage\":{\"@id\":\"https:\/\/www.africa-press.net\/tchad\/sports\/coupe-du-tchad-les-equipes-appelees-a-se-preparer-pour-la-competition#primaryimage\"},\"image\":{\"@id\":\"https:\/\/www.africa-press.net\/tchad\/sports\/coupe-du-tchad-les-equipes-appelees-a-se-preparer-pour-la-competition#primaryimage\"},\"thumbnailUrl\":\"https:\/\/static.africa-press.net\/tchad\/sites\/41\/2022\/07\/postQueueImg_21-62d596e1c0a60.jpg\",\"datePublished\":\"2022-07-18T17:07:21+00:00\",\"dateModified\":\"2022-07-18T17:22:59+00:00\",\"author\":{\"@id\":\"https:\/\/www.africa-press.net\/tchad\/#\/schema\/person\/2b1cf3cd81a31e3cd26889ca66d677f1\"},\"description\":\"Le ministre a indiqu\u00e9 que le championnat s'est d\u00e9roul\u00e9 dans un engouement populaire in\u00e9dit. Il an ...\",\"breadcrumb\":{\"@id\":\"https:\/\/www.africa-press.net\/tchad\/sports\/coupe-du-tchad-les-equipes-appelees-a-se-preparer-pour-la-competition#breadcrumb\"},\"inLanguage\":\"fr-FR\",\"potentialAction\":[{\"@type\":\"ReadAction\",\"target\":[\"https:\/\/www.africa-press.net\/tchad\/sports\/coupe-du-tchad-les-equipes-appelees-a-se-preparer-pour-la-competition\"]}]},{\"@type\":\"ImageObject\",\"inLanguage\":\"fr-FR\",\"@id\":\"https:\/\/www.africa-press.net\/tchad\/sports\/coupe-du-tchad-les-equipes-appelees-a-se-preparer-pour-la-competition#primaryimage\",\"url\":\"https:\/\/static.africa-press.net\/tchad\/sites\/41\/2022\/07\/postQueueImg_21-62d596e1c0a60.jpg\",\"contentUrl\":\"https:\/\/static.africa-press.net\/tchad\/sites\/41\/2022\/07\/postQueueImg_21-62d596e1c0a60.jpg\",\"width\":642,\"height\":533,\"caption\":\"Coupe du Tchad : les \u00e9quipes appel\u00e9es \u00e0 se pr\u00e9parer pour la comp\u00e9tition\"},{\"@type\":\"BreadcrumbList\",\"@id\":\"https:\/\/www.africa-press.net\/tchad\/sports\/coupe-du-tchad-les-equipes-appelees-a-se-preparer-pour-la-competition#breadcrumb\",\"itemListElement\":[{\"@type\":\"ListItem\",\"position\":1,\"name\":\"Accueil\",\"item\":\"https:\/\/www.africa-press.net\/tchad\/\"},{\"@type\":\"ListItem\",\"position\":2,\"name\":\"Coupe du Tchad : les \u00e9quipes appel\u00e9es \u00e0 se pr\u00e9parer pour la comp\u00e9tition\"}]},{\"@type\":\"WebSite\",\"@id\":\"https:\/\/www.africa-press.net\/tchad\/#website\",\"url\":\"https:\/\/www.africa-press.net\/tchad\/\",\"name\":\"tchad\",\"description\":\"Just another Africa News Agency Sites site\",\"potentialAction\":[{\"@type\":\"SearchAction\",\"target\":{\"@type\":\"EntryPoint\",\"urlTemplate\":\"https:\/\/www.africa-press.net\/tchad\/?s={search_term_string}\"},\"query-input\":{\"@type\":\"PropertyValueSpecification\",\"valueRequired\":true,\"valueName\":\"search_term_string\"}}],\"inLanguage\":\"fr-FR\"},{\"@type\":\"Person\",\"@id\":\"https:\/\/www.africa-press.net\/tchad\/#\/schema\/person\/2b1cf3cd81a31e3cd26889ca66d677f1\",\"name\":\"cfeditorfr\"}]}<\/script>\n<!-- \/ Yoast SEO Premium plugin. -->","yoast_head_json":{"title":"Coupe du Tchad : les \u00e9quipes appel\u00e9es \u00e0 se pr\u00e9parer pour la comp\u00e9tition - tchad","description":"Le ministre a indiqu\u00e9 que le championnat s'est d\u00e9roul\u00e9 dans un engouement populaire in\u00e9dit. Il an ...","robots":{"index":"index","follow":"follow","max-snippet":"max-snippet:-1","max-image-preview":"max-image-preview:large","max-video-preview":"max-video-preview:-1"},"canonical":"https:\/\/www.africa-press.net\/tchad\/sports\/coupe-du-tchad-les-equipes-appelees-a-se-preparer-pour-la-competition","og_locale":"fr_FR","og_type":"article","og_title":"Coupe du Tchad : les \u00e9quipes appel\u00e9es \u00e0 se pr\u00e9parer pour la comp\u00e9tition","og_description":"Le ministre a indiqu\u00e9 que le championnat s'est d\u00e9roul\u00e9 dans un engouement populaire in\u00e9dit. Il an ...","og_url":"https:\/\/www.africa-press.net\/tchad\/sports\/coupe-du-tchad-les-equipes-appelees-a-se-preparer-pour-la-competition","og_site_name":"tchad","article_published_time":"2022-07-18T17:07:21+00:00","article_modified_time":"2022-07-18T17:22:59+00:00","og_image":[{"width":642,"height":533,"url":"https:\/\/static.africa-press.net\/tchad\/sites\/41\/2022\/07\/postQueueImg_21-62d596e1c0a60.jpg","type":"image\/jpeg"}],"author":"cfeditorfr","twitter_card":"summary_large_image","twitter_misc":{"\u00c9crit par":"cfeditorfr","Dur\u00e9e de lecture estim\u00e9e":"1 minute"},"schema":{"@context":"https:\/\/schema.org","@graph":[{"@type":"Article","@id":"https:\/\/www.africa-press.net\/tchad\/sports\/coupe-du-tchad-les-equipes-appelees-a-se-preparer-pour-la-competition#article","isPartOf":{"@id":"https:\/\/www.africa-press.net\/tchad\/sports\/coupe-du-tchad-les-equipes-appelees-a-se-preparer-pour-la-competition"},"author":{"name":"cfeditorfr","@id":"https:\/\/www.africa-press.net\/tchad\/#\/schema\/person\/2b1cf3cd81a31e3cd26889ca66d677f1"},"headline":"Coupe du Tchad : les \u00e9quipes appel\u00e9es \u00e0 se pr\u00e9parer pour la comp\u00e9tition","datePublished":"2022-07-18T17:07:21+00:00","dateModified":"2022-07-18T17:22:59+00:00","mainEntityOfPage":{"@id":"https:\/\/www.africa-press.net\/tchad\/sports\/coupe-du-tchad-les-equipes-appelees-a-se-preparer-pour-la-competition"},"wordCount":140,"commentCount":0,"image":{"@id":"https:\/\/www.africa-press.net\/tchad\/sports\/coupe-du-tchad-les-equipes-appelees-a-se-preparer-pour-la-competition#primaryimage"},"thumbnailUrl":"https:\/\/static.africa-press.net\/tchad\/sites\/41\/2022\/07\/postQueueImg_21-62d596e1c0a60.jpg","keywords":["Africa Press","Africa Press-Tchad","Tchad"],"articleSection":["homepage-french","Sports","Toutes les actualit\u00e9s"],"inLanguage":"fr-FR","potentialAction":[{"@type":"CommentAction","name":"Comment","target":["https:\/\/www.africa-press.net\/tchad\/sports\/coupe-du-tchad-les-equipes-appelees-a-se-preparer-pour-la-competition#respond"]}]},{"@type":"WebPage","@id":"https:\/\/www.africa-press.net\/tchad\/sports\/coupe-du-tchad-les-equipes-appelees-a-se-preparer-pour-la-competition","url":"https:\/\/www.africa-press.net\/tchad\/sports\/coupe-du-tchad-les-equipes-appelees-a-se-preparer-pour-la-competition","name":"Coupe du Tchad : les \u00e9quipes appel\u00e9es \u00e0 se pr\u00e9parer pour la comp\u00e9tition - tchad","isPartOf":{"@id":"https:\/\/www.africa-press.net\/tchad\/#website"},"primaryImageOfPage":{"@id":"https:\/\/www.africa-press.net\/tchad\/sports\/coupe-du-tchad-les-equipes-appelees-a-se-preparer-pour-la-competition#primaryimage"},"image":{"@id":"https:\/\/www.africa-press.net\/tchad\/sports\/coupe-du-tchad-les-equipes-appelees-a-se-preparer-pour-la-competition#primaryimage"},"thumbnailUrl":"https:\/\/static.africa-press.net\/tchad\/sites\/41\/2022\/07\/postQueueImg_21-62d596e1c0a60.jpg","datePublished":"2022-07-18T17:07:21+00:00","dateModified":"2022-07-18T17:22:59+00:00","author":{"@id":"https:\/\/www.africa-press.net\/tchad\/#\/schema\/person\/2b1cf3cd81a31e3cd26889ca66d677f1"},"description":"Le ministre a indiqu\u00e9 que le championnat s'est d\u00e9roul\u00e9 dans un engouement populaire in\u00e9dit. Il an ...","breadcrumb":{"@id":"https:\/\/www.africa-press.net\/tchad\/sports\/coupe-du-tchad-les-equipes-appelees-a-se-preparer-pour-la-competition#breadcrumb"},"inLanguage":"fr-FR","potentialAction":[{"@type":"ReadAction","target":["https:\/\/www.africa-press.net\/tchad\/sports\/coupe-du-tchad-les-equipes-appelees-a-se-preparer-pour-la-competition"]}]},{"@type":"ImageObject","inLanguage":"fr-FR","@id":"https:\/\/www.africa-press.net\/tchad\/sports\/coupe-du-tchad-les-equipes-appelees-a-se-preparer-pour-la-competition#primaryimage","url":"https:\/\/static.africa-press.net\/tchad\/sites\/41\/2022\/07\/postQueueImg_21-62d596e1c0a60.jpg","contentUrl":"https:\/\/static.africa-press.net\/tchad\/sites\/41\/2022\/07\/postQueueImg_21-62d596e1c0a60.jpg","width":642,"height":533,"caption":"Coupe du Tchad : les \u00e9quipes appel\u00e9es \u00e0 se pr\u00e9parer pour la comp\u00e9tition"},{"@type":"BreadcrumbList","@id":"https:\/\/www.africa-press.net\/tchad\/sports\/coupe-du-tchad-les-equipes-appelees-a-se-preparer-pour-la-competition#breadcrumb","itemListElement":[{"@type":"ListItem","position":1,"name":"Accueil","item":"https:\/\/www.africa-press.net\/tchad\/"},{"@type":"ListItem","position":2,"name":"Coupe du Tchad : les \u00e9quipes appel\u00e9es \u00e0 se pr\u00e9parer pour la comp\u00e9tition"}]},{"@type":"WebSite","@id":"https:\/\/www.africa-press.net\/tchad\/#website","url":"https:\/\/www.africa-press.net\/tchad\/","name":"tchad","description":"Just another Africa News Agency Sites site","potentialAction":[{"@type":"SearchAction","target":{"@type":"EntryPoint","urlTemplate":"https:\/\/www.africa-press.net\/tchad\/?s={search_term_string}"},"query-input":{"@type":"PropertyValueSpecification","valueRequired":true,"valueName":"search_term_string"}}],"inLanguage":"fr-FR"},{"@type":"Person","@id":"https:\/\/www.africa-press.net\/tchad\/#\/schema\/person\/2b1cf3cd81a31e3cd26889ca66d677f1","name":"cfeditorfr"}]}},"_links":{"self":[{"href":"https:\/\/www.africa-press.net\/tchad\/wp-json\/wp\/v2\/posts\/29107","targetHints":{"allow":["GET"]}}],"collection":[{"href":"https:\/\/www.africa-press.net\/tchad\/wp-json\/wp\/v2\/posts"}],"about":[{"href":"https:\/\/www.africa-press.net\/tchad\/wp-json\/wp\/v2\/types\/post"}],"author":[{"embeddable":true,"href":"https:\/\/www.africa-press.net\/tchad\/wp-json\/wp\/v2\/users\/82"}],"replies":[{"embeddable":true,"href":"https:\/\/www.africa-press.net\/tchad\/wp-json\/wp\/v2\/comments?post=29107"}],"version-history":[{"count":0,"href":"https:\/\/www.africa-press.net\/tchad\/wp-json\/wp\/v2\/posts\/29107\/revisions"}],"wp:featuredmedia":[{"embeddable":true,"href":"https:\/\/www.africa-press.net\/tchad\/wp-json\/wp\/v2\/media\/29106"}],"wp:attachment":[{"href":"https:\/\/www.africa-press.net\/tchad\/wp-json\/wp\/v2\/media?parent=29107"}],"wp:term":[{"taxonomy":"category","embeddable":true,"href":"https:\/\/www.africa-press.net\/tchad\/wp-json\/wp\/v2\/categories?post=29107"},{"taxonomy":"post_tag","embeddable":true,"href":"https:\/\/www.africa-press.net\/tchad\/wp-json\/wp\/v2\/tags?post=29107"}],"curies":[{"name":"wp","href":"https:\/\/api.w.org\/{rel}","templated":true}]}}