{"id":29125,"date":"2022-07-19T13:21:13","date_gmt":"2022-07-19T13:21:13","guid":{"rendered":"https:\/\/www.africa-press.net\/tchad\/politique\/3-cas-de-covid19-enregistres-a-ndjamena"},"modified":"2022-07-19T13:28:36","modified_gmt":"2022-07-19T13:28:36","slug":"3-cas-de-covid19-enregistres-a-ndjamena","status":"publish","type":"post","link":"https:\/\/www.africa-press.net\/tchad\/toutes-les-actualites\/3-cas-de-covid19-enregistres-a-ndjamena","title":{"rendered":"3 cas de Covid19 enregistr\u00e9s \u00e0 N\u2019Djam\u00e9na"},"content":{"rendered":"<p><span style=\"color: #ff6600\"><strong>Africa-Press &#8211; Tchad. <\/strong><\/span>La coordination nationale des actions de lutte contre la Covid-19 annonce 3 nouveaux cas dans la ville de N\u2019Djam\u00e9na. Les trois patients sont, d\u2019apr\u00e8s le bilan hebdomadaire, sous traitement.<\/p>\n<p>Ces nouveaux cas de Covid-19 sont enregistr\u00e9s sur 690 \u00e9chantillons de sang analys\u00e9s au cours de la semaine du 11 au 17 juillet 2022 sur l\u2019ensemble du territoire national. Le r\u00e9sultat des analyses r\u00e9v\u00e8le \u00ab 3 cas \u00e0 N\u2019Djam\u00e9na \u00bb, portant le nombre des cas confirm\u00e9s depuis le 19 mars 2020 au Tchad \u00e0 7430, r\u00e9partis dans toutes les 23 provinces du pays. Ces trois patients contr\u00f4l\u00e9s sont d\u2019apr\u00e8s, la coordination des actions de lutte contre la covid-19 \u00ab sous traitement \u00bb. Aucun cas de d\u00e9c\u00e8s n\u2019a \u00e9t\u00e9 enregistr\u00e9. Le nombre des personnes d\u00e9c\u00e9d\u00e9es depuis le d\u00e9but de la pand\u00e9mie reste \u00e0 193 au Tchad.<\/p>\n<p>La Coordination nationale des actions de lutte contre la covid-19 invite la population \u00e0 se faire vacciner. \u00ab La vaccination reste parmi les moyens de pr\u00e9vention les plus efficaces de lutte contre la Covid-19. En cas de signes tels que fi\u00e8vre, toux, \u00e9ternuement et difficult\u00e9 respiratoire, appeler gratuitement le 1313 ou se rendre dans un service de sant\u00e9 le plus proche \u00bb, annonce le communiqu\u00e9 sign\u00e9 du coordonnateur national Dr Abderrazzack Adoum Fouda.<\/p>\n<p><strong>Pour plus d&rsquo;informations et d&rsquo;analyses sur la <a href=\"https:\/\/www.africa-press.net\/tchad\">Tchad<\/a>, suivez <a href=\"https:\/\/www.africa-press.net\/\">Africa-Press<\/a><\/strong><\/p>\n","protected":false},"excerpt":{"rendered":"<p>Africa-Press &#8211; Tchad. La coordination nationale des actions de lutte contre la Covid-19 annonce 3 nouveaux cas dans la ville de N\u2019Djam\u00e9na. Les trois patients sont, d\u2019apr\u00e8s le bilan hebdomadaire, sous traitement. Ces nouveaux cas de Covid-19 sont enregistr\u00e9s sur 690 \u00e9chantillons de sang analys\u00e9s au cours de la semaine du 11 au 17 juillet [&hellip;]<\/p>\n","protected":false},"author":82,"featured_media":29124,"comment_status":"open","ping_status":"closed","sticky":false,"template":"","format":"standard","meta":{"footnotes":""},"categories":[21,11,10],"tags":[37,292,29],"class_list":["post-29125","post","type-post","status-publish","format-standard","has-post-thumbnail","hentry","category-communaute","category-homepage-french","category-toutes-les-actualites","tag-africa-press","tag-africa-press-tchad","tag-tchad"],"yoast_head":"<!-- This site is optimized with the Yoast SEO Premium plugin v26.1 (Yoast SEO v27.0) - https:\/\/yoast.com\/product\/yoast-seo-premium-wordpress\/ -->\n<title>3 cas de Covid19 enregistr\u00e9s \u00e0 N\u2019Djam\u00e9na - tchad<\/title>\n<meta name=\"description\" content=\"La coordination nationale des actions de lutte contre la Covid-19 annonce 3 nouveaux cas dans la ville de N\u2019Djam\u00e9na. Les ...\" \/>\n<meta name=\"robots\" content=\"index, follow, max-snippet:-1, max-image-preview:large, max-video-preview:-1\" \/>\n<link rel=\"canonical\" href=\"https:\/\/www.africa-press.net\/tchad\/toutes-les-actualites\/3-cas-de-covid19-enregistres-a-ndjamena\" \/>\n<meta property=\"og:locale\" content=\"fr_FR\" \/>\n<meta property=\"og:type\" content=\"article\" \/>\n<meta property=\"og:title\" content=\"3 cas de Covid19 enregistr\u00e9s \u00e0 N\u2019Djam\u00e9na\" \/>\n<meta property=\"og:description\" content=\"La coordination nationale des actions de lutte contre la Covid-19 annonce 3 nouveaux cas dans la ville de N\u2019Djam\u00e9na. Les ...\" \/>\n<meta property=\"og:url\" content=\"https:\/\/www.africa-press.net\/tchad\/toutes-les-actualites\/3-cas-de-covid19-enregistres-a-ndjamena\" \/>\n<meta property=\"og:site_name\" content=\"tchad\" \/>\n<meta property=\"article:published_time\" content=\"2022-07-19T13:21:13+00:00\" \/>\n<meta property=\"article:modified_time\" content=\"2022-07-19T13:28:36+00:00\" \/>\n<meta property=\"og:image\" content=\"https:\/\/static.africa-press.net\/tchad\/sites\/41\/2022\/07\/postQueueImg_5-62d6b171a0423.jpg\" \/>\n\t<meta property=\"og:image:width\" content=\"1280\" \/>\n\t<meta property=\"og:image:height\" content=\"854\" \/>\n\t<meta property=\"og:image:type\" content=\"image\/jpeg\" \/>\n<meta name=\"author\" content=\"cfeditorfr\" \/>\n<meta name=\"twitter:card\" content=\"summary_large_image\" \/>\n<meta name=\"twitter:label1\" content=\"\u00c9crit par\" \/>\n\t<meta name=\"twitter:data1\" content=\"cfeditorfr\" \/>\n\t<meta name=\"twitter:label2\" content=\"Dur\u00e9e de lecture estim\u00e9e\" \/>\n\t<meta name=\"twitter:data2\" content=\"1 minute\" \/>\n<script type=\"application\/ld+json\" class=\"yoast-schema-graph\">{\"@context\":\"https:\/\/schema.org\",\"@graph\":[{\"@type\":\"Article\",\"@id\":\"https:\/\/www.africa-press.net\/tchad\/toutes-les-actualites\/3-cas-de-covid19-enregistres-a-ndjamena#article\",\"isPartOf\":{\"@id\":\"https:\/\/www.africa-press.net\/tchad\/toutes-les-actualites\/3-cas-de-covid19-enregistres-a-ndjamena\"},\"author\":{\"name\":\"cfeditorfr\",\"@id\":\"https:\/\/www.africa-press.net\/tchad\/#\/schema\/person\/2b1cf3cd81a31e3cd26889ca66d677f1\"},\"headline\":\"3 cas de Covid19 enregistr\u00e9s \u00e0 N\u2019Djam\u00e9na\",\"datePublished\":\"2022-07-19T13:21:13+00:00\",\"dateModified\":\"2022-07-19T13:28:36+00:00\",\"mainEntityOfPage\":{\"@id\":\"https:\/\/www.africa-press.net\/tchad\/toutes-les-actualites\/3-cas-de-covid19-enregistres-a-ndjamena\"},\"wordCount\":236,\"commentCount\":0,\"image\":{\"@id\":\"https:\/\/www.africa-press.net\/tchad\/toutes-les-actualites\/3-cas-de-covid19-enregistres-a-ndjamena#primaryimage\"},\"thumbnailUrl\":\"https:\/\/static.africa-press.net\/tchad\/sites\/41\/2022\/07\/postQueueImg_5-62d6b171a0423.jpg\",\"keywords\":[\"Africa Press\",\"Africa Press-Tchad\",\"Tchad\"],\"articleSection\":[\"Communaut\u00e9\",\"homepage-french\",\"Toutes les actualit\u00e9s\"],\"inLanguage\":\"fr-FR\",\"potentialAction\":[{\"@type\":\"CommentAction\",\"name\":\"Comment\",\"target\":[\"https:\/\/www.africa-press.net\/tchad\/toutes-les-actualites\/3-cas-de-covid19-enregistres-a-ndjamena#respond\"]}]},{\"@type\":\"WebPage\",\"@id\":\"https:\/\/www.africa-press.net\/tchad\/toutes-les-actualites\/3-cas-de-covid19-enregistres-a-ndjamena\",\"url\":\"https:\/\/www.africa-press.net\/tchad\/toutes-les-actualites\/3-cas-de-covid19-enregistres-a-ndjamena\",\"name\":\"3 cas de Covid19 enregistr\u00e9s \u00e0 N\u2019Djam\u00e9na - tchad\",\"isPartOf\":{\"@id\":\"https:\/\/www.africa-press.net\/tchad\/#website\"},\"primaryImageOfPage\":{\"@id\":\"https:\/\/www.africa-press.net\/tchad\/toutes-les-actualites\/3-cas-de-covid19-enregistres-a-ndjamena#primaryimage\"},\"image\":{\"@id\":\"https:\/\/www.africa-press.net\/tchad\/toutes-les-actualites\/3-cas-de-covid19-enregistres-a-ndjamena#primaryimage\"},\"thumbnailUrl\":\"https:\/\/static.africa-press.net\/tchad\/sites\/41\/2022\/07\/postQueueImg_5-62d6b171a0423.jpg\",\"datePublished\":\"2022-07-19T13:21:13+00:00\",\"dateModified\":\"2022-07-19T13:28:36+00:00\",\"author\":{\"@id\":\"https:\/\/www.africa-press.net\/tchad\/#\/schema\/person\/2b1cf3cd81a31e3cd26889ca66d677f1\"},\"description\":\"La coordination nationale des actions de lutte contre la Covid-19 annonce 3 nouveaux cas dans la ville de N\u2019Djam\u00e9na. Les ...\",\"breadcrumb\":{\"@id\":\"https:\/\/www.africa-press.net\/tchad\/toutes-les-actualites\/3-cas-de-covid19-enregistres-a-ndjamena#breadcrumb\"},\"inLanguage\":\"fr-FR\",\"potentialAction\":[{\"@type\":\"ReadAction\",\"target\":[\"https:\/\/www.africa-press.net\/tchad\/toutes-les-actualites\/3-cas-de-covid19-enregistres-a-ndjamena\"]}]},{\"@type\":\"ImageObject\",\"inLanguage\":\"fr-FR\",\"@id\":\"https:\/\/www.africa-press.net\/tchad\/toutes-les-actualites\/3-cas-de-covid19-enregistres-a-ndjamena#primaryimage\",\"url\":\"https:\/\/static.africa-press.net\/tchad\/sites\/41\/2022\/07\/postQueueImg_5-62d6b171a0423.jpg\",\"contentUrl\":\"https:\/\/static.africa-press.net\/tchad\/sites\/41\/2022\/07\/postQueueImg_5-62d6b171a0423.jpg\",\"width\":1280,\"height\":854,\"caption\":\"3 cas de Covid19 enregistr\u00e9s \u00e0 N\u2019Djam\u00e9na\"},{\"@type\":\"BreadcrumbList\",\"@id\":\"https:\/\/www.africa-press.net\/tchad\/toutes-les-actualites\/3-cas-de-covid19-enregistres-a-ndjamena#breadcrumb\",\"itemListElement\":[{\"@type\":\"ListItem\",\"position\":1,\"name\":\"Accueil\",\"item\":\"https:\/\/www.africa-press.net\/tchad\/\"},{\"@type\":\"ListItem\",\"position\":2,\"name\":\"3 cas de Covid19 enregistr\u00e9s \u00e0 N\u2019Djam\u00e9na\"}]},{\"@type\":\"WebSite\",\"@id\":\"https:\/\/www.africa-press.net\/tchad\/#website\",\"url\":\"https:\/\/www.africa-press.net\/tchad\/\",\"name\":\"tchad\",\"description\":\"Just another Africa News Agency Sites site\",\"potentialAction\":[{\"@type\":\"SearchAction\",\"target\":{\"@type\":\"EntryPoint\",\"urlTemplate\":\"https:\/\/www.africa-press.net\/tchad\/?s={search_term_string}\"},\"query-input\":{\"@type\":\"PropertyValueSpecification\",\"valueRequired\":true,\"valueName\":\"search_term_string\"}}],\"inLanguage\":\"fr-FR\"},{\"@type\":\"Person\",\"@id\":\"https:\/\/www.africa-press.net\/tchad\/#\/schema\/person\/2b1cf3cd81a31e3cd26889ca66d677f1\",\"name\":\"cfeditorfr\"}]}<\/script>\n<!-- \/ Yoast SEO Premium plugin. -->","yoast_head_json":{"title":"3 cas de Covid19 enregistr\u00e9s \u00e0 N\u2019Djam\u00e9na - tchad","description":"La coordination nationale des actions de lutte contre la Covid-19 annonce 3 nouveaux cas dans la ville de N\u2019Djam\u00e9na. Les ...","robots":{"index":"index","follow":"follow","max-snippet":"max-snippet:-1","max-image-preview":"max-image-preview:large","max-video-preview":"max-video-preview:-1"},"canonical":"https:\/\/www.africa-press.net\/tchad\/toutes-les-actualites\/3-cas-de-covid19-enregistres-a-ndjamena","og_locale":"fr_FR","og_type":"article","og_title":"3 cas de Covid19 enregistr\u00e9s \u00e0 N\u2019Djam\u00e9na","og_description":"La coordination nationale des actions de lutte contre la Covid-19 annonce 3 nouveaux cas dans la ville de N\u2019Djam\u00e9na. Les ...","og_url":"https:\/\/www.africa-press.net\/tchad\/toutes-les-actualites\/3-cas-de-covid19-enregistres-a-ndjamena","og_site_name":"tchad","article_published_time":"2022-07-19T13:21:13+00:00","article_modified_time":"2022-07-19T13:28:36+00:00","og_image":[{"width":1280,"height":854,"url":"https:\/\/static.africa-press.net\/tchad\/sites\/41\/2022\/07\/postQueueImg_5-62d6b171a0423.jpg","type":"image\/jpeg"}],"author":"cfeditorfr","twitter_card":"summary_large_image","twitter_misc":{"\u00c9crit par":"cfeditorfr","Dur\u00e9e de lecture estim\u00e9e":"1 minute"},"schema":{"@context":"https:\/\/schema.org","@graph":[{"@type":"Article","@id":"https:\/\/www.africa-press.net\/tchad\/toutes-les-actualites\/3-cas-de-covid19-enregistres-a-ndjamena#article","isPartOf":{"@id":"https:\/\/www.africa-press.net\/tchad\/toutes-les-actualites\/3-cas-de-covid19-enregistres-a-ndjamena"},"author":{"name":"cfeditorfr","@id":"https:\/\/www.africa-press.net\/tchad\/#\/schema\/person\/2b1cf3cd81a31e3cd26889ca66d677f1"},"headline":"3 cas de Covid19 enregistr\u00e9s \u00e0 N\u2019Djam\u00e9na","datePublished":"2022-07-19T13:21:13+00:00","dateModified":"2022-07-19T13:28:36+00:00","mainEntityOfPage":{"@id":"https:\/\/www.africa-press.net\/tchad\/toutes-les-actualites\/3-cas-de-covid19-enregistres-a-ndjamena"},"wordCount":236,"commentCount":0,"image":{"@id":"https:\/\/www.africa-press.net\/tchad\/toutes-les-actualites\/3-cas-de-covid19-enregistres-a-ndjamena#primaryimage"},"thumbnailUrl":"https:\/\/static.africa-press.net\/tchad\/sites\/41\/2022\/07\/postQueueImg_5-62d6b171a0423.jpg","keywords":["Africa Press","Africa Press-Tchad","Tchad"],"articleSection":["Communaut\u00e9","homepage-french","Toutes les actualit\u00e9s"],"inLanguage":"fr-FR","potentialAction":[{"@type":"CommentAction","name":"Comment","target":["https:\/\/www.africa-press.net\/tchad\/toutes-les-actualites\/3-cas-de-covid19-enregistres-a-ndjamena#respond"]}]},{"@type":"WebPage","@id":"https:\/\/www.africa-press.net\/tchad\/toutes-les-actualites\/3-cas-de-covid19-enregistres-a-ndjamena","url":"https:\/\/www.africa-press.net\/tchad\/toutes-les-actualites\/3-cas-de-covid19-enregistres-a-ndjamena","name":"3 cas de Covid19 enregistr\u00e9s \u00e0 N\u2019Djam\u00e9na - tchad","isPartOf":{"@id":"https:\/\/www.africa-press.net\/tchad\/#website"},"primaryImageOfPage":{"@id":"https:\/\/www.africa-press.net\/tchad\/toutes-les-actualites\/3-cas-de-covid19-enregistres-a-ndjamena#primaryimage"},"image":{"@id":"https:\/\/www.africa-press.net\/tchad\/toutes-les-actualites\/3-cas-de-covid19-enregistres-a-ndjamena#primaryimage"},"thumbnailUrl":"https:\/\/static.africa-press.net\/tchad\/sites\/41\/2022\/07\/postQueueImg_5-62d6b171a0423.jpg","datePublished":"2022-07-19T13:21:13+00:00","dateModified":"2022-07-19T13:28:36+00:00","author":{"@id":"https:\/\/www.africa-press.net\/tchad\/#\/schema\/person\/2b1cf3cd81a31e3cd26889ca66d677f1"},"description":"La coordination nationale des actions de lutte contre la Covid-19 annonce 3 nouveaux cas dans la ville de N\u2019Djam\u00e9na. Les ...","breadcrumb":{"@id":"https:\/\/www.africa-press.net\/tchad\/toutes-les-actualites\/3-cas-de-covid19-enregistres-a-ndjamena#breadcrumb"},"inLanguage":"fr-FR","potentialAction":[{"@type":"ReadAction","target":["https:\/\/www.africa-press.net\/tchad\/toutes-les-actualites\/3-cas-de-covid19-enregistres-a-ndjamena"]}]},{"@type":"ImageObject","inLanguage":"fr-FR","@id":"https:\/\/www.africa-press.net\/tchad\/toutes-les-actualites\/3-cas-de-covid19-enregistres-a-ndjamena#primaryimage","url":"https:\/\/static.africa-press.net\/tchad\/sites\/41\/2022\/07\/postQueueImg_5-62d6b171a0423.jpg","contentUrl":"https:\/\/static.africa-press.net\/tchad\/sites\/41\/2022\/07\/postQueueImg_5-62d6b171a0423.jpg","width":1280,"height":854,"caption":"3 cas de Covid19 enregistr\u00e9s \u00e0 N\u2019Djam\u00e9na"},{"@type":"BreadcrumbList","@id":"https:\/\/www.africa-press.net\/tchad\/toutes-les-actualites\/3-cas-de-covid19-enregistres-a-ndjamena#breadcrumb","itemListElement":[{"@type":"ListItem","position":1,"name":"Accueil","item":"https:\/\/www.africa-press.net\/tchad\/"},{"@type":"ListItem","position":2,"name":"3 cas de Covid19 enregistr\u00e9s \u00e0 N\u2019Djam\u00e9na"}]},{"@type":"WebSite","@id":"https:\/\/www.africa-press.net\/tchad\/#website","url":"https:\/\/www.africa-press.net\/tchad\/","name":"tchad","description":"Just another Africa News Agency Sites site","potentialAction":[{"@type":"SearchAction","target":{"@type":"EntryPoint","urlTemplate":"https:\/\/www.africa-press.net\/tchad\/?s={search_term_string}"},"query-input":{"@type":"PropertyValueSpecification","valueRequired":true,"valueName":"search_term_string"}}],"inLanguage":"fr-FR"},{"@type":"Person","@id":"https:\/\/www.africa-press.net\/tchad\/#\/schema\/person\/2b1cf3cd81a31e3cd26889ca66d677f1","name":"cfeditorfr"}]}},"_links":{"self":[{"href":"https:\/\/www.africa-press.net\/tchad\/wp-json\/wp\/v2\/posts\/29125","targetHints":{"allow":["GET"]}}],"collection":[{"href":"https:\/\/www.africa-press.net\/tchad\/wp-json\/wp\/v2\/posts"}],"about":[{"href":"https:\/\/www.africa-press.net\/tchad\/wp-json\/wp\/v2\/types\/post"}],"author":[{"embeddable":true,"href":"https:\/\/www.africa-press.net\/tchad\/wp-json\/wp\/v2\/users\/82"}],"replies":[{"embeddable":true,"href":"https:\/\/www.africa-press.net\/tchad\/wp-json\/wp\/v2\/comments?post=29125"}],"version-history":[{"count":0,"href":"https:\/\/www.africa-press.net\/tchad\/wp-json\/wp\/v2\/posts\/29125\/revisions"}],"wp:featuredmedia":[{"embeddable":true,"href":"https:\/\/www.africa-press.net\/tchad\/wp-json\/wp\/v2\/media\/29124"}],"wp:attachment":[{"href":"https:\/\/www.africa-press.net\/tchad\/wp-json\/wp\/v2\/media?parent=29125"}],"wp:term":[{"taxonomy":"category","embeddable":true,"href":"https:\/\/www.africa-press.net\/tchad\/wp-json\/wp\/v2\/categories?post=29125"},{"taxonomy":"post_tag","embeddable":true,"href":"https:\/\/www.africa-press.net\/tchad\/wp-json\/wp\/v2\/tags?post=29125"}],"curies":[{"name":"wp","href":"https:\/\/api.w.org\/{rel}","templated":true}]}}