{"id":29155,"date":"2022-07-19T13:25:37","date_gmt":"2022-07-19T13:25:37","guid":{"rendered":"https:\/\/www.africa-press.net\/tchad\/politique\/importantes-inondations-dans-la-sous-prefecture-de-lame"},"modified":"2022-07-19T13:36:58","modified_gmt":"2022-07-19T13:36:58","slug":"importantes-inondations-dans-la-sous-prefecture-de-lame","status":"publish","type":"post","link":"https:\/\/www.africa-press.net\/tchad\/toutes-les-actualites\/importantes-inondations-dans-la-sous-prefecture-de-lame","title":{"rendered":"importantes inondations dans la sous-pr\u00e9fecture de Lam\u00e9"},"content":{"rendered":"<p><span style=\"color: #ff6600\"><strong>Africa-Press &#8211; Tchad. <\/strong><\/span>La sous-pr\u00e9fecture de Lam\u00e9 a enregistr\u00e9 dans la nuit du 18 au 19 juillet 2022, une pluie d&rsquo;une rare intensit\u00e9.<\/p>\n<p>Des d\u00e9g\u00e2ts \u00e9normes sont enregistr\u00e9s, peut-on lire dans une publication de Dikbo Hubert.<\/p>\n<p>Selon cette \u00e9lite locale, par ailleurs directeur g\u00e9n\u00e9ral adjoint de la Cimenterie CCM de Ngara, plusieurs familles sont sinistr\u00e9es et se retrouvent sans abris, des animaux sont emport\u00e9s ou disparus, et des dizaines d&rsquo;hectares de champs d\u00e9truits.<\/p>\n<p>Le fleuve Mayo-Sina, qui n&rsquo;a plus atteint ce niveau de d\u00e9bordement depuis plusieurs ann\u00e9es, a surpris la population au lev\u00e9e de soleil.<\/p>\n<p>Un tel niveau d&rsquo;eau en cette p\u00e9riode de saison des pluies, laisse pr\u00e9sager de grandes inondations dans la zone.<\/p>\n<p>Cette ann\u00e9e, la famine est in\u00e9vitable, d&rsquo;autant plus que les paysans peinent \u00e0 avoir les engrais pour leurs semis.<\/p>\n<p>Par ailleurs, Dikbo Hubert pense que le risque d&rsquo;\u00e9pid\u00e9mie de chol\u00e9ra est grand, car la grande partie de la population s&rsquo;alimente avec de l&rsquo;eau dans des puits ouverts, voire directement dans le fleuve.<\/p>\n<p>A cet effet, il invite les autorit\u00e9s administratives et les ONG \u00e0 voler au secours de cette population.<\/p>\n<p><strong>Pour plus d&rsquo;informations et d&rsquo;analyses sur la <a href=\"https:\/\/www.africa-press.net\/tchad\">Tchad<\/a>, suivez <a href=\"https:\/\/www.africa-press.net\/\">Africa-Press<\/a><\/strong><\/p>\n","protected":false},"excerpt":{"rendered":"<p>Africa-Press &#8211; Tchad. La sous-pr\u00e9fecture de Lam\u00e9 a enregistr\u00e9 dans la nuit du 18 au 19 juillet 2022, une pluie d&rsquo;une rare intensit\u00e9. Des d\u00e9g\u00e2ts \u00e9normes sont enregistr\u00e9s, peut-on lire dans une publication de Dikbo Hubert. Selon cette \u00e9lite locale, par ailleurs directeur g\u00e9n\u00e9ral adjoint de la Cimenterie CCM de Ngara, plusieurs familles sont sinistr\u00e9es [&hellip;]<\/p>\n","protected":false},"author":82,"featured_media":29154,"comment_status":"open","ping_status":"closed","sticky":false,"template":"","format":"standard","meta":{"footnotes":""},"categories":[21,11,10],"tags":[37,292,29],"class_list":["post-29155","post","type-post","status-publish","format-standard","has-post-thumbnail","hentry","category-communaute","category-homepage-french","category-toutes-les-actualites","tag-africa-press","tag-africa-press-tchad","tag-tchad"],"yoast_head":"<!-- This site is optimized with the Yoast SEO Premium plugin v26.1 (Yoast SEO v27.0) - https:\/\/yoast.com\/product\/yoast-seo-premium-wordpress\/ -->\n<title>importantes inondations dans la sous-pr\u00e9fecture de Lam\u00e9 - tchad<\/title>\n<meta name=\"description\" content=\"La sous-pr\u00e9fecture de Lam\u00e9 a enregistr\u00e9 dans la nuit du 18 au 19 juillet 2022, une pluie d&#039;une rare intensit\u00e9. Des d\u00e9g\u00e2 ...\" \/>\n<meta name=\"robots\" content=\"index, follow, max-snippet:-1, max-image-preview:large, max-video-preview:-1\" \/>\n<link rel=\"canonical\" href=\"https:\/\/www.africa-press.net\/tchad\/toutes-les-actualites\/importantes-inondations-dans-la-sous-prefecture-de-lame\" \/>\n<meta property=\"og:locale\" content=\"fr_FR\" \/>\n<meta property=\"og:type\" content=\"article\" \/>\n<meta property=\"og:title\" content=\"importantes inondations dans la sous-pr\u00e9fecture de Lam\u00e9\" \/>\n<meta property=\"og:description\" content=\"La sous-pr\u00e9fecture de Lam\u00e9 a enregistr\u00e9 dans la nuit du 18 au 19 juillet 2022, une pluie d&#039;une rare intensit\u00e9. Des d\u00e9g\u00e2 ...\" \/>\n<meta property=\"og:url\" content=\"https:\/\/www.africa-press.net\/tchad\/toutes-les-actualites\/importantes-inondations-dans-la-sous-prefecture-de-lame\" \/>\n<meta property=\"og:site_name\" content=\"tchad\" \/>\n<meta property=\"article:published_time\" content=\"2022-07-19T13:25:37+00:00\" \/>\n<meta property=\"article:modified_time\" content=\"2022-07-19T13:36:58+00:00\" \/>\n<meta property=\"og:image\" content=\"https:\/\/static.africa-press.net\/tchad\/sites\/41\/2022\/07\/postQueueImg_16-62d6b368e1b82.jpg\" \/>\n\t<meta property=\"og:image:width\" content=\"720\" \/>\n\t<meta property=\"og:image:height\" content=\"540\" \/>\n\t<meta property=\"og:image:type\" content=\"image\/jpeg\" \/>\n<meta name=\"author\" content=\"cfeditorfr\" \/>\n<meta name=\"twitter:card\" content=\"summary_large_image\" \/>\n<meta name=\"twitter:label1\" content=\"\u00c9crit par\" \/>\n\t<meta name=\"twitter:data1\" content=\"cfeditorfr\" \/>\n\t<meta name=\"twitter:label2\" content=\"Dur\u00e9e de lecture estim\u00e9e\" \/>\n\t<meta name=\"twitter:data2\" content=\"1 minute\" \/>\n<script type=\"application\/ld+json\" class=\"yoast-schema-graph\">{\"@context\":\"https:\/\/schema.org\",\"@graph\":[{\"@type\":\"Article\",\"@id\":\"https:\/\/www.africa-press.net\/tchad\/toutes-les-actualites\/importantes-inondations-dans-la-sous-prefecture-de-lame#article\",\"isPartOf\":{\"@id\":\"https:\/\/www.africa-press.net\/tchad\/toutes-les-actualites\/importantes-inondations-dans-la-sous-prefecture-de-lame\"},\"author\":{\"name\":\"cfeditorfr\",\"@id\":\"https:\/\/www.africa-press.net\/tchad\/#\/schema\/person\/2b1cf3cd81a31e3cd26889ca66d677f1\"},\"headline\":\"importantes inondations dans la sous-pr\u00e9fecture de Lam\u00e9\",\"datePublished\":\"2022-07-19T13:25:37+00:00\",\"dateModified\":\"2022-07-19T13:36:58+00:00\",\"mainEntityOfPage\":{\"@id\":\"https:\/\/www.africa-press.net\/tchad\/toutes-les-actualites\/importantes-inondations-dans-la-sous-prefecture-de-lame\"},\"wordCount\":226,\"commentCount\":0,\"image\":{\"@id\":\"https:\/\/www.africa-press.net\/tchad\/toutes-les-actualites\/importantes-inondations-dans-la-sous-prefecture-de-lame#primaryimage\"},\"thumbnailUrl\":\"https:\/\/static.africa-press.net\/tchad\/sites\/41\/2022\/07\/postQueueImg_16-62d6b368e1b82.jpg\",\"keywords\":[\"Africa Press\",\"Africa Press-Tchad\",\"Tchad\"],\"articleSection\":[\"Communaut\u00e9\",\"homepage-french\",\"Toutes les actualit\u00e9s\"],\"inLanguage\":\"fr-FR\",\"potentialAction\":[{\"@type\":\"CommentAction\",\"name\":\"Comment\",\"target\":[\"https:\/\/www.africa-press.net\/tchad\/toutes-les-actualites\/importantes-inondations-dans-la-sous-prefecture-de-lame#respond\"]}]},{\"@type\":\"WebPage\",\"@id\":\"https:\/\/www.africa-press.net\/tchad\/toutes-les-actualites\/importantes-inondations-dans-la-sous-prefecture-de-lame\",\"url\":\"https:\/\/www.africa-press.net\/tchad\/toutes-les-actualites\/importantes-inondations-dans-la-sous-prefecture-de-lame\",\"name\":\"importantes inondations dans la sous-pr\u00e9fecture de Lam\u00e9 - tchad\",\"isPartOf\":{\"@id\":\"https:\/\/www.africa-press.net\/tchad\/#website\"},\"primaryImageOfPage\":{\"@id\":\"https:\/\/www.africa-press.net\/tchad\/toutes-les-actualites\/importantes-inondations-dans-la-sous-prefecture-de-lame#primaryimage\"},\"image\":{\"@id\":\"https:\/\/www.africa-press.net\/tchad\/toutes-les-actualites\/importantes-inondations-dans-la-sous-prefecture-de-lame#primaryimage\"},\"thumbnailUrl\":\"https:\/\/static.africa-press.net\/tchad\/sites\/41\/2022\/07\/postQueueImg_16-62d6b368e1b82.jpg\",\"datePublished\":\"2022-07-19T13:25:37+00:00\",\"dateModified\":\"2022-07-19T13:36:58+00:00\",\"author\":{\"@id\":\"https:\/\/www.africa-press.net\/tchad\/#\/schema\/person\/2b1cf3cd81a31e3cd26889ca66d677f1\"},\"description\":\"La sous-pr\u00e9fecture de Lam\u00e9 a enregistr\u00e9 dans la nuit du 18 au 19 juillet 2022, une pluie d'une rare intensit\u00e9. Des d\u00e9g\u00e2 ...\",\"breadcrumb\":{\"@id\":\"https:\/\/www.africa-press.net\/tchad\/toutes-les-actualites\/importantes-inondations-dans-la-sous-prefecture-de-lame#breadcrumb\"},\"inLanguage\":\"fr-FR\",\"potentialAction\":[{\"@type\":\"ReadAction\",\"target\":[\"https:\/\/www.africa-press.net\/tchad\/toutes-les-actualites\/importantes-inondations-dans-la-sous-prefecture-de-lame\"]}]},{\"@type\":\"ImageObject\",\"inLanguage\":\"fr-FR\",\"@id\":\"https:\/\/www.africa-press.net\/tchad\/toutes-les-actualites\/importantes-inondations-dans-la-sous-prefecture-de-lame#primaryimage\",\"url\":\"https:\/\/static.africa-press.net\/tchad\/sites\/41\/2022\/07\/postQueueImg_16-62d6b368e1b82.jpg\",\"contentUrl\":\"https:\/\/static.africa-press.net\/tchad\/sites\/41\/2022\/07\/postQueueImg_16-62d6b368e1b82.jpg\",\"width\":720,\"height\":540,\"caption\":\"importantes inondations dans la sous-pr\u00e9fecture de Lam\u00e9\"},{\"@type\":\"BreadcrumbList\",\"@id\":\"https:\/\/www.africa-press.net\/tchad\/toutes-les-actualites\/importantes-inondations-dans-la-sous-prefecture-de-lame#breadcrumb\",\"itemListElement\":[{\"@type\":\"ListItem\",\"position\":1,\"name\":\"Accueil\",\"item\":\"https:\/\/www.africa-press.net\/tchad\/\"},{\"@type\":\"ListItem\",\"position\":2,\"name\":\"importantes inondations dans la sous-pr\u00e9fecture de Lam\u00e9\"}]},{\"@type\":\"WebSite\",\"@id\":\"https:\/\/www.africa-press.net\/tchad\/#website\",\"url\":\"https:\/\/www.africa-press.net\/tchad\/\",\"name\":\"tchad\",\"description\":\"Just another Africa News Agency Sites site\",\"potentialAction\":[{\"@type\":\"SearchAction\",\"target\":{\"@type\":\"EntryPoint\",\"urlTemplate\":\"https:\/\/www.africa-press.net\/tchad\/?s={search_term_string}\"},\"query-input\":{\"@type\":\"PropertyValueSpecification\",\"valueRequired\":true,\"valueName\":\"search_term_string\"}}],\"inLanguage\":\"fr-FR\"},{\"@type\":\"Person\",\"@id\":\"https:\/\/www.africa-press.net\/tchad\/#\/schema\/person\/2b1cf3cd81a31e3cd26889ca66d677f1\",\"name\":\"cfeditorfr\"}]}<\/script>\n<!-- \/ Yoast SEO Premium plugin. -->","yoast_head_json":{"title":"importantes inondations dans la sous-pr\u00e9fecture de Lam\u00e9 - tchad","description":"La sous-pr\u00e9fecture de Lam\u00e9 a enregistr\u00e9 dans la nuit du 18 au 19 juillet 2022, une pluie d'une rare intensit\u00e9. Des d\u00e9g\u00e2 ...","robots":{"index":"index","follow":"follow","max-snippet":"max-snippet:-1","max-image-preview":"max-image-preview:large","max-video-preview":"max-video-preview:-1"},"canonical":"https:\/\/www.africa-press.net\/tchad\/toutes-les-actualites\/importantes-inondations-dans-la-sous-prefecture-de-lame","og_locale":"fr_FR","og_type":"article","og_title":"importantes inondations dans la sous-pr\u00e9fecture de Lam\u00e9","og_description":"La sous-pr\u00e9fecture de Lam\u00e9 a enregistr\u00e9 dans la nuit du 18 au 19 juillet 2022, une pluie d'une rare intensit\u00e9. Des d\u00e9g\u00e2 ...","og_url":"https:\/\/www.africa-press.net\/tchad\/toutes-les-actualites\/importantes-inondations-dans-la-sous-prefecture-de-lame","og_site_name":"tchad","article_published_time":"2022-07-19T13:25:37+00:00","article_modified_time":"2022-07-19T13:36:58+00:00","og_image":[{"width":720,"height":540,"url":"https:\/\/static.africa-press.net\/tchad\/sites\/41\/2022\/07\/postQueueImg_16-62d6b368e1b82.jpg","type":"image\/jpeg"}],"author":"cfeditorfr","twitter_card":"summary_large_image","twitter_misc":{"\u00c9crit par":"cfeditorfr","Dur\u00e9e de lecture estim\u00e9e":"1 minute"},"schema":{"@context":"https:\/\/schema.org","@graph":[{"@type":"Article","@id":"https:\/\/www.africa-press.net\/tchad\/toutes-les-actualites\/importantes-inondations-dans-la-sous-prefecture-de-lame#article","isPartOf":{"@id":"https:\/\/www.africa-press.net\/tchad\/toutes-les-actualites\/importantes-inondations-dans-la-sous-prefecture-de-lame"},"author":{"name":"cfeditorfr","@id":"https:\/\/www.africa-press.net\/tchad\/#\/schema\/person\/2b1cf3cd81a31e3cd26889ca66d677f1"},"headline":"importantes inondations dans la sous-pr\u00e9fecture de Lam\u00e9","datePublished":"2022-07-19T13:25:37+00:00","dateModified":"2022-07-19T13:36:58+00:00","mainEntityOfPage":{"@id":"https:\/\/www.africa-press.net\/tchad\/toutes-les-actualites\/importantes-inondations-dans-la-sous-prefecture-de-lame"},"wordCount":226,"commentCount":0,"image":{"@id":"https:\/\/www.africa-press.net\/tchad\/toutes-les-actualites\/importantes-inondations-dans-la-sous-prefecture-de-lame#primaryimage"},"thumbnailUrl":"https:\/\/static.africa-press.net\/tchad\/sites\/41\/2022\/07\/postQueueImg_16-62d6b368e1b82.jpg","keywords":["Africa Press","Africa Press-Tchad","Tchad"],"articleSection":["Communaut\u00e9","homepage-french","Toutes les actualit\u00e9s"],"inLanguage":"fr-FR","potentialAction":[{"@type":"CommentAction","name":"Comment","target":["https:\/\/www.africa-press.net\/tchad\/toutes-les-actualites\/importantes-inondations-dans-la-sous-prefecture-de-lame#respond"]}]},{"@type":"WebPage","@id":"https:\/\/www.africa-press.net\/tchad\/toutes-les-actualites\/importantes-inondations-dans-la-sous-prefecture-de-lame","url":"https:\/\/www.africa-press.net\/tchad\/toutes-les-actualites\/importantes-inondations-dans-la-sous-prefecture-de-lame","name":"importantes inondations dans la sous-pr\u00e9fecture de Lam\u00e9 - tchad","isPartOf":{"@id":"https:\/\/www.africa-press.net\/tchad\/#website"},"primaryImageOfPage":{"@id":"https:\/\/www.africa-press.net\/tchad\/toutes-les-actualites\/importantes-inondations-dans-la-sous-prefecture-de-lame#primaryimage"},"image":{"@id":"https:\/\/www.africa-press.net\/tchad\/toutes-les-actualites\/importantes-inondations-dans-la-sous-prefecture-de-lame#primaryimage"},"thumbnailUrl":"https:\/\/static.africa-press.net\/tchad\/sites\/41\/2022\/07\/postQueueImg_16-62d6b368e1b82.jpg","datePublished":"2022-07-19T13:25:37+00:00","dateModified":"2022-07-19T13:36:58+00:00","author":{"@id":"https:\/\/www.africa-press.net\/tchad\/#\/schema\/person\/2b1cf3cd81a31e3cd26889ca66d677f1"},"description":"La sous-pr\u00e9fecture de Lam\u00e9 a enregistr\u00e9 dans la nuit du 18 au 19 juillet 2022, une pluie d'une rare intensit\u00e9. Des d\u00e9g\u00e2 ...","breadcrumb":{"@id":"https:\/\/www.africa-press.net\/tchad\/toutes-les-actualites\/importantes-inondations-dans-la-sous-prefecture-de-lame#breadcrumb"},"inLanguage":"fr-FR","potentialAction":[{"@type":"ReadAction","target":["https:\/\/www.africa-press.net\/tchad\/toutes-les-actualites\/importantes-inondations-dans-la-sous-prefecture-de-lame"]}]},{"@type":"ImageObject","inLanguage":"fr-FR","@id":"https:\/\/www.africa-press.net\/tchad\/toutes-les-actualites\/importantes-inondations-dans-la-sous-prefecture-de-lame#primaryimage","url":"https:\/\/static.africa-press.net\/tchad\/sites\/41\/2022\/07\/postQueueImg_16-62d6b368e1b82.jpg","contentUrl":"https:\/\/static.africa-press.net\/tchad\/sites\/41\/2022\/07\/postQueueImg_16-62d6b368e1b82.jpg","width":720,"height":540,"caption":"importantes inondations dans la sous-pr\u00e9fecture de Lam\u00e9"},{"@type":"BreadcrumbList","@id":"https:\/\/www.africa-press.net\/tchad\/toutes-les-actualites\/importantes-inondations-dans-la-sous-prefecture-de-lame#breadcrumb","itemListElement":[{"@type":"ListItem","position":1,"name":"Accueil","item":"https:\/\/www.africa-press.net\/tchad\/"},{"@type":"ListItem","position":2,"name":"importantes inondations dans la sous-pr\u00e9fecture de Lam\u00e9"}]},{"@type":"WebSite","@id":"https:\/\/www.africa-press.net\/tchad\/#website","url":"https:\/\/www.africa-press.net\/tchad\/","name":"tchad","description":"Just another Africa News Agency Sites site","potentialAction":[{"@type":"SearchAction","target":{"@type":"EntryPoint","urlTemplate":"https:\/\/www.africa-press.net\/tchad\/?s={search_term_string}"},"query-input":{"@type":"PropertyValueSpecification","valueRequired":true,"valueName":"search_term_string"}}],"inLanguage":"fr-FR"},{"@type":"Person","@id":"https:\/\/www.africa-press.net\/tchad\/#\/schema\/person\/2b1cf3cd81a31e3cd26889ca66d677f1","name":"cfeditorfr"}]}},"_links":{"self":[{"href":"https:\/\/www.africa-press.net\/tchad\/wp-json\/wp\/v2\/posts\/29155","targetHints":{"allow":["GET"]}}],"collection":[{"href":"https:\/\/www.africa-press.net\/tchad\/wp-json\/wp\/v2\/posts"}],"about":[{"href":"https:\/\/www.africa-press.net\/tchad\/wp-json\/wp\/v2\/types\/post"}],"author":[{"embeddable":true,"href":"https:\/\/www.africa-press.net\/tchad\/wp-json\/wp\/v2\/users\/82"}],"replies":[{"embeddable":true,"href":"https:\/\/www.africa-press.net\/tchad\/wp-json\/wp\/v2\/comments?post=29155"}],"version-history":[{"count":0,"href":"https:\/\/www.africa-press.net\/tchad\/wp-json\/wp\/v2\/posts\/29155\/revisions"}],"wp:featuredmedia":[{"embeddable":true,"href":"https:\/\/www.africa-press.net\/tchad\/wp-json\/wp\/v2\/media\/29154"}],"wp:attachment":[{"href":"https:\/\/www.africa-press.net\/tchad\/wp-json\/wp\/v2\/media?parent=29155"}],"wp:term":[{"taxonomy":"category","embeddable":true,"href":"https:\/\/www.africa-press.net\/tchad\/wp-json\/wp\/v2\/categories?post=29155"},{"taxonomy":"post_tag","embeddable":true,"href":"https:\/\/www.africa-press.net\/tchad\/wp-json\/wp\/v2\/tags?post=29155"}],"curies":[{"name":"wp","href":"https:\/\/api.w.org\/{rel}","templated":true}]}}