{"id":29203,"date":"2022-07-20T18:28:11","date_gmt":"2022-07-20T18:28:11","guid":{"rendered":"https:\/\/www.africa-press.net\/tchad\/politique\/ladministration-se-renforce-en-legistique-et-en-redaction-administrative"},"modified":"2022-07-20T18:49:39","modified_gmt":"2022-07-20T18:49:39","slug":"ladministration-se-renforce-en-legistique-et-en-redaction-administrative","status":"publish","type":"post","link":"https:\/\/www.africa-press.net\/tchad\/politique\/ladministration-se-renforce-en-legistique-et-en-redaction-administrative","title":{"rendered":"l\u2019administration se renforce en l\u00e9gistique et en r\u00e9daction administrative"},"content":{"rendered":"<p><span style=\"color: #ff6600\"><strong>Africa-Press &#8211; Tchad. <\/strong><\/span>Le haut comit\u00e9 charg\u00e9 d&rsquo;\u00e9laborer des guides en l\u00e9gistique et r\u00e9daction administrative, organise un atelier de validation des projets de guides de r\u00e9daction administrative et de charte graphique de l&rsquo;Etat, ce 20 juillet 2022.<\/p>\n<p>L&rsquo;objectif de ces projets, est de doter l&rsquo;administration publique tchadienne d&rsquo;un document de r\u00e9f\u00e9rence en mati\u00e8re de l\u00e9gistique, pouvant uniformiser les pratiques dans l&rsquo;ensemble des services publics, dans la conception, l&rsquo;\u00e9laboration, la r\u00e9daction et la mise en vigueur des textes normatifs.<\/p>\n<p>Selon Haliki Choua Mahamat, secr\u00e9taire g\u00e9n\u00e9ral du gouvernement, le processus de mise en place des guides de l\u00e9gistique et de r\u00e9daction administrative, vise \u00e0 apporter les r\u00e9ponses appropri\u00e9es \u00e0 des insuffisances, des manquements et des irr\u00e9gularit\u00e9s constat\u00e9es \u00e7\u00e0 et l\u00e0, dans les textes normatifs et documents administratifs.<\/p>\n<p>Ce processus est par ailleurs conduit avec dext\u00e9rit\u00e9, et de mani\u00e8re volontariste, sous la responsabilit\u00e9 du secr\u00e9taire g\u00e9n\u00e9ral du gouvernement.<\/p>\n<p><strong>Pour plus d&rsquo;informations et d&rsquo;analyses sur la <a href=\"https:\/\/www.africa-press.net\/tchad\">Tchad<\/a>, suivez <a href=\"https:\/\/www.africa-press.net\/\">Africa-Press<\/a><\/strong><\/p>\n","protected":false},"excerpt":{"rendered":"<p>Africa-Press &#8211; Tchad. Le haut comit\u00e9 charg\u00e9 d&rsquo;\u00e9laborer des guides en l\u00e9gistique et r\u00e9daction administrative, organise un atelier de validation des projets de guides de r\u00e9daction administrative et de charte graphique de l&rsquo;Etat, ce 20 juillet 2022. L&rsquo;objectif de ces projets, est de doter l&rsquo;administration publique tchadienne d&rsquo;un document de r\u00e9f\u00e9rence en mati\u00e8re de l\u00e9gistique, [&hellip;]<\/p>\n","protected":false},"author":82,"featured_media":29202,"comment_status":"open","ping_status":"closed","sticky":false,"template":"","format":"standard","meta":{"footnotes":""},"categories":[11,2,10],"tags":[37,292,29],"class_list":["post-29203","post","type-post","status-publish","format-standard","has-post-thumbnail","hentry","category-homepage-french","category-politique","category-toutes-les-actualites","tag-africa-press","tag-africa-press-tchad","tag-tchad"],"yoast_head":"<!-- This site is optimized with the Yoast SEO Premium plugin v26.1 (Yoast SEO v27.0) - https:\/\/yoast.com\/product\/yoast-seo-premium-wordpress\/ -->\n<title>l\u2019administration se renforce en l\u00e9gistique et en r\u00e9daction administrative - tchad<\/title>\n<meta name=\"description\" content=\"Le haut comit\u00e9 charg\u00e9 d&#039;\u00e9laborer des guides en l\u00e9gistique et r\u00e9daction administrative, organise un atelier de validation ...\" \/>\n<meta name=\"robots\" content=\"index, follow, max-snippet:-1, max-image-preview:large, max-video-preview:-1\" \/>\n<link rel=\"canonical\" href=\"https:\/\/www.africa-press.net\/tchad\/politique\/ladministration-se-renforce-en-legistique-et-en-redaction-administrative\" \/>\n<meta property=\"og:locale\" content=\"fr_FR\" \/>\n<meta property=\"og:type\" content=\"article\" \/>\n<meta property=\"og:title\" content=\"l\u2019administration se renforce en l\u00e9gistique et en r\u00e9daction administrative\" \/>\n<meta property=\"og:description\" content=\"Le haut comit\u00e9 charg\u00e9 d&#039;\u00e9laborer des guides en l\u00e9gistique et r\u00e9daction administrative, organise un atelier de validation ...\" \/>\n<meta property=\"og:url\" content=\"https:\/\/www.africa-press.net\/tchad\/politique\/ladministration-se-renforce-en-legistique-et-en-redaction-administrative\" \/>\n<meta property=\"og:site_name\" content=\"tchad\" \/>\n<meta property=\"article:published_time\" content=\"2022-07-20T18:28:11+00:00\" \/>\n<meta property=\"article:modified_time\" content=\"2022-07-20T18:49:39+00:00\" \/>\n<meta property=\"og:image\" content=\"https:\/\/static.africa-press.net\/tchad\/sites\/41\/2022\/07\/postQueueImg_18-62d84e2ecc60d.jpg\" \/>\n\t<meta property=\"og:image:width\" content=\"848\" \/>\n\t<meta property=\"og:image:height\" content=\"524\" \/>\n\t<meta property=\"og:image:type\" content=\"image\/jpeg\" \/>\n<meta name=\"author\" content=\"cfeditorfr\" \/>\n<meta name=\"twitter:card\" content=\"summary_large_image\" \/>\n<meta name=\"twitter:label1\" content=\"\u00c9crit par\" \/>\n\t<meta name=\"twitter:data1\" content=\"cfeditorfr\" \/>\n\t<meta name=\"twitter:label2\" content=\"Dur\u00e9e de lecture estim\u00e9e\" \/>\n\t<meta name=\"twitter:data2\" content=\"1 minute\" \/>\n<script type=\"application\/ld+json\" class=\"yoast-schema-graph\">{\"@context\":\"https:\/\/schema.org\",\"@graph\":[{\"@type\":\"Article\",\"@id\":\"https:\/\/www.africa-press.net\/tchad\/politique\/ladministration-se-renforce-en-legistique-et-en-redaction-administrative#article\",\"isPartOf\":{\"@id\":\"https:\/\/www.africa-press.net\/tchad\/politique\/ladministration-se-renforce-en-legistique-et-en-redaction-administrative\"},\"author\":{\"name\":\"cfeditorfr\",\"@id\":\"https:\/\/www.africa-press.net\/tchad\/#\/schema\/person\/2b1cf3cd81a31e3cd26889ca66d677f1\"},\"headline\":\"l\u2019administration se renforce en l\u00e9gistique et en r\u00e9daction administrative\",\"datePublished\":\"2022-07-20T18:28:11+00:00\",\"dateModified\":\"2022-07-20T18:49:39+00:00\",\"mainEntityOfPage\":{\"@id\":\"https:\/\/www.africa-press.net\/tchad\/politique\/ladministration-se-renforce-en-legistique-et-en-redaction-administrative\"},\"wordCount\":194,\"commentCount\":0,\"image\":{\"@id\":\"https:\/\/www.africa-press.net\/tchad\/politique\/ladministration-se-renforce-en-legistique-et-en-redaction-administrative#primaryimage\"},\"thumbnailUrl\":\"https:\/\/static.africa-press.net\/tchad\/sites\/41\/2022\/07\/postQueueImg_18-62d84e2ecc60d.jpg\",\"keywords\":[\"Africa Press\",\"Africa Press-Tchad\",\"Tchad\"],\"articleSection\":[\"homepage-french\",\"Politique\",\"Toutes les actualit\u00e9s\"],\"inLanguage\":\"fr-FR\",\"potentialAction\":[{\"@type\":\"CommentAction\",\"name\":\"Comment\",\"target\":[\"https:\/\/www.africa-press.net\/tchad\/politique\/ladministration-se-renforce-en-legistique-et-en-redaction-administrative#respond\"]}]},{\"@type\":\"WebPage\",\"@id\":\"https:\/\/www.africa-press.net\/tchad\/politique\/ladministration-se-renforce-en-legistique-et-en-redaction-administrative\",\"url\":\"https:\/\/www.africa-press.net\/tchad\/politique\/ladministration-se-renforce-en-legistique-et-en-redaction-administrative\",\"name\":\"l\u2019administration se renforce en l\u00e9gistique et en r\u00e9daction administrative - tchad\",\"isPartOf\":{\"@id\":\"https:\/\/www.africa-press.net\/tchad\/#website\"},\"primaryImageOfPage\":{\"@id\":\"https:\/\/www.africa-press.net\/tchad\/politique\/ladministration-se-renforce-en-legistique-et-en-redaction-administrative#primaryimage\"},\"image\":{\"@id\":\"https:\/\/www.africa-press.net\/tchad\/politique\/ladministration-se-renforce-en-legistique-et-en-redaction-administrative#primaryimage\"},\"thumbnailUrl\":\"https:\/\/static.africa-press.net\/tchad\/sites\/41\/2022\/07\/postQueueImg_18-62d84e2ecc60d.jpg\",\"datePublished\":\"2022-07-20T18:28:11+00:00\",\"dateModified\":\"2022-07-20T18:49:39+00:00\",\"author\":{\"@id\":\"https:\/\/www.africa-press.net\/tchad\/#\/schema\/person\/2b1cf3cd81a31e3cd26889ca66d677f1\"},\"description\":\"Le haut comit\u00e9 charg\u00e9 d'\u00e9laborer des guides en l\u00e9gistique et r\u00e9daction administrative, organise un atelier de validation ...\",\"breadcrumb\":{\"@id\":\"https:\/\/www.africa-press.net\/tchad\/politique\/ladministration-se-renforce-en-legistique-et-en-redaction-administrative#breadcrumb\"},\"inLanguage\":\"fr-FR\",\"potentialAction\":[{\"@type\":\"ReadAction\",\"target\":[\"https:\/\/www.africa-press.net\/tchad\/politique\/ladministration-se-renforce-en-legistique-et-en-redaction-administrative\"]}]},{\"@type\":\"ImageObject\",\"inLanguage\":\"fr-FR\",\"@id\":\"https:\/\/www.africa-press.net\/tchad\/politique\/ladministration-se-renforce-en-legistique-et-en-redaction-administrative#primaryimage\",\"url\":\"https:\/\/static.africa-press.net\/tchad\/sites\/41\/2022\/07\/postQueueImg_18-62d84e2ecc60d.jpg\",\"contentUrl\":\"https:\/\/static.africa-press.net\/tchad\/sites\/41\/2022\/07\/postQueueImg_18-62d84e2ecc60d.jpg\",\"width\":848,\"height\":524,\"caption\":\"l\u2019administration se renforce en l\u00e9gistique et en r\u00e9daction administrative\"},{\"@type\":\"BreadcrumbList\",\"@id\":\"https:\/\/www.africa-press.net\/tchad\/politique\/ladministration-se-renforce-en-legistique-et-en-redaction-administrative#breadcrumb\",\"itemListElement\":[{\"@type\":\"ListItem\",\"position\":1,\"name\":\"Accueil\",\"item\":\"https:\/\/www.africa-press.net\/tchad\/\"},{\"@type\":\"ListItem\",\"position\":2,\"name\":\"l\u2019administration se renforce en l\u00e9gistique et en r\u00e9daction administrative\"}]},{\"@type\":\"WebSite\",\"@id\":\"https:\/\/www.africa-press.net\/tchad\/#website\",\"url\":\"https:\/\/www.africa-press.net\/tchad\/\",\"name\":\"tchad\",\"description\":\"Just another Africa News Agency Sites site\",\"potentialAction\":[{\"@type\":\"SearchAction\",\"target\":{\"@type\":\"EntryPoint\",\"urlTemplate\":\"https:\/\/www.africa-press.net\/tchad\/?s={search_term_string}\"},\"query-input\":{\"@type\":\"PropertyValueSpecification\",\"valueRequired\":true,\"valueName\":\"search_term_string\"}}],\"inLanguage\":\"fr-FR\"},{\"@type\":\"Person\",\"@id\":\"https:\/\/www.africa-press.net\/tchad\/#\/schema\/person\/2b1cf3cd81a31e3cd26889ca66d677f1\",\"name\":\"cfeditorfr\"}]}<\/script>\n<!-- \/ Yoast SEO Premium plugin. -->","yoast_head_json":{"title":"l\u2019administration se renforce en l\u00e9gistique et en r\u00e9daction administrative - tchad","description":"Le haut comit\u00e9 charg\u00e9 d'\u00e9laborer des guides en l\u00e9gistique et r\u00e9daction administrative, organise un atelier de validation ...","robots":{"index":"index","follow":"follow","max-snippet":"max-snippet:-1","max-image-preview":"max-image-preview:large","max-video-preview":"max-video-preview:-1"},"canonical":"https:\/\/www.africa-press.net\/tchad\/politique\/ladministration-se-renforce-en-legistique-et-en-redaction-administrative","og_locale":"fr_FR","og_type":"article","og_title":"l\u2019administration se renforce en l\u00e9gistique et en r\u00e9daction administrative","og_description":"Le haut comit\u00e9 charg\u00e9 d'\u00e9laborer des guides en l\u00e9gistique et r\u00e9daction administrative, organise un atelier de validation ...","og_url":"https:\/\/www.africa-press.net\/tchad\/politique\/ladministration-se-renforce-en-legistique-et-en-redaction-administrative","og_site_name":"tchad","article_published_time":"2022-07-20T18:28:11+00:00","article_modified_time":"2022-07-20T18:49:39+00:00","og_image":[{"width":848,"height":524,"url":"https:\/\/static.africa-press.net\/tchad\/sites\/41\/2022\/07\/postQueueImg_18-62d84e2ecc60d.jpg","type":"image\/jpeg"}],"author":"cfeditorfr","twitter_card":"summary_large_image","twitter_misc":{"\u00c9crit par":"cfeditorfr","Dur\u00e9e de lecture estim\u00e9e":"1 minute"},"schema":{"@context":"https:\/\/schema.org","@graph":[{"@type":"Article","@id":"https:\/\/www.africa-press.net\/tchad\/politique\/ladministration-se-renforce-en-legistique-et-en-redaction-administrative#article","isPartOf":{"@id":"https:\/\/www.africa-press.net\/tchad\/politique\/ladministration-se-renforce-en-legistique-et-en-redaction-administrative"},"author":{"name":"cfeditorfr","@id":"https:\/\/www.africa-press.net\/tchad\/#\/schema\/person\/2b1cf3cd81a31e3cd26889ca66d677f1"},"headline":"l\u2019administration se renforce en l\u00e9gistique et en r\u00e9daction administrative","datePublished":"2022-07-20T18:28:11+00:00","dateModified":"2022-07-20T18:49:39+00:00","mainEntityOfPage":{"@id":"https:\/\/www.africa-press.net\/tchad\/politique\/ladministration-se-renforce-en-legistique-et-en-redaction-administrative"},"wordCount":194,"commentCount":0,"image":{"@id":"https:\/\/www.africa-press.net\/tchad\/politique\/ladministration-se-renforce-en-legistique-et-en-redaction-administrative#primaryimage"},"thumbnailUrl":"https:\/\/static.africa-press.net\/tchad\/sites\/41\/2022\/07\/postQueueImg_18-62d84e2ecc60d.jpg","keywords":["Africa Press","Africa Press-Tchad","Tchad"],"articleSection":["homepage-french","Politique","Toutes les actualit\u00e9s"],"inLanguage":"fr-FR","potentialAction":[{"@type":"CommentAction","name":"Comment","target":["https:\/\/www.africa-press.net\/tchad\/politique\/ladministration-se-renforce-en-legistique-et-en-redaction-administrative#respond"]}]},{"@type":"WebPage","@id":"https:\/\/www.africa-press.net\/tchad\/politique\/ladministration-se-renforce-en-legistique-et-en-redaction-administrative","url":"https:\/\/www.africa-press.net\/tchad\/politique\/ladministration-se-renforce-en-legistique-et-en-redaction-administrative","name":"l\u2019administration se renforce en l\u00e9gistique et en r\u00e9daction administrative - tchad","isPartOf":{"@id":"https:\/\/www.africa-press.net\/tchad\/#website"},"primaryImageOfPage":{"@id":"https:\/\/www.africa-press.net\/tchad\/politique\/ladministration-se-renforce-en-legistique-et-en-redaction-administrative#primaryimage"},"image":{"@id":"https:\/\/www.africa-press.net\/tchad\/politique\/ladministration-se-renforce-en-legistique-et-en-redaction-administrative#primaryimage"},"thumbnailUrl":"https:\/\/static.africa-press.net\/tchad\/sites\/41\/2022\/07\/postQueueImg_18-62d84e2ecc60d.jpg","datePublished":"2022-07-20T18:28:11+00:00","dateModified":"2022-07-20T18:49:39+00:00","author":{"@id":"https:\/\/www.africa-press.net\/tchad\/#\/schema\/person\/2b1cf3cd81a31e3cd26889ca66d677f1"},"description":"Le haut comit\u00e9 charg\u00e9 d'\u00e9laborer des guides en l\u00e9gistique et r\u00e9daction administrative, organise un atelier de validation ...","breadcrumb":{"@id":"https:\/\/www.africa-press.net\/tchad\/politique\/ladministration-se-renforce-en-legistique-et-en-redaction-administrative#breadcrumb"},"inLanguage":"fr-FR","potentialAction":[{"@type":"ReadAction","target":["https:\/\/www.africa-press.net\/tchad\/politique\/ladministration-se-renforce-en-legistique-et-en-redaction-administrative"]}]},{"@type":"ImageObject","inLanguage":"fr-FR","@id":"https:\/\/www.africa-press.net\/tchad\/politique\/ladministration-se-renforce-en-legistique-et-en-redaction-administrative#primaryimage","url":"https:\/\/static.africa-press.net\/tchad\/sites\/41\/2022\/07\/postQueueImg_18-62d84e2ecc60d.jpg","contentUrl":"https:\/\/static.africa-press.net\/tchad\/sites\/41\/2022\/07\/postQueueImg_18-62d84e2ecc60d.jpg","width":848,"height":524,"caption":"l\u2019administration se renforce en l\u00e9gistique et en r\u00e9daction administrative"},{"@type":"BreadcrumbList","@id":"https:\/\/www.africa-press.net\/tchad\/politique\/ladministration-se-renforce-en-legistique-et-en-redaction-administrative#breadcrumb","itemListElement":[{"@type":"ListItem","position":1,"name":"Accueil","item":"https:\/\/www.africa-press.net\/tchad\/"},{"@type":"ListItem","position":2,"name":"l\u2019administration se renforce en l\u00e9gistique et en r\u00e9daction administrative"}]},{"@type":"WebSite","@id":"https:\/\/www.africa-press.net\/tchad\/#website","url":"https:\/\/www.africa-press.net\/tchad\/","name":"tchad","description":"Just another Africa News Agency Sites site","potentialAction":[{"@type":"SearchAction","target":{"@type":"EntryPoint","urlTemplate":"https:\/\/www.africa-press.net\/tchad\/?s={search_term_string}"},"query-input":{"@type":"PropertyValueSpecification","valueRequired":true,"valueName":"search_term_string"}}],"inLanguage":"fr-FR"},{"@type":"Person","@id":"https:\/\/www.africa-press.net\/tchad\/#\/schema\/person\/2b1cf3cd81a31e3cd26889ca66d677f1","name":"cfeditorfr"}]}},"_links":{"self":[{"href":"https:\/\/www.africa-press.net\/tchad\/wp-json\/wp\/v2\/posts\/29203","targetHints":{"allow":["GET"]}}],"collection":[{"href":"https:\/\/www.africa-press.net\/tchad\/wp-json\/wp\/v2\/posts"}],"about":[{"href":"https:\/\/www.africa-press.net\/tchad\/wp-json\/wp\/v2\/types\/post"}],"author":[{"embeddable":true,"href":"https:\/\/www.africa-press.net\/tchad\/wp-json\/wp\/v2\/users\/82"}],"replies":[{"embeddable":true,"href":"https:\/\/www.africa-press.net\/tchad\/wp-json\/wp\/v2\/comments?post=29203"}],"version-history":[{"count":0,"href":"https:\/\/www.africa-press.net\/tchad\/wp-json\/wp\/v2\/posts\/29203\/revisions"}],"wp:featuredmedia":[{"embeddable":true,"href":"https:\/\/www.africa-press.net\/tchad\/wp-json\/wp\/v2\/media\/29202"}],"wp:attachment":[{"href":"https:\/\/www.africa-press.net\/tchad\/wp-json\/wp\/v2\/media?parent=29203"}],"wp:term":[{"taxonomy":"category","embeddable":true,"href":"https:\/\/www.africa-press.net\/tchad\/wp-json\/wp\/v2\/categories?post=29203"},{"taxonomy":"post_tag","embeddable":true,"href":"https:\/\/www.africa-press.net\/tchad\/wp-json\/wp\/v2\/tags?post=29203"}],"curies":[{"name":"wp","href":"https:\/\/api.w.org\/{rel}","templated":true}]}}