{"id":29238,"date":"2022-07-21T14:25:21","date_gmt":"2022-07-21T14:25:21","guid":{"rendered":"https:\/\/www.africa-press.net\/tchad\/politique\/un-cinquantenaire-tue-a-ndjamena-dans-sa-concession-par-un-voleur"},"modified":"2022-07-21T14:58:38","modified_gmt":"2022-07-21T14:58:38","slug":"un-cinquantenaire-tue-a-ndjamena-dans-sa-concession-par-un-voleur","status":"publish","type":"post","link":"https:\/\/www.africa-press.net\/tchad\/toutes-les-actualites\/un-cinquantenaire-tue-a-ndjamena-dans-sa-concession-par-un-voleur","title":{"rendered":"un cinquantenaire tu\u00e9 \u00e0 N\u2019Djamena dans sa concession par un voleur"},"content":{"rendered":"<p><span style=\"color: #ff6600\"><strong>Africa-Press &#8211; Tchad. <\/strong><\/span><b>Un meurtre de plus \u00e0 N\u2019Djamena, la cit\u00e9 capital. Dans la nuit du mardi 19 au mercredi 20 juillet 2022, un chef de famille a \u00e9t\u00e9 poignard\u00e9 \u00e0 mort \u00e0 Kl\u00e9mat, dans le deuxi\u00e8me arrondissement.<\/b><\/p>\n<p>D\u2019apr\u00e8s les proches de la victime, ce n\u2019est pas la premi\u00e8re fois que ce voleur s\u2019introduit dans leur concession. Sauf que pour cette fois, le pire n\u2019a pas pu \u00eatre \u00e9vit\u00e9, le chef de famille a \u00e9t\u00e9 tu\u00e9. Il s\u2019agit d\u2019un homme de plus d\u2019un cinquantenaire, p\u00e8re de quatre enfants. Le nom du d\u00e9funt est Djimet Haroun.<\/p>\n<p>L\u2019un de ses fr\u00e8res rapporte que la victime s\u2019est r\u00e9veill\u00e9e aux environs de deux heures du matin pour se soulager. Ayant entendu un bruit \u00e9trange et inhabituelle, Djimet Haroun a d\u00e9duit qu\u2019il s\u2019agirait d\u2019un voleur. Son institution \u00e9tait exacte, sauf que l\u2019homme entr\u00e9 par effraction dans la maison d\u00e9tenait une arme blanche. Le chef de famille a essay\u00e9 d\u2019intercepter l\u2019intrus, c\u2019est alors que l\u2019individu a tir\u00e9 son couteau du fourreau. \u00ab Le voleur a d\u00e9gain\u00e9 un couteau avec lequel il l\u2019a poignard\u00e9 au ventre\u00bb raconte le fr\u00e8re de la victime. Il a rendu l\u2019\u00e2me sur le chemin de l\u2019h\u00f4pital.<\/p>\n<p><b>Le<\/b><br \/>\n<b>voleur a d\u00e9gain\u00e9 un couteau avec lequel il l\u2019a poignard\u00e9 au ventre<\/b><\/p>\n<p>Son fr\u00e8re qui rapporte les faits a \u00e9galement \u00e9t\u00e9 poignard\u00e9. Alert\u00e9s les voisins sont tr\u00e8s vite intervenus pour mobiliser le brigand. C\u2019est de justesse qu\u2019il n\u2019a pas subi les foudres de la justice populaire. Bless\u00e9, le pr\u00e9sum\u00e9 voleur a \u00e9t\u00e9 admis dans un centre hospitalier. Il sera ensuite remis \u00e0 la justice.<\/p>\n<p><strong>Pour plus d&rsquo;informations et d&rsquo;analyses sur la <a href=\"https:\/\/www.africa-press.net\/tchad\">Tchad<\/a>, suivez <a href=\"https:\/\/www.africa-press.net\/\">Africa-Press<\/a><\/strong><\/p>\n","protected":false},"excerpt":{"rendered":"<p>Africa-Press &#8211; Tchad. Un meurtre de plus \u00e0 N\u2019Djamena, la cit\u00e9 capital. Dans la nuit du mardi 19 au mercredi 20 juillet 2022, un chef de famille a \u00e9t\u00e9 poignard\u00e9 \u00e0 mort \u00e0 Kl\u00e9mat, dans le deuxi\u00e8me arrondissement. D\u2019apr\u00e8s les proches de la victime, ce n\u2019est pas la premi\u00e8re fois que ce voleur s\u2019introduit dans [&hellip;]<\/p>\n","protected":false},"author":82,"featured_media":29237,"comment_status":"open","ping_status":"closed","sticky":false,"template":"","format":"standard","meta":{"footnotes":""},"categories":[21,11,10],"tags":[37,292,3978,3977,29],"class_list":["post-29238","post","type-post","status-publish","format-standard","has-post-thumbnail","hentry","category-communaute","category-homepage-french","category-toutes-les-actualites","tag-africa-press","tag-africa-press-tchad","tag-cinquantenaire-tue-a-ndjamena","tag-klemat","tag-tchad"],"yoast_head":"<!-- This site is optimized with the Yoast SEO Premium plugin v26.1 (Yoast SEO v27.0) - https:\/\/yoast.com\/product\/yoast-seo-premium-wordpress\/ -->\n<title>un cinquantenaire tu\u00e9 \u00e0 N\u2019Djamena dans sa concession par un voleur - tchad<\/title>\n<meta name=\"description\" content=\"Un meurtre de plus \u00e0 N\u2019Djamena, la cit\u00e9 capital. Dans la nuit du mardi 19 au mercredi 20 juillet 2022, un chef de fam ...\" \/>\n<meta name=\"robots\" content=\"index, follow, max-snippet:-1, max-image-preview:large, max-video-preview:-1\" \/>\n<link rel=\"canonical\" href=\"https:\/\/www.africa-press.net\/tchad\/toutes-les-actualites\/un-cinquantenaire-tue-a-ndjamena-dans-sa-concession-par-un-voleur\" \/>\n<meta property=\"og:locale\" content=\"fr_FR\" \/>\n<meta property=\"og:type\" content=\"article\" \/>\n<meta property=\"og:title\" content=\"un cinquantenaire tu\u00e9 \u00e0 N\u2019Djamena dans sa concession par un voleur\" \/>\n<meta property=\"og:description\" content=\"Un meurtre de plus \u00e0 N\u2019Djamena, la cit\u00e9 capital. Dans la nuit du mardi 19 au mercredi 20 juillet 2022, un chef de fam ...\" \/>\n<meta property=\"og:url\" content=\"https:\/\/www.africa-press.net\/tchad\/toutes-les-actualites\/un-cinquantenaire-tue-a-ndjamena-dans-sa-concession-par-un-voleur\" \/>\n<meta property=\"og:site_name\" content=\"tchad\" \/>\n<meta property=\"article:published_time\" content=\"2022-07-21T14:25:21+00:00\" \/>\n<meta property=\"article:modified_time\" content=\"2022-07-21T14:58:38+00:00\" \/>\n<meta property=\"og:image\" content=\"https:\/\/static.africa-press.net\/tchad\/sites\/41\/2022\/07\/postQueueImg_10-62d9697eac416.jpg\" \/>\n\t<meta property=\"og:image:width\" content=\"780\" \/>\n\t<meta property=\"og:image:height\" content=\"440\" \/>\n\t<meta property=\"og:image:type\" content=\"image\/jpeg\" \/>\n<meta name=\"author\" content=\"cfeditorfr\" \/>\n<meta name=\"twitter:card\" content=\"summary_large_image\" \/>\n<meta name=\"twitter:label1\" content=\"\u00c9crit par\" \/>\n\t<meta name=\"twitter:data1\" content=\"cfeditorfr\" \/>\n\t<meta name=\"twitter:label2\" content=\"Dur\u00e9e de lecture estim\u00e9e\" \/>\n\t<meta name=\"twitter:data2\" content=\"2 minutes\" \/>\n<script type=\"application\/ld+json\" class=\"yoast-schema-graph\">{\"@context\":\"https:\/\/schema.org\",\"@graph\":[{\"@type\":\"Article\",\"@id\":\"https:\/\/www.africa-press.net\/tchad\/toutes-les-actualites\/un-cinquantenaire-tue-a-ndjamena-dans-sa-concession-par-un-voleur#article\",\"isPartOf\":{\"@id\":\"https:\/\/www.africa-press.net\/tchad\/toutes-les-actualites\/un-cinquantenaire-tue-a-ndjamena-dans-sa-concession-par-un-voleur\"},\"author\":{\"name\":\"cfeditorfr\",\"@id\":\"https:\/\/www.africa-press.net\/tchad\/#\/schema\/person\/2b1cf3cd81a31e3cd26889ca66d677f1\"},\"headline\":\"un cinquantenaire tu\u00e9 \u00e0 N\u2019Djamena dans sa concession par un voleur\",\"datePublished\":\"2022-07-21T14:25:21+00:00\",\"dateModified\":\"2022-07-21T14:58:38+00:00\",\"mainEntityOfPage\":{\"@id\":\"https:\/\/www.africa-press.net\/tchad\/toutes-les-actualites\/un-cinquantenaire-tue-a-ndjamena-dans-sa-concession-par-un-voleur\"},\"wordCount\":318,\"commentCount\":0,\"image\":{\"@id\":\"https:\/\/www.africa-press.net\/tchad\/toutes-les-actualites\/un-cinquantenaire-tue-a-ndjamena-dans-sa-concession-par-un-voleur#primaryimage\"},\"thumbnailUrl\":\"https:\/\/static.africa-press.net\/tchad\/sites\/41\/2022\/07\/postQueueImg_10-62d9697eac416.jpg\",\"keywords\":[\"Africa Press\",\"Africa Press-Tchad\",\"cinquantenaire tu\u00e9 \u00e0 N\u2019Djamena\",\"Kl\u00e9mat\",\"Tchad\"],\"articleSection\":[\"Communaut\u00e9\",\"homepage-french\",\"Toutes les actualit\u00e9s\"],\"inLanguage\":\"fr-FR\",\"potentialAction\":[{\"@type\":\"CommentAction\",\"name\":\"Comment\",\"target\":[\"https:\/\/www.africa-press.net\/tchad\/toutes-les-actualites\/un-cinquantenaire-tue-a-ndjamena-dans-sa-concession-par-un-voleur#respond\"]}]},{\"@type\":\"WebPage\",\"@id\":\"https:\/\/www.africa-press.net\/tchad\/toutes-les-actualites\/un-cinquantenaire-tue-a-ndjamena-dans-sa-concession-par-un-voleur\",\"url\":\"https:\/\/www.africa-press.net\/tchad\/toutes-les-actualites\/un-cinquantenaire-tue-a-ndjamena-dans-sa-concession-par-un-voleur\",\"name\":\"un cinquantenaire tu\u00e9 \u00e0 N\u2019Djamena dans sa concession par un voleur - tchad\",\"isPartOf\":{\"@id\":\"https:\/\/www.africa-press.net\/tchad\/#website\"},\"primaryImageOfPage\":{\"@id\":\"https:\/\/www.africa-press.net\/tchad\/toutes-les-actualites\/un-cinquantenaire-tue-a-ndjamena-dans-sa-concession-par-un-voleur#primaryimage\"},\"image\":{\"@id\":\"https:\/\/www.africa-press.net\/tchad\/toutes-les-actualites\/un-cinquantenaire-tue-a-ndjamena-dans-sa-concession-par-un-voleur#primaryimage\"},\"thumbnailUrl\":\"https:\/\/static.africa-press.net\/tchad\/sites\/41\/2022\/07\/postQueueImg_10-62d9697eac416.jpg\",\"datePublished\":\"2022-07-21T14:25:21+00:00\",\"dateModified\":\"2022-07-21T14:58:38+00:00\",\"author\":{\"@id\":\"https:\/\/www.africa-press.net\/tchad\/#\/schema\/person\/2b1cf3cd81a31e3cd26889ca66d677f1\"},\"description\":\"Un meurtre de plus \u00e0 N\u2019Djamena, la cit\u00e9 capital. Dans la nuit du mardi 19 au mercredi 20 juillet 2022, un chef de fam ...\",\"breadcrumb\":{\"@id\":\"https:\/\/www.africa-press.net\/tchad\/toutes-les-actualites\/un-cinquantenaire-tue-a-ndjamena-dans-sa-concession-par-un-voleur#breadcrumb\"},\"inLanguage\":\"fr-FR\",\"potentialAction\":[{\"@type\":\"ReadAction\",\"target\":[\"https:\/\/www.africa-press.net\/tchad\/toutes-les-actualites\/un-cinquantenaire-tue-a-ndjamena-dans-sa-concession-par-un-voleur\"]}]},{\"@type\":\"ImageObject\",\"inLanguage\":\"fr-FR\",\"@id\":\"https:\/\/www.africa-press.net\/tchad\/toutes-les-actualites\/un-cinquantenaire-tue-a-ndjamena-dans-sa-concession-par-un-voleur#primaryimage\",\"url\":\"https:\/\/static.africa-press.net\/tchad\/sites\/41\/2022\/07\/postQueueImg_10-62d9697eac416.jpg\",\"contentUrl\":\"https:\/\/static.africa-press.net\/tchad\/sites\/41\/2022\/07\/postQueueImg_10-62d9697eac416.jpg\",\"width\":780,\"height\":440,\"caption\":\"un cinquantenaire tu\u00e9 \u00e0 N\u2019Djamena dans sa concession par un voleur\"},{\"@type\":\"BreadcrumbList\",\"@id\":\"https:\/\/www.africa-press.net\/tchad\/toutes-les-actualites\/un-cinquantenaire-tue-a-ndjamena-dans-sa-concession-par-un-voleur#breadcrumb\",\"itemListElement\":[{\"@type\":\"ListItem\",\"position\":1,\"name\":\"Accueil\",\"item\":\"https:\/\/www.africa-press.net\/tchad\/\"},{\"@type\":\"ListItem\",\"position\":2,\"name\":\"un cinquantenaire tu\u00e9 \u00e0 N\u2019Djamena dans sa concession par un voleur\"}]},{\"@type\":\"WebSite\",\"@id\":\"https:\/\/www.africa-press.net\/tchad\/#website\",\"url\":\"https:\/\/www.africa-press.net\/tchad\/\",\"name\":\"tchad\",\"description\":\"Just another Africa News Agency Sites site\",\"potentialAction\":[{\"@type\":\"SearchAction\",\"target\":{\"@type\":\"EntryPoint\",\"urlTemplate\":\"https:\/\/www.africa-press.net\/tchad\/?s={search_term_string}\"},\"query-input\":{\"@type\":\"PropertyValueSpecification\",\"valueRequired\":true,\"valueName\":\"search_term_string\"}}],\"inLanguage\":\"fr-FR\"},{\"@type\":\"Person\",\"@id\":\"https:\/\/www.africa-press.net\/tchad\/#\/schema\/person\/2b1cf3cd81a31e3cd26889ca66d677f1\",\"name\":\"cfeditorfr\"}]}<\/script>\n<!-- \/ Yoast SEO Premium plugin. -->","yoast_head_json":{"title":"un cinquantenaire tu\u00e9 \u00e0 N\u2019Djamena dans sa concession par un voleur - tchad","description":"Un meurtre de plus \u00e0 N\u2019Djamena, la cit\u00e9 capital. Dans la nuit du mardi 19 au mercredi 20 juillet 2022, un chef de fam ...","robots":{"index":"index","follow":"follow","max-snippet":"max-snippet:-1","max-image-preview":"max-image-preview:large","max-video-preview":"max-video-preview:-1"},"canonical":"https:\/\/www.africa-press.net\/tchad\/toutes-les-actualites\/un-cinquantenaire-tue-a-ndjamena-dans-sa-concession-par-un-voleur","og_locale":"fr_FR","og_type":"article","og_title":"un cinquantenaire tu\u00e9 \u00e0 N\u2019Djamena dans sa concession par un voleur","og_description":"Un meurtre de plus \u00e0 N\u2019Djamena, la cit\u00e9 capital. Dans la nuit du mardi 19 au mercredi 20 juillet 2022, un chef de fam ...","og_url":"https:\/\/www.africa-press.net\/tchad\/toutes-les-actualites\/un-cinquantenaire-tue-a-ndjamena-dans-sa-concession-par-un-voleur","og_site_name":"tchad","article_published_time":"2022-07-21T14:25:21+00:00","article_modified_time":"2022-07-21T14:58:38+00:00","og_image":[{"width":780,"height":440,"url":"https:\/\/static.africa-press.net\/tchad\/sites\/41\/2022\/07\/postQueueImg_10-62d9697eac416.jpg","type":"image\/jpeg"}],"author":"cfeditorfr","twitter_card":"summary_large_image","twitter_misc":{"\u00c9crit par":"cfeditorfr","Dur\u00e9e de lecture estim\u00e9e":"2 minutes"},"schema":{"@context":"https:\/\/schema.org","@graph":[{"@type":"Article","@id":"https:\/\/www.africa-press.net\/tchad\/toutes-les-actualites\/un-cinquantenaire-tue-a-ndjamena-dans-sa-concession-par-un-voleur#article","isPartOf":{"@id":"https:\/\/www.africa-press.net\/tchad\/toutes-les-actualites\/un-cinquantenaire-tue-a-ndjamena-dans-sa-concession-par-un-voleur"},"author":{"name":"cfeditorfr","@id":"https:\/\/www.africa-press.net\/tchad\/#\/schema\/person\/2b1cf3cd81a31e3cd26889ca66d677f1"},"headline":"un cinquantenaire tu\u00e9 \u00e0 N\u2019Djamena dans sa concession par un voleur","datePublished":"2022-07-21T14:25:21+00:00","dateModified":"2022-07-21T14:58:38+00:00","mainEntityOfPage":{"@id":"https:\/\/www.africa-press.net\/tchad\/toutes-les-actualites\/un-cinquantenaire-tue-a-ndjamena-dans-sa-concession-par-un-voleur"},"wordCount":318,"commentCount":0,"image":{"@id":"https:\/\/www.africa-press.net\/tchad\/toutes-les-actualites\/un-cinquantenaire-tue-a-ndjamena-dans-sa-concession-par-un-voleur#primaryimage"},"thumbnailUrl":"https:\/\/static.africa-press.net\/tchad\/sites\/41\/2022\/07\/postQueueImg_10-62d9697eac416.jpg","keywords":["Africa Press","Africa Press-Tchad","cinquantenaire tu\u00e9 \u00e0 N\u2019Djamena","Kl\u00e9mat","Tchad"],"articleSection":["Communaut\u00e9","homepage-french","Toutes les actualit\u00e9s"],"inLanguage":"fr-FR","potentialAction":[{"@type":"CommentAction","name":"Comment","target":["https:\/\/www.africa-press.net\/tchad\/toutes-les-actualites\/un-cinquantenaire-tue-a-ndjamena-dans-sa-concession-par-un-voleur#respond"]}]},{"@type":"WebPage","@id":"https:\/\/www.africa-press.net\/tchad\/toutes-les-actualites\/un-cinquantenaire-tue-a-ndjamena-dans-sa-concession-par-un-voleur","url":"https:\/\/www.africa-press.net\/tchad\/toutes-les-actualites\/un-cinquantenaire-tue-a-ndjamena-dans-sa-concession-par-un-voleur","name":"un cinquantenaire tu\u00e9 \u00e0 N\u2019Djamena dans sa concession par un voleur - tchad","isPartOf":{"@id":"https:\/\/www.africa-press.net\/tchad\/#website"},"primaryImageOfPage":{"@id":"https:\/\/www.africa-press.net\/tchad\/toutes-les-actualites\/un-cinquantenaire-tue-a-ndjamena-dans-sa-concession-par-un-voleur#primaryimage"},"image":{"@id":"https:\/\/www.africa-press.net\/tchad\/toutes-les-actualites\/un-cinquantenaire-tue-a-ndjamena-dans-sa-concession-par-un-voleur#primaryimage"},"thumbnailUrl":"https:\/\/static.africa-press.net\/tchad\/sites\/41\/2022\/07\/postQueueImg_10-62d9697eac416.jpg","datePublished":"2022-07-21T14:25:21+00:00","dateModified":"2022-07-21T14:58:38+00:00","author":{"@id":"https:\/\/www.africa-press.net\/tchad\/#\/schema\/person\/2b1cf3cd81a31e3cd26889ca66d677f1"},"description":"Un meurtre de plus \u00e0 N\u2019Djamena, la cit\u00e9 capital. Dans la nuit du mardi 19 au mercredi 20 juillet 2022, un chef de fam ...","breadcrumb":{"@id":"https:\/\/www.africa-press.net\/tchad\/toutes-les-actualites\/un-cinquantenaire-tue-a-ndjamena-dans-sa-concession-par-un-voleur#breadcrumb"},"inLanguage":"fr-FR","potentialAction":[{"@type":"ReadAction","target":["https:\/\/www.africa-press.net\/tchad\/toutes-les-actualites\/un-cinquantenaire-tue-a-ndjamena-dans-sa-concession-par-un-voleur"]}]},{"@type":"ImageObject","inLanguage":"fr-FR","@id":"https:\/\/www.africa-press.net\/tchad\/toutes-les-actualites\/un-cinquantenaire-tue-a-ndjamena-dans-sa-concession-par-un-voleur#primaryimage","url":"https:\/\/static.africa-press.net\/tchad\/sites\/41\/2022\/07\/postQueueImg_10-62d9697eac416.jpg","contentUrl":"https:\/\/static.africa-press.net\/tchad\/sites\/41\/2022\/07\/postQueueImg_10-62d9697eac416.jpg","width":780,"height":440,"caption":"un cinquantenaire tu\u00e9 \u00e0 N\u2019Djamena dans sa concession par un voleur"},{"@type":"BreadcrumbList","@id":"https:\/\/www.africa-press.net\/tchad\/toutes-les-actualites\/un-cinquantenaire-tue-a-ndjamena-dans-sa-concession-par-un-voleur#breadcrumb","itemListElement":[{"@type":"ListItem","position":1,"name":"Accueil","item":"https:\/\/www.africa-press.net\/tchad\/"},{"@type":"ListItem","position":2,"name":"un cinquantenaire tu\u00e9 \u00e0 N\u2019Djamena dans sa concession par un voleur"}]},{"@type":"WebSite","@id":"https:\/\/www.africa-press.net\/tchad\/#website","url":"https:\/\/www.africa-press.net\/tchad\/","name":"tchad","description":"Just another Africa News Agency Sites site","potentialAction":[{"@type":"SearchAction","target":{"@type":"EntryPoint","urlTemplate":"https:\/\/www.africa-press.net\/tchad\/?s={search_term_string}"},"query-input":{"@type":"PropertyValueSpecification","valueRequired":true,"valueName":"search_term_string"}}],"inLanguage":"fr-FR"},{"@type":"Person","@id":"https:\/\/www.africa-press.net\/tchad\/#\/schema\/person\/2b1cf3cd81a31e3cd26889ca66d677f1","name":"cfeditorfr"}]}},"_links":{"self":[{"href":"https:\/\/www.africa-press.net\/tchad\/wp-json\/wp\/v2\/posts\/29238","targetHints":{"allow":["GET"]}}],"collection":[{"href":"https:\/\/www.africa-press.net\/tchad\/wp-json\/wp\/v2\/posts"}],"about":[{"href":"https:\/\/www.africa-press.net\/tchad\/wp-json\/wp\/v2\/types\/post"}],"author":[{"embeddable":true,"href":"https:\/\/www.africa-press.net\/tchad\/wp-json\/wp\/v2\/users\/82"}],"replies":[{"embeddable":true,"href":"https:\/\/www.africa-press.net\/tchad\/wp-json\/wp\/v2\/comments?post=29238"}],"version-history":[{"count":0,"href":"https:\/\/www.africa-press.net\/tchad\/wp-json\/wp\/v2\/posts\/29238\/revisions"}],"wp:featuredmedia":[{"embeddable":true,"href":"https:\/\/www.africa-press.net\/tchad\/wp-json\/wp\/v2\/media\/29237"}],"wp:attachment":[{"href":"https:\/\/www.africa-press.net\/tchad\/wp-json\/wp\/v2\/media?parent=29238"}],"wp:term":[{"taxonomy":"category","embeddable":true,"href":"https:\/\/www.africa-press.net\/tchad\/wp-json\/wp\/v2\/categories?post=29238"},{"taxonomy":"post_tag","embeddable":true,"href":"https:\/\/www.africa-press.net\/tchad\/wp-json\/wp\/v2\/tags?post=29238"}],"curies":[{"name":"wp","href":"https:\/\/api.w.org\/{rel}","templated":true}]}}