{"id":29247,"date":"2022-07-21T14:26:56","date_gmt":"2022-07-21T14:26:56","guid":{"rendered":"https:\/\/www.africa-press.net\/tchad\/politique\/la-province-du-salamat-sorganise-pour-le-dialogue-national-inclusif"},"modified":"2022-07-21T15:00:44","modified_gmt":"2022-07-21T15:00:44","slug":"la-province-du-salamat-sorganise-pour-le-dialogue-national-inclusif","status":"publish","type":"post","link":"https:\/\/www.africa-press.net\/tchad\/toutes-les-actualites\/la-province-du-salamat-sorganise-pour-le-dialogue-national-inclusif","title":{"rendered":"la province du Salamat s&rsquo;organise pour le Dialogue national inclusif"},"content":{"rendered":"<p><span style=\"color: #ff6600\"><strong>Africa-Press &#8211; Tchad. <\/strong><\/span>Le gouverneur de la province du Salamat, Abdoulaye Ibrahim Siam a pr\u00e9sid\u00e9 ce 19 juillet 2022, une s\u00e9ance de mobilisation pour le Dialogue national inclusif pr\u00e9vu le mois prochain \u00e0 N&rsquo;Djam\u00e9na. Cette assise regroupant les repr\u00e9sentants de toutes les sensibilit\u00e9s socioprofessionnelles, est organis\u00e9e en pr\u00e9lude au Dialogue national inclusif dont la date est officiellement fix\u00e9e au 20 ao\u00fbt 2022.<\/p>\n<p>L&rsquo;objectif vis\u00e9 \u00e0 travers cette mobilisation est de s&rsquo;organiser au niveau local pour faciliter la participation de la province du Salamat, au Dialogue qui permettra la d\u00e9crispation de tous les maux qui emp\u00eachent le Tchad de conna\u00eetre son \u00e9mergence. Le pr\u00e9sident du comit\u00e9 d&rsquo;organisation, Ahmat Hassan Brem\u00e9, a remerci\u00e9 les participants pour leur venue massive. Lors de son allocution de circonstance, le gouverneur du Salamat, Abdoulaye Ibrahim Siam, rappelle que le Tchad amorce un tournant d\u00e9cisif de son histoire avec l&rsquo;organisation du Dialogue national inclusif (DNI). Il ajoute que cet \u00e9v\u00e9nement de port\u00e9e nationale, n\u00e9cessite la contribution de tous pour que les r\u00e9formes qui d\u00e9couleront de ce rendez-vous, soient l&rsquo;\u00e9manation de la volont\u00e9 g\u00e9n\u00e9rale des filles et fils du Tchad. Il invite la jeunesse consid\u00e9r\u00e9e comme fer de lance de la nation, \u00e0 mener une campagne de sensibilisation pour l&rsquo;adh\u00e9sion de ladite couche sociale, \u00e0 la r\u00e9ussite du Dialogue national inclusif.<\/p>\n<p><strong>Pour plus d&rsquo;informations et d&rsquo;analyses sur la <a href=\"https:\/\/www.africa-press.net\/tchad\">Tchad<\/a>, suivez <a href=\"https:\/\/www.africa-press.net\/\">Africa-Press<\/a><\/strong><\/p>\n","protected":false},"excerpt":{"rendered":"<p>Africa-Press &#8211; Tchad. Le gouverneur de la province du Salamat, Abdoulaye Ibrahim Siam a pr\u00e9sid\u00e9 ce 19 juillet 2022, une s\u00e9ance de mobilisation pour le Dialogue national inclusif pr\u00e9vu le mois prochain \u00e0 N&rsquo;Djam\u00e9na. Cette assise regroupant les repr\u00e9sentants de toutes les sensibilit\u00e9s socioprofessionnelles, est organis\u00e9e en pr\u00e9lude au Dialogue national inclusif dont la date [&hellip;]<\/p>\n","protected":false},"author":82,"featured_media":29246,"comment_status":"open","ping_status":"closed","sticky":false,"template":"","format":"standard","meta":{"footnotes":""},"categories":[21,11,10],"tags":[37,292,29],"class_list":["post-29247","post","type-post","status-publish","format-standard","has-post-thumbnail","hentry","category-communaute","category-homepage-french","category-toutes-les-actualites","tag-africa-press","tag-africa-press-tchad","tag-tchad"],"yoast_head":"<!-- This site is optimized with the Yoast SEO Premium plugin v26.1 (Yoast SEO v27.0) - https:\/\/yoast.com\/product\/yoast-seo-premium-wordpress\/ -->\n<title>la province du Salamat s&#039;organise pour le Dialogue national inclusif - tchad<\/title>\n<meta name=\"description\" content=\"Le gouverneur de la province du Salamat, Abdoulaye Ibrahim Siam a pr\u00e9sid\u00e9 ce 19 juillet 2022, une s\u00e9ance de mobilisation ...\" \/>\n<meta name=\"robots\" content=\"index, follow, max-snippet:-1, max-image-preview:large, max-video-preview:-1\" \/>\n<link rel=\"canonical\" href=\"https:\/\/www.africa-press.net\/tchad\/toutes-les-actualites\/la-province-du-salamat-sorganise-pour-le-dialogue-national-inclusif\" \/>\n<meta property=\"og:locale\" content=\"fr_FR\" \/>\n<meta property=\"og:type\" content=\"article\" \/>\n<meta property=\"og:title\" content=\"la province du Salamat s&#039;organise pour le Dialogue national inclusif\" \/>\n<meta property=\"og:description\" content=\"Le gouverneur de la province du Salamat, Abdoulaye Ibrahim Siam a pr\u00e9sid\u00e9 ce 19 juillet 2022, une s\u00e9ance de mobilisation ...\" \/>\n<meta property=\"og:url\" content=\"https:\/\/www.africa-press.net\/tchad\/toutes-les-actualites\/la-province-du-salamat-sorganise-pour-le-dialogue-national-inclusif\" \/>\n<meta property=\"og:site_name\" content=\"tchad\" \/>\n<meta property=\"article:published_time\" content=\"2022-07-21T14:26:56+00:00\" \/>\n<meta property=\"article:modified_time\" content=\"2022-07-21T15:00:44+00:00\" \/>\n<meta property=\"og:image\" content=\"https:\/\/static.africa-press.net\/tchad\/sites\/41\/2022\/07\/postQueueImg_13-62d969f55ff87.jpg\" \/>\n\t<meta property=\"og:image:width\" content=\"820\" \/>\n\t<meta property=\"og:image:height\" content=\"461\" \/>\n\t<meta property=\"og:image:type\" content=\"image\/jpeg\" \/>\n<meta name=\"author\" content=\"cfeditorfr\" \/>\n<meta name=\"twitter:card\" content=\"summary_large_image\" \/>\n<meta name=\"twitter:label1\" content=\"\u00c9crit par\" \/>\n\t<meta name=\"twitter:data1\" content=\"cfeditorfr\" \/>\n\t<meta name=\"twitter:label2\" content=\"Dur\u00e9e de lecture estim\u00e9e\" \/>\n\t<meta name=\"twitter:data2\" content=\"2 minutes\" \/>\n<script type=\"application\/ld+json\" class=\"yoast-schema-graph\">{\"@context\":\"https:\/\/schema.org\",\"@graph\":[{\"@type\":\"Article\",\"@id\":\"https:\/\/www.africa-press.net\/tchad\/toutes-les-actualites\/la-province-du-salamat-sorganise-pour-le-dialogue-national-inclusif#article\",\"isPartOf\":{\"@id\":\"https:\/\/www.africa-press.net\/tchad\/toutes-les-actualites\/la-province-du-salamat-sorganise-pour-le-dialogue-national-inclusif\"},\"author\":{\"name\":\"cfeditorfr\",\"@id\":\"https:\/\/www.africa-press.net\/tchad\/#\/schema\/person\/2b1cf3cd81a31e3cd26889ca66d677f1\"},\"headline\":\"la province du Salamat s&rsquo;organise pour le Dialogue national inclusif\",\"datePublished\":\"2022-07-21T14:26:56+00:00\",\"dateModified\":\"2022-07-21T15:00:44+00:00\",\"mainEntityOfPage\":{\"@id\":\"https:\/\/www.africa-press.net\/tchad\/toutes-les-actualites\/la-province-du-salamat-sorganise-pour-le-dialogue-national-inclusif\"},\"wordCount\":261,\"commentCount\":0,\"image\":{\"@id\":\"https:\/\/www.africa-press.net\/tchad\/toutes-les-actualites\/la-province-du-salamat-sorganise-pour-le-dialogue-national-inclusif#primaryimage\"},\"thumbnailUrl\":\"https:\/\/static.africa-press.net\/tchad\/sites\/41\/2022\/07\/postQueueImg_13-62d969f55ff87.jpg\",\"keywords\":[\"Africa Press\",\"Africa Press-Tchad\",\"Tchad\"],\"articleSection\":[\"Communaut\u00e9\",\"homepage-french\",\"Toutes les actualit\u00e9s\"],\"inLanguage\":\"fr-FR\",\"potentialAction\":[{\"@type\":\"CommentAction\",\"name\":\"Comment\",\"target\":[\"https:\/\/www.africa-press.net\/tchad\/toutes-les-actualites\/la-province-du-salamat-sorganise-pour-le-dialogue-national-inclusif#respond\"]}]},{\"@type\":\"WebPage\",\"@id\":\"https:\/\/www.africa-press.net\/tchad\/toutes-les-actualites\/la-province-du-salamat-sorganise-pour-le-dialogue-national-inclusif\",\"url\":\"https:\/\/www.africa-press.net\/tchad\/toutes-les-actualites\/la-province-du-salamat-sorganise-pour-le-dialogue-national-inclusif\",\"name\":\"la province du Salamat s'organise pour le Dialogue national inclusif - tchad\",\"isPartOf\":{\"@id\":\"https:\/\/www.africa-press.net\/tchad\/#website\"},\"primaryImageOfPage\":{\"@id\":\"https:\/\/www.africa-press.net\/tchad\/toutes-les-actualites\/la-province-du-salamat-sorganise-pour-le-dialogue-national-inclusif#primaryimage\"},\"image\":{\"@id\":\"https:\/\/www.africa-press.net\/tchad\/toutes-les-actualites\/la-province-du-salamat-sorganise-pour-le-dialogue-national-inclusif#primaryimage\"},\"thumbnailUrl\":\"https:\/\/static.africa-press.net\/tchad\/sites\/41\/2022\/07\/postQueueImg_13-62d969f55ff87.jpg\",\"datePublished\":\"2022-07-21T14:26:56+00:00\",\"dateModified\":\"2022-07-21T15:00:44+00:00\",\"author\":{\"@id\":\"https:\/\/www.africa-press.net\/tchad\/#\/schema\/person\/2b1cf3cd81a31e3cd26889ca66d677f1\"},\"description\":\"Le gouverneur de la province du Salamat, Abdoulaye Ibrahim Siam a pr\u00e9sid\u00e9 ce 19 juillet 2022, une s\u00e9ance de mobilisation ...\",\"breadcrumb\":{\"@id\":\"https:\/\/www.africa-press.net\/tchad\/toutes-les-actualites\/la-province-du-salamat-sorganise-pour-le-dialogue-national-inclusif#breadcrumb\"},\"inLanguage\":\"fr-FR\",\"potentialAction\":[{\"@type\":\"ReadAction\",\"target\":[\"https:\/\/www.africa-press.net\/tchad\/toutes-les-actualites\/la-province-du-salamat-sorganise-pour-le-dialogue-national-inclusif\"]}]},{\"@type\":\"ImageObject\",\"inLanguage\":\"fr-FR\",\"@id\":\"https:\/\/www.africa-press.net\/tchad\/toutes-les-actualites\/la-province-du-salamat-sorganise-pour-le-dialogue-national-inclusif#primaryimage\",\"url\":\"https:\/\/static.africa-press.net\/tchad\/sites\/41\/2022\/07\/postQueueImg_13-62d969f55ff87.jpg\",\"contentUrl\":\"https:\/\/static.africa-press.net\/tchad\/sites\/41\/2022\/07\/postQueueImg_13-62d969f55ff87.jpg\",\"width\":820,\"height\":461,\"caption\":\"la province du Salamat s'organise pour le Dialogue national inclusif\"},{\"@type\":\"BreadcrumbList\",\"@id\":\"https:\/\/www.africa-press.net\/tchad\/toutes-les-actualites\/la-province-du-salamat-sorganise-pour-le-dialogue-national-inclusif#breadcrumb\",\"itemListElement\":[{\"@type\":\"ListItem\",\"position\":1,\"name\":\"Accueil\",\"item\":\"https:\/\/www.africa-press.net\/tchad\/\"},{\"@type\":\"ListItem\",\"position\":2,\"name\":\"la province du Salamat s&#8217;organise pour le Dialogue national inclusif\"}]},{\"@type\":\"WebSite\",\"@id\":\"https:\/\/www.africa-press.net\/tchad\/#website\",\"url\":\"https:\/\/www.africa-press.net\/tchad\/\",\"name\":\"tchad\",\"description\":\"Just another Africa News Agency Sites site\",\"potentialAction\":[{\"@type\":\"SearchAction\",\"target\":{\"@type\":\"EntryPoint\",\"urlTemplate\":\"https:\/\/www.africa-press.net\/tchad\/?s={search_term_string}\"},\"query-input\":{\"@type\":\"PropertyValueSpecification\",\"valueRequired\":true,\"valueName\":\"search_term_string\"}}],\"inLanguage\":\"fr-FR\"},{\"@type\":\"Person\",\"@id\":\"https:\/\/www.africa-press.net\/tchad\/#\/schema\/person\/2b1cf3cd81a31e3cd26889ca66d677f1\",\"name\":\"cfeditorfr\"}]}<\/script>\n<!-- \/ Yoast SEO Premium plugin. -->","yoast_head_json":{"title":"la province du Salamat s'organise pour le Dialogue national inclusif - tchad","description":"Le gouverneur de la province du Salamat, Abdoulaye Ibrahim Siam a pr\u00e9sid\u00e9 ce 19 juillet 2022, une s\u00e9ance de mobilisation ...","robots":{"index":"index","follow":"follow","max-snippet":"max-snippet:-1","max-image-preview":"max-image-preview:large","max-video-preview":"max-video-preview:-1"},"canonical":"https:\/\/www.africa-press.net\/tchad\/toutes-les-actualites\/la-province-du-salamat-sorganise-pour-le-dialogue-national-inclusif","og_locale":"fr_FR","og_type":"article","og_title":"la province du Salamat s'organise pour le Dialogue national inclusif","og_description":"Le gouverneur de la province du Salamat, Abdoulaye Ibrahim Siam a pr\u00e9sid\u00e9 ce 19 juillet 2022, une s\u00e9ance de mobilisation ...","og_url":"https:\/\/www.africa-press.net\/tchad\/toutes-les-actualites\/la-province-du-salamat-sorganise-pour-le-dialogue-national-inclusif","og_site_name":"tchad","article_published_time":"2022-07-21T14:26:56+00:00","article_modified_time":"2022-07-21T15:00:44+00:00","og_image":[{"width":820,"height":461,"url":"https:\/\/static.africa-press.net\/tchad\/sites\/41\/2022\/07\/postQueueImg_13-62d969f55ff87.jpg","type":"image\/jpeg"}],"author":"cfeditorfr","twitter_card":"summary_large_image","twitter_misc":{"\u00c9crit par":"cfeditorfr","Dur\u00e9e de lecture estim\u00e9e":"2 minutes"},"schema":{"@context":"https:\/\/schema.org","@graph":[{"@type":"Article","@id":"https:\/\/www.africa-press.net\/tchad\/toutes-les-actualites\/la-province-du-salamat-sorganise-pour-le-dialogue-national-inclusif#article","isPartOf":{"@id":"https:\/\/www.africa-press.net\/tchad\/toutes-les-actualites\/la-province-du-salamat-sorganise-pour-le-dialogue-national-inclusif"},"author":{"name":"cfeditorfr","@id":"https:\/\/www.africa-press.net\/tchad\/#\/schema\/person\/2b1cf3cd81a31e3cd26889ca66d677f1"},"headline":"la province du Salamat s&rsquo;organise pour le Dialogue national inclusif","datePublished":"2022-07-21T14:26:56+00:00","dateModified":"2022-07-21T15:00:44+00:00","mainEntityOfPage":{"@id":"https:\/\/www.africa-press.net\/tchad\/toutes-les-actualites\/la-province-du-salamat-sorganise-pour-le-dialogue-national-inclusif"},"wordCount":261,"commentCount":0,"image":{"@id":"https:\/\/www.africa-press.net\/tchad\/toutes-les-actualites\/la-province-du-salamat-sorganise-pour-le-dialogue-national-inclusif#primaryimage"},"thumbnailUrl":"https:\/\/static.africa-press.net\/tchad\/sites\/41\/2022\/07\/postQueueImg_13-62d969f55ff87.jpg","keywords":["Africa Press","Africa Press-Tchad","Tchad"],"articleSection":["Communaut\u00e9","homepage-french","Toutes les actualit\u00e9s"],"inLanguage":"fr-FR","potentialAction":[{"@type":"CommentAction","name":"Comment","target":["https:\/\/www.africa-press.net\/tchad\/toutes-les-actualites\/la-province-du-salamat-sorganise-pour-le-dialogue-national-inclusif#respond"]}]},{"@type":"WebPage","@id":"https:\/\/www.africa-press.net\/tchad\/toutes-les-actualites\/la-province-du-salamat-sorganise-pour-le-dialogue-national-inclusif","url":"https:\/\/www.africa-press.net\/tchad\/toutes-les-actualites\/la-province-du-salamat-sorganise-pour-le-dialogue-national-inclusif","name":"la province du Salamat s'organise pour le Dialogue national inclusif - tchad","isPartOf":{"@id":"https:\/\/www.africa-press.net\/tchad\/#website"},"primaryImageOfPage":{"@id":"https:\/\/www.africa-press.net\/tchad\/toutes-les-actualites\/la-province-du-salamat-sorganise-pour-le-dialogue-national-inclusif#primaryimage"},"image":{"@id":"https:\/\/www.africa-press.net\/tchad\/toutes-les-actualites\/la-province-du-salamat-sorganise-pour-le-dialogue-national-inclusif#primaryimage"},"thumbnailUrl":"https:\/\/static.africa-press.net\/tchad\/sites\/41\/2022\/07\/postQueueImg_13-62d969f55ff87.jpg","datePublished":"2022-07-21T14:26:56+00:00","dateModified":"2022-07-21T15:00:44+00:00","author":{"@id":"https:\/\/www.africa-press.net\/tchad\/#\/schema\/person\/2b1cf3cd81a31e3cd26889ca66d677f1"},"description":"Le gouverneur de la province du Salamat, Abdoulaye Ibrahim Siam a pr\u00e9sid\u00e9 ce 19 juillet 2022, une s\u00e9ance de mobilisation ...","breadcrumb":{"@id":"https:\/\/www.africa-press.net\/tchad\/toutes-les-actualites\/la-province-du-salamat-sorganise-pour-le-dialogue-national-inclusif#breadcrumb"},"inLanguage":"fr-FR","potentialAction":[{"@type":"ReadAction","target":["https:\/\/www.africa-press.net\/tchad\/toutes-les-actualites\/la-province-du-salamat-sorganise-pour-le-dialogue-national-inclusif"]}]},{"@type":"ImageObject","inLanguage":"fr-FR","@id":"https:\/\/www.africa-press.net\/tchad\/toutes-les-actualites\/la-province-du-salamat-sorganise-pour-le-dialogue-national-inclusif#primaryimage","url":"https:\/\/static.africa-press.net\/tchad\/sites\/41\/2022\/07\/postQueueImg_13-62d969f55ff87.jpg","contentUrl":"https:\/\/static.africa-press.net\/tchad\/sites\/41\/2022\/07\/postQueueImg_13-62d969f55ff87.jpg","width":820,"height":461,"caption":"la province du Salamat s'organise pour le Dialogue national inclusif"},{"@type":"BreadcrumbList","@id":"https:\/\/www.africa-press.net\/tchad\/toutes-les-actualites\/la-province-du-salamat-sorganise-pour-le-dialogue-national-inclusif#breadcrumb","itemListElement":[{"@type":"ListItem","position":1,"name":"Accueil","item":"https:\/\/www.africa-press.net\/tchad\/"},{"@type":"ListItem","position":2,"name":"la province du Salamat s&#8217;organise pour le Dialogue national inclusif"}]},{"@type":"WebSite","@id":"https:\/\/www.africa-press.net\/tchad\/#website","url":"https:\/\/www.africa-press.net\/tchad\/","name":"tchad","description":"Just another Africa News Agency Sites site","potentialAction":[{"@type":"SearchAction","target":{"@type":"EntryPoint","urlTemplate":"https:\/\/www.africa-press.net\/tchad\/?s={search_term_string}"},"query-input":{"@type":"PropertyValueSpecification","valueRequired":true,"valueName":"search_term_string"}}],"inLanguage":"fr-FR"},{"@type":"Person","@id":"https:\/\/www.africa-press.net\/tchad\/#\/schema\/person\/2b1cf3cd81a31e3cd26889ca66d677f1","name":"cfeditorfr"}]}},"_links":{"self":[{"href":"https:\/\/www.africa-press.net\/tchad\/wp-json\/wp\/v2\/posts\/29247","targetHints":{"allow":["GET"]}}],"collection":[{"href":"https:\/\/www.africa-press.net\/tchad\/wp-json\/wp\/v2\/posts"}],"about":[{"href":"https:\/\/www.africa-press.net\/tchad\/wp-json\/wp\/v2\/types\/post"}],"author":[{"embeddable":true,"href":"https:\/\/www.africa-press.net\/tchad\/wp-json\/wp\/v2\/users\/82"}],"replies":[{"embeddable":true,"href":"https:\/\/www.africa-press.net\/tchad\/wp-json\/wp\/v2\/comments?post=29247"}],"version-history":[{"count":0,"href":"https:\/\/www.africa-press.net\/tchad\/wp-json\/wp\/v2\/posts\/29247\/revisions"}],"wp:featuredmedia":[{"embeddable":true,"href":"https:\/\/www.africa-press.net\/tchad\/wp-json\/wp\/v2\/media\/29246"}],"wp:attachment":[{"href":"https:\/\/www.africa-press.net\/tchad\/wp-json\/wp\/v2\/media?parent=29247"}],"wp:term":[{"taxonomy":"category","embeddable":true,"href":"https:\/\/www.africa-press.net\/tchad\/wp-json\/wp\/v2\/categories?post=29247"},{"taxonomy":"post_tag","embeddable":true,"href":"https:\/\/www.africa-press.net\/tchad\/wp-json\/wp\/v2\/tags?post=29247"}],"curies":[{"name":"wp","href":"https:\/\/api.w.org\/{rel}","templated":true}]}}