{"id":29257,"date":"2022-07-21T14:43:11","date_gmt":"2022-07-21T14:43:11","guid":{"rendered":"https:\/\/www.africa-press.net\/tchad\/politique\/le-ministre-de-la-communication-a-recu-le-haut-representant-de-lua-au-tchad"},"modified":"2022-07-21T15:16:31","modified_gmt":"2022-07-21T15:16:31","slug":"le-ministre-de-la-communication-a-recu-le-haut-representant-de-lua-au-tchad","status":"publish","type":"post","link":"https:\/\/www.africa-press.net\/tchad\/politique\/le-ministre-de-la-communication-a-recu-le-haut-representant-de-lua-au-tchad","title":{"rendered":"Le ministre de la Communication a re\u00e7u le Haut repr\u00e9sentant de l\u2019UA au Tchad"},"content":{"rendered":"<p><span style=\"color: #ff6600\"><strong>Africa-Press &#8211; Tchad. <\/strong><\/span>Le ministre de la Communication, Porte-parole du Gouvernement, Abderaman Koulamallah a accord\u00e9 une audience, ce 20 juillet 2022 \u00e0 L\u2019Amb Basile Ikoueb\u00e9, Haut repr\u00e9sentant, Repr\u00e9sentant sp\u00e9cial et Chef du Bureau de liaison pour le Tchad, dans son bureau. Les \u00e9changes ont port\u00e9 sur le processus de transition en cours au Tchad.<\/p>\n<p>Le ministre de la Communication a rassur\u00e9 l\u2019Ambassadeur de l\u2019UA au Tchad que le Gouvernement \u00e0 entam\u00e9 des d\u00e9marches pour rassembler tous les acteurs \u00e0 divers niveaux pour un Dialogue National Inclusif pr\u00e9vu pour le 20 ao\u00fbt 2022. Lequel sera transparent et souverain. \u00bb Nous voulons l\u00e9guer un Tchad meilleur \u00e0 la jeunesse tchadienne au sortir de ce grand Dialogue \u00ab , a conclu Abderaman Koulamallah.<\/p>\n<p><strong>Pour plus d&rsquo;informations et d&rsquo;analyses sur la <a href=\"https:\/\/www.africa-press.net\/tchad\">Tchad<\/a>, suivez <a href=\"https:\/\/www.africa-press.net\/\">Africa-Press<\/a><\/strong><\/p>\n","protected":false},"excerpt":{"rendered":"<p>Africa-Press &#8211; Tchad. Le ministre de la Communication, Porte-parole du Gouvernement, Abderaman Koulamallah a accord\u00e9 une audience, ce 20 juillet 2022 \u00e0 L\u2019Amb Basile Ikoueb\u00e9, Haut repr\u00e9sentant, Repr\u00e9sentant sp\u00e9cial et Chef du Bureau de liaison pour le Tchad, dans son bureau. Les \u00e9changes ont port\u00e9 sur le processus de transition en cours au Tchad. Le [&hellip;]<\/p>\n","protected":false},"author":82,"featured_media":29256,"comment_status":"open","ping_status":"closed","sticky":false,"template":"","format":"standard","meta":{"footnotes":""},"categories":[11,2,10],"tags":[37,292,29],"class_list":["post-29257","post","type-post","status-publish","format-standard","has-post-thumbnail","hentry","category-homepage-french","category-politique","category-toutes-les-actualites","tag-africa-press","tag-africa-press-tchad","tag-tchad"],"yoast_head":"<!-- This site is optimized with the Yoast SEO Premium plugin v26.1 (Yoast SEO v27.0) - https:\/\/yoast.com\/product\/yoast-seo-premium-wordpress\/ -->\n<title>Le ministre de la Communication a re\u00e7u le Haut repr\u00e9sentant de l\u2019UA au Tchad - tchad<\/title>\n<meta name=\"description\" content=\"Le ministre de la Communication, Porte-parole du Gouvernement, Abderaman Koulamallah a accord\u00e9 une audience, ce 20 juill ...\" \/>\n<meta name=\"robots\" content=\"index, follow, max-snippet:-1, max-image-preview:large, max-video-preview:-1\" \/>\n<link rel=\"canonical\" href=\"https:\/\/www.africa-press.net\/tchad\/politique\/le-ministre-de-la-communication-a-recu-le-haut-representant-de-lua-au-tchad\" \/>\n<meta property=\"og:locale\" content=\"fr_FR\" \/>\n<meta property=\"og:type\" content=\"article\" \/>\n<meta property=\"og:title\" content=\"Le ministre de la Communication a re\u00e7u le Haut repr\u00e9sentant de l\u2019UA au Tchad\" \/>\n<meta property=\"og:description\" content=\"Le ministre de la Communication, Porte-parole du Gouvernement, Abderaman Koulamallah a accord\u00e9 une audience, ce 20 juill ...\" \/>\n<meta property=\"og:url\" content=\"https:\/\/www.africa-press.net\/tchad\/politique\/le-ministre-de-la-communication-a-recu-le-haut-representant-de-lua-au-tchad\" \/>\n<meta property=\"og:site_name\" content=\"tchad\" \/>\n<meta property=\"article:published_time\" content=\"2022-07-21T14:43:11+00:00\" \/>\n<meta property=\"article:modified_time\" content=\"2022-07-21T15:16:31+00:00\" \/>\n<meta property=\"og:image\" content=\"https:\/\/static.africa-press.net\/tchad\/sites\/41\/2022\/07\/postQueueImg_14-62d96d879b5bc.jpg\" \/>\n\t<meta property=\"og:image:width\" content=\"800\" \/>\n\t<meta property=\"og:image:height\" content=\"445\" \/>\n\t<meta property=\"og:image:type\" content=\"image\/jpeg\" \/>\n<meta name=\"author\" content=\"cfeditorfr\" \/>\n<meta name=\"twitter:card\" content=\"summary_large_image\" \/>\n<meta name=\"twitter:label1\" content=\"\u00c9crit par\" \/>\n\t<meta name=\"twitter:data1\" content=\"cfeditorfr\" \/>\n\t<meta name=\"twitter:label2\" content=\"Dur\u00e9e de lecture estim\u00e9e\" \/>\n\t<meta name=\"twitter:data2\" content=\"1 minute\" \/>\n<script type=\"application\/ld+json\" class=\"yoast-schema-graph\">{\"@context\":\"https:\/\/schema.org\",\"@graph\":[{\"@type\":\"Article\",\"@id\":\"https:\/\/www.africa-press.net\/tchad\/politique\/le-ministre-de-la-communication-a-recu-le-haut-representant-de-lua-au-tchad#article\",\"isPartOf\":{\"@id\":\"https:\/\/www.africa-press.net\/tchad\/politique\/le-ministre-de-la-communication-a-recu-le-haut-representant-de-lua-au-tchad\"},\"author\":{\"name\":\"cfeditorfr\",\"@id\":\"https:\/\/www.africa-press.net\/tchad\/#\/schema\/person\/2b1cf3cd81a31e3cd26889ca66d677f1\"},\"headline\":\"Le ministre de la Communication a re\u00e7u le Haut repr\u00e9sentant de l\u2019UA au Tchad\",\"datePublished\":\"2022-07-21T14:43:11+00:00\",\"dateModified\":\"2022-07-21T15:16:31+00:00\",\"mainEntityOfPage\":{\"@id\":\"https:\/\/www.africa-press.net\/tchad\/politique\/le-ministre-de-la-communication-a-recu-le-haut-representant-de-lua-au-tchad\"},\"wordCount\":148,\"commentCount\":0,\"image\":{\"@id\":\"https:\/\/www.africa-press.net\/tchad\/politique\/le-ministre-de-la-communication-a-recu-le-haut-representant-de-lua-au-tchad#primaryimage\"},\"thumbnailUrl\":\"https:\/\/static.africa-press.net\/tchad\/sites\/41\/2022\/07\/postQueueImg_14-62d96d879b5bc.jpg\",\"keywords\":[\"Africa Press\",\"Africa Press-Tchad\",\"Tchad\"],\"articleSection\":[\"homepage-french\",\"Politique\",\"Toutes les actualit\u00e9s\"],\"inLanguage\":\"fr-FR\",\"potentialAction\":[{\"@type\":\"CommentAction\",\"name\":\"Comment\",\"target\":[\"https:\/\/www.africa-press.net\/tchad\/politique\/le-ministre-de-la-communication-a-recu-le-haut-representant-de-lua-au-tchad#respond\"]}]},{\"@type\":\"WebPage\",\"@id\":\"https:\/\/www.africa-press.net\/tchad\/politique\/le-ministre-de-la-communication-a-recu-le-haut-representant-de-lua-au-tchad\",\"url\":\"https:\/\/www.africa-press.net\/tchad\/politique\/le-ministre-de-la-communication-a-recu-le-haut-representant-de-lua-au-tchad\",\"name\":\"Le ministre de la Communication a re\u00e7u le Haut repr\u00e9sentant de l\u2019UA au Tchad - tchad\",\"isPartOf\":{\"@id\":\"https:\/\/www.africa-press.net\/tchad\/#website\"},\"primaryImageOfPage\":{\"@id\":\"https:\/\/www.africa-press.net\/tchad\/politique\/le-ministre-de-la-communication-a-recu-le-haut-representant-de-lua-au-tchad#primaryimage\"},\"image\":{\"@id\":\"https:\/\/www.africa-press.net\/tchad\/politique\/le-ministre-de-la-communication-a-recu-le-haut-representant-de-lua-au-tchad#primaryimage\"},\"thumbnailUrl\":\"https:\/\/static.africa-press.net\/tchad\/sites\/41\/2022\/07\/postQueueImg_14-62d96d879b5bc.jpg\",\"datePublished\":\"2022-07-21T14:43:11+00:00\",\"dateModified\":\"2022-07-21T15:16:31+00:00\",\"author\":{\"@id\":\"https:\/\/www.africa-press.net\/tchad\/#\/schema\/person\/2b1cf3cd81a31e3cd26889ca66d677f1\"},\"description\":\"Le ministre de la Communication, Porte-parole du Gouvernement, Abderaman Koulamallah a accord\u00e9 une audience, ce 20 juill ...\",\"breadcrumb\":{\"@id\":\"https:\/\/www.africa-press.net\/tchad\/politique\/le-ministre-de-la-communication-a-recu-le-haut-representant-de-lua-au-tchad#breadcrumb\"},\"inLanguage\":\"fr-FR\",\"potentialAction\":[{\"@type\":\"ReadAction\",\"target\":[\"https:\/\/www.africa-press.net\/tchad\/politique\/le-ministre-de-la-communication-a-recu-le-haut-representant-de-lua-au-tchad\"]}]},{\"@type\":\"ImageObject\",\"inLanguage\":\"fr-FR\",\"@id\":\"https:\/\/www.africa-press.net\/tchad\/politique\/le-ministre-de-la-communication-a-recu-le-haut-representant-de-lua-au-tchad#primaryimage\",\"url\":\"https:\/\/static.africa-press.net\/tchad\/sites\/41\/2022\/07\/postQueueImg_14-62d96d879b5bc.jpg\",\"contentUrl\":\"https:\/\/static.africa-press.net\/tchad\/sites\/41\/2022\/07\/postQueueImg_14-62d96d879b5bc.jpg\",\"width\":800,\"height\":445,\"caption\":\"Le ministre de la Communication a re\u00e7u le Haut repr\u00e9sentant de l\u2019UA au Tchad\"},{\"@type\":\"BreadcrumbList\",\"@id\":\"https:\/\/www.africa-press.net\/tchad\/politique\/le-ministre-de-la-communication-a-recu-le-haut-representant-de-lua-au-tchad#breadcrumb\",\"itemListElement\":[{\"@type\":\"ListItem\",\"position\":1,\"name\":\"Accueil\",\"item\":\"https:\/\/www.africa-press.net\/tchad\/\"},{\"@type\":\"ListItem\",\"position\":2,\"name\":\"Le ministre de la Communication a re\u00e7u le Haut repr\u00e9sentant de l\u2019UA au Tchad\"}]},{\"@type\":\"WebSite\",\"@id\":\"https:\/\/www.africa-press.net\/tchad\/#website\",\"url\":\"https:\/\/www.africa-press.net\/tchad\/\",\"name\":\"tchad\",\"description\":\"Just another Africa News Agency Sites site\",\"potentialAction\":[{\"@type\":\"SearchAction\",\"target\":{\"@type\":\"EntryPoint\",\"urlTemplate\":\"https:\/\/www.africa-press.net\/tchad\/?s={search_term_string}\"},\"query-input\":{\"@type\":\"PropertyValueSpecification\",\"valueRequired\":true,\"valueName\":\"search_term_string\"}}],\"inLanguage\":\"fr-FR\"},{\"@type\":\"Person\",\"@id\":\"https:\/\/www.africa-press.net\/tchad\/#\/schema\/person\/2b1cf3cd81a31e3cd26889ca66d677f1\",\"name\":\"cfeditorfr\"}]}<\/script>\n<!-- \/ Yoast SEO Premium plugin. -->","yoast_head_json":{"title":"Le ministre de la Communication a re\u00e7u le Haut repr\u00e9sentant de l\u2019UA au Tchad - tchad","description":"Le ministre de la Communication, Porte-parole du Gouvernement, Abderaman Koulamallah a accord\u00e9 une audience, ce 20 juill ...","robots":{"index":"index","follow":"follow","max-snippet":"max-snippet:-1","max-image-preview":"max-image-preview:large","max-video-preview":"max-video-preview:-1"},"canonical":"https:\/\/www.africa-press.net\/tchad\/politique\/le-ministre-de-la-communication-a-recu-le-haut-representant-de-lua-au-tchad","og_locale":"fr_FR","og_type":"article","og_title":"Le ministre de la Communication a re\u00e7u le Haut repr\u00e9sentant de l\u2019UA au Tchad","og_description":"Le ministre de la Communication, Porte-parole du Gouvernement, Abderaman Koulamallah a accord\u00e9 une audience, ce 20 juill ...","og_url":"https:\/\/www.africa-press.net\/tchad\/politique\/le-ministre-de-la-communication-a-recu-le-haut-representant-de-lua-au-tchad","og_site_name":"tchad","article_published_time":"2022-07-21T14:43:11+00:00","article_modified_time":"2022-07-21T15:16:31+00:00","og_image":[{"width":800,"height":445,"url":"https:\/\/static.africa-press.net\/tchad\/sites\/41\/2022\/07\/postQueueImg_14-62d96d879b5bc.jpg","type":"image\/jpeg"}],"author":"cfeditorfr","twitter_card":"summary_large_image","twitter_misc":{"\u00c9crit par":"cfeditorfr","Dur\u00e9e de lecture estim\u00e9e":"1 minute"},"schema":{"@context":"https:\/\/schema.org","@graph":[{"@type":"Article","@id":"https:\/\/www.africa-press.net\/tchad\/politique\/le-ministre-de-la-communication-a-recu-le-haut-representant-de-lua-au-tchad#article","isPartOf":{"@id":"https:\/\/www.africa-press.net\/tchad\/politique\/le-ministre-de-la-communication-a-recu-le-haut-representant-de-lua-au-tchad"},"author":{"name":"cfeditorfr","@id":"https:\/\/www.africa-press.net\/tchad\/#\/schema\/person\/2b1cf3cd81a31e3cd26889ca66d677f1"},"headline":"Le ministre de la Communication a re\u00e7u le Haut repr\u00e9sentant de l\u2019UA au Tchad","datePublished":"2022-07-21T14:43:11+00:00","dateModified":"2022-07-21T15:16:31+00:00","mainEntityOfPage":{"@id":"https:\/\/www.africa-press.net\/tchad\/politique\/le-ministre-de-la-communication-a-recu-le-haut-representant-de-lua-au-tchad"},"wordCount":148,"commentCount":0,"image":{"@id":"https:\/\/www.africa-press.net\/tchad\/politique\/le-ministre-de-la-communication-a-recu-le-haut-representant-de-lua-au-tchad#primaryimage"},"thumbnailUrl":"https:\/\/static.africa-press.net\/tchad\/sites\/41\/2022\/07\/postQueueImg_14-62d96d879b5bc.jpg","keywords":["Africa Press","Africa Press-Tchad","Tchad"],"articleSection":["homepage-french","Politique","Toutes les actualit\u00e9s"],"inLanguage":"fr-FR","potentialAction":[{"@type":"CommentAction","name":"Comment","target":["https:\/\/www.africa-press.net\/tchad\/politique\/le-ministre-de-la-communication-a-recu-le-haut-representant-de-lua-au-tchad#respond"]}]},{"@type":"WebPage","@id":"https:\/\/www.africa-press.net\/tchad\/politique\/le-ministre-de-la-communication-a-recu-le-haut-representant-de-lua-au-tchad","url":"https:\/\/www.africa-press.net\/tchad\/politique\/le-ministre-de-la-communication-a-recu-le-haut-representant-de-lua-au-tchad","name":"Le ministre de la Communication a re\u00e7u le Haut repr\u00e9sentant de l\u2019UA au Tchad - tchad","isPartOf":{"@id":"https:\/\/www.africa-press.net\/tchad\/#website"},"primaryImageOfPage":{"@id":"https:\/\/www.africa-press.net\/tchad\/politique\/le-ministre-de-la-communication-a-recu-le-haut-representant-de-lua-au-tchad#primaryimage"},"image":{"@id":"https:\/\/www.africa-press.net\/tchad\/politique\/le-ministre-de-la-communication-a-recu-le-haut-representant-de-lua-au-tchad#primaryimage"},"thumbnailUrl":"https:\/\/static.africa-press.net\/tchad\/sites\/41\/2022\/07\/postQueueImg_14-62d96d879b5bc.jpg","datePublished":"2022-07-21T14:43:11+00:00","dateModified":"2022-07-21T15:16:31+00:00","author":{"@id":"https:\/\/www.africa-press.net\/tchad\/#\/schema\/person\/2b1cf3cd81a31e3cd26889ca66d677f1"},"description":"Le ministre de la Communication, Porte-parole du Gouvernement, Abderaman Koulamallah a accord\u00e9 une audience, ce 20 juill ...","breadcrumb":{"@id":"https:\/\/www.africa-press.net\/tchad\/politique\/le-ministre-de-la-communication-a-recu-le-haut-representant-de-lua-au-tchad#breadcrumb"},"inLanguage":"fr-FR","potentialAction":[{"@type":"ReadAction","target":["https:\/\/www.africa-press.net\/tchad\/politique\/le-ministre-de-la-communication-a-recu-le-haut-representant-de-lua-au-tchad"]}]},{"@type":"ImageObject","inLanguage":"fr-FR","@id":"https:\/\/www.africa-press.net\/tchad\/politique\/le-ministre-de-la-communication-a-recu-le-haut-representant-de-lua-au-tchad#primaryimage","url":"https:\/\/static.africa-press.net\/tchad\/sites\/41\/2022\/07\/postQueueImg_14-62d96d879b5bc.jpg","contentUrl":"https:\/\/static.africa-press.net\/tchad\/sites\/41\/2022\/07\/postQueueImg_14-62d96d879b5bc.jpg","width":800,"height":445,"caption":"Le ministre de la Communication a re\u00e7u le Haut repr\u00e9sentant de l\u2019UA au Tchad"},{"@type":"BreadcrumbList","@id":"https:\/\/www.africa-press.net\/tchad\/politique\/le-ministre-de-la-communication-a-recu-le-haut-representant-de-lua-au-tchad#breadcrumb","itemListElement":[{"@type":"ListItem","position":1,"name":"Accueil","item":"https:\/\/www.africa-press.net\/tchad\/"},{"@type":"ListItem","position":2,"name":"Le ministre de la Communication a re\u00e7u le Haut repr\u00e9sentant de l\u2019UA au Tchad"}]},{"@type":"WebSite","@id":"https:\/\/www.africa-press.net\/tchad\/#website","url":"https:\/\/www.africa-press.net\/tchad\/","name":"tchad","description":"Just another Africa News Agency Sites site","potentialAction":[{"@type":"SearchAction","target":{"@type":"EntryPoint","urlTemplate":"https:\/\/www.africa-press.net\/tchad\/?s={search_term_string}"},"query-input":{"@type":"PropertyValueSpecification","valueRequired":true,"valueName":"search_term_string"}}],"inLanguage":"fr-FR"},{"@type":"Person","@id":"https:\/\/www.africa-press.net\/tchad\/#\/schema\/person\/2b1cf3cd81a31e3cd26889ca66d677f1","name":"cfeditorfr"}]}},"_links":{"self":[{"href":"https:\/\/www.africa-press.net\/tchad\/wp-json\/wp\/v2\/posts\/29257","targetHints":{"allow":["GET"]}}],"collection":[{"href":"https:\/\/www.africa-press.net\/tchad\/wp-json\/wp\/v2\/posts"}],"about":[{"href":"https:\/\/www.africa-press.net\/tchad\/wp-json\/wp\/v2\/types\/post"}],"author":[{"embeddable":true,"href":"https:\/\/www.africa-press.net\/tchad\/wp-json\/wp\/v2\/users\/82"}],"replies":[{"embeddable":true,"href":"https:\/\/www.africa-press.net\/tchad\/wp-json\/wp\/v2\/comments?post=29257"}],"version-history":[{"count":0,"href":"https:\/\/www.africa-press.net\/tchad\/wp-json\/wp\/v2\/posts\/29257\/revisions"}],"wp:featuredmedia":[{"embeddable":true,"href":"https:\/\/www.africa-press.net\/tchad\/wp-json\/wp\/v2\/media\/29256"}],"wp:attachment":[{"href":"https:\/\/www.africa-press.net\/tchad\/wp-json\/wp\/v2\/media?parent=29257"}],"wp:term":[{"taxonomy":"category","embeddable":true,"href":"https:\/\/www.africa-press.net\/tchad\/wp-json\/wp\/v2\/categories?post=29257"},{"taxonomy":"post_tag","embeddable":true,"href":"https:\/\/www.africa-press.net\/tchad\/wp-json\/wp\/v2\/tags?post=29257"}],"curies":[{"name":"wp","href":"https:\/\/api.w.org\/{rel}","templated":true}]}}